{"id":25176,"date":"2020-04-29T10:33:04","date_gmt":"2020-04-29T08:33:04","guid":{"rendered":"https:\/\/wbp.lublin.pl\/?p=25176"},"modified":"2020-05-04T15:08:43","modified_gmt":"2020-05-04T13:08:43","slug":"goscie-w-dnc-o-uwaznosci-w-ogladaniu-swiata-odc-31","status":"publish","type":"post","link":"https:\/\/wbp.lublin.pl\/index.php\/2020\/04\/29\/goscie-w-dnc-o-uwaznosci-w-ogladaniu-swiata-odc-31\/","title":{"rendered":"Go\u015bcie w DNC \u2013 o uwa\u017cno\u015bci w ogl\u0105daniu \u015bwiata (odc. 31)"},"content":{"rendered":"<p><!--more--><\/p>\n<figure id=\"attachment_25177\" aria-describedby=\"caption-attachment-25177\" style=\"width: 200px\" class=\"wp-caption alignleft\"><img data-dominant-color=\"433224\" data-has-transparency=\"false\" style=\"--dominant-color: #433224;\" loading=\"lazy\" decoding=\"async\" class=\"wp-image-25177 size-medium not-transparent\" src=\"https:\/\/wbp.lublin.pl\/wp-content\/uploads\/2020\/04\/O.Bojczenko-200x300.jpg\" alt=\"\" width=\"200\" height=\"300\" \/><figcaption id=\"caption-attachment-25177\" class=\"wp-caption-text\">Aleksandra Zi\u0144czuk (fot. D. Mo\u015bcibrodzka)<\/figcaption><\/figure>\n<p align=\"justify\"><span style=\"font-family: , sans-serif;\"><span style=\"font-size: medium;\">W przededniu apokalipsy \/ Anatomia paniki \/ Terytorium pustki &#8211; do g\u0142\u0119bszej refleksji na te i inne tematy zaprasza <b>Aleksandra Zi\u0144czuk<\/b>, Redaktor Naczelna magazynu internetowego\u00a0<b>\u201eKultura\u00a0Enter\u201d<\/b>.<br \/>\nProfil tego nieregularnika internetowego zesp\u00f3\u0142 redakcyjny tak formu\u0142uje: \u201eDzielimy si\u0119 ciekawymi przyk\u0142adami dzia\u0142a\u0144 i\u00a0zjawisk z\u00a0zakresu r\u00f3\u017cnych dziedzin kultury i\u00a0sztuki (\u2026). Interesuje nas sztuka wsp\u00f3\u0142czesna, kultura\u00a0tradycyjna, dizajn, spo\u0142ecze\u0144stwo, historia, media i\u00a0polityka. Piszemy o\u00a0najpilniejszych i\u00a0uniwersalnych sprawach. Zapraszamy do\u00a0wsp\u00f3\u0142pracy osobowo\u015bci, kt\u00f3rych\u00a0g\u0142os si\u0119 liczy (\u2026). Ze\u00a0szczeg\u00f3ln\u0105 uwag\u0105 \u015bledzimy to, co dzieje si\u0119 u\u00a0naszych s\u0105siad\u00f3w i\u00a0oddajemy g\u0142os intelektualistom z\u00a0Europy \u015arodkowo-Wschodniej, r\u00f3\u017cnym \u015brodowiskom. Aleksandra Zi\u0144czuk podkre\u015bla: \u201e<em>Czasopismo jest odpowiedzialne za\u00a0budowanie mostu porozumienia i wsp\u00f3\u0142pracy, w\u00a0szczeg\u00f3lno\u015bci ze wschodnimi s\u0105siadami, skupia ludzi dbaj\u0105cych o\u00a0jako\u015b\u0107 informacji i\u00a0dyskusji oraz\u00a0fundamentalne kwestie, jak refleksja nad\u00a0wsp\u00f3\u0142czesn\u0105 tradycj\u0105 i\u00a0kultur\u0105\u201d.<\/em><i>\u00a0<\/i><\/span><\/span><\/p>\n<p><center><\/center><center><img data-dominant-color=\"eaf6fb\" data-has-transparency=\"false\" style=\"--dominant-color: #eaf6fb;\" loading=\"lazy\" decoding=\"async\" class=\"size-medium wp-image-25179 aligncenter not-transparent\" src=\"https:\/\/wbp.lublin.pl\/wp-content\/uploads\/2020\/04\/kulturaenter-300x300.jpg\" alt=\"\" width=\"300\" height=\"300\" \/><\/center><\/p>\n<p align=\"center\"><b>Eseje: <\/b><span style=\"font-size: medium;\">Andrzej Niewiadomski, Aleksandra Zinczuk, Myko\u0142a Riabczuk (t\u0142um. <\/span><span style=\"font-size: medium;\">Andrij Sawene\u0107)<\/span><span style=\"font-size: medium;\"><br \/>\n<\/span><span style=\"font-size: medium;\"><b>Fotografia<\/b><\/span><span style=\"font-size: medium;\">: Maciej Sztorc<br \/>\n<\/span><span style=\"font-size: medium;\"><b>Spo\u0142ecze\u0144stwo<\/b><\/span><span style=\"font-size: medium;\">: Zbigniew Bujak<br \/>\n<\/span><span style=\"font-size: medium;\"><b>Recenzje<\/b><\/span><span style=\"font-size: medium;\">: Kamil Pecela, Dobros\u0142aw Bagi\u0144ski<br \/>\n<\/span><span style=\"font-size: medium;\"><b>Wideo-rozmowa<\/b><\/span><span style=\"font-size: medium;\">:<\/span><b> <\/b><span style=\"font-size: medium;\">Krzysztof Czy\u017cewski<br \/>\n<\/span><span style=\"font-size: medium;\"><b>Rozmowa<\/b><\/span><span style=\"font-size: medium;\">:<\/span><b> <\/b><span style=\"font-size: medium;\">prof. Timothy Snyder<br \/>\n<\/span><span style=\"font-size: medium;\"><b>Analiza<\/b><\/span><span style=\"font-size: medium;\">: Tomasz St\u0119pniewski<br \/>\n<\/span><span style=\"font-size: medium;\"><b>Historia<\/b><\/span><span style=\"font-size: medium;\">: Mariusz Sawa<br \/>\n<\/span><span style=\"font-size: medium;\"><b>Zapowiedzi wydawnicze<\/b><\/span><span style=\"font-size: medium;\">: Artem Czech (t\u0142um. Marek S. Zadura)<br \/>\n<\/span><span style=\"font-size: medium;\"><b>Fotografia<\/b><\/span><span style=\"font-size: medium;\">: Maciej Sztorc<br \/>\n<\/span><span style=\"font-size: medium;\"><b>Fotoreporta\u017c<\/b><\/span><span style=\"font-size: medium;\">: Paulina Skipirzepa-Kami\u0144ska<br \/>\n<\/span><span style=\"font-size: medium;\"><b>Psychologia<\/b><\/span><span style=\"font-size: medium;\">:<\/span><b> <\/b><span style=\"font-size: medium;\">Anna Viljanen, Maciej Wodzi\u0144ski<br \/>\n<\/span><span style=\"font-size: medium;\"><b>Edukacja<\/b><\/span><span style=\"font-size: medium;\">: Jacek Warda<br \/>\n<\/span><span style=\"font-size: medium;\"><b>Okno<\/b><\/span><span style=\"font-size: medium;\">: Gra\u017cyna Lutos\u0142awska<br \/>\n<\/span><span style=\"font-size: medium;\"><b>Z emigracji<\/b><\/span><span style=\"font-size: medium;\">: Julita Mahun z Toronto<br \/>\n<\/span><span style=\"font-size: medium;\"><b>Lubliniana<\/b><\/span><span style=\"font-size: medium;\">: \u0141ukasz Janicki<br \/>\n<\/span><span style=\"font-size: medium;\"><b>Felieton<\/b><\/span><span style=\"font-size: medium;\">: Andrij Jurkiewicz (t\u0142um. Marek S. Zadura)<br \/>\n<\/span><span style=\"font-size: medium;\"><b>Felieton<\/b><\/span><span style=\"font-size: medium;\">:<\/span><b> <\/b><span style=\"font-size: medium;\">Sviatlana Haidalionak, Aksana Haiko, Natalka Rymska<\/span><span style=\"font-size: medium;\"><b><br \/>\nWideo-poczt\u00f3wka<\/b><\/span><span style=\"font-size: medium;\">:<\/span><b> <\/b><span style=\"font-size: medium;\">Bohdan Zadura<\/span><\/p>\n<p><span style=\"color: 0000ff;\"><u><a href=\"http:\/\/kulturaenter.pl\/article\/\"><span style=\"font-size: medium;\">http:\/\/kulturaenter.pl\/article\/<\/span><\/a><\/u><\/span><span style=\"font-size: medium;\"><br \/>\n<\/span><span style=\"color: 0000ff;\"><u><a href=\"https:\/\/pl-pl.facebook.com\/kulturaenter\"><span style=\"font-size: medium;\">https:\/\/pl-pl.facebook.com\/kulturaenter<\/span><\/a><\/u><\/span><\/p>\n<p align=\"right\"><b><span style=\"font-size: medium;\">Aleksandra Zi\u0144czuk<\/span><\/b><span style=\"font-size: medium;\">\u00a0\u2013 redaktor naczelna \u201eKultury Enter\u201d (od\u00a02017\u00a0r.),<br \/>\npoetka, eseistka, badaczka <\/span><span style=\"font-size: medium;\">historii, kultury i tradycji <\/span><span style=\"font-size: medium;\">przekazu ustnego,<br \/>\nspecjalizuje si\u0119 w\u00a0problematyce pogranicza wieloetnicznego i\u00a0relacji polsko-ukrai\u0144skich, aktywistka spo\u0142eczna, <\/span><span style=\"font-size: medium;\">dokumentalistka, kuratorka wystaw oraz instalacji artystycznych.<\/span><\/p>\n","protected":false},"excerpt":{"rendered":"","protected":false},"author":7,"featured_media":25178,"comment_status":"closed","ping_status":"closed","sticky":false,"template":"","format":"standard","meta":{"_tec_requires_first_save":true,"_crdt_document":"","pgc_sgb_lightbox_settings":"","_EventAllDay":false,"_EventTimezone":"","_EventStartDate":"","_EventEndDate":"","_EventStartDateUTC":"","_EventEndDateUTC":"","_EventShowMap":false,"_EventShowMapLink":false,"_EventURL":"","_EventCost":"","_EventCostDescription":"","_EventCurrencySymbol":"","_EventCurrencyCode":"","_EventCurrencyPosition":"","_EventDateTimeSeparator":"","_EventTimeRangeSeparator":"","_EventOrganizerID":[],"_EventVenueID":[],"_OrganizerEmail":"","_OrganizerPhone":"","_OrganizerWebsite":"","_VenueAddress":"","_VenueCity":"","_VenueCountry":"","_VenueProvince":"","_VenueState":"","_VenueZip":"","_VenuePhone":"","_VenueURL":"","_VenueStateProvince":"","_VenueLat":"","_VenueLng":"","_VenueShowMap":false,"_VenueShowMapLink":false,"_tribe_blocks_recurrence_rules":"","_tribe_blocks_recurrence_description":"","_tribe_blocks_recurrence_exclusions":"","footnotes":""},"categories":[636,10],"tags":[],"class_list":["post-25176","post","type-post","status-publish","format-standard","has-post-thumbnail","hentry","category-domowe-narodowe-czytanie","category-aktualnosci"],"publishpress_future_action":{"enabled":false,"date":"2026-05-06 13:17:15","action":"change-status","newStatus":"draft","terms":[],"taxonomy":"category","extraData":[]},"publishpress_future_workflow_manual_trigger":{"enabledWorkflows":[]},"_links":{"self":[{"href":"https:\/\/wbp.lublin.pl\/index.php\/wp-json\/wp\/v2\/posts\/25176","targetHints":{"allow":["GET"]}}],"collection":[{"href":"https:\/\/wbp.lublin.pl\/index.php\/wp-json\/wp\/v2\/posts"}],"about":[{"href":"https:\/\/wbp.lublin.pl\/index.php\/wp-json\/wp\/v2\/types\/post"}],"author":[{"embeddable":true,"href":"https:\/\/wbp.lublin.pl\/index.php\/wp-json\/wp\/v2\/users\/7"}],"replies":[{"embeddable":true,"href":"https:\/\/wbp.lublin.pl\/index.php\/wp-json\/wp\/v2\/comments?post=25176"}],"version-history":[{"count":1,"href":"https:\/\/wbp.lublin.pl\/index.php\/wp-json\/wp\/v2\/posts\/25176\/revisions"}],"predecessor-version":[{"id":25180,"href":"https:\/\/wbp.lublin.pl\/index.php\/wp-json\/wp\/v2\/posts\/25176\/revisions\/25180"}],"wp:featuredmedia":[{"embeddable":true,"href":"https:\/\/wbp.lublin.pl\/index.php\/wp-json\/wp\/v2\/media\/25178"}],"wp:attachment":[{"href":"https:\/\/wbp.lublin.pl\/index.php\/wp-json\/wp\/v2\/media?parent=25176"}],"wp:term":[{"taxonomy":"category","embeddable":true,"href":"https:\/\/wbp.lublin.pl\/index.php\/wp-json\/wp\/v2\/categories?post=25176"},{"taxonomy":"post_tag","embeddable":true,"href":"https:\/\/wbp.lublin.pl\/index.php\/wp-json\/wp\/v2\/tags?post=25176"}],"curies":[{"name":"wp","href":"https:\/\/api.w.org\/{rel}","templated":true}]}}