{"id":25238,"date":"2020-06-02T14:22:50","date_gmt":"2020-06-02T12:22:50","guid":{"rendered":"https:\/\/wbp.lublin.pl\/?p=25238"},"modified":"2020-06-23T11:58:32","modified_gmt":"2020-06-23T09:58:32","slug":"7-maja-2020-roku-biblioteka-wznawia-dzialalnosc-w-ograniczonym-zakresie","status":"publish","type":"post","link":"https:\/\/wbp.lublin.pl\/index.php\/2020\/06\/02\/7-maja-2020-roku-biblioteka-wznawia-dzialalnosc-w-ograniczonym-zakresie\/","title":{"rendered":"Od 8 czerwca 2020 roku Biblioteka wznawia PE\u0141N\u0104 dzia\u0142alno\u015b\u0107"},"content":{"rendered":"<p><!--more--><\/p>\n<p style=\"text-align: center;\"><strong>Szanowni Pa\u0144stwo,<\/strong><\/p>\n<p style=\"text-align: center;\"><strong>Wojew\u00f3dzka Biblioteka Publiczna im. Hieronima \u0141opaci\u0144skiego w Lublinie od 8 czerwca 2020 roku<br \/>\n<b>wznawia dzia\u0142alno\u015b\u0107 w zakresie udost\u0119pniania zbior\u00f3w (czytelnie i wypo\u017cyczalnia),<br \/>\n<\/b><\/strong><strong><b>dzia\u0142alno\u015bci informacyjnej oraz reprograficznej (ksero, fax)<\/b><\/strong><\/p>\n<p style=\"text-align: justify;\">Z uwagi na wprowadzenie IV etapu znoszenia z dniem 6 czerwca 2020 roku obostrze\u0144 zwi\u0105zanych z COVID-19\u00a0\u00a0<b>Wojew\u00f3dzka Biblioteka Publiczna im. Hieronima \u0141opaci\u0144skiego w Lublinie wznawia od 8 czerwca 2020 roku dzia\u0142alno\u015b\u0107 w zakresie udost\u0119pniania zbior\u00f3w (czytelnie i wypo\u017cyczalnia), dzia\u0142alno\u015bci informacyjnej oraz reprograficznej (ksero, fax).<\/b><\/p>\n<p style=\"text-align: justify;\">W dalszym ci\u0105gu obowi\u0105zuj\u0105 jednak szczeg\u00f3lne warunki higieniczno-sanitarne oraz regu\u0142y post\u0119powania w aspekcie przeciwdzia\u0142ania zaka\u017ceniom SARS-CoV-2, kt\u00f3re uzyska\u0142y akceptacj\u0119 Pa\u0144stwowego Powiatowego Inspektora Sanitarnego w Lublinie i s\u0105 zgodne z <a href=\"https:\/\/www.gov.pl\/web\/rozwoj\/biblioteki\">Wytycznymi dla funkcjonowania bibliotek w trakcie epidemii COVID-19 w Polsce umieszczonym na stronach rz\u0105dowych<\/a> oraz przepisami <a href=\"https:\/\/prawo.sejm.gov.pl\/isap.nsf\/DocDetails.xsp?id=WDU20082341570\">Ustawy z dnia 5 grudnia 2008 r o zapobieganiu oraz zwalczaniu zaka\u017ce\u0144 i chor\u00f3b zaka\u017anych u ludzi<\/a> (Dz.U. z 2019 r., poz. 1230 z p\u00f3\u017an. zmianami).<\/p>\n<p style=\"text-align: center;\"><strong>Informacje szczeg\u00f3\u0142owe:<\/strong><\/p>\n<p style=\"text-align: center;\"><strong>Godziny pracy Biblioteki:\u00a0<\/strong><br \/>\nponiedzia\u0142ek, czwartek, pi\u0105tek \u2013 9.00 &#8211; 15.00<br \/>\nwtorek, \u015broda \u2013 12.00 &#8211; 19.30<br \/>\nsobota \u2013 nieczynna<\/p>\n<p style=\"text-align: justify;\"><strong>Dla u\u017cytkownik\u00f3w WBP udost\u0119pnione zostaje wy\u0142\u0105cznie wej\u015bcie do nowego budynku (szklane drzwi),<\/strong> pracownicy WBP korzysta\u0107 b\u0119d\u0105 tylko z wej\u015bcia g\u0142\u00f3wnego.<\/p>\n<p style=\"text-align: justify;\">Przemieszczanie si\u0119 u\u017cytkownik\u00f3w mi\u0119dzy agendami Biblioteki odbywa\u0107 si\u0119 b\u0119dzie klatk\u0105 schodow\u0105 g\u0142\u00f3wn\u0105 lub wind\u0105. W WBP obowi\u0105zuje bezwzgl\u0119dny zakaz przemieszczania si\u0119 u\u017cytkownik\u00f3w poza strefami wyznaczonymi.<\/p>\n<p style=\"text-align: justify;\">W Wypo\u017cyczalni udost\u0119pnione zostaj\u0105 dla u\u017cytkownik\u00f3w dwa stanowiska, odr\u0119bne dla wypo\u017cycze\u0144\u00a0 i zwrot\u00f3w. Zwracane ksi\u0105\u017cki podlegaj\u0105 obowi\u0105zkowej 3-dniowej kwarantannie w wyznaczonym do tego miejscu.<\/p>\n<p style=\"text-align: justify;\">Informacje o iIo\u015bci os\u00f3b, mog\u0105cych jednocze\u015bnie przybywa\u0107 w danej agendzie, b\u0119dzie umieszczona na drzwiach wej\u015bciowych do agendy, pozosta\u0142e osoby b\u0119d\u0105 oczekiwa\u0107 przed wej\u015bciem do niej z zachowaniem 2-metrowej odleg\u0142o\u015bci.<\/p>\n<p style=\"text-align: justify;\">U\u017cytkownicy zobowi\u0105zani s\u0105 do zachowania, wyznaczonej na pod\u0142odze, odleg\u0142o\u015bci od pracownika WBP.<\/p>\n<p style=\"text-align: justify;\">Pracownicy pe\u0142ni\u0105cy dy\u017cur w agendach maj\u0105 obowi\u0105zek pilnowania przestrzegania norm sanitarnych przez u\u017cytkownik\u00f3w.<\/p>\n<p style=\"text-align: justify;\">Dozowniki z p\u0142ynem do dezynfekcji r\u0105k dost\u0119pne b\u0119d\u0105 dla u\u017cytkownik\u00f3w przy drzwiach do ka\u017cdej z agend.<\/p>\n<p style=\"text-align: justify;\"><strong>U\u017cytkownicy zobowi\u0105zani s\u0105 do noszenia maski i dezynfekcji r\u0105k przed wej\u015bciem do agendy Biblioteki. <\/strong><\/p>\n<p style=\"text-align: justify;\">W przypadku stwierdzenia u u\u017cytkownika wyra\u017anych oznak choroby, jak uporczywy kaszel, z\u0142e samopoczucie, trudno\u015bci w oddychaniu, osoba nie powinna zosta\u0107 wpuszczona na teren obiektu. Powinna zosta\u0107 poinstruowana o jak najszybszym zg\u0142oszeniu si\u0119 do najbli\u017cszego oddzia\u0142u zaka\u017anego celem konsultacji z lekarzem, poprzez udanie si\u0119 tam transportem w\u0142asnym lub powiadomienie 999 albo 112.<\/p>\n<p style=\"text-align: justify;\">Pracownicy s\u0105 zobowi\u0105zani do zg\u0142oszenia ww. incydentu do kierownictwa Biblioteki, co umo\u017cliwi obs\u0142udze ustalenie obszaru, w kt\u00f3rym porusza\u0142a si\u0119 i przebywa\u0142a osoba, przeprowadzenie rutynowego sprz\u0105tania, zgodnie z procedurami obiektu, oraz zdezynfekowanie powierzchni dotykowych (klamki, por\u0119cze, uchwyty itp.).<\/p>\n<p style=\"text-align: justify;\">W przypadku stwierdzenia u u\u017cytkownika wyra\u017anych oznak choroby nale\u017cy ustali\u0107 list\u0119 pracownik\u00f3w oraz u\u017cytkownik\u00f3w (je\u015bli to mo\u017cliwe) obecnych w tym samym czasie w cz\u0119\u015bci\/ cz\u0119\u015bciach obiektu, \u00a0w kt\u00f3rych przebywa\u0142 u\u017cytkownik, i zalecenie stosowania si\u0119 do wytycznych G\u0142\u00f3wnego Inspektora Sanitarnego dost\u0119pnych na stronie\u00a0<a href=\"http:\/\/gov.pl\/web\/koronawirus\/\">gov.pl\/web\/koronawirus\/<\/a>\u00a0oraz\u00a0<a href=\"http:\/\/gis.gov.pl\/\">gis.gov.pl<\/a>, odnosz\u0105cych si\u0119 do os\u00f3b, kt\u00f3re mia\u0142y kontakt z zaka\u017conym.<\/p>\n","protected":false},"excerpt":{"rendered":"","protected":false},"author":7,"featured_media":17902,"comment_status":"closed","ping_status":"closed","sticky":false,"template":"","format":"standard","meta":{"_tec_requires_first_save":true,"_crdt_document":"","pgc_sgb_lightbox_settings":"","_EventAllDay":false,"_EventTimezone":"","_EventStartDate":"","_EventEndDate":"","_EventStartDateUTC":"","_EventEndDateUTC":"","_EventShowMap":false,"_EventShowMapLink":false,"_EventURL":"","_EventCost":"","_EventCostDescription":"","_EventCurrencySymbol":"","_EventCurrencyCode":"","_EventCurrencyPosition":"","_EventDateTimeSeparator":"","_EventTimeRangeSeparator":"","_EventOrganizerID":[],"_EventVenueID":[],"_OrganizerEmail":"","_OrganizerPhone":"","_OrganizerWebsite":"","_VenueAddress":"","_VenueCity":"","_VenueCountry":"","_VenueProvince":"","_VenueState":"","_VenueZip":"","_VenuePhone":"","_VenueURL":"","_VenueStateProvince":"","_VenueLat":"","_VenueLng":"","_VenueShowMap":false,"_VenueShowMapLink":false,"_tribe_blocks_recurrence_rules":"","_tribe_blocks_recurrence_description":"","_tribe_blocks_recurrence_exclusions":"","footnotes":""},"categories":[10,53],"tags":[],"class_list":["post-25238","post","type-post","status-publish","format-standard","has-post-thumbnail","hentry","category-aktualnosci","category-komunikaty"],"publishpress_future_action":{"enabled":false,"date":"2026-05-06 15:55:02","action":"change-status","newStatus":"draft","terms":[],"taxonomy":"category","extraData":[]},"publishpress_future_workflow_manual_trigger":{"enabledWorkflows":[]},"_links":{"self":[{"href":"https:\/\/wbp.lublin.pl\/index.php\/wp-json\/wp\/v2\/posts\/25238","targetHints":{"allow":["GET"]}}],"collection":[{"href":"https:\/\/wbp.lublin.pl\/index.php\/wp-json\/wp\/v2\/posts"}],"about":[{"href":"https:\/\/wbp.lublin.pl\/index.php\/wp-json\/wp\/v2\/types\/post"}],"author":[{"embeddable":true,"href":"https:\/\/wbp.lublin.pl\/index.php\/wp-json\/wp\/v2\/users\/7"}],"replies":[{"embeddable":true,"href":"https:\/\/wbp.lublin.pl\/index.php\/wp-json\/wp\/v2\/comments?post=25238"}],"version-history":[{"count":7,"href":"https:\/\/wbp.lublin.pl\/index.php\/wp-json\/wp\/v2\/posts\/25238\/revisions"}],"predecessor-version":[{"id":25489,"href":"https:\/\/wbp.lublin.pl\/index.php\/wp-json\/wp\/v2\/posts\/25238\/revisions\/25489"}],"wp:featuredmedia":[{"embeddable":true,"href":"https:\/\/wbp.lublin.pl\/index.php\/wp-json\/wp\/v2\/media\/17902"}],"wp:attachment":[{"href":"https:\/\/wbp.lublin.pl\/index.php\/wp-json\/wp\/v2\/media?parent=25238"}],"wp:term":[{"taxonomy":"category","embeddable":true,"href":"https:\/\/wbp.lublin.pl\/index.php\/wp-json\/wp\/v2\/categories?post=25238"},{"taxonomy":"post_tag","embeddable":true,"href":"https:\/\/wbp.lublin.pl\/index.php\/wp-json\/wp\/v2\/tags?post=25238"}],"curies":[{"name":"wp","href":"https:\/\/api.w.org\/{rel}","templated":true}]}}