{"id":25405,"date":"2020-05-18T13:27:53","date_gmt":"2020-05-18T11:27:53","guid":{"rendered":"https:\/\/wbp.lublin.pl\/?p=25405"},"modified":"2020-05-25T12:16:57","modified_gmt":"2020-05-25T10:16:57","slug":"100-rocznica-urodzin-sw-jana-pawla-ii","status":"publish","type":"post","link":"https:\/\/wbp.lublin.pl\/index.php\/2020\/05\/18\/100-rocznica-urodzin-sw-jana-pawla-ii\/","title":{"rendered":"100. rocznica urodzin \u015bw. Jana Paw\u0142a II"},"content":{"rendered":"<p><!--more--><\/p>\n<p align=\"center\"><span style=\"color: #;\"><u><a href=\"https:\/\/ekai.pl\/dzis-100-rocznica-urodzin-jana-pawla-ii\/\"><span style=\"color: #;\">https:\/\/ekai.pl\/dzis-100-rocznica-urodzin-jana-pawla-ii\/<\/span><\/a><\/u><\/span><\/p>\n<p align=\"justify\"><b>Wojew\u00f3dzka Biblioteka Publiczna im. Hieronima \u0141opaci\u0144skiego w Lublinie<\/b> czynnie w\u0142\u0105cza si\u0119 w obchody 100. rocznicy urodzin <b>\u015bw. Jana Paw\u0142a II Wielkiego<\/b>. Przygotowujemy wystaw\u0119 rocznicow\u0105 ze zbior\u00f3w Biblioteki (zaplanowana zosta\u0142a na wrzesie\u0144 br.), b\u0119dzie to wystawa stacjonarna, ale \u2013 z uwagi na zaistnia\u0142\u0105 sytuacj\u0119 i trudny do przewidzenia jej dalszy rozw\u00f3j \u2013 nie wykluczamy, i\u017c planowana ekspozycja b\u0119dzie mia\u0142a r\u00f3wnie\u017c ods\u0142on\u0119 wirtualn\u0105.<\/p>\n<p align=\"justify\">Posta\u0107 <b>\u015bw.<\/b> <b>Jana Paw\u0142a II<\/b> by\u0142a ju\u017c wielokrotnie w Bibliotece przypominana:<\/p>\n<p align=\"justify\">\u2013 na wystawach, m.in. \u201e<a href=\"http:\/\/hl.wbp.lublin.pl\/wbp_archiwum\/index.php\/archiwum\/wystawy\/2014\/1302-fotorelacja-z-wernisau-wystawy-jan-pawe-ii-w-medalierstwie-polskim-wystawa-ze-zbiorow-zbigniewa-nestorowicza.html\">Jan Pawe\u0142 II w medalierstwie polskim. Wystawa ze zbior\u00f3w Zbigniewa Nestorowicza<\/a>\u201d:<\/p>\n<p align=\"justify\">&#8211; promocjach ksi\u0105\u017cek, m.in. <a href=\"http:\/\/hl.wbp.lublin.pl\/wbp_archiwum\/index.php\/archiwum\/spotkania-autorskie-promocje-ksiazek\/2012\/994-fotorelacja-z-promocji-ksiazki-zbigniewa-nestorowicza-jan-pawel-ii-w-medalierstwie-polskim.html\">Zbigniew Nestorowicz \u201eJan Pawe\u0142 II w medalierstwie polskim<\/a>\u201d:<\/p>\n<p align=\"justify\">&#8211; w bibliotecznych wydawnictwach, m.in.:<\/p>\n<p align=\"justify\"><b>KATALOG ekslibris\u00f3w Biblioteki Publicznej im. Hieronima \u0141opaci\u0144skiego w Lublinie w zbiorach Wojew\u00f3dzkiej Biblioteki Publicznej im. Hieronima \u0141opaci\u0144skiego w Lublinie<\/b>, oprac. El\u017cbieta Kurpi\u0144ska, Wojew\u00f3dzka Biblioteka Publiczna im. Hieronima \u0141opaci\u0144skiego, Lublin 2009, s. 49, [75] k. tabl., il.<\/p>\n<p><span style=\"font-family: , sans-serif;\"><b>Zbigniew Nestorowicz, <\/b><b><i>Jan Pawe\u0142 II w medalierstwie polskim. Katalog wystawy ze zbior\u00f3w Zbigniewa Nestorowicza<\/i><\/b>, Wojew\u00f3dzka Biblioteka Publiczna im. Hieronima \u0141opaci\u0144skiego, Lublin 2014, s. 47[1], il. kolor. <\/span><\/p>\n<p align=\"justify\">a nawet zaj\u0119ciach warsztatowych dla dzieci, m.in. <a href=\"https:\/\/wbp.lublin.pl\/index.php\/2020\/05\/06\/jan-pawel-ii-zagraj-w-gry-z-jego-dziecinstwa-niezostawiamczytelnika\/\">\u201eJan Pawe\u0142 II \u2013 Zagraj w gry z jego dzieci\u0144stwa\u201d<\/a>:<\/p>\n<p>&nbsp;<\/p>\n<p align=\"justify\">Systematycznie zabiegamy r\u00f3wnie\u017c o zakup nowow\u015bci wydawniczych do zbior\u00f3w Biblioteki, kt\u00f3re wi\u0105\u017c\u0105 si\u0119 z postaci\u0105 Jana Paw\u0142a II. Polecamy zw\u0142aszcza<b>,<\/b> w kontek\u015bcie rozpocz\u0119tego procesu beatyfikacyjnego Rodzic\u00f3w Karola Wojty\u0142y \u2013 Jana Paw\u0142a II, ksi\u0105\u017cki<b> Mileny Kindziuk<\/b>: <i>Zacz\u0119\u0142o si\u0119 od Wadowic. Wspomnienia, wywiady, teksty o Janie Pawle II<\/i> i <i>Matka Papie\u017ca. Poruszaj\u0105ca opowie\u015b\u0107 o Emilii Wojty\u0142owej<\/i> (te ksi\u0105\u017cki s\u0105 ju\u017c w zbiorach WBP)<b> <\/b>oraz<b> <\/b><i>Emilia i Karol Wojty\u0142owie Rodzice \u015bw. Jana Paw\u0142a II<\/i><b> <\/b>(ju\u017c nied\u0142ugo w zbiorach WBP).<\/p>\n<p align=\"justify\">Osobom zainteresowanym my\u015bl\u0105 Jana Paw\u0142a II polecamy m.in. zasoby wirtualne <b>Centrum My\u015bli Jana Paw\u0142a II<\/b> &#8211; warszawskiej in\u00adstytucji kultury, kt\u00f3ra jest miejscem spotka\u0144 i dialogu. To o\u015brodek, kt\u00f3ry przy\u00adbli\u017ca nauczanie papie\u017ca, m.in. za pomoc\u0105 bazy internetowej <span style=\"color: #;\"><u><a href=\"http:\/\/www.nauczaniejp2.pl\/\"><span style=\"color: #;\">http:\/\/www.nauczaniejp2.pl\/<\/span><\/a><\/u><\/span>, kt\u00f3ra zawiera zawiera wszystkie encykliki i adhortacje Jana Paw\u0142a II, przem\u00f3wienia i or\u0119dzia Papie\u017ca z okazji kolejnych \u015awiatowych Dni M\u0142odzie\u017cy oraz homilie i przem\u00f3wie\u0144 z pielgrzymek do Polski &#8211; wraz z dodanym szczeg\u00f3\u0142owym indeksem poj\u0119\u0107 (obecnie trwaj\u0105 prace nad indeksacj\u0105 wybranych list\u00f3w apostolskich i homilii z wybranych pielgrzymek poza Polsk\u0105).<\/p>\n<p align=\"justify\"><span style=\"font-family: , sans-serif;\">A dzisiaj, w ten dzie\u0144 szczeg\u00f3lny, dzie\u0144 100. rocznicy urodzom \u015bw. Jana Paw\u0142a II, zapraszamy do wsp\u00f3lnego od\u015bpiewania \u201eBarki\u201d. Fundacja EduArtte, Miasto Lublin oraz arty\u015bci zapraszaj\u0105 na\u00a0<b>premier\u0119 teledysku do utworu \u201eBarka\u201d<\/b>. Projekt <b>\u201eCa\u0142y Lublin \u015bpiewa Bark\u0119\u201d<\/b> zak\u0142ada premier\u0119 teledysku tego utworu 18 maja 2020 roku o godzinie 19.00\u00a0<b>na Facebooku oraz YouTube<\/b>. W teledysku udzia\u0142 wezm\u0105<b>: Krzysztof Cugowski<\/b>, <b>Kamila Lendzion<\/b>, <b>Stanis\u0142aw Leszczy\u0144ski<\/b>, <b>Jakub Piotrowski<\/b>, <b>Krzysztof Pachla<\/b>, <b>Magdalena Rembieli\u0144ska<\/b>,\u00a0 <b>Agnieszka Schulz-Brzyska<\/b>, <b>Mariola Zagojska<\/b>. Projekt jest realizowany dzi\u0119ki\u00a0wsparciu Miasta Lublin, w ramach zadania \u201eMiasto Kultury\u201d. Dost\u0119p do teledysku b\u0119dzie bezp\u0142atny i nieograniczony czasowo. Partnerzy wydarzenia<b>:<\/b> Teatr Muzyczny w Lublinie, TVP 3 Lublin, Radio Lublin, \u201eKurier Lubelski\u201d.<\/span><\/p>\n<p align=\"justify\"><span style=\"font-family: , sans-serif;\">Link do wydarzenia:\u00a0<span style=\"color: #;\"><u><a href=\"https:\/\/www.facebook.com\/events\/3080410602001701\/\" target=\"_blank\" rel=\"noopener noreferrer\"><span style=\"color: #;\"><b>https:\/\/www.facebook.com\/events\/3080410602001701\/<\/b><\/span><\/a><\/u><\/span><\/span><\/p>\n<p align=\"justify\">Inne wydarzenia w Lublinie zob. <span style=\"color: #;\"><u><a href=\"https:\/\/archidiecezjalubelska.pl\/\"><span style=\"color: #;\">https:\/\/archidiecezjalubelska.pl\/<\/span><\/a><\/u><\/span><\/p>\n<p align=\"right\">oprac. Ewa Hadrian<\/p>\n","protected":false},"excerpt":{"rendered":"","protected":false},"author":7,"featured_media":25406,"comment_status":"closed","ping_status":"closed","sticky":false,"template":"","format":"standard","meta":{"_tec_requires_first_save":true,"_crdt_document":"","pgc_sgb_lightbox_settings":"","_EventAllDay":false,"_EventTimezone":"","_EventStartDate":"","_EventEndDate":"","_EventStartDateUTC":"","_EventEndDateUTC":"","_EventShowMap":false,"_EventShowMapLink":false,"_EventURL":"","_EventCost":"","_EventCostDescription":"","_EventCurrencySymbol":"","_EventCurrencyCode":"","_EventCurrencyPosition":"","_EventDateTimeSeparator":"","_EventTimeRangeSeparator":"","_EventOrganizerID":[],"_EventVenueID":[],"_OrganizerEmail":"","_OrganizerPhone":"","_OrganizerWebsite":"","_VenueAddress":"","_VenueCity":"","_VenueCountry":"","_VenueProvince":"","_VenueState":"","_VenueZip":"","_VenuePhone":"","_VenueURL":"","_VenueStateProvince":"","_VenueLat":"","_VenueLng":"","_VenueShowMap":false,"_VenueShowMapLink":false,"_tribe_blocks_recurrence_rules":"","_tribe_blocks_recurrence_description":"","_tribe_blocks_recurrence_exclusions":"","footnotes":""},"categories":[10,53],"tags":[],"class_list":["post-25405","post","type-post","status-publish","format-standard","has-post-thumbnail","hentry","category-aktualnosci","category-komunikaty"],"publishpress_future_action":{"enabled":false,"date":"2026-05-06 15:53:56","action":"change-status","newStatus":"draft","terms":[],"taxonomy":"category","extraData":[]},"publishpress_future_workflow_manual_trigger":{"enabledWorkflows":[]},"_links":{"self":[{"href":"https:\/\/wbp.lublin.pl\/index.php\/wp-json\/wp\/v2\/posts\/25405","targetHints":{"allow":["GET"]}}],"collection":[{"href":"https:\/\/wbp.lublin.pl\/index.php\/wp-json\/wp\/v2\/posts"}],"about":[{"href":"https:\/\/wbp.lublin.pl\/index.php\/wp-json\/wp\/v2\/types\/post"}],"author":[{"embeddable":true,"href":"https:\/\/wbp.lublin.pl\/index.php\/wp-json\/wp\/v2\/users\/7"}],"replies":[{"embeddable":true,"href":"https:\/\/wbp.lublin.pl\/index.php\/wp-json\/wp\/v2\/comments?post=25405"}],"version-history":[{"count":3,"href":"https:\/\/wbp.lublin.pl\/index.php\/wp-json\/wp\/v2\/posts\/25405\/revisions"}],"predecessor-version":[{"id":25409,"href":"https:\/\/wbp.lublin.pl\/index.php\/wp-json\/wp\/v2\/posts\/25405\/revisions\/25409"}],"wp:featuredmedia":[{"embeddable":true,"href":"https:\/\/wbp.lublin.pl\/index.php\/wp-json\/wp\/v2\/media\/25406"}],"wp:attachment":[{"href":"https:\/\/wbp.lublin.pl\/index.php\/wp-json\/wp\/v2\/media?parent=25405"}],"wp:term":[{"taxonomy":"category","embeddable":true,"href":"https:\/\/wbp.lublin.pl\/index.php\/wp-json\/wp\/v2\/categories?post=25405"},{"taxonomy":"post_tag","embeddable":true,"href":"https:\/\/wbp.lublin.pl\/index.php\/wp-json\/wp\/v2\/tags?post=25405"}],"curies":[{"name":"wp","href":"https:\/\/api.w.org\/{rel}","templated":true}]}}