{"id":25455,"date":"2020-05-26T13:29:08","date_gmt":"2020-05-26T11:29:08","guid":{"rendered":"https:\/\/wbp.lublin.pl\/?p=25455"},"modified":"2020-06-01T15:08:46","modified_gmt":"2020-06-01T13:08:46","slug":"ona-mi-pierwsza-pokazala-ksiezyc-o-matkach-w-dnc-odc-45","status":"publish","type":"post","link":"https:\/\/wbp.lublin.pl\/index.php\/2020\/05\/26\/ona-mi-pierwsza-pokazala-ksiezyc-o-matkach-w-dnc-odc-45\/","title":{"rendered":"Ona mi pierwsza pokaza\u0142a ksi\u0119\u017cyc\u2026 O matkach w DNC (odc. 45)"},"content":{"rendered":"<p><!--more--><\/p>\n<p class=\"western\" align=\"justify\"><span style=\"font-size: medium;\">Konstanty Ildefons Ga\u0142czy\u0144ski i jego pi\u0119kny wiersz po\u015bwi\u0119cony matce wielokrotnie jest przywo\u0142ywany w ko\u0144cowych dniach maja. Bo w maju, w tym &#8211; jak twierdzi wielu &#8211; najpi\u0119kniejszym miesi\u0105cu roku, jest jeden dzie\u0144 szczeg\u00f3lny: Dzie\u0144 Matki. W tym to dniu obdarowujemy bukietami kwiat\u00f3w, czu\u0142ym s\u0142owem lub ju\u017c jedynie wspomnieniem &#8211; nasze Matki.<\/span><\/p>\n<p class=\"western\" align=\"justify\"><span style=\"font-size: medium;\">Nasze Mamy s\u0105 przer\u00f3\u017cne: m\u0142ode, roze\u015bmiane, uszcz\u0119\u015bliwione rado\u015bci\u0105 pierwszego macierzy\u0144stwa i starsze, zadumane, kt\u00f3rych opr\u00f3szone siwizn\u0105 w\u0142osy i spracowane d\u0142onie, \u015bwiadcz\u0105 o przebytych trudach \u017cycia.<\/span><\/p>\n<p class=\"western\" align=\"justify\"><span style=\"font-size: medium;\">Pisarze \u2013 prozaicy, poeci, dramaturdzy, od wiek\u00f3w najpi\u0119kniejsze swe utwory po\u015bwi\u0119cali Matce; tej, kt\u00f3ra da\u0142a \u017cycie; kt\u00f3ra wychowa\u0142a; kt\u00f3ra towarzyszy dziecku w trudnych chwilach doros\u0142o\u015bci; kt\u00f3ra kocha nad \u017cycie w\u0142asne, ale i tej, kt\u00f3ra kocha\u0107 nie potrafi. <\/span><\/p>\n<p class=\"western\" align=\"justify\"><span style=\"font-size: medium;\">W literaturze polskiej od czas\u00f3w najdawniejszych Matka jest bohaterem wielu utwor\u00f3w. Matka Polka, matka patriot\u00f3w i \u017co\u0142nierzy, matka cierpi\u0105ca, stra\u017cniczka domowego ogniska, ale i matka wyzwolona z konwenans\u00f3w w gombrowiczowskiej <\/span><span style=\"font-size: medium;\"><i>Ferdydurke<\/i><\/span><span style=\"font-size: medium;\">, matka &#8211; tyran i despotka u Zapolskiej, matka witkiewiczowska czyli matka demoniczna, matka nieszcz\u0119\u015bliwa, rozdarta w uczuciach \u2013 u To\u0142stoja. Najcz\u0119\u015bciej jednak matka to symbol ciep\u0142a, dobra, oddania, przywi\u0105zania i mi\u0142o\u015bci, mi\u0142o\u015bci &#8211; wiernej a\u017c po gr\u00f3b. Te najpi\u0119kniejsze i najwyrazistsze portrety stworzyli najznamienitsi: Mickiewicz, S\u0142owacki, Konopnicka, D\u0105browska, Kaden-Bandowski, Gajcy, Baczy\u0144ski, Herbert, R\u00f3\u017cewicz\u2026 Ja cz\u0119sto wracam do Colette i do jej <\/span><span style=\"font-size: medium;\"><i>Domu Klaudyny<\/i><\/span><span style=\"font-size: medium;\">. To ksi\u0105\u017cka wspomnieniowa, a jedn\u0105 z g\u0142\u00f3wnych postaci dzieci\u0144stwa Colette jest w\u0142a\u015bnie matka. Cudowna opowie\u015b\u0107 o matce. Lektura obowi\u0105zkowa.<\/span><\/p>\n<p class=\"western\" align=\"justify\"><span style=\"font-size: medium;\">Dzie\u0144 Matki powinien by\u0107 radosny, a zatem troch\u0119 u\u015bmiechu od mistrza s\u0142owa, na kt\u00f3rego tekstach wszyscy si\u0119 wychowali\u015bmy. To wiersz o matkach dla matek, a konkretnie<\/span><\/p>\n<p class=\"western\" align=\"justify\"><span style=\"font-size: medium;\"><i><b>Do matek, kt\u00f3re swym dzieciom czytaj\u0105 moje wiersze<\/b><\/i><\/span><span style=\"font-size: medium;\"><b>:<\/b><\/span><\/p>\n<p><span style=\"color: #222222;\"><span style=\"font-size: medium;\"><i> Powiedzia\u0142 kto\u015b, \u017cem zmy\u015blny strateg,<br \/>\n<\/i><\/span><\/span><span style=\"color: #222222;\"><span style=\"font-size: medium;\"><i> Bo gdy dla dzieci pisz\u0119 wiersze,<br \/>\n<\/i><\/span><\/span><i style=\"font-size: medium; color: #222222;\">W\u0142a\u015bciwie pisz\u0119 je dla matek.<br \/>\n<\/i><i><\/i><i style=\"font-size: medium; color: #222222;\">Te z\u0142o\u015bliwo\u015bci nie s\u0105 pierwsze;<br \/>\n<\/i><i style=\"font-size: medium; color: #222222;\">Niech szydzi ten, kto lubi szydzi\u0107,<br \/>\n<\/i><i style=\"font-size: medium; color: #222222;\">A zreszt\u0105&#8230; czego mam si\u0119 wstydzi\u0107? <\/i><\/p>\n<p><i style=\"font-size: medium; color: #222222;\">Wyznaj\u0119, nieraz \u017cal mi szczerze<br \/>\n<\/i><i style=\"font-size: medium; color: #222222;\">Mateczki, mamy czy mamusi,<br \/>\n<\/i><i style=\"font-size: medium; color: #222222;\">Kt\u00f3ra do r\u0105k m\u0105 ksi\u0105\u017ck\u0119 bierze<br \/>\n<\/i><i style=\"font-size: medium; color: #222222;\">I swemu dziecku czyta\u0107 musi.<br \/>\n<\/i><i style=\"font-size: medium; color: #222222;\">\u017bal mi, \u017ce drogi czas jej kradn\u0119<br \/>\n<\/i><i style=\"font-size: medium; color: #222222;\">I \u017ce si\u0119 m\u0119cz\u0105 oczka \u0142adne&#8230; <\/i><\/p>\n<p><i style=\"font-size: medium; color: #222222;\">Wyznaj\u0119, my\u015bl\u0119 nieraz czule,<br \/>\n<\/i><i style=\"font-size: medium; color: #222222;\">Jak wygl\u0105daj\u0105 te mateczki,<br \/>\n<\/i><i style=\"font-size: medium; color: #222222;\">Mamusie, mamy i matule,<br \/>\n<\/i><i style=\"font-size: medium; color: #222222;\">Kiedy czytaj\u0105 me ksi\u0105\u017ceczki?<br \/>\n<\/i><i style=\"font-size: medium; color: #222222;\">I o czym ka\u017cda skrycie marzy?<br \/>\n<\/i><i style=\"font-size: medium; color: #222222;\">I czy ma mi\u0142y wyraz twarzy? <\/i><\/p>\n<p><i style=\"font-size: medium; color: #222222;\">Czy spo\u015br\u00f3d mam \u015bpiesz\u0105cych z biura<br \/>\n<\/i><i style=\"font-size: medium; color: #222222;\">Lub z pracy, ju\u017c zm\u0119czonych troch\u0119,<br \/>\n<\/i><i style=\"font-size: medium; color: #222222;\">U\u015bmiechnie si\u0119 niekiedy kt\u00f3ra,<br \/>\n<\/i><i style=\"font-size: medium; color: #222222;\">Gdy wspomni moje wiersze p\u0142oche?<br \/>\n<\/i><i style=\"font-size: medium; color: #222222;\">Czy si\u0119 u\u015bmiechnie i, by\u0107 mo\u017ce,<br \/>\n<\/i><i style=\"font-size: medium; color: #222222;\">Pomy\u015bli czasem o autorze? <\/i><\/p>\n<p><i style=\"font-size: medium; color: #222222;\">Wiadomo przecie\u017c od stuleci,<br \/>\n<\/i><i><\/i><i style=\"font-size: medium; color: #222222;\">\u017be taki rzeczy jest porz\u0105dek:<br \/>\n<\/i><i style=\"font-size: medium; color: #222222;\">Do matek trafia si\u0119 przez dzieci<br \/>\n<\/i><i style=\"font-size: medium; color: #222222;\">Tak jak do m\u0119\u017cczyzn &#8211; przez \u017co\u0142\u0105dek.<br \/>\n<\/i><i style=\"font-size: medium; color: #222222;\">Czy to uw\u0142aszcza matkom mi\u0142ym?<br \/>\n<\/i><i style=\"font-size: medium; color: #222222;\">No c\u00f3\u017c, przyznaj\u0119 si\u0119. Zgrzeszy\u0142em. <\/i><\/p>\n<p><span style=\"color: #222222;\"><span style=\"font-size: medium;\"><i>Lubi\u0119 twarzyczki wasze m\u0142ode<br \/>\n<\/i><\/span><\/span><i style=\"font-size: medium; color: #222222;\">I cz\u0119sto sobie wyobra\u017cam<br \/>\n<\/i><i><\/i><i style=\"font-size: medium; color: #222222;\">Wasz wdzi\u0119k i powab, i urod\u0119,<br \/>\n<\/i><i style=\"font-size: medium; color: #222222;\">I mimo woli si\u0119 rozmarzam.<br \/>\n<\/i><i style=\"font-size: medium; color: #222222;\">A gdy marzenie mnie ko\u0142ysze,<br \/>\n<\/i><i style=\"font-size: medium; color: #222222;\">Wtedy dla dzieci wiersze pisz\u0119.<\/i><\/p>\n<p>&nbsp;<\/p>\n<p><span style=\"font-size: medium;\"><i><b>Z uk\u0142onami z okazji Dnia Matki kre\u015bli si\u0119 Jan Brzechwa i Ewa Hadrian.<\/b><\/i><\/span><\/p>\n<p>&nbsp;<\/p>\n<p style=\"text-align: center;\"><em>Spotkanie z matk\u0105<\/em> &#8211; wiersz Konstantego Ildefonsa Ga\u0142czy\u0144skiego opatrzony muzyk\u0105 Vangelisa recytuje Roman Pola\u0144ski<\/p>\n<p><iframe loading=\"lazy\" title=\"VANGELIS - Pola\u0144ski - Ga\u0142czy\u0144ski - Spotkanie z Matka - Blade runner\" width=\"887\" height=\"499\" src=\"https:\/\/www.youtube.com\/embed\/d8Gt079_f7M?feature=oembed\" frameborder=\"0\" allow=\"accelerometer; autoplay; clipboard-write; encrypted-media; gyroscope; picture-in-picture; web-share\" referrerpolicy=\"strict-origin-when-cross-origin\" allowfullscreen><\/iframe><\/p>\n","protected":false},"excerpt":{"rendered":"","protected":false},"author":7,"featured_media":25456,"comment_status":"closed","ping_status":"closed","sticky":false,"template":"","format":"standard","meta":{"_tec_requires_first_save":true,"_crdt_document":"","pgc_sgb_lightbox_settings":"","_EventAllDay":false,"_EventTimezone":"","_EventStartDate":"","_EventEndDate":"","_EventStartDateUTC":"","_EventEndDateUTC":"","_EventShowMap":false,"_EventShowMapLink":false,"_EventURL":"","_EventCost":"","_EventCostDescription":"","_EventCurrencySymbol":"","_EventCurrencyCode":"","_EventCurrencyPosition":"","_EventDateTimeSeparator":"","_EventTimeRangeSeparator":"","_EventOrganizerID":[],"_EventVenueID":[],"_OrganizerEmail":"","_OrganizerPhone":"","_OrganizerWebsite":"","_VenueAddress":"","_VenueCity":"","_VenueCountry":"","_VenueProvince":"","_VenueState":"","_VenueZip":"","_VenuePhone":"","_VenueURL":"","_VenueStateProvince":"","_VenueLat":"","_VenueLng":"","_VenueShowMap":false,"_VenueShowMapLink":false,"_tribe_blocks_recurrence_rules":"","_tribe_blocks_recurrence_description":"","_tribe_blocks_recurrence_exclusions":"","footnotes":""},"categories":[636,10],"tags":[],"class_list":["post-25455","post","type-post","status-publish","format-standard","has-post-thumbnail","hentry","category-domowe-narodowe-czytanie","category-aktualnosci"],"publishpress_future_action":{"enabled":false,"date":"2026-05-06 11:43:52","action":"change-status","newStatus":"draft","terms":[],"taxonomy":"category","extraData":[]},"publishpress_future_workflow_manual_trigger":{"enabledWorkflows":[]},"_links":{"self":[{"href":"https:\/\/wbp.lublin.pl\/index.php\/wp-json\/wp\/v2\/posts\/25455","targetHints":{"allow":["GET"]}}],"collection":[{"href":"https:\/\/wbp.lublin.pl\/index.php\/wp-json\/wp\/v2\/posts"}],"about":[{"href":"https:\/\/wbp.lublin.pl\/index.php\/wp-json\/wp\/v2\/types\/post"}],"author":[{"embeddable":true,"href":"https:\/\/wbp.lublin.pl\/index.php\/wp-json\/wp\/v2\/users\/7"}],"replies":[{"embeddable":true,"href":"https:\/\/wbp.lublin.pl\/index.php\/wp-json\/wp\/v2\/comments?post=25455"}],"version-history":[{"count":2,"href":"https:\/\/wbp.lublin.pl\/index.php\/wp-json\/wp\/v2\/posts\/25455\/revisions"}],"predecessor-version":[{"id":25467,"href":"https:\/\/wbp.lublin.pl\/index.php\/wp-json\/wp\/v2\/posts\/25455\/revisions\/25467"}],"wp:featuredmedia":[{"embeddable":true,"href":"https:\/\/wbp.lublin.pl\/index.php\/wp-json\/wp\/v2\/media\/25456"}],"wp:attachment":[{"href":"https:\/\/wbp.lublin.pl\/index.php\/wp-json\/wp\/v2\/media?parent=25455"}],"wp:term":[{"taxonomy":"category","embeddable":true,"href":"https:\/\/wbp.lublin.pl\/index.php\/wp-json\/wp\/v2\/categories?post=25455"},{"taxonomy":"post_tag","embeddable":true,"href":"https:\/\/wbp.lublin.pl\/index.php\/wp-json\/wp\/v2\/tags?post=25455"}],"curies":[{"name":"wp","href":"https:\/\/api.w.org\/{rel}","templated":true}]}}