{"id":25458,"date":"2020-05-27T08:32:40","date_gmt":"2020-05-27T06:32:40","guid":{"rendered":"https:\/\/wbp.lublin.pl\/?p=25458"},"modified":"2020-07-02T09:35:16","modified_gmt":"2020-07-02T07:35:16","slug":"nabytki-do-ksiegozbioru-naukowego-luty-maj-2020","status":"publish","type":"post","link":"https:\/\/wbp.lublin.pl\/index.php\/2020\/05\/27\/nabytki-do-ksiegozbioru-naukowego-luty-maj-2020\/","title":{"rendered":"Nabytki do Ksi\u0119gozbioru Naukowego (luty-maj 2020)"},"content":{"rendered":"<p><!--more--><\/p>\n<ol>\n<li><strong>Andrzejewski \u0141<\/strong>. Zobaczy\u0107 to, co polityczne. Krak\u00f3w 2019<\/li>\n<li><strong>Bojarska-<\/strong> <strong>Cie\u015blik J.<\/strong> Splendor i finezja: duch i materia w sztuce Korei, Warszawa 2019<\/li>\n<li><strong>Brown K.<\/strong> Dawne mapy: podr\u00f3\u017c w przesz\u0142o\u015b\u0107, Warszawa 2019<\/li>\n<li><strong>Doma\u0144ska E.<\/strong> Hayden White w Polsce: fakty, krytyka, recepcja. Krak\u00f3w 2019<\/li>\n<li><strong>Filipowicz M.<\/strong> Historycy wobec problem\u00f3w to\u017csamo\u015bci narodowej i europejskiej- mi\u0119dzy nacjonalizmem a uniwersalizmem XVIII-XX w. Lublin 2019<\/li>\n<li><strong>Gmitruk J.<\/strong> Aby Polska by\u0142a niepodleg\u0142a i ludowa, Warszawa 2019<\/li>\n<li><strong>Gmitruk J.<\/strong> Ch\u0142opskie oficyny sp\u00f3\u0142dzielczego i obywatelskiego dzia\u0142ania: w jubileusz siedemdziesi\u0119ciolecia Ludowe Sp\u00f3\u0142dzielni Wydawniczej, Warszawa 2019<\/li>\n<li><strong>Hanusz A.<\/strong> Prawo finansowe: wybrane zagadnienia. Warszawa 2019<\/li>\n<li><strong>Harasym Z.<\/strong> Tadeusz Ro\u017cek\u00a0&#8211;\u00a0oficer i fotograf\u00a0: fotografia wojenna z okresu\u00a0I\u00a0wojny \u015bwiatowej<\/li>\n<li><strong>Hoszowska M.<\/strong> Wsp\u00f3lne dziedzictwo: Rzeczypospolita Obojga Narod\u00f3w w polskiej, litewskiej i ukrai\u0144skiej my\u015bli historycznej XIX i XXI wieku, Rzesz\u00f3w 2019<\/li>\n<li><strong>Jankowska M.<\/strong> Globalne ocieplenie, Lublin 2019<\/li>\n<li><strong>Kaczmarek \u0141.<\/strong> J\u00f3zef Budzisz: b\u0142\u0119kitny \u017co\u0142nierz niepodleg\u0142o\u015bci i jego przygoda z archeologi\u0105, Warszawa 2019<\/li>\n<li><strong>Kalita T.<\/strong> Tadeusz Kalita\u201d Sp\u00f3\u017aniony\u201d melduje, Warszawa 2019<\/li>\n<li><strong>Kapu\u015bciak B.<\/strong> Normatywy Wojskowej S\u0142u\u017cby Wewn\u0119trznej. Katowice 2019<\/li>\n<li><strong>K\u0105cka E.<\/strong> Po drugiej stronie siebie, Krak\u00f3w 2019<\/li>\n<li><strong>Kublikowski R.<\/strong> Inferencjalizm semantyczny Roberta B. Brandoma, Lublin 2019<\/li>\n<li><strong>Kula M.<\/strong> Trzeba m\u00f3wi\u0107 r\u00f3\u017cnymi sposobami: wyk\u0142ady z socjologii historycznej, Warszawa 2019<\/li>\n<li><strong>Marczewski M.<\/strong> Stanowisko wobec dokumentu\u00a0&#8222;Standardy edukacji seksualnej w Europie: Podstawowe zalecenia dla decydent\u00f3w oraz specjalist\u00f3w zajmuj\u0105cych si\u0119 edukacj\u0105 i zdrowiem&#8221; Ostro\u0142\u0119ka 2019<\/li>\n<li><strong>Maresch E. <\/strong>Armia Krajowa w dokumentach 1939-1945. T. 2, Czerwiec 1941 &#8211; kwiecie\u0144 1943. Cz. 1,2 Warszawa 2019<\/li>\n<li><strong>Pasterska J. <\/strong>Dyskursy pogranicza: wektory literatury, Rzesz\u00f3w 2019<\/li>\n<li><strong>Pilch A.<\/strong> Wsp\u00f3\u0142czesny museion: edukacja kulturowa z perspektywy uniwersytetu, muzeum, szko\u0142y. Krak\u00f3w 2019<\/li>\n<li><strong>Prokopski J.<\/strong> Kierkegaard czyli Mowy na pi\u0105tkowym zebraniu dla wsp\u00f3lnie pogrzebanych: pami\u0119ci Profesora Edwarda Kasperskiego, Warszawa 2019<\/li>\n<li><strong>Przybysz K.<\/strong> Z gazet\u0105 przez \u017cycie: Zygmunt Augusty\u0144ski 1890- 1959<\/li>\n<li><strong>Skoczek T.<\/strong> Kobiety aktywne w walce o woln\u0105 Polsk\u0119 i w\u0142asne prawa, Warszawa 2019<\/li>\n<li><strong>Walig\u00f3ra G.<\/strong> Encyklopedia\u00a0&#8222;Solidarno\u015bci&#8221;. T. 3, Opozycja w PRL 1976-1989, Warszawa 2019<\/li>\n<\/ol>\n<p>&nbsp;<\/p>\n<p>&nbsp;<\/p>\n","protected":false},"excerpt":{"rendered":"","protected":false},"author":11,"featured_media":25459,"comment_status":"closed","ping_status":"closed","sticky":false,"template":"","format":"standard","meta":{"_tec_requires_first_save":true,"_crdt_document":"","pgc_sgb_lightbox_settings":"","_EventAllDay":false,"_EventTimezone":"","_EventStartDate":"","_EventEndDate":"","_EventStartDateUTC":"","_EventEndDateUTC":"","_EventShowMap":false,"_EventShowMapLink":false,"_EventURL":"","_EventCost":"","_EventCostDescription":"","_EventCurrencySymbol":"","_EventCurrencyCode":"","_EventCurrencyPosition":"","_EventDateTimeSeparator":"","_EventTimeRangeSeparator":"","_EventOrganizerID":[],"_EventVenueID":[],"_OrganizerEmail":"","_OrganizerPhone":"","_OrganizerWebsite":"","_VenueAddress":"","_VenueCity":"","_VenueCountry":"","_VenueProvince":"","_VenueState":"","_VenueZip":"","_VenuePhone":"","_VenueURL":"","_VenueStateProvince":"","_VenueLat":"","_VenueLng":"","_VenueShowMap":false,"_VenueShowMapLink":false,"_tribe_blocks_recurrence_rules":"","_tribe_blocks_recurrence_description":"","_tribe_blocks_recurrence_exclusions":"","footnotes":""},"categories":[509,57],"tags":[],"class_list":["post-25458","post","type-post","status-publish","format-standard","has-post-thumbnail","hentry","category-nowe-nabytki","category-nowe-nabytki-do-ksigozbioru-naukowego"],"publishpress_future_action":{"enabled":false,"date":"2026-05-06 11:44:13","action":"change-status","newStatus":"draft","terms":[],"taxonomy":"category","extraData":[]},"publishpress_future_workflow_manual_trigger":{"enabledWorkflows":[]},"_links":{"self":[{"href":"https:\/\/wbp.lublin.pl\/index.php\/wp-json\/wp\/v2\/posts\/25458","targetHints":{"allow":["GET"]}}],"collection":[{"href":"https:\/\/wbp.lublin.pl\/index.php\/wp-json\/wp\/v2\/posts"}],"about":[{"href":"https:\/\/wbp.lublin.pl\/index.php\/wp-json\/wp\/v2\/types\/post"}],"author":[{"embeddable":true,"href":"https:\/\/wbp.lublin.pl\/index.php\/wp-json\/wp\/v2\/users\/11"}],"replies":[{"embeddable":true,"href":"https:\/\/wbp.lublin.pl\/index.php\/wp-json\/wp\/v2\/comments?post=25458"}],"version-history":[{"count":1,"href":"https:\/\/wbp.lublin.pl\/index.php\/wp-json\/wp\/v2\/posts\/25458\/revisions"}],"predecessor-version":[{"id":25460,"href":"https:\/\/wbp.lublin.pl\/index.php\/wp-json\/wp\/v2\/posts\/25458\/revisions\/25460"}],"wp:featuredmedia":[{"embeddable":true,"href":"https:\/\/wbp.lublin.pl\/index.php\/wp-json\/wp\/v2\/media\/25459"}],"wp:attachment":[{"href":"https:\/\/wbp.lublin.pl\/index.php\/wp-json\/wp\/v2\/media?parent=25458"}],"wp:term":[{"taxonomy":"category","embeddable":true,"href":"https:\/\/wbp.lublin.pl\/index.php\/wp-json\/wp\/v2\/categories?post=25458"},{"taxonomy":"post_tag","embeddable":true,"href":"https:\/\/wbp.lublin.pl\/index.php\/wp-json\/wp\/v2\/tags?post=25458"}],"curies":[{"name":"wp","href":"https:\/\/api.w.org\/{rel}","templated":true}]}}