{"id":25466,"date":"2020-05-29T15:17:19","date_gmt":"2020-05-29T13:17:19","guid":{"rendered":"https:\/\/wbp.lublin.pl\/?p=25466"},"modified":"2020-06-01T15:10:24","modified_gmt":"2020-06-01T13:10:24","slug":"jak-dobrze-miec-sasiada-takze-w-dnc-odc-46","status":"publish","type":"post","link":"https:\/\/wbp.lublin.pl\/index.php\/2020\/05\/29\/jak-dobrze-miec-sasiada-takze-w-dnc-odc-46\/","title":{"rendered":"Jak dobrze mie\u0107 s\u0105siada\u2026 tak\u017ce w DNC (odc. 46)"},"content":{"rendered":"<p><!--more--><\/p>\n<p>Tytu\u0142 dzisiejszego odcinka <strong>Domowego Narodowego Czytania<\/strong> \u201edojrzewa\u0142\u201c ju\u017c od kilkunastu dni, kiedy to do moich r\u0105k trafi\u0142a ksi\u0105\u017cka lublinianki <strong>Marii Kuta-Pietrzykowskiej<\/strong>. To tom wierszy, kt\u00f3ry jest poetyckim rodzajem autobiografii. Warty przeczytania, dost\u0119pny tak\u017ce w naszej Ksi\u0119garni \u201eU Hieronima\u201c, polecam go zw\u0142aszcza tym z Pa\u0144stwa, kt\u00f3rych losy splot\u0142y si\u0119 ze s\u0142awnym na\u0142\u0119czowskim Liceum Plastycznym, a tak\u017ce tym, kt\u00f3rym architektura Lublina jest bliska (Autorka zawodowo zwi\u0105zana by\u0142a bowiem z tym obszarem dzia\u0142a\u0144 miejskich). \u00a0B\u0119dzie r\u00f3wnie\u017c dobr\u0105 lektur\u0105 dla wszystkich lublinian zwi\u0105zanych (niekoniecznie parafialn\u0105 jurysdykcj\u0105) z ko\u015bcio\u0142em na Poczekajce (jeden z pomieszczonych tu cykli wierszy odnosi si\u0119 do tej przepi\u0119knej \u015bwi\u0105tyni, zaprojektowanej przez architekta i artyst\u0119 plastyka Mariana Makarskiego (<a href=\"http:\/\/www.marian-makarski.pl\/biografia.html\">http:\/\/www.marian-makarski.pl\/biografia.html<\/a>).<\/p>\n<figure id=\"attachment_25469\" aria-describedby=\"caption-attachment-25469\" style=\"width: 191px\" class=\"wp-caption alignleft\"><img data-dominant-color=\"827157\" data-has-transparency=\"false\" style=\"--dominant-color: #827157;\" loading=\"lazy\" decoding=\"async\" class=\"size-medium wp-image-25469 not-transparent\" src=\"https:\/\/wbp.lublin.pl\/wp-content\/uploads\/2020\/05\/W-czasie-i-przestrzeni-Maria-Kuta-Pietrzykowska-_-cover-by-Marek-Dybek-2020--191x300.jpg\" alt=\"W czasie i przestrzeni - Maria Kuta-Pietrzykowska _ cover by Marek Dybek 2020\" width=\"191\" height=\"300\" \/><figcaption id=\"caption-attachment-25469\" class=\"wp-caption-text\">W czasie i przestrzeni &#8211; Maria Kuta-Pietrzykowska _ cover by Marek Dybek 2020<\/figcaption><\/figure>\n<p><strong>Maria Kuta-Pietrzykowska, <em>W czasie i przestrzeni. Wiersze<\/em>,<\/strong> <strong>il. Marek Dybek, <\/strong>Wydawnictwo Polihymnia, Lublin 2020, s. 331 [1]<\/p>\n<p>Wiersze Marii Kuta-Pietrzykowskiej \u2013 starannie edytorsko opublikowane przez lubelskie Wydawnictwo Polihymnia \u2013 polecam, ale jeszcze bardziej polecam Pa\u0144stwa uwadze rzecz, kt\u00f3r\u0105 Autorka wierszy wymy\u015bli\u0142a i ju\u017c z dni kilka zrealizuje. B\u0119dzie to klatkowa\/blokowa\/s\u0105siedzka promocja wierszy.<\/p>\n<p>Poniewa\u017c wyj\u0105tkowo pi\u0119kne i zgodnie i sympatycznie mieszka si\u0119 Autorce w bloku z wielkiej p\u0142yty, a \u017cyczliwo\u015b\u0107 s\u0105siedzka jest tam namacalnie obecna i odczuwalna, a i kibicowanie Autorce w procesie wydawniczym ksi\u0105\u017cki by\u0142o bardzo serdeczne, to w\u0142a\u015bnie tam zostanie zorganizowane pierwsze spotkanie autorskie. Mam nadziej\u0119, \u017ce relacj\u0105 z tego spotkania Autorka si\u0119 ze mn\u0105 si\u0119 podzieli, a ja czym pr\u0119dzej przeka\u017c\u0119 je Pa\u0144stwu z nadziej\u0105, \u017ce taka forma spotka\u0144 z ksi\u0105\u017ck\u0105 mo\u017ce sta\u0107 si\u0119 kiedy\u015b i naszym udzia\u0142em.<\/p>\n<p>A dzisiaj \u2013 o zaletach p\u0142yn\u0105cych z posiadania dobrych s\u0105siad\u00f3w i przyjaci\u00f3\u0142 \u2013 napisa\u0142a <strong>Joanna<\/strong>, w my\u015bl s\u0142\u00f3w piosenki <strong><em>Jak dobrze mie\u0107 s\u0105siada\u2026<\/em><\/strong> To przes\u0142anie jest zawsze aktualne, zw\u0142aszcza poza ksi\u0105\u017ckow\u0105 fikcj\u0105, czego i Pa\u0144stwu i sobie \u017cycz\u0119.<\/p>\n<p style=\"text-align: right;\"><strong>Ewa<\/strong><\/p>\n<p><strong>\u00a0<\/strong><\/p>\n<hr \/>\n<p>&nbsp;<\/p>\n<p><strong><img data-dominant-color=\"88728c\" data-has-transparency=\"false\" style=\"--dominant-color: #88728c;\" loading=\"lazy\" decoding=\"async\" class=\"size-medium wp-image-25468 alignright not-transparent\" src=\"https:\/\/wbp.lublin.pl\/wp-content\/uploads\/2020\/05\/kraw-196x300.jpg\" alt=\"\" width=\"196\" height=\"300\" \/>Agnieszka Krawczyk, <em>Kamienica pod Szcz\u0119\u015bliw\u0105 Gwiazd\u0105. U\u015bmiech losu<\/em>,<\/strong> t.1, Wydawnictwo Filia, Pozna\u0144 2018, s. 452 [1]<\/p>\n<p><strong><em>Kamienica pod Szcz\u0119\u015bliw\u0105 Gwiazd\u0105<\/em><\/strong>\u00a0 to saga o mieszka\u0144cach starej krakowskiej kamienicy przy ulicy Gwia\u017adzistej. Mo\u017cemy tu spotka\u0107 m\u0142od\u0105 pianistk\u0119, matk\u0119 bli\u017anak\u00f3w, zamieszkuj\u0105c\u0105 mansard\u0119, kt\u00f3ra po powrocie do kraju pr\u00f3buje znale\u017a\u0107 swoje miejsce, bezdzietne ma\u0142\u017ce\u0144stwo Olesi\u0144skich, wielopokoleniow\u0105 rodzin\u0119, w kt\u00f3rej\u00a0 wszystkie kobiety nosz\u0105 imiona z powie\u015bci Szekspira\u00a0 (Sylwia, Ofelia, Helena i Miranda), zgry\u017cliwego s\u0105siada z parteru Jacka oraz Klar\u0119 Pieni\u0105\u017ckiewicz &#8211; starsz\u0105 pani\u0105 pami\u0119taj\u0105c\u0105 czasy drugiej wojny \u015bwiatowej.<\/p>\n<p>Mieszka\u0144cy\u00a0 maj\u0105 r\u00f3\u017cne charaktery, prowadz\u0105 r\u00f3\u017cne style \u017cycia i wyznaj\u0105 r\u00f3\u017cne systemy warto\u015bci. Wi\u0119kszo\u015b\u0107 z nich ch\u0119tnie niesie\u00a0 pomoc innym,\u00a0 nie oczekuj\u0105c niczego w zamian, tylko niekt\u00f3rzy s\u0105 interesowni i zapatrzeni w siebie, \u017cyj\u0105 w\u0142asnym \u017cyciem,\u00a0 nie zwracaj\u0105c uwagi na\u00a0 innych. Wszyscy lokatorzy, poza Zuzann\u0105 Lorenc (kt\u00f3ra wprowadzi\u0142a si\u0119 niedawno), mieszkaj\u0105 w kamienicy ju\u017c do\u015b\u0107 d\u0142ugo. I nagle zostaj\u0105 postawieni przed trudnym wyzwaniem.<\/p>\n<p>Tajemniczy spadkobierca kamienicy stawia przed mieszka\u0144cami\u00a0 warunek,\u00a0 kt\u00f3ry musz\u0105 spe\u0142ni\u0107, aby zachowa\u0107 swoje mieszkania. Musz\u0105 zrobi\u0107 co\u015b, co odmieni ich \u017cycie na zawsze. Bohaterowie maj\u0105 trudny orzech do zgryzienia, nie wszyscy s\u0105 gotowi na zmiany i przewarto\u015bciowanie swojego \u017cycia, a robienie dobrych uczynk\u00f3w wi\u0105\u017ce si\u0119 z rozliczeniem z sob\u0105 samym oraz w\u0142asnymi s\u0142abo\u015bciami. Za mask\u0105 niedost\u0119pnych i zamkni\u0119tych w sobie os\u00f3b mo\u017cemy dostrzec ludzi wra\u017cliwych na b\u00f3l, zagubionych oraz samotnych.<\/p>\n<p>Autorka, snuj\u0105c t\u0119 opowie\u015b\u0107,\u00a0 porusza\u00a0 do\u015b\u0107 istotne w\u0105tki spo\u0142eczne, takie jak okresowe badania zdrowia kobiet czy szacunek dla starszych. Ciekawym w\u0105tkiem jest inicjatywa &#8222;banku czasu&#8221;, polegaj\u0105ca na wymianie umiej\u0119tno\u015bci mi\u0119dzy mieszka\u0144cami kamienicy. Osoby, kt\u00f3re dysponuj\u0105 czasem i mog\u0105 co\u015b zrobi\u0107 dla innych, dziel\u0105\u00a0 si\u0119 swoimi umiej\u0119tno\u015bciami, dostaj\u0105c co\u015b w zamian. Jest to na przyk\u0142ad opieka nad dzieckiem w zamian za upieczenie ciasta.<\/p>\n<p>Czytaj\u0105c t\u0119 ksi\u0105\u017ck\u0119\u00a0 zauwa\u017cy\u0142am,\u00a0 \u017ce mi\u0119dzy wierszami\u00a0 autorka\u00a0 chce nam przekaza\u0107 przes\u0142anie, \u017ce stosunki s\u0105siedzkie nie musz\u0105 by\u0107 oboj\u0119tne, \u017ce warto wsp\u00f3\u0142dzia\u0142a\u0107, wspiera\u0107\u00a0 si\u0119 wzajemnie i emanowa\u0107 \u017cyczliwo\u015bci\u0105 &#8211; bo to procentuje w \u017cyciu. <em>Kamienica pod szcz\u0119\u015bliw\u0105 gwiazd\u0105<\/em> to\u00a0 powie\u015b\u0107\u00a0 o przyja\u017ani, relacjach rodzinnych i s\u0105siedzkich, o \u017cyciowych zmianach i wyborach,\u00a0 przepe\u0142niona tajemnicami, konfliktami, ale r\u00f3wnie\u017c, a mo\u017ce przede wszystkim, wieloma aktami sympatii i pomocy.<\/p>\n<p>&nbsp;<\/p>\n<p><strong><img data-dominant-color=\"dddce1\" data-has-transparency=\"false\" style=\"--dominant-color: #dddce1;\" loading=\"lazy\" decoding=\"async\" class=\"alignleft size-medium wp-image-25470 not-transparent\" src=\"https:\/\/wbp.lublin.pl\/wp-content\/uploads\/2020\/05\/rog-211x300.jpg\" alt=\"\" width=\"211\" height=\"300\" \/>Marzena Rogalska, <em>Wyprzeda\u017c sn\u00f3w,<\/em><\/strong> Spo\u0142eczny Instytut Wydawniczy Znak, Krak\u00f3w 2016, s. 396 [1] (kilka wyda\u0144, dost\u0119pna r\u00f3wnie\u017c jako e-book)<\/p>\n<p><em>\u201eWith a little help from my friends\u201d &#8211; <\/em>w takim klimacie zosta\u0142a napisana ksi\u0105\u017cka Marzeny Rogalskiej, z t\u0105 r\u00f3\u017cnic\u0105, \u00a0\u017ce pomoc ze strony przyjaci\u00f3\u0142 \u00a0g\u0142\u00f3wnej bohaterki Agaty jest znacznie wi\u0119ksza ni\u017c ta z utworu The Beatles.<\/p>\n<p>Po o\u015bmiu latach pobytu w Nowym Jorku 24-letnia\u00a0 Agata wraca do rodzinnego Krakowa,\u00a0 z kt\u00f3rego wyjecha\u0142a bez s\u0142owa po\u017cegnania. Niepewna reakcji przyjaci\u00f3\u0142 po tak d\u0142ugiej nieobecno\u015bci odnawia z nimi kontakt. Wbrew wszelkim obawom przyjaciele (niekt\u00f3rzy z nich pozak\u0142adali ju\u017c rodziny) przyjmuj\u0105 j\u0105 z otwartymi ramionami i sercami \u00a0i \u00a0pomagaj\u0105\u00a0 w znalezieniu pracy oraz w umeblowaniu\u00a0 nowo wynaj\u0119tego mieszkania, kt\u00f3re umo\u017cliwi\u0142a \u201ewyprzeda\u017c marze\u0144\u201d, \u00a0czyli\u00a0 wszystkich cennych\u00a0 rzeczy,\u00a0 kt\u00f3re Agata zostawi\u0142a przed wyjazdem\u00a0 z pro\u015bb\u0105 o ich sprzedanie.<\/p>\n<p>Pomimo przykrych wspomnie\u0144 zwi\u0105zanych z nieudanym ma\u0142\u017ce\u0144stwem Agata szybko staje na nogi, zak\u0142adaj\u0105c sp\u00f3\u0142k\u0119 z nowo poznan\u0105 kole\u017cank\u0105. Agata ma dar \u201e\u2026uwa\u017cno\u015bci, wra\u017cliwo\u015bci, empatii, wsp\u00f3\u0142czucia\u201d, posiada \u00a0doskona\u0142e umiej\u0119tno\u015bci organizacyjne, a tak\u017ce zdolno\u015bci artystyczne \u2013 potrafi pi\u0119knie szkicowa\u0107.<\/p>\n<p>Czytaj\u0105c ksi\u0105\u017ck\u0119 zastanawia\u0142am si\u0119,\u00a0 czym jest tytu\u0142owa \u00a0\u201ewyprzeda\u017c sn\u00f3w\u201d . Okazuje si\u0119 \u017ce s\u0105 to wyj\u0105tkowe oraz bardzo osobiste prezenty, kt\u00f3re Agata postanawia da\u0107 swoim przyjacio\u0142om, chc\u0105c si\u0119 im odwdzi\u0119czy\u0107 w zamian za wsparcie i ciep\u0142e przyj\u0119cie. Ka\u017cdy z nich \u00a0otrzymuje kopert\u0119, a w \u015brodku zapisany sen\u2026 \u00a0Sen Agaty\u2026 \u00a0Ka\u017cdy otrzyma\u0142 wskazanie, przeznaczone tylko dla niego, rodzaj spersonalizowanych talizman\u00f3w, przydatnych wtedy, kiedy b\u0119dzie chcia\u0142, by jego najskrytsze marzenie si\u0119 zi\u015bci\u0142o\u2026<\/p>\n<p><strong><em>Wyprzeda\u017c sn\u00f3w<\/em><\/strong><strong> Marzeny Rogalskiej<\/strong> to pi\u0119kna historia, pe\u0142na kolorowych\u00a0 postaci; dzi\u0119ki nim pozna\u0142am bli\u017cej takie dziedziny pracy i aktywno\u015bci zawodowej jak zaawansowana informatyka, muzyka, gastronomia, weterynaria, lotnictwo, ale tak\u017ce sztuka, organizacja koncert\u00f3w czy \u015bwiat niewidomych. To r\u00f3wnie\u017c opowie\u015b\u0107 o marzeniach, o kt\u00f3re warto walczy\u0107 pomimo przeciwno\u015bci losu. \u00a0Du\u017co w ksi\u0105\u017cce\u00a0 humoru, \u00a0jeszcze wi\u0119cej wzrusze\u0144, czyta si\u0119 j\u0105 \u00a0lekko i przyjemnie. Autorka w ciekawy spos\u00f3b opisuje codzienno\u015b\u0107 zwyk\u0142ych ludzi, kt\u00f3rzy nie chc\u0105 sta\u0107 w miejscu, lecz wci\u0105\u017c pragn\u0105 rozwoju oraz szcz\u0119\u015bcia w\u0142asnego i swoich dzieci. \u00a0Autorka udowadnia ponadto, \u017ce jest nie tylko dobr\u0105 dziennikark\u0105, ale te\u017c \u015bwietn\u0105 pisark\u0105. W planach mam przeczytanie kolejnych ksi\u0105\u017aek Marzeny Rogalskiej: <em>Druga mi\u0142o\u015b\u0107<\/em> i <em>Gra w kolory<\/em>.<\/p>\n<p style=\"text-align: right;\"><strong>Joanna Za\u0142\u0119cka-Maleska \u2013 Dzia\u0142 Udost\u0119pniania<\/strong><\/p>\n<p>&nbsp;<\/p>\n","protected":false},"excerpt":{"rendered":"","protected":false},"author":7,"featured_media":25468,"comment_status":"closed","ping_status":"closed","sticky":false,"template":"","format":"standard","meta":{"_tec_requires_first_save":true,"_crdt_document":"","pgc_sgb_lightbox_settings":"","_EventAllDay":false,"_EventTimezone":"","_EventStartDate":"","_EventEndDate":"","_EventStartDateUTC":"","_EventEndDateUTC":"","_EventShowMap":false,"_EventShowMapLink":false,"_EventURL":"","_EventCost":"","_EventCostDescription":"","_EventCurrencySymbol":"","_EventCurrencyCode":"","_EventCurrencyPosition":"","_EventDateTimeSeparator":"","_EventTimeRangeSeparator":"","_EventOrganizerID":[],"_EventVenueID":[],"_OrganizerEmail":"","_OrganizerPhone":"","_OrganizerWebsite":"","_VenueAddress":"","_VenueCity":"","_VenueCountry":"","_VenueProvince":"","_VenueState":"","_VenueZip":"","_VenuePhone":"","_VenueURL":"","_VenueStateProvince":"","_VenueLat":"","_VenueLng":"","_VenueShowMap":false,"_VenueShowMapLink":false,"_tribe_blocks_recurrence_rules":"","_tribe_blocks_recurrence_description":"","_tribe_blocks_recurrence_exclusions":"","footnotes":""},"categories":[636,10],"tags":[],"class_list":["post-25466","post","type-post","status-publish","format-standard","has-post-thumbnail","hentry","category-domowe-narodowe-czytanie","category-aktualnosci"],"publishpress_future_action":{"enabled":false,"date":"2026-05-06 11:45:41","action":"change-status","newStatus":"draft","terms":[],"taxonomy":"category","extraData":[]},"publishpress_future_workflow_manual_trigger":{"enabledWorkflows":[]},"_links":{"self":[{"href":"https:\/\/wbp.lublin.pl\/index.php\/wp-json\/wp\/v2\/posts\/25466","targetHints":{"allow":["GET"]}}],"collection":[{"href":"https:\/\/wbp.lublin.pl\/index.php\/wp-json\/wp\/v2\/posts"}],"about":[{"href":"https:\/\/wbp.lublin.pl\/index.php\/wp-json\/wp\/v2\/types\/post"}],"author":[{"embeddable":true,"href":"https:\/\/wbp.lublin.pl\/index.php\/wp-json\/wp\/v2\/users\/7"}],"replies":[{"embeddable":true,"href":"https:\/\/wbp.lublin.pl\/index.php\/wp-json\/wp\/v2\/comments?post=25466"}],"version-history":[{"count":1,"href":"https:\/\/wbp.lublin.pl\/index.php\/wp-json\/wp\/v2\/posts\/25466\/revisions"}],"predecessor-version":[{"id":25471,"href":"https:\/\/wbp.lublin.pl\/index.php\/wp-json\/wp\/v2\/posts\/25466\/revisions\/25471"}],"wp:featuredmedia":[{"embeddable":true,"href":"https:\/\/wbp.lublin.pl\/index.php\/wp-json\/wp\/v2\/media\/25468"}],"wp:attachment":[{"href":"https:\/\/wbp.lublin.pl\/index.php\/wp-json\/wp\/v2\/media?parent=25466"}],"wp:term":[{"taxonomy":"category","embeddable":true,"href":"https:\/\/wbp.lublin.pl\/index.php\/wp-json\/wp\/v2\/categories?post=25466"},{"taxonomy":"post_tag","embeddable":true,"href":"https:\/\/wbp.lublin.pl\/index.php\/wp-json\/wp\/v2\/tags?post=25466"}],"curies":[{"name":"wp","href":"https:\/\/api.w.org\/{rel}","templated":true}]}}