{"id":25598,"date":"2020-07-27T13:15:53","date_gmt":"2020-07-27T11:15:53","guid":{"rendered":"https:\/\/wbp.lublin.pl\/?p=25598"},"modified":"2026-02-12T10:35:55","modified_gmt":"2026-02-12T09:35:55","slug":"poranek-u-hieronima-czesc-5","status":"publish","type":"post","link":"https:\/\/wbp.lublin.pl\/index.php\/2020\/07\/27\/poranek-u-hieronima-czesc-5\/","title":{"rendered":"\u201ePoranek u Hieronima\u201d \u2013 cz\u0119\u015b\u0107 5"},"content":{"rendered":"<p><!--more--><\/p>\n<p>Serdecznie zapraszamy na\u00a0<strong>&#8222;Poranek u Hieronima&#8221;<\/strong>, now\u0105, cykliczn\u0105 form\u0119 spotka\u0144 online z Czytelnikami i Sympatykami WBP.\u00a0<strong>Spotykamy si\u0119 w lipcu i sierpniu\u00a0w \u015brody w godzinach 9.00-10.00<\/strong>. Spotkania przygotowuj\u0105 pracownicy Biblioteki, zar\u00f3wno od strony merytorycznej, jak i technicznej. W godzinnego przedsi\u0119wzi\u0119cia zapraszamy na zaj\u0119cia dla dzieci, k\u0105cik dla seniora, rozmowy z lud\u017ami r\u00f3\u017cnych zawod\u00f3w i profesji, prezentujemy tak\u017ce nowo\u015bci ksi\u0105\u017ckowe, opowiemy o historii i wsp\u00f3\u0142czesno\u015bci Biblioteki.<\/p>\n<p style=\"text-align: center;\"><iframe loading=\"lazy\" style=\"border: none; overflow: hidden;\" src=\"https:\/\/www.facebook.com\/plugins\/video.php?href=https%3A%2F%2Fwww.facebook.com%2Fwbplublin%2Fvideos%2F2798480187048996%2F&amp;show_text=0&amp;width=560\" width=\"560\" height=\"315\" frameborder=\"0\" scrolling=\"no\" allowfullscreen=\"allowfullscreen\"><\/iframe><br \/>\nW programie:<\/p>\n<ul>\n<li><strong>Go\u015bcie u Hieronima: Czego nie wiemy o lubelskim Teatrze Starym. <\/strong>Rozmowa z <strong>Karolin\u0105 Rozw\u00f3d<\/strong>, Dyrektorem Teatru Starego w Lublinie<\/li>\n<\/ul>\n<p><em><img data-dominant-color=\"e3e5e5\" data-has-transparency=\"false\" style=\"--dominant-color: #e3e5e5;\" loading=\"lazy\" decoding=\"async\" class=\"size-thumbnail wp-image-25600 alignleft not-transparent\" src=\"https:\/\/wbp.lublin.pl\/wp-content\/uploads\/2020\/07\/logo_teatru_starego___rgb-150x150.jpg\" alt=\"\" width=\"150\" height=\"150\" \/><img data-dominant-color=\"5b4437\" data-has-transparency=\"false\" style=\"--dominant-color: #5b4437;\" loading=\"lazy\" decoding=\"async\" class=\"alignright size-thumbnail wp-image-25608 not-transparent\" src=\"https:\/\/wbp.lublin.pl\/wp-content\/uploads\/2020\/07\/Teatr-Stary-w-Lublinie_scena-150x100.jpg\" alt=\"\" width=\"150\" height=\"100\" \/>Ridendo castigat mores<\/em> \u2013 <em>\u015amiech naprawia obyczaje<\/em>. Takie motto umieszczono w 1822 roku nad scen\u0105 nowo powsta\u0142ego Teatru Zimowego, znanego dzisiaj jako <strong>Teatr Stary<\/strong>. Inicjatorem budowy i pierwszym w\u0142a\u015bcicielem Teatru by\u0142 oficer napoleo\u0144ski, in\u017cynier i architekt miejski \u0141ukasz Rodakiewicz. P\u00f3\u017anoklasycystyczny gmach u zbiegu ulic Dominika\u0144skiej i Jezuickiej jest najstarszym obok krakowskiego Starego Teatru obiektem tego typu w Polsce. Jego elewacj\u0119 przyozdobiono charakterystycznymi p\u0142askorze\u017abami gryf\u00f3w i masek, kt\u00f3re przetrwa\u0142y do dzi\u015b.<\/p>\n<p><strong>Interdyscyplinarny, konfrontuj\u0105cy, dynamiczny, edukacyjny \u2013 oto dzisiejsze oblicze Teatru Starego w Lublinie. W 2012 roku, po trzydziestu latach artystycznej absencji druga najstarsza scena teatralna w Polsce wznowi\u0142a dzia\u0142alno\u015b\u0107, by ponownie odnale\u017a\u0107 nale\u017cne jej miejsce w sercu t\u0119tni\u0105cego \u017cyciem miasta. W roku 2022 b\u0119dzie obchodzi\u0142a jubileusz<\/strong> <strong>200-lecia.<\/strong> (Fot. Wojciech Kornet)<\/p>\n<p>&nbsp;<\/p>\n<ul>\n<li><strong>Pasje bibliotekarzy. Kto na b\u0119bnie gra\u2026 <\/strong>Rozmowa z <strong>Rafa\u0142em Majem<\/strong>, bibliotekarzem i muzykiem<\/li>\n<\/ul>\n<p><strong>\u00a0<\/strong><\/p>\n<p><strong><strong><img data-dominant-color=\"4b391a\" data-has-transparency=\"false\" style=\"--dominant-color: #4b391a;\" loading=\"lazy\" decoding=\"async\" class=\"size-thumbnail wp-image-25602 alignleft not-transparent\" src=\"https:\/\/wbp.lublin.pl\/wp-content\/uploads\/2020\/07\/RMaj1-fot-Jacek-\u015awierczy\u0144ski-150x100.png\" alt=\"\" width=\"150\" height=\"100\" \/><\/strong><\/strong><\/p>\n<p><strong>R<img data-dominant-color=\"817a7c\" data-has-transparency=\"false\" style=\"--dominant-color: #817a7c;\" loading=\"lazy\" decoding=\"async\" class=\"alignright size-thumbnail wp-image-25603 not-transparent\" src=\"https:\/\/wbp.lublin.pl\/wp-content\/uploads\/2020\/07\/RMaj2-fot-Mariusz-Siudem-150x100.png\" alt=\"\" width=\"150\" height=\"100\" \/><\/strong><strong>afa\u0142 Maj <\/strong>\u2013 b\u0119bniarz. Debiutowa\u0142 w zespole BBK. Wsp\u00f3\u0142tworzy\u0142 tak\u017ce grupy: Jahiar Group, Wadada, Skuba\u0144ce, Sambasim,<em> Color Squad<\/em><em>, <\/em>wsp\u00f3\u0142pracowa\u0142 te\u017c z zespo\u0142em S\u0142oma i B\u0119bnoluby. Mi\u0142o\u015bnik rytm\u00f3w afryka\u0144skich i latynoskich. Obecnie prowadzi warsztaty b\u0119bniarskie. Pracuje w Pracowni Digitalizacji WBP.<br \/>\n(fot. po l. Jacek \u015awierczy\u0144ski, fot po pr. Mariusz Siudem).<\/p>\n<p>&nbsp;<\/p>\n<ul>\n<li><strong>Czytamy w DKK! <\/strong>Rozmowa z <strong>Joann\u0105 Chapsk\u0105<\/strong>, wojew\u00f3dzkim koordynatorem Dyskusyjnych Klub\u00f3w Ksi\u0105\u017cki<\/li>\n<\/ul>\n<p><strong>Co to jest Dyskusyjny Klub Ksi\u0105\u017cki?<\/strong><br \/>\nGrupa os\u00f3b, kt\u00f3re spotykaj\u0105 si\u0119, aby porozmawia\u0107 o ksi\u0105\u017ckach.<\/p>\n<p><strong>Dla kogo?<\/strong><br \/>\nDla os\u00f3b, kt\u00f3re lubi\u0105 czyta\u0107 i rozmawia\u0107 o lekturze, poznawa\u0107 nowych autor\u00f3w i gatunki literackie. Wa\u017cne: uczestnicy nie musz\u0105 prowadzi\u0107 powa\u017cnych dyskusji ani zna\u0107 si\u0119 na literaturze.<\/p>\n<p><strong>Jak za\u0142o\u017cy\u0107<\/strong> <strong>Dyskusyjny Klub Ksi\u0105\u017cki? <\/strong><strong>\u2013 to b\u0119dzie tematem rozmowy w \u201ePoranku u Hieronima\u201d.<br \/>\n<img data-dominant-color=\"f1dee2\" data-has-transparency=\"false\" style=\"--dominant-color: #f1dee2;\" loading=\"lazy\" decoding=\"async\" class=\"aligncenter wp-image-25258 size-full not-transparent\" src=\"https:\/\/wbp.lublin.pl\/wp-content\/uploads\/2020\/05\/DKK_belka_2018.jpg\" alt=\"\" width=\"2480\" height=\"528\" \/><\/strong><\/p>\n<ul>\n<li><strong>Przystanek Gda\u0144sk. <\/strong>W podr\u00f3\u017c zapraszaj\u0105 najm\u0142odszych <strong>Magdalena Morek <\/strong>i<strong> Joanna \u017belazowska <\/strong>z Oddzia\u0142u dla Dzieci<\/li>\n<\/ul>\n<div id='gallery-1' class='gallery galleryid-25598 gallery-columns-2 gallery-size-thumbnail'><figure class='gallery-item'>\n\t\t\t<div class='gallery-icon landscape'>\n\t\t\t\t<a href='https:\/\/wbp.lublin.pl\/index.php\/2020\/07\/27\/poranek-u-hieronima-czesc-5\/neptun\/'><img loading=\"lazy\" decoding=\"async\" width=\"400\" height=\"300\" src=\"https:\/\/wbp.lublin.pl\/wp-content\/uploads\/2020\/07\/Neptun-400x300.webp\" class=\"attachment-thumbnail size-thumbnail not-transparent\" alt=\"\" srcset=\"https:\/\/wbp.lublin.pl\/wp-content\/uploads\/2020\/07\/Neptun-400x300.webp 400w, https:\/\/wbp.lublin.pl\/wp-content\/uploads\/2020\/07\/Neptun-600x450.webp 600w, https:\/\/wbp.lublin.pl\/wp-content\/uploads\/2020\/07\/Neptun-768x576.webp 768w, https:\/\/wbp.lublin.pl\/wp-content\/uploads\/2020\/07\/Neptun-947x710.webp 947w, https:\/\/wbp.lublin.pl\/wp-content\/uploads\/2020\/07\/Neptun-624x468.webp 624w, https:\/\/wbp.lublin.pl\/wp-content\/uploads\/2020\/07\/Neptun.webp 1441w\" sizes=\"auto, (max-width: 400px) 100vw, 400px\" data-has-transparency=\"false\" data-dominant-color=\"888681\" style=\"--dominant-color: #888681;\" \/><\/a>\n\t\t\t<\/div><\/figure><figure class='gallery-item'>\n\t\t\t<div class='gallery-icon landscape'>\n\t\t\t\t<a href='https:\/\/wbp.lublin.pl\/index.php\/2020\/07\/27\/poranek-u-hieronima-czesc-5\/20160224_115957\/'><img loading=\"lazy\" decoding=\"async\" width=\"400\" height=\"300\" src=\"https:\/\/wbp.lublin.pl\/wp-content\/uploads\/2020\/07\/20160224_115957-400x300.webp\" class=\"attachment-thumbnail size-thumbnail not-transparent\" alt=\"\" srcset=\"https:\/\/wbp.lublin.pl\/wp-content\/uploads\/2020\/07\/20160224_115957-400x300.webp 400w, https:\/\/wbp.lublin.pl\/wp-content\/uploads\/2020\/07\/20160224_115957-600x450.webp 600w, https:\/\/wbp.lublin.pl\/wp-content\/uploads\/2020\/07\/20160224_115957-768x576.webp 768w, https:\/\/wbp.lublin.pl\/wp-content\/uploads\/2020\/07\/20160224_115957-947x710.webp 947w, https:\/\/wbp.lublin.pl\/wp-content\/uploads\/2020\/07\/20160224_115957-624x468.webp 624w, https:\/\/wbp.lublin.pl\/wp-content\/uploads\/2020\/07\/20160224_115957.webp 1440w\" sizes=\"auto, (max-width: 400px) 100vw, 400px\" data-has-transparency=\"false\" data-dominant-color=\"7c8480\" style=\"--dominant-color: #7c8480;\" \/><\/a>\n\t\t\t<\/div><\/figure>\n\t\t<\/div>\n\n<p>Rozmowy poprowadzi <strong>Ewa Hadrian<\/strong> (kierownik Dzia\u0142u Informacji i Promocji)<\/p>\n<p>&nbsp;<\/p>\n<p><strong>\u201ePoranek U Hieronima\u201d<\/strong>\u00a0jest udost\u0119pniany \u00a0na naszym bibliotecznym\u00a0Facebooku<br \/>\ni stronie\u00a0<a href=\"http:\/\/www.wbp.lublin.pl\/\">www.wbp.lublin.pl<\/a>. Zapraszamy do udzia\u0142u, zadawania pyta\u0144,\u00a0 czekamy\u00a0na Pa\u0144stwa obecno\u015b\u0107, mile widziane s\u0105\u00a0lajki oraz wszelkie wiadomo\u015bci, dzi\u0119ki\u00a0 kt\u00f3rym czujemy wsp\u00f3lnot\u0119 z naszymi czytelnikami!<\/p>\n<p><strong>Zapraszamy:\u00a0<\/strong><strong><u><a href=\"http:\/\/www.wbp.lublin.pl\/\">www.wbp.lublin.pl<\/a><\/u><\/strong><strong>\u00a0i Facebook WBP (otwarty, dost\u0119pny dla wszystkich!).\u00a0\u00a0<\/strong><\/p>\n<p>&nbsp;<\/p>\n<p><strong>W czasie 1, pilota\u017cowego odcinka<\/strong>\u00a0 (emitowanego w \u015brod\u0119 1 lipca 2020), rozmawiali\u015bmy<br \/>\no tym, jak radz\u0105 sobie muzycy w czasie pandemii; go\u015bciem specjalnym programu by\u0142 klarnecista\u00a0<strong>Andrzej Mazur\u00a0<\/strong>(solista\u00a0Filharmonii im. Henryka Wieniawskiego w Lublinie, za\u0142o\u017cyciel Lubelskiego Tria Stroikowego, Lubelskiej Filharmonii Kameralnej oraz zespo\u0142\u00f3w Old Jazz Players i Traditional Jazz Revival; wieloletni cz\u0142onek Kapeli Zespo\u0142u Ta\u0144ca Ludowego UMCS).\u00a0O tym, \u00a0jakie ksi\u0105\u017cki cieszy\u0142y si\u0119 najwi\u0119ksz\u0105\u00a0popularno\u015bci\u0105 po otwarciu Biblioteki, kiedy to rozdzieli\u0142 nas \u2013 pracownik\u00f3w i czytelnik\u00f3w \u2013 lockdown, opowiedzia\u0142a\u00a0<strong>Lidia G\u0142\u0119bicka<\/strong>\u00a0(kieruj\u0105ca Dzia\u0142em Udost\u0119pniania WBP).\u00a0<strong>Magdalena Morek<\/strong>\u00a0i\u00a0<strong>Joanna \u017belazowska <\/strong><br \/>\n(z Oddzia\u0142u dla Dzieci WBP) przygotowa\u0142y \u201eodjazdowy\u201d program dla dzieci. Cykl spotka\u0144 online \u201ePoranek u Hieronima\u201d otworzy\u0142\u00a0<strong>Tadeusz S\u0142awecki<\/strong>\u00a0\u2013 Dyrektor Wojew\u00f3dzkiej Biblioteki Publicznej\u00a0im.\u00a0Hieronima\u00a0\u0141opaci\u0144skiego\u00a0w\u00a0Lublinie,\u00a0 a\u00a0 program\u00a0 prowadzi\u0142a\u00a0 <strong>Ewa\u00a0 Hadrian<\/strong><br \/>\n(kieruj\u0105ca\u00a0Dzia\u0142em\u00a0Informacji\u00a0i\u00a0Promocji\u00a0WBP).\u00a0Program\u00a0przygotowali\u00a0pracownicy WBP: <strong>Lidia G\u0142\u0119bicka<\/strong>,\u00a0\u00a0<strong>Ewa\u00a0 Hadrian<\/strong>,\u00a0 <strong>Marek\u00a0 Janik<\/strong>,\u00a0 <strong>Magdalena\u00a0 Morek<\/strong>,\u00a0 <strong>Dorota Mo\u015bcibrodzka<\/strong>,\u00a0<strong>Marek Semeniuk<\/strong>,\u00a0<strong>Joanna \u017belazowska<\/strong>; wsp\u00f3\u0142praca:\u00a0<strong>Mariusz Olejarczyk<\/strong>,\u00a0<strong>Micha\u0142 Stanek<\/strong>,\u00a0<strong>Jacek Wa\u0142dowski<\/strong>.<\/p>\n<p>&nbsp;<\/p>\n<p><strong>W czasie 2 odcinka<\/strong>\u00a0 (emitowanego w \u015brod\u0119 8 lipca 2020) go\u015b\u0107mi \u201ePoranka u Hieronima\u201d byli: <strong>Agnieszka Jaworska<\/strong>, psycholog i psychoterapeuta, kt\u00f3ra odpowiada\u0142a na pytanie \u201ePo co komu psychologia\u201d, aktor teatralny i re\u017cyser <strong>Micha\u0142 Zgiet<\/strong>, kt\u00f3ry opowiada\u0142 o Teatrze Starszych Pa\u0144 i Pan\u00f3w, Ksi\u0119garnia \u201eU Hieronima\u201d przedstawi\u0142a jednego ze swoich autor\u00f3w \u2013 dr. <strong>Zbigniewa J\u00f3\u017awika<\/strong>, znakomitego przyrodnika i grafika, a Oddzia\u0142 dla Dzieci zaprosi\u0142 najm\u0142odszych na \u201ePrzystanek Zamo\u015b\u0107\u201d. Program przygotowali pracownicy WBP: <strong>Lidia G\u0142\u0119bicka<\/strong>,\u00a0<strong>Ewa Hadrian<\/strong>,\u00a0<strong>Marek Janik<\/strong>,\u00a0<strong>Magdalena Morek<\/strong>,\u00a0<strong>Dorota Mo\u015bcibrodzka<\/strong>,\u00a0<strong>Marek Semeniuk<\/strong>, \u00a0<strong>Katarzyna\u00a0 Wo\u0142oszyn<\/strong>,\u00a0 <strong>Joanna\u00a0 \u017belazowska<\/strong>;\u00a0 wsp\u00f3\u0142praca:\u00a0<strong>Mariusz\u00a0Olejarczyk<\/strong>,<br \/>\n<strong>Micha\u0142 Stanek<\/strong>,\u00a0<strong>Jacek Wa\u0142dowski<\/strong>.<\/p>\n<p>&nbsp;<\/p>\n<p><strong>W czasie 3 odcinka<\/strong>\u00a0 (emitowanego w \u015brod\u0119 15 lipca 2020) go\u015b\u0107mi \u201ePoranka u Hieronima\u201d byli: dr<strong> Ilona Skibi\u0144ska-Fabrowska, <\/strong>dyrektor Oddzia\u0142u Okr\u0119gowego Narodowego Banku Polskiego\u00a0 i dr <strong>Marcin Gapski <\/strong>z Muzeum Lubelskiego<strong>, <\/strong>tematy tych rozm\u00f3w oscylowa\u0142y wok\u00f3\u0142 610. rocznicy bitwy grunwaldzkiej; w \u201ePanoramie agend Biblioteki\u201d <strong>Lidia G\u0142\u0119bicka<\/strong> i <strong>Bo\u017cena Lech-Jab\u0142o\u0144ska<\/strong> \u00a0zaprezentowa\u0142y Dzia\u0142 Bibliografii Lubelszczyzny i Wiedzy o Regionie,<br \/>\na <strong>Jaros\u0142aw Sawic<\/strong> przedstawi\u0142 kulisy konkursu na gad\u017cet promuj\u0105cy Lubelsk\u0105 Bibliotek\u0119 Wirtualn\u0105. Program przygotowali pracownicy WBP: <strong>Lidia G\u0142\u0119bicka<\/strong>,\u00a0<strong>Ewa Hadrian<\/strong>,\u00a0<strong>Marek Janik<\/strong>,\u00a0<strong> Bo\u017cena Lech-Jab\u0142o\u0144ska,\u00a0 Dorota\u00a0 Mo\u015bcibrodzka<\/strong>,\u00a0 <strong>Jaros\u0142aw\u00a0 Sawic,\u00a0 Marek\u00a0 Semeniuk<\/strong>, wsp\u00f3\u0142praca:\u00a0 <strong>Mariusz\u00a0Olejarczyk<\/strong>,\u00a0<strong>Micha\u0142 Stanek<\/strong>,\u00a0<strong>Jacek Wa\u0142dowski<\/strong>.<\/p>\n<p>&nbsp;<\/p>\n<p><strong>W czasie 4 odcinka<\/strong>\u00a0(emitowanego w \u015brod\u0119 22 lipca 2020) go\u015b\u0107mi \u201ePoranka u Hieronima\u201d byli: <strong>Agnieszka Jaworska, <\/strong>psycholog i psychoterapeta, kt\u00f3ra podpowiada\u0142a jak \u201eoswoi\u0107 zmiany\u201d i <strong>Agnieszka Dobrowolska<\/strong>, wokalistka i instrumentalistka, mi\u0142o\u015bniczka saksofonu;<br \/>\nw \u201ePanoramie agend Biblioteki\u201d <strong>Micha\u0142 Stanek <\/strong>zaprazentowa\u0142 Bibliotek\u0119 Cyfrow\u0105 WBP,<br \/>\na <strong>Magdalena Morek i Joanna\u00a0 \u017belazowska <\/strong>z Oddzia\u0142u dla Dzieci zabra\u0142y najm\u0142odszych na wycieczk\u0119 do Wroc\u0142awia. Program przygotowali pracownicy WBP: <strong>Ewa Hadrian<\/strong>,\u00a0<strong>Marek Janik<\/strong>,\u00a0<strong>Magdalena Morek<\/strong>,<strong> Marek\u00a0 Semeniuk<\/strong>, <strong>Agnieszka Sitko<\/strong>, <strong>Micha\u0142 Stanek<\/strong>, <strong>Joanna \u017belazowska<\/strong>, wsp\u00f3\u0142praca:\u00a0 <strong>Mariusz\u00a0Olejarczyk<\/strong>,\u00a0 <strong>Marta Tomasik<\/strong>,\u00a0<strong>Jacek Wa\u0142dowski<\/strong>.<\/p>\n<p>&nbsp;<\/p>\n\n\n<p class=\"wp-block-paragraph\">Odcinki archiwalne s\u0105 dost\u0119pne na kanale YouTube Biblioteki<\/p>\n\n\n\n<figure class=\"wp-block-embed is-type-video is-provider-youtube wp-block-embed-youtube wp-embed-aspect-16-9 wp-has-aspect-ratio\"><div class=\"wp-block-embed__wrapper\">\n<iframe loading=\"lazy\" title=\"Poranek u Hieronima - odc. 5\" width=\"887\" height=\"499\" src=\"https:\/\/www.youtube.com\/embed\/z3Yd7jfj_0A?feature=oembed\" frameborder=\"0\" allow=\"accelerometer; autoplay; clipboard-write; encrypted-media; gyroscope; picture-in-picture; web-share\" referrerpolicy=\"strict-origin-when-cross-origin\" allowfullscreen><\/iframe>\n<\/div><\/figure>\n\n\n\n<p class=\"has-text-align-center wp-block-paragraph\"><strong>Zapraszamy!<\/strong><\/p>\n\n\n\n<p class=\"has-text-align-right wp-block-paragraph\"><em>Dzia\u0142 Informacji i Promocji<\/em><\/p>\n","protected":false},"excerpt":{"rendered":"<p>29 (\u015broda) lipca 2020 r., godz. 9.00-10.00<\/p>\n","protected":false},"author":18,"featured_media":25526,"comment_status":"closed","ping_status":"closed","sticky":false,"template":"","format":"standard","meta":{"_tec_requires_first_save":true,"_crdt_document":"","pgc_sgb_lightbox_settings":"","_EventAllDay":false,"_EventTimezone":"","_EventStartDate":"","_EventEndDate":"","_EventStartDateUTC":"","_EventEndDateUTC":"","_EventShowMap":false,"_EventShowMapLink":false,"_EventURL":"","_EventCost":"","_EventCostDescription":"","_EventCurrencySymbol":"","_EventCurrencyCode":"","_EventCurrencyPosition":"","_EventDateTimeSeparator":"","_EventTimeRangeSeparator":"","_EventOrganizerID":[],"_EventVenueID":[],"_OrganizerEmail":"","_OrganizerPhone":"","_OrganizerWebsite":"","_VenueAddress":"","_VenueCity":"","_VenueCountry":"","_VenueProvince":"","_VenueState":"","_VenueZip":"","_VenuePhone":"","_VenueURL":"","_VenueStateProvince":"","_VenueLat":"","_VenueLng":"","_VenueShowMap":false,"_VenueShowMapLink":false,"_tribe_blocks_recurrence_rules":"","_tribe_blocks_recurrence_description":"","_tribe_blocks_recurrence_exclusions":"","footnotes":""},"categories":[638,10],"tags":[],"class_list":["post-25598","post","type-post","status-publish","format-standard","has-post-thumbnail","hentry","category-poranek-u-hieronima","category-aktualnosci"],"publishpress_future_action":{"enabled":false,"date":"2026-05-06 15:53:30","action":"change-status","newStatus":"draft","terms":[],"taxonomy":"category","extraData":[]},"publishpress_future_workflow_manual_trigger":{"enabledWorkflows":[]},"_links":{"self":[{"href":"https:\/\/wbp.lublin.pl\/index.php\/wp-json\/wp\/v2\/posts\/25598","targetHints":{"allow":["GET"]}}],"collection":[{"href":"https:\/\/wbp.lublin.pl\/index.php\/wp-json\/wp\/v2\/posts"}],"about":[{"href":"https:\/\/wbp.lublin.pl\/index.php\/wp-json\/wp\/v2\/types\/post"}],"author":[{"embeddable":true,"href":"https:\/\/wbp.lublin.pl\/index.php\/wp-json\/wp\/v2\/users\/18"}],"replies":[{"embeddable":true,"href":"https:\/\/wbp.lublin.pl\/index.php\/wp-json\/wp\/v2\/comments?post=25598"}],"version-history":[{"count":5,"href":"https:\/\/wbp.lublin.pl\/index.php\/wp-json\/wp\/v2\/posts\/25598\/revisions"}],"predecessor-version":[{"id":79304,"href":"https:\/\/wbp.lublin.pl\/index.php\/wp-json\/wp\/v2\/posts\/25598\/revisions\/79304"}],"wp:featuredmedia":[{"embeddable":true,"href":"https:\/\/wbp.lublin.pl\/index.php\/wp-json\/wp\/v2\/media\/25526"}],"wp:attachment":[{"href":"https:\/\/wbp.lublin.pl\/index.php\/wp-json\/wp\/v2\/media?parent=25598"}],"wp:term":[{"taxonomy":"category","embeddable":true,"href":"https:\/\/wbp.lublin.pl\/index.php\/wp-json\/wp\/v2\/categories?post=25598"},{"taxonomy":"post_tag","embeddable":true,"href":"https:\/\/wbp.lublin.pl\/index.php\/wp-json\/wp\/v2\/tags?post=25598"}],"curies":[{"name":"wp","href":"https:\/\/api.w.org\/{rel}","templated":true}]}}