{"id":25741,"date":"2020-08-11T11:27:10","date_gmt":"2020-08-11T09:27:10","guid":{"rendered":"https:\/\/wbp.lublin.pl\/?p=25741"},"modified":"2026-02-12T10:32:50","modified_gmt":"2026-02-12T09:32:50","slug":"poranek-u-hieronima-czesc-7-12-sroda-sierpnia-2020-r-godz-9-00-10-00","status":"publish","type":"post","link":"https:\/\/wbp.lublin.pl\/index.php\/2020\/08\/11\/poranek-u-hieronima-czesc-7-12-sroda-sierpnia-2020-r-godz-9-00-10-00\/","title":{"rendered":"\u201ePoranek u Hieronima\u201d \u2013 cz\u0119\u015b\u0107 7, 12 (\u015broda) sierpnia 2020 r., godz. 9.00-10.00"},"content":{"rendered":"<p><!--more--><\/p>\n<p>https:\/\/www.facebook.com\/watch\/?v=2706211989627165<\/p>\n<p>&nbsp;<\/p>\n<p style=\"text-align: center;\"><strong>\u201ePoranek u Hieronima\u201d \u2013 cz\u0119\u015b\u0107 7, 12 (\u015broda) sierpnia 2020 r., godz. 9.00-10.00<\/strong><\/p>\n<p>Serdecznie zapraszamy na\u00a0<strong>&#8222;Poranek u Hieronima&#8221;<\/strong>, now\u0105, cykliczn\u0105 form\u0119\u00a0spotka\u0144 online<br \/>\nz Czytelnikami i Sympatykami WBP.\u00a0<strong>Spotykamy si\u0119 w lipcu i sierpniu\u00a0w \u015brody w godzinach 9.00-10.00<\/strong>.\u00a0Spotkania przygotowuj\u0105 pracownicy Biblioteki, zar\u00f3wno od strony merytorycznej, jak<br \/>\ni technicznej.<\/p>\n<p><strong>\u201ePoranek U Hieronima\u201d<\/strong>\u00a0jest udost\u0119pniany \u00a0na naszym bibliotecznym\u00a0Facebooku<br \/>\ni stronie\u00a0<a href=\"http:\/\/www.wbp.lublin.pl\/\">www.wbp.lublin.pl<\/a>. Zapraszamy do udzia\u0142u, zadawania pyta\u0144,\u00a0 czekamy\u00a0na Pa\u0144stwa obecno\u015b\u0107, mile widziane s\u0105\u00a0lajki oraz wszelkie wiadomo\u015bci, dzi\u0119ki\u00a0 kt\u00f3rym czujemy wsp\u00f3lnot\u0119<br \/>\nz naszymi\u00a0czytelnikami!<\/p>\n<p>W programie:<\/p>\n<ul>\n<li><strong>Narodowy Zas\u00f3b Biblioteczny a ksi\u0119gozbi\u00f3r lubelskiej WBP<\/strong>. Rozmowa z <strong>Ann\u0105 Oleszek<\/strong>, kierownikiem Dzia\u0142u Zbior\u00f3w Specjalnych WBP<\/li>\n<\/ul>\n<p>Zgodnie z Rozporz\u0105dzeniem Ministra Kultury i Dziedzictwa Narodowego Pana prof. dra hab. Piotra Gli\u0144skiego z dnia 26 marca 2020 roku, opublikowanym dnia 27 marca 2020 roku w Dzienniku Ustaw Rzeczypospolitej Polskiej (poz. 540), zbiory Wojew\u00f3dzkiej Biblioteki Publicznej im. Hieronima \u0141opaci\u0144skiego w Lublinie zosta\u0142y w\u0142\u0105czone do\u00a0<strong>Narodowego Zasobu Bibliotecznego<\/strong>. Do\u00a0NZS\u00a0w\u0142\u0105czane s\u0105 \u2013 w ca\u0142o\u015bci lub cz\u0119\u015bci \u2013 zbiory bibliotek maj\u0105ce wyj\u0105tkow\u0105 warto\u015b\u0107 i znaczenie dla dziedzictwa narodowego. Podlega on szczeg\u00f3lnej ochronie. Do\u00a0Narodowego Zasobu Bibliotecznego\u00a0zosta\u0142a w\u0142\u0105czona kolekcja \u00a0<strong>ZBIOR\u00d3W SPECJALNYCH Z KSI\u0118GOZBIORU HIERONIMA \u0141OPACI\u0143SKIEGO<\/strong>.<\/p>\n<p><img data-dominant-color=\"735e4d\" data-has-transparency=\"false\" style=\"--dominant-color: #735e4d;\" loading=\"lazy\" decoding=\"async\" class=\"aligncenter wp-image-25734 size-medium not-transparent\" src=\"https:\/\/wbp.lublin.pl\/wp-content\/uploads\/2020\/08\/15-1-300x200.jpg\" alt=\"\" width=\"300\" height=\"200\" \/><\/p>\n<p>&nbsp;<\/p>\n<ul>\n<li style=\"text-align: left;\"><strong>Go\u015bcie u Hieronima: Dieta to styl \u017cycia. <\/strong>Rozmowa z <strong>Aleksandr\u0105 Ryback\u0105<\/strong>, dietetykiem<\/li>\n<\/ul>\n<p><strong>Aleksandra Rybacka<\/strong> \u2013 dietetyk, absolwentka studi\u00f3w 2 stopnia dietetyki klinicznej na Uniwersytecie Medycznym w Lublinie. W czasie studi\u00f3w odby\u0142a liczne praktyki w szpitalach, poradniach dietetycznych, oraz plac\u00f3wkach \u017cywienia zbiorowego. Dietetyka jest dla Aleksandry nie tylko zawodem, lecz pasj\u0105. Wyznaje zasad\u0119, \u017ce dieta nie musi i\u015b\u0107 w parze z wyrzeczeniami. Dieta to nie narzucony m\u0119cz\u0105cy harmonogram, dieta to styl \u017cycia.<\/p>\n<p><img data-dominant-color=\"65614a\" data-has-transparency=\"false\" style=\"--dominant-color: #65614a;\" loading=\"lazy\" decoding=\"async\" class=\"aligncenter wp-image-25736 size-medium not-transparent\" src=\"https:\/\/wbp.lublin.pl\/wp-content\/uploads\/2020\/08\/3-2-300x200.jpg\" alt=\"\" width=\"300\" height=\"200\" \/><\/p>\n<p>&nbsp;<\/p>\n<ul>\n<li><strong>Pasje bibliotekarzy.<\/strong> <strong>Zachowa\u0107 pi\u0119kno ksi\u0105\u017cki<\/strong>. Rozmowa z <strong>Beat\u0105<\/strong> <strong>Stelmaszuk<\/strong>, pracownikiem Dzia\u0142u Konserwacji i Ochrony Zbior\u00f3w WBP<\/li>\n<\/ul>\n<p><strong>Beata Stelmaszuk \u00a0<\/strong>\u2013 jej przestrze\u0144 tw\u00f3rcza to biblioteczny dzia\u0142 ochrony i konserwacji ksi\u0105\u017cek. Ratuje je przed zapomnieniem i degradacj\u0105, darowuj\u0105c drugie \u017cycie, przywracaj\u0105c \u015bwietno\u015b\u0107, a w ka\u017cdym przypadku zachowuj\u0105c dla potomno\u015bci materialne dowody historii.\u00a0 (\u017ar\u00f3d\u0142o: <a href=\"https:\/\/przedsiebiorczy.lublin.eu\/kreatywny-lublin\/projekt-kreatywni\/beata-stelmaszuk\">https:\/\/przedsiebiorczy.lublin.eu\/kreatywny-lublin\/projekt-kreatywni\/beata-stelmaszuk<\/a>.<\/p>\n<p><img data-dominant-color=\"736457\" data-has-transparency=\"false\" style=\"--dominant-color: #736457;\" loading=\"lazy\" decoding=\"async\" class=\"aligncenter wp-image-25733 size-medium not-transparent\" src=\"https:\/\/wbp.lublin.pl\/wp-content\/uploads\/2020\/08\/1-1-300x200.jpg\" alt=\"\" width=\"300\" height=\"200\" \/><\/p>\n<p><img data-dominant-color=\"c8c8c7\" data-has-transparency=\"false\" style=\"--dominant-color: #c8c8c7;\" loading=\"lazy\" decoding=\"async\" class=\"aligncenter wp-image-25737 size-medium not-transparent\" src=\"https:\/\/wbp.lublin.pl\/wp-content\/uploads\/2020\/08\/Beata_Stelmaszczuk-208x300.jpg\" alt=\"\" width=\"208\" height=\"300\" \/><\/p>\n<p>&nbsp;<\/p>\n<ul>\n<li><strong>Droga ksi\u0105\u017cki do czytelnika wiedzie przez\u2026<\/strong> Rozmowa z <strong>Patrycj\u0105 P\u0142o\u0144sk\u0105<\/strong> z Dzia\u0142u Opracowania Zbior\u00f3w WBP.<\/li>\n<\/ul>\n<p>Zanim ksi\u0105\u017cka z wydawnictwa &#8211; w kt\u00f3rym zosta\u0142a opublikowana &#8211; trafi do r\u0105k czytelnika, musi przej\u015b\u0107 przez kilka dzia\u0142\u00f3w Biblioteki. O drodze ksi\u0105\u017cki w bibliotece porozmawiamy w \u201ePoranku u Hieronima\u201d.<\/p>\n<p><img data-dominant-color=\"6b4f44\" data-has-transparency=\"false\" style=\"--dominant-color: #6b4f44;\" loading=\"lazy\" decoding=\"async\" class=\"aligncenter wp-image-25735 size-medium not-transparent\" src=\"https:\/\/wbp.lublin.pl\/wp-content\/uploads\/2020\/08\/19-1-300x200.jpg\" alt=\"\" width=\"300\" height=\"200\" \/><\/p>\n<p>Rozmowy poprowadz\u0105: <strong>Lidia G\u0142\u0119bicka<\/strong> i \u00a0<strong>Ewa Hadrian<\/strong>.<\/p>\n<p>&nbsp;<\/p>\n<p style=\"text-align: justify;\"><strong>W czasie 1, pilota\u017cowego odcinka<\/strong>\u00a0 (emitowanego 1 lipca 2020), rozmawiali\u015bmy o tym, jak radz\u0105 sobie muzycy w czasie pandemii; go\u015bciem specjalnym programu by\u0142 klarnecista\u00a0<strong>Andrzej Mazur\u00a0<\/strong>(solista Filharmonii im. Henryka Wieniawskiego w Lublinie, za\u0142o\u017cyciel Lubelskiego Tria Stroikowego, Lubelskiej Filharmonii Kameralnej oraz zespo\u0142\u00f3w Old Jazz Players i Traditional Jazz Revival; wieloletni cz\u0142onek Kapeli Zespo\u0142u Ta\u0144ca Ludowego UMCS).\u00a0O tym, \u00a0jakie ksi\u0105\u017cki cieszy\u0142y si\u0119 najwi\u0119ksz\u0105\u00a0popularno\u015bci\u0105 po otwarciu Biblioteki, kiedy to lockdown rozdzieli\u0142 pracownik\u00f3w\u00a0\u00a0i\u00a0czytelnik\u00f3w\u00a0,\u00a0opowiedzia\u0142a\u00a0<strong>Lidia\u00a0G\u0142\u0119bicka<\/strong>\u00a0(kieruj\u0105ca\u00a0 Dzia\u0142em \u00a0Udost\u0119pniania WBP). <strong>Magdalena Morek<\/strong>\u00a0i\u00a0<strong>Joanna \u017belazowska <\/strong>(z Oddzia\u0142u dla Dzieci WBP) przygotowa\u0142y \u201eodjazdowy\u201d program dla dzieci. Cykl \u201ePoranek u Hieronima\u201d otworzy\u0142\u00a0<strong>Tadeusz\u00a0S\u0142awecki<\/strong> \u2013 Dyrektor Wojew\u00f3dzkiej Biblioteki Publicznej im. H. \u0141opaci\u0144skiego, a program prowadzi\u0142a \u2013 kieruj\u0105ca Dzia\u0142em Informacji i Pro- mocji WBP \u2013 <strong>Ewa Hadrian<\/strong>.\u00a0Program\u00a0przygotowali\u00a0pracownicy WBP: <strong>Lidia G\u0142\u0119bicka<\/strong>,\u00a0\u00a0<strong>Ewa\u00a0 Hadrian<\/strong>,\u00a0 <strong>Marek\u00a0 Janik<\/strong>,\u00a0 <strong>Magdalena\u00a0 Morek<\/strong>,\u00a0 <strong>Dorota Mo\u015bcibrodzka<\/strong>,\u00a0<strong>Marek Semeniuk<\/strong>,\u00a0<strong>Joanna \u017belazowska<\/strong>; wsp\u00f3\u0142praca:\u00a0<strong>Mariusz Olejarczyk<\/strong>,\u00a0<strong>Micha\u0142 Stanek<\/strong>,\u00a0<strong>Jacek Wa\u0142dowski<\/strong>.<\/p>\n<p style=\"text-align: justify;\"><strong>W czasie 2 odcinka<\/strong>\u00a0 (emitowanego 8 lipca 2020) go\u015b\u0107mi \u201ePoranka u Hieronima\u201d byli: <strong>Agnieszka Jaworska<\/strong>, psycholog i psychoterapeuta, kt\u00f3ra odpowiada\u0142a na pytanie \u201ePo co komu psychologia\u201d, aktor teatralny i re\u017cyser <strong>Micha\u0142 Zgiet<\/strong>, kt\u00f3ry opowiada\u0142 o Teatrze Starszych Pa\u0144 i Pan\u00f3w, Ksi\u0119garnia \u201eU Hieronima\u201d przedstawi\u0142a jednego ze swoich autor\u00f3w \u2013 dr. <strong>Zbigniewa J\u00f3\u017awika<\/strong>, znakomitego przyrodnika i grafika, a Oddzia\u0142 dla Dzieci zaprosi\u0142 najm\u0142odszych na \u201ePrzystanek Zamo\u015b\u0107\u201d. Program przygotowali pracownicy WBP: <strong>Lidia G\u0142\u0119bicka<\/strong>,\u00a0<strong>Ewa Hadrian<\/strong>,\u00a0<strong>Marek Janik<\/strong>,\u00a0<strong>Magdalena Morek<\/strong>,\u00a0<strong>Dorota Mo\u015bcibrodzka<\/strong>,\u00a0<strong>Marek Semeniuk<\/strong>, \u00a0<strong>Katarzyna\u00a0 Wo\u0142oszyn<\/strong>,\u00a0 <strong>Joanna\u00a0 \u017belazowska<\/strong>;\u00a0 wsp\u00f3\u0142praca:\u00a0<strong>Mariusz\u00a0Olejarczyk<\/strong>,\u00a0<strong>Micha\u0142 Stanek<\/strong>,\u00a0<strong>Jacek Wa\u0142dowski<\/strong>.<\/p>\n<p style=\"text-align: justify;\"><strong>W czasie 3 odcinka<\/strong>\u00a0 (emitowanego 15 lipca 2020) go\u015b\u0107mi \u201ePoranka u Hieronima\u201d byli: dr<strong> Ilona Skibi\u0144ska-Fabrowska, <\/strong>dyrektor Oddzia\u0142u Okr\u0119gowego Narodowego Banku Polskiego\u00a0 i dr <strong>Marcin Gapski <\/strong>z Muzeum Lubelskiego<strong>, <\/strong>tematy tych rozm\u00f3w oscylowa\u0142y wok\u00f3\u0142 610. rocznicy bitwy grunwaldzkiej; w \u201ePanoramie agend Biblioteki\u201d <strong>Lidia G\u0142\u0119bicka<\/strong> i <strong>Bo\u017cena Lech-Jab\u0142o\u0144ska<\/strong> \u00a0zaprezentowa\u0142y Dzia\u0142 Bibliografii Lubelszczyzny i Wiedzy o Regionie, a <strong>Jaros\u0142aw Sawic <\/strong>przedstawi\u0142 kulisy konkursu na gad\u017cet promuj\u0105cy Lubelsk\u0105 Bibliotek\u0119 Wirtualn\u0105. Program przygotowali pracownicy WBP: <strong>Lidia G\u0142\u0119bicka<\/strong>,\u00a0<strong>Ewa Hadrian<\/strong>,\u00a0<strong>Marek Janik<\/strong>,\u00a0<strong> Bo\u017cena Lech-Jab\u0142o\u0144ska,\u00a0 Dorota Mo\u015bcibrodzka<\/strong>,\u00a0 <strong>Jaros\u0142aw\u00a0 Sawic,\u00a0 Marek\u00a0 Semeniuk<\/strong>, wsp\u00f3\u0142praca:\u00a0 <strong>Mariusz\u00a0Olejarczyk<\/strong>,\u00a0<strong>Micha\u0142 Stanek<\/strong>,\u00a0<strong>Jacek Wa\u0142dowski<\/strong>.<\/p>\n<p style=\"text-align: justify;\"><strong>W czasie 4 odcinka<\/strong>\u00a0(emitowanego 22 lipca 2020) go\u015b\u0107mi \u201ePoranka u Hieronima\u201d byli: <strong>Agnieszka Jaworska, <\/strong>psycholog i psychoterapeuta, kt\u00f3ra podpowiada\u0142a jak \u201eoswoi\u0107 zmiany\u201d i <strong>Agnieszka Dobrowolska<\/strong>, wokalistka i instrumentalistka, mi\u0142o\u015bniczka saksofonu; w \u201ePanoramie agend Biblioteki\u201d <strong>Micha\u0142 Stanek <\/strong>zaprezentowa\u0142 Bibliotek\u0119 Cyfrow\u0105 WBP, a <strong>Magdalena Morek i Joanna\u00a0 \u017belazowska <\/strong>z Oddzia\u0142u dla Dzieci zabra\u0142y najm\u0142odszych na wycieczk\u0119 do Wroc\u0142awia. Program przygotowali pracownicy WBP: <strong>Ewa Hadrian<\/strong>,\u00a0<strong>Marek Janik<\/strong>,\u00a0<strong>Magdalena Morek<\/strong>,<strong> Marek\u00a0 Semeniuk<\/strong>, <strong>Agnieszka Sitko<\/strong>, <strong>Micha\u0142 Stanek<\/strong>, <strong>Joanna \u017belazowska<\/strong>, wsp\u00f3\u0142praca:\u00a0 <strong>Mariusz\u00a0Olejarczyk<\/strong>,\u00a0 <strong>Marta Tomasik<\/strong>,\u00a0<strong>Jacek Wa\u0142dowski<\/strong>.<\/p>\n<p style=\"text-align: justify;\"><strong>W czasie 5 odcinka<\/strong>\u00a0(emitowanego 29 lipca 2020) w \u201ePoranku u Hieronima\u201d go\u015bci\u0142a <strong>Karolina Rozw\u00f3d<\/strong>, Dyrektor Teatru Starego w Lublinie, o swojej pasji \u2013 b\u0119bniarstwie \u2013 opowiedzia\u0142 <strong>Rafa\u0142 Majem<\/strong>, bibliotekarz WBP i muzyk, do zrzeszania si\u0119 w ramach <strong>Dyskusyjnych Klub\u00f3w Ksi\u0105\u017cki <\/strong><strong>zach\u0119ca\u0142a<\/strong> <strong>Joanna Chapska<\/strong>, wojew\u00f3dzki koordynator Dyskusyjnych Klub\u00f3w Ksi\u0105\u017cki, a najm\u0142odszych w podr\u00f3\u017c do Gda\u0144ska zaprosi\u0142y <strong>Magdalena Morek <\/strong>i<strong> Joanna \u017belazowska <\/strong>z Oddzia\u0142u dla Dzieci WBP. Rozmowy poprowadzi\u0142a <strong>Ewa Hadrian<\/strong> (kierownik Dzia\u0142u Informacji i Promocji), program przygotowali: <strong>Joanna Chapska<\/strong>, <strong>Ewa Hadrian<\/strong>,\u00a0<strong>Marek Janik<\/strong>,\u00a0<strong>Rafa\u0142 Maj<\/strong>, <strong>Magdalena Morek<\/strong>,<strong> Marek\u00a0 Semeniuk<\/strong>, <strong>Joanna \u017belazowska<\/strong>, wsp\u00f3\u0142praca:\u00a0 <strong>Mariusz\u00a0Olejarczyk<\/strong>,\u00a0<strong>Micha\u0142 Stanek<\/strong>,\u00a0<strong>Jacek Wa\u0142dowski<\/strong>.<\/p>\n<p style=\"text-align: justify;\"><strong>W czasie 6 odcinka<\/strong> (emitowanego 5 sierpnia 2020) w \u201ePoranku u Hieronima\u201d go\u015bci\u0142a <strong>Mag<\/strong><strong>dalena Kowalska-Cichy<\/strong> jako go\u015b\u0107 Ksi\u0119garni \u201eU Hieronima\u201d, <strong>Marzen\u0105 Targo\u0144sk\u0105<\/strong><strong> z Dzia\u0142u Instrukcyjno-Metodycznego WBP\u00a0 zaprasza\u0142a na rozstrzygni\u0119cie 26. edycji<\/strong><strong> Konkursu im. Anny Platto<\/strong><strong>, <\/strong><strong>Patrycja P\u0142o\u0144ska, bibliotekarz i <\/strong>zapalona r\u0119kodzielniczka, \u00a0zach\u0119ca\u0142a do uaktywniania naszych (nierzadko ukrytych lub zaniechanych) zdolno\u015bci manualnych, a w \u201ePanoramie agend Biblioteki\u201d wydawnictwa Biblioteki i konkurs Ksi\u0105\u017cka Roku zaprezentowa\u0142a <strong>Katarzyna Stanek<\/strong> z Dzia\u0142u Naukowo-Wydawniczego WBP. Rozmowy prowadzi\u0142y: <strong>Lidia G\u0142\u0119bicka<\/strong>, <strong>Ewa Hadrian<\/strong> i <strong>Katarzyna Wo\u0142oszyn<\/strong>. <strong>\u201ePoranek u Hieronima\u201d<\/strong> zrealizowali: <strong>Lidia G\u0142\u0119bicka, Ewa Hadrian, Marek Janik, Patrycja P\u0142o\u0144ska, Marek Semeniuk, Katarzyna Stanek i Katarzyna Wo\u0142oszyn, <\/strong>wsp\u00f3\u0142praca: <strong>Mariusz Olejarczyk.<\/strong><\/p>\n\n\n<p class=\"wp-block-paragraph\">Odcinki archiwalne s\u0105 dost\u0119pne na kanale YouTube Biblioteki<\/p>\n\n\n\n<figure class=\"wp-block-embed is-type-video is-provider-youtube wp-block-embed-youtube wp-embed-aspect-16-9 wp-has-aspect-ratio\"><div class=\"wp-block-embed__wrapper\">\n<iframe loading=\"lazy\" title=\"Poranek u Hieronima - odc. 7\" width=\"887\" height=\"499\" src=\"https:\/\/www.youtube.com\/embed\/FRP2JRuzt2g?feature=oembed\" frameborder=\"0\" allow=\"accelerometer; autoplay; clipboard-write; encrypted-media; gyroscope; picture-in-picture; web-share\" referrerpolicy=\"strict-origin-when-cross-origin\" allowfullscreen><\/iframe>\n<\/div><\/figure>\n\n\n\n<p class=\"has-text-align-center wp-block-paragraph\"><strong>Zapraszamy!<\/strong><\/p>\n\n\n\n<p class=\"has-text-align-right wp-block-paragraph\"><em>Dzia\u0142 Informacji i Promocji<\/em><\/p>\n","protected":false},"excerpt":{"rendered":"","protected":false},"author":18,"featured_media":25526,"comment_status":"closed","ping_status":"closed","sticky":false,"template":"","format":"standard","meta":{"_tec_requires_first_save":true,"_crdt_document":"","pgc_sgb_lightbox_settings":"","_EventAllDay":false,"_EventTimezone":"","_EventStartDate":"","_EventEndDate":"","_EventStartDateUTC":"","_EventEndDateUTC":"","_EventShowMap":false,"_EventShowMapLink":false,"_EventURL":"","_EventCost":"","_EventCostDescription":"","_EventCurrencySymbol":"","_EventCurrencyCode":"","_EventCurrencyPosition":"","_EventDateTimeSeparator":"","_EventTimeRangeSeparator":"","_EventOrganizerID":[],"_EventVenueID":[],"_OrganizerEmail":"","_OrganizerPhone":"","_OrganizerWebsite":"","_VenueAddress":"","_VenueCity":"","_VenueCountry":"","_VenueProvince":"","_VenueState":"","_VenueZip":"","_VenuePhone":"","_VenueURL":"","_VenueStateProvince":"","_VenueLat":"","_VenueLng":"","_VenueShowMap":false,"_VenueShowMapLink":false,"_tribe_blocks_recurrence_rules":"","_tribe_blocks_recurrence_description":"","_tribe_blocks_recurrence_exclusions":"","footnotes":""},"categories":[638,10],"tags":[],"class_list":["post-25741","post","type-post","status-publish","format-standard","has-post-thumbnail","hentry","category-poranek-u-hieronima","category-aktualnosci"],"publishpress_future_action":{"enabled":false,"date":"2026-05-04 18:15:49","action":"change-status","newStatus":"draft","terms":[],"taxonomy":"category","extraData":[]},"publishpress_future_workflow_manual_trigger":{"enabledWorkflows":[]},"_links":{"self":[{"href":"https:\/\/wbp.lublin.pl\/index.php\/wp-json\/wp\/v2\/posts\/25741","targetHints":{"allow":["GET"]}}],"collection":[{"href":"https:\/\/wbp.lublin.pl\/index.php\/wp-json\/wp\/v2\/posts"}],"about":[{"href":"https:\/\/wbp.lublin.pl\/index.php\/wp-json\/wp\/v2\/types\/post"}],"author":[{"embeddable":true,"href":"https:\/\/wbp.lublin.pl\/index.php\/wp-json\/wp\/v2\/users\/18"}],"replies":[{"embeddable":true,"href":"https:\/\/wbp.lublin.pl\/index.php\/wp-json\/wp\/v2\/comments?post=25741"}],"version-history":[{"count":8,"href":"https:\/\/wbp.lublin.pl\/index.php\/wp-json\/wp\/v2\/posts\/25741\/revisions"}],"predecessor-version":[{"id":79301,"href":"https:\/\/wbp.lublin.pl\/index.php\/wp-json\/wp\/v2\/posts\/25741\/revisions\/79301"}],"wp:featuredmedia":[{"embeddable":true,"href":"https:\/\/wbp.lublin.pl\/index.php\/wp-json\/wp\/v2\/media\/25526"}],"wp:attachment":[{"href":"https:\/\/wbp.lublin.pl\/index.php\/wp-json\/wp\/v2\/media?parent=25741"}],"wp:term":[{"taxonomy":"category","embeddable":true,"href":"https:\/\/wbp.lublin.pl\/index.php\/wp-json\/wp\/v2\/categories?post=25741"},{"taxonomy":"post_tag","embeddable":true,"href":"https:\/\/wbp.lublin.pl\/index.php\/wp-json\/wp\/v2\/tags?post=25741"}],"curies":[{"name":"wp","href":"https:\/\/api.w.org\/{rel}","templated":true}]}}