{"id":25807,"date":"2020-09-02T11:14:23","date_gmt":"2020-09-02T09:14:23","guid":{"rendered":"https:\/\/wbp.lublin.pl\/?p=25807"},"modified":"2020-09-30T12:39:28","modified_gmt":"2020-09-30T10:39:28","slug":"nabytki-do-ksiegozbioru-naukowego-lipiec-sierpien-2020","status":"publish","type":"post","link":"https:\/\/wbp.lublin.pl\/index.php\/2020\/09\/02\/nabytki-do-ksiegozbioru-naukowego-lipiec-sierpien-2020\/","title":{"rendered":"Nabytki do Ksi\u0119gozbioru Naukowego (lipiec-sierpie\u0144 2020)"},"content":{"rendered":"<p><!--more--><\/p>\n<ol>\n<li><strong>Bugno-Narecka D.<\/strong> (Neo)baroque ekphrasis in contemporary fiction, Lublin 2019<\/li>\n<li><strong>Chmielewski Z. <\/strong>Olimpijczyk\u00a0:\u00a0rotmistrz Henryk\u00a0Leliwa-Roycewicz 1898-1990, Warszawa 2019<\/li>\n<li><strong>Cymer A. <\/strong>Architektura w Polsce\u00a0:\u00a01945-1989, Warszawa 2019<\/li>\n<li><strong>Darowski \u0141. <\/strong>Modele odkrywania to\u017csamo\u015bci Jezusa\u00a0w J 1,19-2,11, Lublin 2019<\/li>\n<li><strong>Dopiera\u0142a K. <\/strong>Ksi\u0119ga papie\u017cy, Pozna\u0144 2019<\/li>\n<li><strong>Drabikowska K. <\/strong>Substance\u00a0and function of phonological primes in the government phonology tradition, Lublin 2019<\/li>\n<li><strong>Fiejdasz L. <\/strong>Sprawy kanonizacyjne za pontyfikatu\u00a0papie\u017ca Benedykta XVI : studium prawno-kanoniczne, Lublin 2019<\/li>\n<li><strong>Garbol T. <\/strong>Literatura a religia w stanie\u00a0podejrzenia, Lublin 2019<\/li>\n<li>Genera\u0142 Stefan Rowecki&#8221;Grot&#8221; tropiony dow\u00f3dca podziemnej armii, Em\u00f3w 2019<\/li>\n<li>Gleba \u017ar\u00f3d\u0142em \u017cycia: 30. Kongres Polskiego Towarzystwa Gleboznawczego, Lublin 2019<\/li>\n<li><strong>Grabo\u015b J. <\/strong>Lekcje rozr\u00f3\u017cniania, Lublin 2019<\/li>\n<li><strong>Izdebska M. <\/strong>Conceptual metaphors\u00a0related to &#8222;cooking techniques&#8221; in English : towards a frame-semantics approach, Lublin 2019<\/li>\n<li><strong>Kozak Z. <\/strong>Pu\u0142kownik Julian Sielewicz\u00a0(1892-1940), Pruszk\u00f3w 2019<\/li>\n<li><strong>Le Bon G. <\/strong>Psychologia t\u0142umu, K\u0119ty 2019<\/li>\n<li><strong>Merecki J. <\/strong>Osoba i dobro\u00a0: szkice o filozofii\u00a0i\u00a0teologii osoby K. Wojty\u0142y &#8211; Jana Paw\u0142a II, Lublin 2019<\/li>\n<li><strong>Posobiec J. <\/strong>Obrona narodowa\u00a0: obronno\u015b\u0107 a zarz\u0105dzanie kryzysowe, Kalisz 2019<\/li>\n<li><strong>Potocki J. <\/strong>Amerykanie w\u00a0Polsce\u00a0, Warszawa 2019<\/li>\n<li><strong>Rawecki M. <\/strong>Przestrze\u0144 naznaczona\u00a0: pi\u0119tno w uj\u0119ciu urbanistycznym, Gliwice 2019<\/li>\n<li><strong>Rosta\u0144ski K.M. <\/strong>Konotacje w architekturze. Cz. 1, O sztuce wi\u0105zania znacze\u0144 czerpanych z kultury, Gliwice 2019<\/li>\n<li><strong>Rusecki M. <\/strong>Metodologia teologii fundamentalnej, Lublin 2019<\/li>\n<li><strong>Sendyka R. <\/strong>R\u00f3\u017cnicowanie narodowego\u00a0&#8222;my&#8221; : kuratorskie marzenia, Krak\u00f3w 2019<\/li>\n<li><strong>Soba\u0144ski, P.<\/strong> Roszczenia Polski wobec RFN\u00a0w \u015bwietle doktryny niemieckiej, Pozna\u0144 2019<\/li>\n<li><strong>Sobolewski R. <\/strong>Obrazy uliczne Piotra Jargusza\u00a0: sztuka w przestrzeni spo\u0142ecznej, Krak\u00f3w 2019<\/li>\n<li><strong>Sta\u015bkiewicz W. <\/strong>Sto lat na Wiejskiej\u00a0: Biblioteka Sejmowa 1919-2019, Warszawa 2019<\/li>\n<li><strong>Strumi\u0142\u0142o A. <\/strong>Powidoki\u00a0:\u00a0wiersze i zapiski\u00a0z lat 1947-2019, Krak\u00f3w 2020<\/li>\n<li><strong>Szymanowicz K. <\/strong>Krzysztof Szymanowicz\u00a0: wybrane prace z lat 1990-2019, Lublin 2019<\/li>\n<li><strong>Szyma\u0144ska-Szw\u0105der M. <\/strong>Warszawa zapami\u0119tana\u00a0: w okupowanej stolicy, Warszawa 2019<\/li>\n<li><strong>Tkaczew W.<\/strong>rocznica napa\u015bci\u00a0na Polsk\u0119\u00a0dw\u00f3ch\u00a0agresor\u00f3w : ludob\u00f3jstwo Polak\u00f3w realizowane przez S\u0142u\u017cb\u0119 Bezpiecze\u0144stwa Organizacji Ukrai\u0144skich Nacjonalist\u00f3w w symbiozie z UPA, Wroc\u0142aw 2019<\/li>\n<li><strong>Waingertner P. <\/strong>Polska i Polacy w latach II wojny \u015bwiatowej\u00a0, Warszawa 2019<\/li>\n<li><strong>Wiszniowski J. <\/strong>Kszta\u0142towanie ulicy jako przestrzeni\u00a0publicznej, Wroc\u0142aw 2019<\/li>\n<\/ol>\n<p>&nbsp;<\/p>\n<p>&nbsp;<\/p>\n","protected":false},"excerpt":{"rendered":"","protected":false},"author":11,"featured_media":25808,"comment_status":"closed","ping_status":"closed","sticky":false,"template":"","format":"standard","meta":{"_tec_requires_first_save":true,"_crdt_document":"","pgc_sgb_lightbox_settings":"","_EventAllDay":false,"_EventTimezone":"","_EventStartDate":"","_EventEndDate":"","_EventStartDateUTC":"","_EventEndDateUTC":"","_EventShowMap":false,"_EventShowMapLink":false,"_EventURL":"","_EventCost":"","_EventCostDescription":"","_EventCurrencySymbol":"","_EventCurrencyCode":"","_EventCurrencyPosition":"","_EventDateTimeSeparator":"","_EventTimeRangeSeparator":"","_EventOrganizerID":[],"_EventVenueID":[],"_OrganizerEmail":"","_OrganizerPhone":"","_OrganizerWebsite":"","_VenueAddress":"","_VenueCity":"","_VenueCountry":"","_VenueProvince":"","_VenueState":"","_VenueZip":"","_VenuePhone":"","_VenueURL":"","_VenueStateProvince":"","_VenueLat":"","_VenueLng":"","_VenueShowMap":false,"_VenueShowMapLink":false,"_tribe_blocks_recurrence_rules":"","_tribe_blocks_recurrence_description":"","_tribe_blocks_recurrence_exclusions":"","footnotes":""},"categories":[509,57],"tags":[],"class_list":["post-25807","post","type-post","status-publish","format-standard","has-post-thumbnail","hentry","category-nowe-nabytki","category-nowe-nabytki-do-ksigozbioru-naukowego"],"publishpress_future_action":{"enabled":false,"date":"2026-05-06 11:58:59","action":"change-status","newStatus":"draft","terms":[],"taxonomy":"category","extraData":[]},"publishpress_future_workflow_manual_trigger":{"enabledWorkflows":[]},"_links":{"self":[{"href":"https:\/\/wbp.lublin.pl\/index.php\/wp-json\/wp\/v2\/posts\/25807","targetHints":{"allow":["GET"]}}],"collection":[{"href":"https:\/\/wbp.lublin.pl\/index.php\/wp-json\/wp\/v2\/posts"}],"about":[{"href":"https:\/\/wbp.lublin.pl\/index.php\/wp-json\/wp\/v2\/types\/post"}],"author":[{"embeddable":true,"href":"https:\/\/wbp.lublin.pl\/index.php\/wp-json\/wp\/v2\/users\/11"}],"replies":[{"embeddable":true,"href":"https:\/\/wbp.lublin.pl\/index.php\/wp-json\/wp\/v2\/comments?post=25807"}],"version-history":[{"count":1,"href":"https:\/\/wbp.lublin.pl\/index.php\/wp-json\/wp\/v2\/posts\/25807\/revisions"}],"predecessor-version":[{"id":25809,"href":"https:\/\/wbp.lublin.pl\/index.php\/wp-json\/wp\/v2\/posts\/25807\/revisions\/25809"}],"wp:featuredmedia":[{"embeddable":true,"href":"https:\/\/wbp.lublin.pl\/index.php\/wp-json\/wp\/v2\/media\/25808"}],"wp:attachment":[{"href":"https:\/\/wbp.lublin.pl\/index.php\/wp-json\/wp\/v2\/media?parent=25807"}],"wp:term":[{"taxonomy":"category","embeddable":true,"href":"https:\/\/wbp.lublin.pl\/index.php\/wp-json\/wp\/v2\/categories?post=25807"},{"taxonomy":"post_tag","embeddable":true,"href":"https:\/\/wbp.lublin.pl\/index.php\/wp-json\/wp\/v2\/tags?post=25807"}],"curies":[{"name":"wp","href":"https:\/\/api.w.org\/{rel}","templated":true}]}}