{"id":260,"date":"2009-08-31T00:00:00","date_gmt":"2009-08-30T22:00:00","guid":{"rendered":"https:\/\/wbp.lublin.pl8\/index.php\/2009\/08\/31\/nabytki-w-okresie-lipiec-sierpien-2009\/"},"modified":"2018-10-31T11:47:57","modified_gmt":"2018-10-31T10:47:57","slug":"nabytki-w-okresie-lipiec-sierpien-2009","status":"publish","type":"post","link":"https:\/\/wbp.lublin.pl\/index.php\/2009\/08\/31\/nabytki-w-okresie-lipiec-sierpien-2009\/","title":{"rendered":"Nabytki w okresie: lipiec-sierpie\u0144 2009"},"content":{"rendered":"<p><!--more--><\/p>\n<p style=\"text-align: center;\">\u00a0(wyb\u00f3r)<\/p>\n<ol style=\"margin-top: 0cm; margin-bottom: 0cm;\" start=\"1\" type=\"1\">\n<li style=\"text-align: justify; line-height: 150%;\"><i>Aparat represji wobec ksi\u0119dza Jerzego Popie\u0142uszki 1982-1984. T.1.<\/i> Warszawa, 2009<\/li>\n<li style=\"text-align: justify; line-height: 150%;\"><b> Balthus<\/b>, <i>Korespondencja mi\u0142osna z Antoinette de Watteville : 1928-1937<\/i>. Warszawa, 2008<\/li>\n<li style=\"text-align: justify; line-height: 150%;\"><b>Bia\u0142a A<\/b>., <i>Literatura i malarstwo : korespondencja sztuk<\/i>. Warszawa; Bielsko Bia\u0142a, 2009<\/li>\n<li style=\"text-align: justify; line-height: 150%;\"><b> Binia\u015b-Szkopek M.,<\/b> <i>Boles\u0142aw IV K\u0119dzierzawy \u2013 ksi\u0105\u017c\u0119 Mazowsza i princeps.<\/i> Pozna\u0144, 2009<\/li>\n<li style=\"text-align: justify; line-height: 150%;\"><b> Bobkowski A.,<\/b> <i>Punkt r\u00f3wnowagi<\/i>. Krak\u00f3w, 2008<\/li>\n<li style=\"text-align: justify; line-height: 150%;\"><b> Bornschein J.,<\/b> <i>Gestapo \u2013 M\u00fcller : technokrata terroru<\/i>. Warszawa, 2009<\/li>\n<li style=\"text-align: justify; line-height: 150%;\"><b> Cieniak E.,<\/b> <i>Tu by\u0142o kino : album o ko\u0144cu \u015bwiata ma\u0142ych kin.<\/i> Warszawa, 2008<\/li>\n<li style=\"text-align: justify; line-height: 150%;\"><b>Dayan D.,<\/b> <i>Wydarzenia medialne : historia transmitowana na \u017cywo<\/i>. Warszawa, 2008<\/li>\n<li style=\"text-align: justify; line-height: 150%;\"><b> Edelman M.,<\/b> <i>I by\u0142a mi\u0142o\u015b\u0107 w getcie<\/i>, Warszawa, 2009<\/li>\n<li style=\"text-align: justify; line-height: 150%;\"><i>Film i historia : antologia<\/i>. Warszawa, 2008<\/li>\n<li style=\"text-align: justify; line-height: 150%;\"><b> Goddard H.,<\/b> <i>Historia stosunk\u00f3w chrze\u015bcija\u0144sko-muzu\u0142ma\u0144skich<\/i>. Warszawa, 2009<\/li>\n<li style=\"text-align: justify; line-height: 150%;\"><b> Grabowska B<\/b>., <i>Kryszna. Z dziej\u00f3w literatury indyjskiej<\/i>. Warszawa, 2008<\/li>\n<li style=\"text-align: justify; line-height: 150%;\"><b> Gruszecki L.,<\/b> <i>Zarys dziej\u00f3w matematyki : logika, teoria mnogo\u015bci, liczby i numeracja, algebra, geometria, rachunek r\u00f3\u017cniczkowy i ca\u0142kowy funkcji jednej zmiennej.<\/i> Lublin, 2009<\/li>\n<li style=\"text-align: justify; line-height: 150%;\"><b> Impelluso L<\/b>., <i>Ogrody i labirynty<\/i>. Warszawa, 2009<\/li>\n<li style=\"text-align: justify; line-height: 150%;\"><b>Jagoda J.,<\/b> <i>Afganistan : relacja BOR-owika.<\/i> Bydgoszcz, 2009<\/li>\n<li style=\"text-align: justify; line-height: 150%;\"><i> Kara-Batyr i B\u0142\u0119kitny Ko\u0144 : nogajskie bajki ludowe<\/i>. Wroc\u0142aw, 2009<\/li>\n<li style=\"text-align: justify; line-height: 150%;\"><i> Katalog monet polskich i z Polsk\u0105 zwi\u0105zanych : monety koronne Stanis\u0142awa Augusta Poniatowskiego<\/i>. Bytom, 2009<\/li>\n<li style=\"text-align: justify; line-height: 150%;\"><i> Katalog polskich znak\u00f3w pocztowych 2009. T.1, (Znaczki op\u0142aty, urz\u0119dowe i dop\u0142aty).<\/i> Bytom, 2009<\/li>\n<li style=\"text-align: justify; line-height: 150%;\"><b> Kotarba R.,<\/b> <i>Niemiecki ob\u00f3z w P\u0142aszowie 1942-1945<\/i>. Warszawa; Krak\u00f3w, 2009<\/li>\n<li style=\"text-align: justify; line-height: 150%;\"><b> Kowalczyk S.,<\/b> <i>Cia\u0142o cz\u0142owieka w refleksji filozoficznej<\/i>. Lublin, 2009<\/li>\n<li style=\"text-align: justify; line-height: 150%;\"><b> Lessing D.M<\/b>., <i>Zn\u00f3w ta mi\u0142o\u015b\u0107<\/i>. Warszawa, 2009<\/li>\n<li style=\"text-align: justify; line-height: 150%;\"><b> \u0141opalewski T.,<\/b> <i>Mi\u0119dzy Niemnem a D\u017awin\u0105 : ziemia wile\u0144ska i nowogrodzka (reprint)<\/i>. \u0141omianki, 2009<\/li>\n<li style=\"text-align: justify; line-height: 150%;\"><b> Matuszak T.,<\/b> <i>Archiwum Pa\u0144stwowe w Piotrkowie Trybunalskim : 1919-1951.<\/i> Piotrk\u00f3w Trybunalski; Radzy\u0144 Podlaski, 2009<\/li>\n<li style=\"text-align: justify; line-height: 150%;\"><b> Mazurkiewicz-Brzozowska M.,<\/b> <i>Etymologia a konotacja s\u0142owa : studia semantyczne<\/i>. Lublin, 2009<\/li>\n<li style=\"text-align: justify; line-height: 150%;\"><b>Mro\u017cek S.,<\/b><i> Tango z samym sob\u0105 : utwory dobrane. <\/i>Warszawa, 2009<\/li>\n<li style=\"text-align: justify; line-height: 150%;\"><b> Noszczak B.,<\/b> <i>Polityka pa\u0144stwa wobec Ko\u015bcio\u0142a rzymskokatolickiego w Polsce w okresie internowania prymasa Stefana Wyszy\u0144skiego 1953-1956<\/i>. Warszawa, 2009<\/li>\n<li style=\"text-align: justify; line-height: 150%;\"><i> O\u015bwiata w Kurowie Lubelskim<\/i>. Lublin, Kur\u00f3w, 2009<\/li>\n<li style=\"text-align: justify; line-height: 150%;\"><b> Pechman A<\/b>., <i>Biblioteka utraconych ksi\u0105\u017cek<\/i>. Warszawa, 2009<\/li>\n<li style=\"text-align: justify; line-height: 150%;\"><b> Pokruszy\u0144ski W<\/b>., <i>Wsp\u00f3\u0142czesne bezpiecze\u0144stwo narodowe<\/i>. J\u00f3zef\u00f3w, 2009<\/li>\n<li style=\"text-align: justify; line-height: 150%;\"><b> P\u00f3ltawska W.,<\/b><i> Beskidzkie rekolekcje : dzieje przyja\u017ani ksi\u0119dza Karola Wojty\u0142y z rodzin\u0105 P\u00f3\u0142tawskich, <\/i>Cz\u0119stochowa, 2009<\/li>\n<li style=\"text-align: justify; line-height: 150%;\"><i>PRL w politycznych strukturach Uk\u0142adu Warszawskiego w latach 1955-1980.<\/i> Warszawa, 2008<\/li>\n<li style=\"text-align: justify; line-height: 150%;\"><b> Przedpe\u0142ska-Bieniek M.,<\/b> <i>D\u017awi\u0119k w filmie<\/i>. Warszawa, 2009<\/li>\n<li style=\"text-align: justify; line-height: 150%;\"><b> Przegali\u0144ski A<i>.,<\/i><\/b><i> Spo\u0142eczna dzia\u0142alno\u015b\u0107 ziemia\u0144stwa lubelskiego w latach 1864-1914.<\/i> Lublin, 2009<\/li>\n<li style=\"text-align: justify; line-height: 150%;\"><b>Pylak B<\/b>., <i>Modlitwa Pa\u0144ska \u201eOjcze nasz\u201d jako synteza chrze\u015bcija\u0144skiej duchowo\u015bci.<\/i> Lublin, 2009<\/li>\n<li style=\"text-align: justify; line-height: 150%;\"><b> Robertson D<\/b>., <i>S\u0142ownik polityki<\/i>. Warszawa, 2009<\/li>\n<li style=\"text-align: justify; line-height: 150%;\"><b> Siemaszko Z.S.,<\/b> <i>J\u00f3zef Mackiewicz : listy, opracowania, wspomnienia<\/i>. Lublin, 2009<\/li>\n<li style=\"text-align: justify; line-height: 150%;\"><b> Skrzypek A.,<\/b> <i>Historia spo\u0142eczna Europy XIX i XX wieku<\/i>. Pozna\u0144, 2009<\/li>\n<li style=\"text-align: justify; line-height: 150%;\"><i>Stefan Korbo\u0144ski 1901-1989<\/i>. Warszawa, 2009<\/li>\n<li style=\"text-align: justify; line-height: 150%;\"><i> Tadeusz Kantor nad morzem<\/i>. Gdynia, 2009<\/li>\n<li style=\"text-align: justify; line-height: 150%;\"><b> Tatarkiewicz A.,<\/b> <i>\u017bycie religijne Ostii antycznej<\/i>. Pozna\u0144, 2009<\/li>\n<li style=\"text-align: justify; line-height: 150%;\"><i>Teatry Andrzeja Bursy<\/i>. Krak\u00f3w, 2009<\/li>\n<li style=\"text-align: justify; line-height: 150%;\"><i> Traktat z Lizbony : g\u0142\u00f3wne reformy ustrojowe Unii Europejskiej<\/i>. Warszawa, 2008<\/li>\n<li style=\"text-align: justify; line-height: 150%;\"><b>Turek J<\/b>., <i>Filozoficzne interpretacje fakt\u00f3w naukowych<\/i>. Lublin, 2009<\/li>\n<li style=\"text-align: justify; line-height: 150%;\"><b> Wandycz P.S.,<\/b> <i>O czasach dawniejszych i bli\u017cszych : studia z dziej\u00f3w Polski i Europy \u015arodkowo-Wschodniej<\/i>. Pozna\u0144, 2009<\/li>\n<li style=\"text-align: justify; line-height: 150%;\"><i> Wincentego Pola bieszczadzkie \u015bcie\u017cki<\/i>. Ustrzyki Dolne, 2009<\/li>\n<li style=\"text-align: justify; line-height: 150%;\"><b> Wirgowska K.,<\/b> <i>Ojczyzno moja, gdzie jeste\u015b? : wspomnienia z \u0141ucka 1939-1945<\/i>. Lublin, 2009<\/li>\n<li style=\"text-align: justify; line-height: 150%;\"><b> Wi\u015bniewski G<\/b>., <i>Kontakty kulturalne Polski z krajami Wsp\u00f3lnoty Niepodleg\u0142ych Pa\u0144stw w zaraniu XXI wieku : Rosja, Bia\u0142oru\u015b, Ukraina, Mo\u0142dawia, Armenia, Azerbejd\u017can, Gruzja, Kazachstan, Kirgistan<\/i>. Warszawa, 2009<\/li>\n<li style=\"text-align: justify; line-height: 150%;\"><i>Wybory \u201989 w Polsce po\u0142udniowo-wschodniej w dokumentach SB<\/i>. Warszawa, 2009<\/li>\n<li style=\"text-align: justify; line-height: 150%;\"><b>Zajdel J<\/b>., <i>Prawo medyczne dla kardiolog\u00f3w<\/i>. \u0141\u00f3d\u017a, 2009<\/li>\n<li style=\"text-align: justify; line-height: 150%;\"><b> Zbiciak J.<\/b>, <i>Dzieje Nowodworu<\/i>. Lubart\u00f3w, 2009<\/li>\n<\/ol>\n","protected":false},"excerpt":{"rendered":"","protected":false},"author":18,"featured_media":0,"comment_status":"closed","ping_status":"open","sticky":false,"template":"","format":"standard","meta":{"_tec_requires_first_save":true,"_crdt_document":"","pgc_sgb_lightbox_settings":"","_EventAllDay":false,"_EventTimezone":"","_EventStartDate":"","_EventEndDate":"","_EventStartDateUTC":"","_EventEndDateUTC":"","_EventShowMap":false,"_EventShowMapLink":false,"_EventURL":"","_EventCost":"","_EventCostDescription":"","_EventCurrencySymbol":"","_EventCurrencyCode":"","_EventCurrencyPosition":"","_EventDateTimeSeparator":"","_EventTimeRangeSeparator":"","_EventOrganizerID":[],"_EventVenueID":[],"_OrganizerEmail":"","_OrganizerPhone":"","_OrganizerWebsite":"","_VenueAddress":"","_VenueCity":"","_VenueCountry":"","_VenueProvince":"","_VenueState":"","_VenueZip":"","_VenuePhone":"","_VenueURL":"","_VenueStateProvince":"","_VenueLat":"","_VenueLng":"","_VenueShowMap":false,"_VenueShowMapLink":false,"_tribe_blocks_recurrence_rules":"","_tribe_blocks_recurrence_description":"","_tribe_blocks_recurrence_exclusions":"","footnotes":""},"categories":[509,57],"tags":[],"class_list":["post-260","post","type-post","status-publish","format-standard","hentry","category-nowe-nabytki","category-nowe-nabytki-do-ksigozbioru-naukowego"],"publishpress_future_action":{"enabled":false,"date":"2026-05-06 16:44:58","action":"change-status","newStatus":"draft","terms":[],"taxonomy":"category","extraData":[]},"publishpress_future_workflow_manual_trigger":{"enabledWorkflows":[]},"_links":{"self":[{"href":"https:\/\/wbp.lublin.pl\/index.php\/wp-json\/wp\/v2\/posts\/260","targetHints":{"allow":["GET"]}}],"collection":[{"href":"https:\/\/wbp.lublin.pl\/index.php\/wp-json\/wp\/v2\/posts"}],"about":[{"href":"https:\/\/wbp.lublin.pl\/index.php\/wp-json\/wp\/v2\/types\/post"}],"author":[{"embeddable":true,"href":"https:\/\/wbp.lublin.pl\/index.php\/wp-json\/wp\/v2\/users\/18"}],"replies":[{"embeddable":true,"href":"https:\/\/wbp.lublin.pl\/index.php\/wp-json\/wp\/v2\/comments?post=260"}],"version-history":[{"count":3,"href":"https:\/\/wbp.lublin.pl\/index.php\/wp-json\/wp\/v2\/posts\/260\/revisions"}],"predecessor-version":[{"id":13674,"href":"https:\/\/wbp.lublin.pl\/index.php\/wp-json\/wp\/v2\/posts\/260\/revisions\/13674"}],"wp:attachment":[{"href":"https:\/\/wbp.lublin.pl\/index.php\/wp-json\/wp\/v2\/media?parent=260"}],"wp:term":[{"taxonomy":"category","embeddable":true,"href":"https:\/\/wbp.lublin.pl\/index.php\/wp-json\/wp\/v2\/categories?post=260"},{"taxonomy":"post_tag","embeddable":true,"href":"https:\/\/wbp.lublin.pl\/index.php\/wp-json\/wp\/v2\/tags?post=260"}],"curies":[{"name":"wp","href":"https:\/\/api.w.org\/{rel}","templated":true}]}}