{"id":262,"date":"2009-05-29T00:00:00","date_gmt":"2009-05-28T22:00:00","guid":{"rendered":"https:\/\/wbp.lublin.pl8\/index.php\/2009\/05\/29\/nabytki-w-maju-2009\/"},"modified":"2018-10-31T11:48:09","modified_gmt":"2018-10-31T10:48:09","slug":"nabytki-w-maju-2009","status":"publish","type":"post","link":"https:\/\/wbp.lublin.pl\/index.php\/2009\/05\/29\/nabytki-w-maju-2009\/","title":{"rendered":"Nabytki w maju 2009"},"content":{"rendered":"<div><\/div>\n<p><!--more--><\/p>\n<div style=\"text-align: center; line-height: 150%;\">(wyb\u00f3r)<\/div>\n<div style=\"text-align: justify; line-height: 150%;\"><\/div>\n<div style=\"text-align: justify; line-height: 150%;\"><b>NOWO\u015aCI:<\/b><\/div>\n<ol style=\"margin-top: 0cm; margin-bottom: 0cm;\" start=\"1\" type=\"1\">\n<li style=\"text-align: justify; line-height: 150%;\"><b> Ajdacki P<\/b>., <i>Miejsca pami\u0119ci narodowej Otwocka, Mazowieckiego Parku Krajobrazowego i okolic<\/i>. Otwock, 2008.<\/li>\n<li style=\"text-align: justify; line-height: 150%;\"><b> Bednarski A<\/b>., <i>Wywieranie wp\u0142ywu na siebie : jak by\u0107 tym, kim si\u0119 chce i mie\u0107 to, czego si\u0119 pragnie<\/i>. \u0141\u00f3d\u017a, 2008.<\/li>\n<li style=\"text-align: justify; line-height: 150%;\"><b> Bia\u0142kiewicz Z.J<\/b>., <i>Feliks Ksi\u0119\u017carski (1820-1884) : krakowski architekt epoki historyzmu<\/i>. Krak\u00f3w, 2008.<\/li>\n<li style=\"text-align: justify; line-height: 150%;\"><b> Brzezi\u0144ski Z., Scowcroft B.,<\/b> <i>Ameryka i \u015bwiat : rozmowy o globalnym przebudzeniu politycznym<\/i>. \u0141\u00f3d\u017a, 2009.<\/li>\n<li style=\"text-align: justify; line-height: 150%;\"><i>Co dalej, literaturo? : jak zmienia si\u0119 wsp\u00f3\u0142cze\u015bnie poj\u0119cie i sytuacja literatury.<\/i> Warszawa, 2008.<\/li>\n<li style=\"text-align: justify; line-height: 150%;\"><i> Cz\u0142owiek w procesie wychowania : wsp\u00f3\u0142czesne dylematy pedagogiki<\/i>. Lublin, 2008.<\/li>\n<li style=\"text-align: justify; line-height: 150%;\"><b> Domalewska B<\/b>., <i>Potrydencka demonologia Stanis\u0142awa Hozjusza i Piotra Skargi<\/i>. Olsztyn, 2009.<\/li>\n<li style=\"text-align: justify; line-height: 150%;\"><i> Dzia\u0142aczki spo\u0142eczne, feministki, obywatelki\u2026 : samoorganizowanie si\u0119 kobiet na ziemiach polskich do 1918 roku (na tle por\u00f3wnawczym).<\/i> Warszawa, 2008.<\/li>\n<li style=\"text-align: justify; line-height: 150%;\"><i> Dziedzictwo przemys\u0142owe Mazowsza i jego rola w turystyce.<\/i> Warszawa, 2008.<\/li>\n<li style=\"text-align: justify; line-height: 150%;\"><b>Gaj J<\/b>., <i>Dzieje turystyki w Polsce.<\/i> Wyd 2 rozsz. Warszawa, 2008.<\/li>\n<li style=\"text-align: justify; line-height: 150%;\"><b>Gajek E.,<\/b> <i>Edukacja j\u0119zykowa w spo\u0142ecze\u0144stwie informacyjnym<\/i>. Warszawa, 2008.<\/li>\n<li style=\"text-align: justify; line-height: 150%;\"><b> Graczkowski A<\/b>., <i>Armia rzymska w okresie schy\u0142ku republiki : organizacja, uzbrojenie taktyka. <\/i>Toru\u0144, 2009.<\/li>\n<li style=\"text-align: justify; line-height: 150%;\"><b>Kaczor T., Socha R<\/b>., <i>Badanie wp\u0142ywu Narodowego Planu Rozwoju 2004-2006 oraz Narodowych Strategicznych Ram Odniesienia 2007-2013 na wybrane wska\u017aniki dokument\u00f3w strategicznych<\/i>. Warszawa, 2008.<\/li>\n<li style=\"text-align: justify; line-height: 150%;\"><b> Kaczorowska S<\/b>., <i>Prawne aspekty ochrony konsumenta w Polsce i w Unii Europejskiej<\/i>. Legnica, 2009.<\/li>\n<li style=\"text-align: justify; line-height: 150%;\"><i>Kara w nauce i kulturze<\/i>. Warszawa, 2009.<\/li>\n<li style=\"text-align: justify; line-height: 150%;\"><b> Klaczko J<\/b>., <i>Dwaj kanclerze i inne studia dyplomatyczne<\/i>. Krak\u00f3w, 2009.<\/li>\n<li style=\"text-align: justify; line-height: 150%;\"><b>Kuntz H.,<\/b> <i>Narkotyki i uzale\u017cnienia : wszystko, o czym nale\u017cy wiedzie\u0107<\/i>. Warszawa, 2009.<\/li>\n<li style=\"text-align: justify; line-height: 150%;\"><b> Lubaszewski Z<\/b>., <i>W cieniu Trzech D\u0119b\u00f3w : opowie\u015bci o przesz\u0142o\u015bci<\/i>. Che\u0142m, 2009.<\/li>\n<li style=\"text-align: justify; line-height: 150%;\"><i>Miasta polskie w \u015bredniowieczu i czasach nowo\u017cytnych<\/i>. Krak\u00f3w, 2008.<\/li>\n<li style=\"text-align: justify; line-height: 150%;\"><i> Osobowe \u017ar\u00f3d\u0142a informacji : zagadnienia metodologiczno-\u017ar\u00f3d\u0142oznawcze<\/i>. Krak\u00f3w, 2008.<\/li>\n<li style=\"text-align: justify; line-height: 150%;\"><b> Pasieczny J.,<\/b> <i>Profile gmin w Polsce : zarz\u0105dzanie rozwojem i zmianami<\/i>. Warszawa, 2008.<\/li>\n<li style=\"text-align: justify; line-height: 150%;\"><i> Pieni\u0105dz, kapita\u0142, praca, wsp\u00f3lne dziedzictwo Europy, Bia\u0142oru\u015b, Litwa \u0141otwa, Polska, Rosja, S\u0142owacja, Ukraina : Bia\u0142ystok-August\u00f3w 18-21 wrze\u015bnia 2008, materia\u0142y z VIII Mi\u0119dzynarodowej Konferencji Numizmatycznej<\/i>. Warszawa, 2008.<\/li>\n<li style=\"text-align: justify; line-height: 150%;\"><b> Strzelecka M.,<\/b> <i>Trudne kompromisy : \u015brodowisko \u201eTygodnika Powszechnego\u201d\u00a0 wobec reform systemu o\u015bwiaty i wychowania w latach 1945-1989<\/i>. Toru\u0144, 2009.<\/li>\n<li style=\"text-align: justify; line-height: 150%;\"><b>Tabor D<\/b>., <i>Malarstwo ksi\u0105\u017ckowe na \u015al\u0105sku w XIV wieku<\/i>. Krak\u00f3w, 2008.<\/li>\n<li style=\"text-align: justify; line-height: 150%;\"><b> Vandendorpe Ch<\/b>., <i>Od papirusu do hipertekstu : esej o przemianach tekstu i lektury.<\/i> Warszawa, 2008.<\/li>\n<li style=\"text-align: justify; line-height: 150%;\"><b>Waines A<\/b>., <i>Dziennik poczucia w\u0142asnej warto\u015bci<\/i>. \u0141\u00f3d\u017a, 2008.<\/li>\n<li style=\"text-align: justify; line-height: 150%;\"><b> Wierzbicka A<\/b>., <i>We Francji i w Polsce 1900-1939 : sztuka, jej historyczne uwarunkowania i odbi\u00f3r w \u015bwietle krytyk\u00f3w polsko-francuskich<\/i>. Warszawa, 2009.<\/li>\n<li style=\"text-align: justify; line-height: 150%;\"><i> Wychowanie do warto\u015bci w nauczaniu Jana Paw\u0142a II : w 30. rocznic\u0119 wyboru Karola Wojty\u0142y na papie\u017ca : [Mi\u0119dzynarodowa Konferencja Naukowa, Wy\u017csza Szko\u0142a Ekonomii i Innowacji w Lublinie, 12 listopada 2008].<\/i> Lublin, 2009.<\/li>\n<li style=\"text-align: justify; line-height: 150%;\"><b>Zych A.A<\/b>., <i>Przekraczaj\u0105c smug\u0119 cienia : szkice z gerontologii i tanatologii<\/i>. Katowice, 2009.<\/li>\n<\/ol>\n","protected":false},"excerpt":{"rendered":"","protected":false},"author":18,"featured_media":0,"comment_status":"closed","ping_status":"open","sticky":false,"template":"","format":"standard","meta":{"_tec_requires_first_save":true,"_crdt_document":"","pgc_sgb_lightbox_settings":"","_EventAllDay":false,"_EventTimezone":"","_EventStartDate":"","_EventEndDate":"","_EventStartDateUTC":"","_EventEndDateUTC":"","_EventShowMap":false,"_EventShowMapLink":false,"_EventURL":"","_EventCost":"","_EventCostDescription":"","_EventCurrencySymbol":"","_EventCurrencyCode":"","_EventCurrencyPosition":"","_EventDateTimeSeparator":"","_EventTimeRangeSeparator":"","_EventOrganizerID":[],"_EventVenueID":[],"_OrganizerEmail":"","_OrganizerPhone":"","_OrganizerWebsite":"","_VenueAddress":"","_VenueCity":"","_VenueCountry":"","_VenueProvince":"","_VenueState":"","_VenueZip":"","_VenuePhone":"","_VenueURL":"","_VenueStateProvince":"","_VenueLat":"","_VenueLng":"","_VenueShowMap":false,"_VenueShowMapLink":false,"_tribe_blocks_recurrence_rules":"","_tribe_blocks_recurrence_description":"","_tribe_blocks_recurrence_exclusions":"","footnotes":""},"categories":[509,57],"tags":[],"class_list":["post-262","post","type-post","status-publish","format-standard","hentry","category-nowe-nabytki","category-nowe-nabytki-do-ksigozbioru-naukowego"],"publishpress_future_action":{"enabled":false,"date":"2026-05-06 15:53:18","action":"change-status","newStatus":"draft","terms":[],"taxonomy":"category","extraData":[]},"publishpress_future_workflow_manual_trigger":{"enabledWorkflows":[]},"_links":{"self":[{"href":"https:\/\/wbp.lublin.pl\/index.php\/wp-json\/wp\/v2\/posts\/262","targetHints":{"allow":["GET"]}}],"collection":[{"href":"https:\/\/wbp.lublin.pl\/index.php\/wp-json\/wp\/v2\/posts"}],"about":[{"href":"https:\/\/wbp.lublin.pl\/index.php\/wp-json\/wp\/v2\/types\/post"}],"author":[{"embeddable":true,"href":"https:\/\/wbp.lublin.pl\/index.php\/wp-json\/wp\/v2\/users\/18"}],"replies":[{"embeddable":true,"href":"https:\/\/wbp.lublin.pl\/index.php\/wp-json\/wp\/v2\/comments?post=262"}],"version-history":[{"count":3,"href":"https:\/\/wbp.lublin.pl\/index.php\/wp-json\/wp\/v2\/posts\/262\/revisions"}],"predecessor-version":[{"id":13678,"href":"https:\/\/wbp.lublin.pl\/index.php\/wp-json\/wp\/v2\/posts\/262\/revisions\/13678"}],"wp:attachment":[{"href":"https:\/\/wbp.lublin.pl\/index.php\/wp-json\/wp\/v2\/media?parent=262"}],"wp:term":[{"taxonomy":"category","embeddable":true,"href":"https:\/\/wbp.lublin.pl\/index.php\/wp-json\/wp\/v2\/categories?post=262"},{"taxonomy":"post_tag","embeddable":true,"href":"https:\/\/wbp.lublin.pl\/index.php\/wp-json\/wp\/v2\/tags?post=262"}],"curies":[{"name":"wp","href":"https:\/\/api.w.org\/{rel}","templated":true}]}}