{"id":264,"date":"2009-03-31T00:00:00","date_gmt":"2009-03-30T22:00:00","guid":{"rendered":"https:\/\/wbp.lublin.pl8\/index.php\/2009\/03\/31\/nabytki-w-marcu-2009\/"},"modified":"2018-10-31T11:48:14","modified_gmt":"2018-10-31T10:48:14","slug":"nabytki-w-marcu-2009","status":"publish","type":"post","link":"https:\/\/wbp.lublin.pl\/index.php\/2009\/03\/31\/nabytki-w-marcu-2009\/","title":{"rendered":"Nabytki w marcu 2009"},"content":{"rendered":"<div><\/div>\n<p><!--more--><\/p>\n<div style=\"text-align: center; line-height: 150%;\">(wyb\u00f3r)<\/div>\n<div style=\"text-align: justify; line-height: 150%;\"><\/div>\n<div style=\"text-align: justify; line-height: 150%;\"><b>NOWO\u015aCI:<\/b><\/div>\n<ol style=\"margin-top: 0cm; margin-bottom: 0cm;\" start=\"1\" type=\"1\">\n<li style=\"text-align: justify; line-height: 150%;\"><i> 350-lecie Unii Hadziackiej, 1658-2008<\/i>. Warszawa, 2008.<\/li>\n<li style=\"text-align: justify; line-height: 150%;\"><i> Badania wschodnie : polityka wewn\u0119trzna i mi\u0119dzynarodowa<\/i>. Wroc\u0142aw, 2008.<\/li>\n<li style=\"text-align: justify; line-height: 150%;\"><b> Battenberg F<\/b>., <i>\u017bydzi w Europie : proces rozwoju mniejszo\u015bci \u017cydowskiej w nie\u017cydowskim \u015brodowisku Europy 1650-1933<\/i>. Wroc\u0142aw, 2008.<\/li>\n<li style=\"text-align: justify; line-height: 150%;\"><i> Bierno\u015b\u0107 spo\u0142eczna : studia interdyscyplinarne<\/i>. Warszawa, 2008.<\/li>\n<li style=\"text-align: justify; line-height: 150%;\"><b> Deszczy\u0144ski P<\/b>., <i>Europejskie systemy polityczne.<\/i> Pozna\u0144, 2008.<\/li>\n<li style=\"text-align: justify; line-height: 150%;\"><i> Dubiecko \u2013 dzieje najdawniejsze, dawne i wsp\u00f3\u0142czesne : materia\u0142y z konferencji historycznej odbytej w dniach 24-25 wrze\u015bnia 2008 roku w Dubiecku<\/i>. Dubiecko, 2008.<\/li>\n<li style=\"text-align: justify; line-height: 150%;\"><b> Gadamer H.-G.,<\/b> <i>Teoria, etyka, edukacja : eseje wybrane<\/i>. Warszawa, 2008.<\/li>\n<li style=\"text-align: justify; line-height: 150%;\"><b>Gernet J<\/b>., <i>Inteligencja Chin : spo\u0142ecze\u0144stwo i mentalno\u015b\u0107.<\/i> Warszawa, 2008.<\/li>\n<li style=\"text-align: justify; line-height: 150%;\"><i>Grupa Krakowska : dokumenty i materia\u0142y z lat 1932-2008<\/i>. Krak\u00f3w, 2008.<\/li>\n<li style=\"text-align: justify; line-height: 150%;\"><b> Jagodzi\u0144ska A<\/b>., <i>Pomi\u0119dzy : akulturacja \u017byd\u00f3w Warszawy w drugiej po\u0142owie XIX wieku.<\/i> Wroc\u0142aw, 2008.<\/li>\n<li style=\"text-align: justify; line-height: 150%;\"><b> Jancewicz Z.,<\/b> <i>Instytucja uniewa\u017cnienia ma\u0142\u017ce\u0144stwa w prawie polskim<\/i>. Stalowa Wola; Lublin, 2008.<\/li>\n<li style=\"text-align: justify; line-height: 150%;\"><b> Janowski M<i>.,<\/i><\/b><i> Narodziny inteligencji : 1750-1831<\/i>\u00a0 <i>(Dzieje inteligencji polskiej do roku 1918).<\/i> Warszawa, 2008.<\/li>\n<li style=\"text-align: justify; line-height: 150%;\"><b> Jedlicki J<\/b>., <i>B\u0142\u0119dne ko\u0142o : 1832-1864 (Dzieje inteligencji polskiej do roku 1918).<\/i> Warszawa, 2008.<\/li>\n<li style=\"text-align: justify; line-height: 150%;\"><i> Katalog dokument\u00f3w \u017cycia spo\u0142ecznego 1914-1918<\/i>. Lublin, 2008.<\/li>\n<li style=\"text-align: justify; line-height: 150%;\"><b> Komorowski W., Sudacka A.,<\/b> <i>Rynek G\u0142\u00f3wny w Krakowie.<\/i> Wroc\u0142aw, 2008.<\/li>\n<li style=\"text-align: justify; line-height: 150%;\"><b> Malinowska M.,<\/b> <i>Sytuacja kobiety w siedemnastowiecznej Francji i Polsce.<\/i> Warszawa, 2008.<\/li>\n<li style=\"text-align: justify; line-height: 150%;\"><b>Marzec S<\/b>., <i>Sztuka, czyli wszystko : krajobraz po postmodernizmie<\/i>. Lublin, 2008.<\/li>\n<li style=\"text-align: justify; line-height: 150%;\"><b> Mici\u0144ska M.,<\/b> <i>Inteligencja na rozdro\u017cach : 1864-1918 (Dzieje inteligencji polskiej do roku 1918). <\/i>Warszawa, 2008.<\/li>\n<li style=\"text-align: justify; line-height: 150%;\"><b> Nasierowski T<\/b>., <i>Zag\u0142ada os\u00f3b z zaburzeniami psychicznymi w okupowanej Polsce : pocz\u0105tek ludob\u00f3jstwa<\/i>. Warszawa, 2008.<\/li>\n<li style=\"text-align: justify; line-height: 150%;\"><i>Ojcze nasz \u2013 nasz : przek\u0142ady, parafrazy i inne literackie opracowania Modlitwy Pa\u0144skiej<\/i>. Wroc\u0142aw, 2008.<\/li>\n<li style=\"text-align: justify; line-height: 150%;\"><b> Paciejewski J<\/b>., <i>S\u0142ownik wyra\u017ce\u0144 najcz\u0119\u015bciej u\u017cywanych polsko-niemiecko-rosyjski.<\/i> Warszawa, 2008.<\/li>\n<li style=\"text-align: justify; line-height: 150%;\"><i> Podstawy europeistyki : podr\u0119cznik akademicki<\/i>. Wroc\u0142aw, 2009.<\/li>\n<li style=\"text-align: justify; line-height: 150%;\"><b>Reski P<\/b>., <i>Daleki kraj<\/i>. Olsztyn, 2008.<\/li>\n<li style=\"text-align: justify; line-height: 150%;\"><b> Skupie\u0144 D<\/b>., <i>Europejskie rady zak\u0142adowe<\/i>. Toru\u0144, 2008.<\/li>\n<li style=\"text-align: justify; line-height: 150%;\"><i>S\u0142u\u017cby specjalne : przesz\u0142o\u015b\u0107 i tera\u017aniejszo\u015b\u0107.<\/i> Wroc\u0142aw, 2009.<\/li>\n<li style=\"text-align: justify; line-height: 150%;\"><b> \u015awietlicki M.,<\/b> <i>Jedena\u015bcie<\/i>. Krak\u00f3w, 2008.<\/li>\n<li style=\"text-align: justify; line-height: 150%;\"><b> Taraszkiewicz E.E<\/b>., <i>Trzy pami\u0119tniki<\/i>. Warszawa; Lublin, 2008.<\/li>\n<li style=\"text-align: justify; line-height: 150%;\"><i> Wsp\u00f3\u0142czesne nacjonalizmy<\/i>. Toru\u0144, 2008.<\/li>\n<li style=\"text-align: justify; line-height: 150%;\"><b> Wyszczelski L<\/b>., <i>W obliczu wojny : Wojsko Polskie 1935-1939.<\/i> Warszawa, 2008.<\/li>\n<li style=\"text-align: justify; line-height: 150%;\"><i> Zarz\u0105dzanie marketingowe bibliotek\u0105<\/i>. Pozna\u0144, 2008.<\/li>\n<li style=\"text-align: justify; line-height: 150%;\"><i>Ziemia Dubiecka w fotografii archiwalnej<\/i>. Dubiecko, 2008.<\/li>\n<li style=\"text-align: justify; line-height: 150%;\"><b>Zi\u0119ba J.,<\/b> <i>Katolicki Uniwersytet Lubelski Jana Paw\u0142a II \u2013 narodziny uczelni<\/i>. Lublin, 2008.<\/li>\n<\/ol>\n","protected":false},"excerpt":{"rendered":"","protected":false},"author":18,"featured_media":0,"comment_status":"closed","ping_status":"open","sticky":false,"template":"","format":"standard","meta":{"_tec_requires_first_save":true,"_crdt_document":"","pgc_sgb_lightbox_settings":"","_EventAllDay":false,"_EventTimezone":"","_EventStartDate":"","_EventEndDate":"","_EventStartDateUTC":"","_EventEndDateUTC":"","_EventShowMap":false,"_EventShowMapLink":false,"_EventURL":"","_EventCost":"","_EventCostDescription":"","_EventCurrencySymbol":"","_EventCurrencyCode":"","_EventCurrencyPosition":"","_EventDateTimeSeparator":"","_EventTimeRangeSeparator":"","_EventOrganizerID":[],"_EventVenueID":[],"_OrganizerEmail":"","_OrganizerPhone":"","_OrganizerWebsite":"","_VenueAddress":"","_VenueCity":"","_VenueCountry":"","_VenueProvince":"","_VenueState":"","_VenueZip":"","_VenuePhone":"","_VenueURL":"","_VenueStateProvince":"","_VenueLat":"","_VenueLng":"","_VenueShowMap":false,"_VenueShowMapLink":false,"_tribe_blocks_recurrence_rules":"","_tribe_blocks_recurrence_description":"","_tribe_blocks_recurrence_exclusions":"","footnotes":""},"categories":[509,57],"tags":[],"class_list":["post-264","post","type-post","status-publish","format-standard","hentry","category-nowe-nabytki","category-nowe-nabytki-do-ksigozbioru-naukowego"],"publishpress_future_action":{"enabled":false,"date":"2026-05-06 15:53:33","action":"change-status","newStatus":"draft","terms":[],"taxonomy":"category","extraData":[]},"publishpress_future_workflow_manual_trigger":{"enabledWorkflows":[]},"_links":{"self":[{"href":"https:\/\/wbp.lublin.pl\/index.php\/wp-json\/wp\/v2\/posts\/264","targetHints":{"allow":["GET"]}}],"collection":[{"href":"https:\/\/wbp.lublin.pl\/index.php\/wp-json\/wp\/v2\/posts"}],"about":[{"href":"https:\/\/wbp.lublin.pl\/index.php\/wp-json\/wp\/v2\/types\/post"}],"author":[{"embeddable":true,"href":"https:\/\/wbp.lublin.pl\/index.php\/wp-json\/wp\/v2\/users\/18"}],"replies":[{"embeddable":true,"href":"https:\/\/wbp.lublin.pl\/index.php\/wp-json\/wp\/v2\/comments?post=264"}],"version-history":[{"count":3,"href":"https:\/\/wbp.lublin.pl\/index.php\/wp-json\/wp\/v2\/posts\/264\/revisions"}],"predecessor-version":[{"id":13680,"href":"https:\/\/wbp.lublin.pl\/index.php\/wp-json\/wp\/v2\/posts\/264\/revisions\/13680"}],"wp:attachment":[{"href":"https:\/\/wbp.lublin.pl\/index.php\/wp-json\/wp\/v2\/media?parent=264"}],"wp:term":[{"taxonomy":"category","embeddable":true,"href":"https:\/\/wbp.lublin.pl\/index.php\/wp-json\/wp\/v2\/categories?post=264"},{"taxonomy":"post_tag","embeddable":true,"href":"https:\/\/wbp.lublin.pl\/index.php\/wp-json\/wp\/v2\/tags?post=264"}],"curies":[{"name":"wp","href":"https:\/\/api.w.org\/{rel}","templated":true}]}}