{"id":26797,"date":"2020-10-06T08:55:56","date_gmt":"2020-10-06T06:55:56","guid":{"rendered":"https:\/\/wbp.lublin.pl\/?p=26797"},"modified":"2020-10-23T12:18:46","modified_gmt":"2020-10-23T10:18:46","slug":"xiii-aukcja-antykwaryczna-wyniki","status":"publish","type":"post","link":"https:\/\/wbp.lublin.pl\/index.php\/2020\/10\/06\/xiii-aukcja-antykwaryczna-wyniki\/","title":{"rendered":"XIII AUKCJA ANTYKWARYCZNA &#8211; WYNIKI"},"content":{"rendered":"<p><!--more--><\/p>\n<table width=\"0\">\n<tbody>\n<tr>\n<td width=\"79\">Nr pozycji<\/p>\n<p>kat<\/td>\n<td width=\"552\">&nbsp;<\/p>\n<p>Autor, tytu\u0142<\/p>\n<p>&nbsp;<\/td>\n<td width=\"132\">Cena<\/p>\n<p>Wywo\u0142ania.<\/td>\n<td width=\"132\">Cena<\/p>\n<p>Wylicytowana<\/td>\n<\/tr>\n<tr>\n<td width=\"79\">1.<\/td>\n<td width=\"552\">Agniwcew M., Moje piosenki: wyb\u00f3r.<\/td>\n<td width=\"132\"><strong>20,-<\/strong><\/td>\n<td width=\"132\"><strong>&#8211;<\/strong><\/td>\n<\/tr>\n<tr>\n<td width=\"79\">2.<\/td>\n<td width=\"552\">Atmabodha czyli poznanie duszy: traktat wedantyczny.<\/td>\n<td width=\"132\"><strong>40,-<\/strong><\/td>\n<td width=\"132\"><strong>&#8211;<\/strong><\/td>\n<\/tr>\n<tr>\n<td width=\"79\">3.<\/td>\n<td width=\"552\">Bali\u0144ski I., Wspomnienia o Warszawie.<\/td>\n<td width=\"132\"><strong>45,-<\/strong><\/td>\n<td width=\"132\"><strong>45,-<\/strong><\/td>\n<\/tr>\n<tr>\n<td width=\"79\">4.<\/td>\n<td width=\"552\">Bara\u0144ski K., W trzy strony \u015bwiata: szkolnictwo\u2026<\/td>\n<td width=\"132\"><strong>30,-<\/strong><\/td>\n<td width=\"132\"><strong>&#8211;<\/strong><\/td>\n<\/tr>\n<tr>\n<td width=\"79\">5.<\/td>\n<td width=\"552\">Bia\u0142kowski L., Szkice z \u017cycia Wielkopolski w siedemnastym wieku.<\/td>\n<td width=\"132\"><strong>20,-<\/strong><\/td>\n<td width=\"132\"><strong>&#8211;<\/strong><\/td>\n<\/tr>\n<tr>\n<td width=\"79\">6.<\/td>\n<td width=\"552\">Bielecki T., Karol Hubert Rostworowski: zarys idei<\/td>\n<td width=\"132\"><strong>20,-<\/strong><\/td>\n<td width=\"132\"><strong>&#8211;<\/strong><\/td>\n<\/tr>\n<tr>\n<td width=\"79\">7.<\/td>\n<td width=\"552\">Borowy W., Ze studi\u00f3w nad Fredr\u0105..Wsp\u00f3\u0142op. z: Matkowski Z., Studia literackie.<\/td>\n<td width=\"132\"><strong>60,-<\/strong><\/td>\n<td width=\"132\"><strong>&#8211;<\/strong><\/td>\n<\/tr>\n<tr>\n<td width=\"79\">8.<\/td>\n<td width=\"552\">Borsa T., Zak\u0142ad w Male\u0144cu. Kielce: 1981<\/td>\n<td width=\"132\"><strong>20,-<\/strong><\/td>\n<td width=\"132\"><strong>&#8211;<\/strong><\/td>\n<\/tr>\n<tr>\n<td width=\"79\">9.<\/td>\n<td width=\"552\">Buczek R., Na prze\u0142omie dziej\u00f3w: Polskie Stronnictwo Ludowe w latach 1945-<\/td>\n<td width=\"132\"><strong>50,-<\/strong><\/td>\n<td width=\"132\"><strong>95,-<\/strong><\/td>\n<\/tr>\n<tr>\n<td width=\"79\">10.<\/td>\n<td width=\"552\">Caesar G. I., C.Iulii Caesaris Commentari de bello Gallico.<\/td>\n<td width=\"132\"><strong>20.-<\/strong><\/td>\n<td width=\"132\"><strong>&#8211;<\/strong><\/td>\n<\/tr>\n<tr>\n<td width=\"79\">11.<\/td>\n<td width=\"552\">Caputa A., Z Pietrzykowic w szeroki \u015bwiat.<\/td>\n<td width=\"132\"><strong>40,-<\/strong><\/td>\n<td width=\"132\"><strong>&#8211;<\/strong><\/td>\n<\/tr>\n<tr>\n<td width=\"79\">12.<\/td>\n<td width=\"552\">Cha\u0142ko Z., Strofy staromiejskie i wiersze inne.<\/td>\n<td width=\"132\"><strong>40,-<\/strong><\/td>\n<td width=\"132\"><strong>&#8211;<\/strong><\/td>\n<\/tr>\n<tr>\n<td width=\"79\">13.<\/td>\n<td width=\"552\">Chociszewski J., Dzieje narodu polskiego. Chicago: 1931<\/td>\n<td width=\"132\"><strong>40,-<\/strong><\/td>\n<td width=\"132\"><strong>&#8211;<\/strong><\/td>\n<\/tr>\n<tr>\n<td width=\"79\">14.<\/td>\n<td width=\"552\">Czechowicz J., Dzie\u0144 jak co dzie\u0144.<\/td>\n<td width=\"132\"><strong>400,-<\/strong><\/td>\n<td width=\"132\"><strong>&#8211;<\/strong><\/td>\n<\/tr>\n<tr>\n<td width=\"79\">15.<\/td>\n<td width=\"552\">Czo\u0142owski A., Plan i widok Zamo\u015bcia z roku 1704.<\/td>\n<td width=\"132\"><strong>40,-<\/strong><\/td>\n<td width=\"132\"><strong>&#8211;<\/strong><\/td>\n<\/tr>\n<tr>\n<td width=\"79\">16.<\/td>\n<td width=\"552\">Czubalski F., I.P. Paw\u0142ow jako badacz i my\u015bliciel.<\/td>\n<td width=\"132\"><strong>25,-<\/strong><\/td>\n<td width=\"132\"><strong>&#8211;<\/strong><\/td>\n<\/tr>\n<tr>\n<td width=\"79\">17.<\/td>\n<td width=\"552\">Czy mamy i\u015b\u0107 do wojska polskiego i dlaczego?<\/td>\n<td width=\"132\"><strong>20,-<\/strong><\/td>\n<td width=\"132\"><strong>20,-<\/strong><\/td>\n<\/tr>\n<tr>\n<td width=\"79\">18.<\/td>\n<td width=\"552\">Dolny \u015al\u0105sk. Cz. 1-2.<\/td>\n<td width=\"132\"><strong>50,-<\/strong><\/td>\n<td width=\"132\"><strong>50,-<\/strong><\/td>\n<\/tr>\n<tr>\n<td width=\"79\">19.<\/td>\n<td width=\"552\">Dzieje Polak\u00f3w w Leamington Spa.<\/td>\n<td width=\"132\"><strong>20,-<\/strong><\/td>\n<td width=\"132\"><strong>&#8211;<\/strong><\/td>\n<\/tr>\n<tr>\n<td width=\"79\">20.<\/td>\n<td width=\"552\">Ejbich B., Gdzie niebo si\u0119 ko\u0144czy.<\/td>\n<td width=\"132\"><strong>80,-<\/strong><\/td>\n<td width=\"132\"><strong>&#8211;<\/strong><\/td>\n<\/tr>\n<tr>\n<td width=\"79\">21.<\/td>\n<td width=\"552\">Erber Cz., Kieleckie tradycje kopernikowskie.<\/td>\n<td width=\"132\"><strong>20,-<\/strong><\/td>\n<td width=\"132\"><strong>&#8211;<\/strong><\/td>\n<\/tr>\n<tr>\n<td width=\"79\">22.<\/td>\n<td width=\"552\">Folkierski W., Od Chateaubrianda do Anhellego<\/td>\n<td width=\"132\"><strong>50,-<\/strong><\/td>\n<td width=\"132\"><strong>&#8211;<\/strong><\/td>\n<\/tr>\n<tr>\n<td width=\"79\">23.<\/td>\n<td width=\"552\">Fredro A., \u015awieczka zgas\u0142a i Z jakim si\u0119 wdajesz takim\u2026<\/td>\n<td width=\"132\"><strong>30,-<\/strong><\/td>\n<td width=\"132\"><strong>&#8211;<\/strong><\/td>\n<\/tr>\n<tr>\n<td width=\"79\">24.<\/td>\n<td width=\"552\">Fryderyk A., Wypis z protok\u00f3\u0142u sekretaryatu stanu\u2026<\/td>\n<td width=\"132\"><strong>100,-<\/strong><\/td>\n<td width=\"132\"><strong>100,-<\/strong><\/td>\n<\/tr>\n<tr>\n<td width=\"79\">25.<\/td>\n<td width=\"552\">Gali\u0144ski F., 1830 29 XI 1930: w setn\u0105 rocznic\u0119 \u2026<\/td>\n<td width=\"132\"><strong>40,-<\/strong><\/td>\n<td width=\"132\"><strong>&#8211;<\/strong><\/td>\n<\/tr>\n<tr>\n<td width=\"79\">26.<\/td>\n<td width=\"552\">Ginsbert Juljan, Prawda morska.<\/td>\n<td width=\"132\"><strong>20,-<\/strong><\/td>\n<td width=\"132\"><strong>&#8211;<\/strong><\/td>\n<\/tr>\n<tr>\n<td width=\"79\">27.<\/td>\n<td width=\"552\">Gluck W., Sarajewo: (historia zamachu sarajewskiego).<\/td>\n<td width=\"132\"><strong>50,-<\/strong><\/td>\n<td width=\"132\"><strong>&#8211;<\/strong><\/td>\n<\/tr>\n<tr>\n<td width=\"79\">28.<\/td>\n<td width=\"552\">Grabowski Z., Rozmowy z tob\u0105. Londyn: 1974.<\/td>\n<td width=\"132\"><strong>30,-<\/strong><\/td>\n<td width=\"132\"><strong>30,-<\/strong><\/td>\n<\/tr>\n<tr>\n<td width=\"79\">29.<\/td>\n<td width=\"552\">Grynberg H., Prawda nieartystyczna.<\/td>\n<td width=\"132\"><strong>30,-<\/strong><\/td>\n<td width=\"132\"><strong>&#8211;<\/strong><\/td>\n<\/tr>\n<tr>\n<td width=\"79\">30.<\/td>\n<td width=\"552\">Grynberg H., Szkice rodzinne. Warszawa: 1990<\/td>\n<td width=\"132\"><strong>30,-<\/strong><\/td>\n<td width=\"132\"><strong>&#8211;<\/strong><\/td>\n<\/tr>\n<tr>\n<td width=\"79\">31.<\/td>\n<td width=\"552\">Gumowski M., Piecz\u0119cie I herby miejscowo\u015bci \u2026<\/td>\n<td width=\"132\"><strong>50,-<\/strong><\/td>\n<td width=\"132\"><strong>&#8211;<\/strong><\/td>\n<\/tr>\n<tr>\n<td width=\"79\">32.<\/td>\n<td width=\"552\">Hammerstein O. L., Socyalna demokracya w prawdziwem<\/td>\n<td width=\"132\"><strong>40,-<\/strong><\/td>\n<td width=\"132\"><strong>&#8211;<\/strong><\/td>\n<\/tr>\n<tr>\n<td width=\"79\">33.<\/td>\n<td width=\"552\">Handelsman M. Wolno\u015b\u0107 strajk\u00f3w.<\/td>\n<td width=\"132\"><strong>40,-<\/strong><\/td>\n<td width=\"132\"><strong>40,-<\/strong><\/td>\n<\/tr>\n<tr>\n<td width=\"79\">34.<\/td>\n<td width=\"552\">Homolacs K., R\u0119kodzielnictwo, jako sztuka.<\/td>\n<td width=\"132\"><strong>40,-<\/strong><\/td>\n<td width=\"132\"><strong>&#8211;<\/strong><\/td>\n<\/tr>\n<tr>\n<td width=\"79\">35.<\/td>\n<td width=\"552\">Ihnatowicz J. A., Pejza\u017c z postaciami.<\/td>\n<td width=\"132\"><strong>40,-<\/strong><\/td>\n<td width=\"132\"><strong>&#8211;<\/strong><\/td>\n<\/tr>\n<tr>\n<td width=\"79\">36.<\/td>\n<td width=\"552\">Jacewicz A., Santa Rosa: osiedle polskie w Meksyku.<\/td>\n<td width=\"132\"><strong>45,-<\/strong><\/td>\n<td width=\"132\"><strong>&#8211;<\/strong><\/td>\n<\/tr>\n<tr>\n<td width=\"79\">37.<\/td>\n<td width=\"552\">Jan Matejko: studia i szkice.<\/td>\n<td width=\"132\"><strong>50,-<\/strong><\/td>\n<td width=\"132\"><strong>50,-<\/strong><\/td>\n<\/tr>\n<tr>\n<td width=\"79\">38.<\/td>\n<td width=\"552\">Jezierski E., Jan III Sobieski.<\/td>\n<td width=\"132\"><strong>40,-<\/strong><\/td>\n<td width=\"132\"><strong>&#8211;<\/strong><\/td>\n<\/tr>\n<tr>\n<td width=\"79\">39.<\/td>\n<td width=\"552\">Kiniorski M., \u201eZiemia i Wola\u201d: notatki i \u2026<\/td>\n<td width=\"132\"><strong>30,-<\/strong><\/td>\n<td width=\"132\"><strong>30,-<\/strong><\/td>\n<\/tr>\n<tr>\n<td width=\"79\">40.<\/td>\n<td width=\"552\">Kleiner J., Z zagadnie\u0144 sk\u0142adni Mickiewicza i S\u0142owackiego.<\/td>\n<td width=\"132\"><strong>40,-<\/strong><\/td>\n<td width=\"132\"><strong>&#8211;<\/strong><\/td>\n<\/tr>\n<tr>\n<td width=\"79\">41.<\/td>\n<td width=\"552\">Konczy\u0144ska W., Bibljoteka Jagielo\u0144ska: przewodnik dla.<\/td>\n<td width=\"132\"><strong>41,-<\/strong><\/td>\n<td width=\"132\"><strong>&#8211;<\/strong><\/td>\n<\/tr>\n<tr>\n<td width=\"79\">42.<\/td>\n<td width=\"552\">Kosobudzki T., MSZ od \u015brodka.<\/td>\n<td width=\"132\"><strong>25,-<\/strong><\/td>\n<td width=\"132\"><strong>&#8211;<\/strong><\/td>\n<\/tr>\n<tr>\n<td width=\"79\">43.<\/td>\n<td width=\"552\">Kr\u00f3likowski \u0141. Z., Skradzione dzieci\u0144stwo.<\/td>\n<td width=\"132\"><strong>45,-<\/strong><\/td>\n<td width=\"132\"><strong>&#8211;<\/strong><\/td>\n<\/tr>\n<tr>\n<td width=\"79\">44.<\/td>\n<td width=\"552\">Kr\u00f3li\u0144ska J., Szymon Szymonowicz: w trzechsetn\u0105 \u2026<\/td>\n<td width=\"132\"><strong>40,-<\/strong><\/td>\n<td width=\"132\"><strong>&#8211;<\/strong><\/td>\n<\/tr>\n<tr>\n<td width=\"79\">45.<\/td>\n<td width=\"552\">Krzeczunowicz K., U\u0142ani Ksi\u0119cia J\u00f3zefa: historia 8 Pu\u0142ku<\/td>\n<td width=\"132\"><strong>160,-<\/strong><\/td>\n<td width=\"132\"><strong>&#8211;<\/strong><\/td>\n<\/tr>\n<tr>\n<td width=\"79\">46.<\/td>\n<td width=\"552\">Krzywiec B. A., Obrona morska w Polsce.<\/td>\n<td width=\"132\"><strong>20,-<\/strong><\/td>\n<td width=\"132\"><strong>20,-<\/strong><\/td>\n<\/tr>\n<tr>\n<td width=\"79\">47.<\/td>\n<td width=\"552\">Krzy\u017canowski J., Morfologia bajki. Lublin: 1947<\/td>\n<td width=\"132\"><strong>20,-<\/strong><\/td>\n<td width=\"132\">&#8211;<\/td>\n<\/tr>\n<tr>\n<td width=\"79\">48.<\/td>\n<td width=\"552\">Krzy\u017canowski J., W\u0142adys\u0142aw St. Reymont: tw\u00f3rca i dzie\u0142o.<\/td>\n<td width=\"132\"><strong>30,-<\/strong><\/td>\n<td width=\"132\"><strong>&#8211;<\/strong><\/td>\n<\/tr>\n<tr>\n<td width=\"79\">49.<\/td>\n<td width=\"552\">Ksi\u0105\u017ceczka o ksi\u0105\u017cce.<\/td>\n<td width=\"132\"><strong>20,-<\/strong><\/td>\n<td width=\"132\"><strong>20,-<\/strong><\/td>\n<\/tr>\n<tr>\n<td width=\"79\">50.<\/td>\n<td width=\"552\">Ksi\u0119ga pami\u0105tkowa miasta Poznania: dziesi\u0119\u0107 lat pracy\u2026<\/td>\n<td width=\"132\"><strong>150,-<\/strong><\/td>\n<td width=\"132\"><strong>&#8211;<\/strong><\/td>\n<\/tr>\n<tr>\n<td width=\"79\">51.<\/td>\n<td width=\"552\">Kulczycki L., Narodowa Demokracja.<\/td>\n<td width=\"132\"><strong>30,-<\/strong><\/td>\n<td width=\"132\"><strong>30,-<\/strong><\/td>\n<\/tr>\n<tr>\n<td width=\"79\">52.<\/td>\n<td width=\"552\">Lam W., Jak rozwija\u0107 tw\u00f3rczo\u015b\u0107 malarsk\u0105.<\/td>\n<td width=\"132\"><strong>30,-<\/strong><\/td>\n<td width=\"132\"><strong>&#8211;<\/strong><\/td>\n<\/tr>\n<tr>\n<td width=\"79\">53.<\/td>\n<td width=\"552\">Libi\u0144ski H., Jezuici.<\/td>\n<td width=\"132\"><strong>30,-<\/strong><\/td>\n<td width=\"132\"><strong>&#8211;<\/strong><\/td>\n<\/tr>\n<tr>\n<td width=\"79\">54.<\/td>\n<td width=\"552\">Lipgart A. A., Avtomobil M-20 \u201ePobeda\u201d.<\/td>\n<td width=\"132\"><strong>20,-<\/strong><\/td>\n<td width=\"132\"><strong>20,-<\/strong><\/td>\n<\/tr>\n<tr>\n<td width=\"79\">55.<\/td>\n<td width=\"552\">Lipi\u0144ski Wac\u0142aw (Socha), Szlakiem I Brygady: dziennik.<\/td>\n<td width=\"132\"><strong>50,-<\/strong><\/td>\n<td width=\"132\"><strong>75,-<\/strong><\/td>\n<\/tr>\n<tr>\n<td width=\"79\">56.<\/td>\n<td width=\"552\">Lipi\u0144ski W., W dziesi\u0105t\u0105 rocznic\u0119 zako\u0144czenia wojny.<\/td>\n<td width=\"132\"><strong>30,-<\/strong><\/td>\n<td width=\"132\"><strong>&#8211;<\/strong><\/td>\n<\/tr>\n<tr>\n<td width=\"79\">57.<\/td>\n<td width=\"552\">Lisicki J., \u201eStrzelcy grodzie\u0144scy\u201d: 81 Pu\u0142k Strzelc\u00f3w<\/td>\n<td width=\"132\"><strong>30,-<\/strong><\/td>\n<td width=\"132\"><strong>&#8211;<\/strong><\/td>\n<\/tr>\n<tr>\n<td width=\"79\">58.<\/td>\n<td width=\"552\">London J., Syn s\u0142o\u0144ca.<\/td>\n<td width=\"132\"><strong>30,-<\/strong><\/td>\n<td width=\"132\"><strong>&#8211;<\/strong><\/td>\n<\/tr>\n<tr>\n<td width=\"79\">59.<\/td>\n<td width=\"552\">\u0141\u0119ga W., Grudzi\u0105dz.<\/td>\n<td width=\"132\"><strong>30,-<\/strong><\/td>\n<td width=\"132\"><strong>&#8211;<\/strong><\/td>\n<\/tr>\n<tr>\n<td width=\"79\">60.<\/td>\n<td width=\"552\">\u0141obodowski J., Rzeka graniczna.<\/td>\n<td width=\"132\"><strong>40,-<\/strong><\/td>\n<td width=\"132\"><strong>&#8211;<\/strong><\/td>\n<\/tr>\n<tr>\n<td width=\"79\">61.<\/td>\n<td width=\"552\">\u0141oza S., Order Or\u0142a Bia\u0142ego.<\/td>\n<td width=\"132\"><strong>30,-<\/strong><\/td>\n<td width=\"132\"><strong>&#8211;<\/strong><\/td>\n<\/tr>\n<tr>\n<td width=\"79\">62.<\/td>\n<td width=\"552\">\u0141unaczarskij A.W., Szko\u0142a pracy. Wsp\u00f3\u0142opr. Z: Trocki L., Od przewrotu<\/td>\n<td width=\"132\"><strong>30,-<\/strong><\/td>\n<td width=\"132\"><strong>45,-<\/strong><\/td>\n<\/tr>\n<tr>\n<td width=\"79\">63.<\/td>\n<td width=\"552\">Mackiewicz S., O jedenastej- powiada aktor-<\/td>\n<td width=\"132\"><strong>40,-<\/strong><\/td>\n<td width=\"132\"><strong>&#8211;<\/strong><\/td>\n<\/tr>\n<tr>\n<td width=\"79\">64.<\/td>\n<td width=\"552\">Makuszy\u0144ski K., \u017bywot pani.<\/td>\n<td width=\"132\"><strong>40,-<\/strong><\/td>\n<td width=\"132\"><strong>&#8211;<\/strong><\/td>\n<\/tr>\n<tr>\n<td width=\"79\">65.<\/td>\n<td width=\"552\">Malaty\u0144ski A., Wielka gra: Cz.2, Gra toczy si\u0119 wartko.<\/td>\n<td width=\"132\"><strong>40,-<\/strong><\/td>\n<td width=\"132\"><strong>&#8211;<\/strong><\/td>\n<\/tr>\n<tr>\n<td width=\"79\">66.<\/td>\n<td width=\"552\">Malecki J., Ewangeliarz z pocz\u0105tku XVI w. i dwa<\/td>\n<td width=\"132\"><strong>40,-<\/strong><\/td>\n<td width=\"132\"><strong>40,-<\/strong><\/td>\n<\/tr>\n<tr>\n<td width=\"79\">67.<\/td>\n<td width=\"552\">Ma\u0142owist M., Rzemios\u0142o polskie Epoki Odrodzenia.<\/td>\n<td width=\"132\"><strong>40,-<\/strong><\/td>\n<td width=\"132\"><strong>&#8211;<\/strong><\/td>\n<\/tr>\n<tr>\n<td width=\"79\">68.<\/td>\n<td width=\"552\">Micek S. B., Kr\u00f3lewskim szlakiem po kresach<\/td>\n<td width=\"132\"><strong>30,-<\/strong><\/td>\n<td width=\"132\"><strong>&#8211;<\/strong><\/td>\n<\/tr>\n<tr>\n<td width=\"79\">69.<\/td>\n<td width=\"552\">Michalski S., Czarna maligna.<\/td>\n<td width=\"132\"><strong>40,-<\/strong><\/td>\n<td width=\"132\"><strong>&#8211;<\/strong><\/td>\n<\/tr>\n<tr>\n<td width=\"79\">70.<\/td>\n<td width=\"552\">Mi\u0142osz Cz., Dolina Issy.<\/td>\n<td width=\"132\"><strong>30,-<\/strong><\/td>\n<td width=\"132\"><strong>&#8211;<\/strong><\/td>\n<\/tr>\n<tr>\n<td width=\"79\">71.<\/td>\n<td width=\"552\">Mi\u0142osz Cz., Ziemia Ulro.<\/td>\n<td width=\"132\"><strong>80,-<\/strong><\/td>\n<td width=\"132\"><strong>80,-<\/strong><\/td>\n<\/tr>\n<tr>\n<td width=\"79\">72.<\/td>\n<td width=\"552\">Mi\u0142osz Cz., Zniewolony umys\u0142.<\/td>\n<td width=\"132\"><strong>30,-<\/strong><\/td>\n<td width=\"132\"><strong>&#8211;<\/strong><\/td>\n<\/tr>\n<tr>\n<td width=\"79\">73.<\/td>\n<td width=\"552\">Mizwa S. P., The story of the Kosciuszko Foundation<\/td>\n<td width=\"132\"><strong>30,-<\/strong><\/td>\n<td width=\"132\"><strong>&#8211;<\/strong><\/td>\n<\/tr>\n<tr>\n<td width=\"79\">74.<\/td>\n<td width=\"552\">Muszkowski J., \u017bycie ksi\u0105\u017cki.<\/td>\n<td width=\"132\"><strong>40,-<\/strong><\/td>\n<td width=\"132\"><strong>&#8211;<\/strong><\/td>\n<\/tr>\n<tr>\n<td width=\"79\">75.<\/td>\n<td width=\"552\">Nadolski B., Kierunki rozwojowe dziejopisarstwa.<\/td>\n<td width=\"132\"><strong>30,-<\/strong><\/td>\n<td width=\"132\"><strong>30,-<\/strong><\/td>\n<\/tr>\n<tr>\n<td width=\"79\">76.<\/td>\n<td width=\"552\">Nowak-Jeziora\u0144ski J., Rosja wobec Powstania<\/td>\n<td width=\"132\"><strong>20,-<\/strong><\/td>\n<td width=\"132\"><strong>25,-<\/strong><\/td>\n<\/tr>\n<tr>\n<td width=\"79\">77.<\/td>\n<td width=\"552\">Od Herberta do Herberta: nagroda \u201eWiadomo\u015bci\u201d<\/td>\n<td width=\"132\"><strong>40,-<\/strong><\/td>\n<td width=\"132\"><strong>&#8211;<\/strong><\/td>\n<\/tr>\n<tr>\n<td width=\"79\">78.<\/td>\n<td width=\"552\">Oppman Artur (Or-Ot). Ba\u015b\u0144 o z\u0142otej kaczce:<\/td>\n<td width=\"132\"><strong>100,-<\/strong><\/td>\n<td width=\"132\"><strong>100,-<\/strong><\/td>\n<\/tr>\n<tr>\n<td width=\"79\">79.<\/td>\n<td width=\"552\">Orkan W., Wskazania.<\/td>\n<td width=\"132\"><strong>30,-<\/strong><\/td>\n<td width=\"132\"><strong>&#8211;<\/strong><\/td>\n<\/tr>\n<tr>\n<td width=\"79\">80.<\/td>\n<td width=\"552\">Orlicki J., Poprzez Starobielsk do Pi\u0105tej Dywizji Kresowej:<\/td>\n<td width=\"132\"><strong>20,-<\/strong><\/td>\n<td width=\"132\"><strong>20,-<\/strong><\/td>\n<\/tr>\n<tr>\n<td width=\"79\">81.<\/td>\n<td width=\"552\">Orzeszkowa E., Do literat\u00f3w i ludzi nauki:<\/td>\n<td width=\"132\"><strong>30,-<\/strong><\/td>\n<td width=\"132\"><strong>&#8211;<\/strong><\/td>\n<\/tr>\n<tr>\n<td width=\"79\">82.<\/td>\n<td width=\"552\">Orzeszkowa E., Do literat\u00f3w i ludzi nauki:<\/td>\n<td width=\"132\"><strong>30,-<\/strong><\/td>\n<td width=\"132\"><strong>&#8211;<\/strong><\/td>\n<\/tr>\n<tr>\n<td width=\"79\">83.<\/td>\n<td width=\"552\">Pap\u00e9e S., Wielkopolska wczoraj i dzi\u015b.<\/td>\n<td width=\"132\"><strong>100,-<\/strong><\/td>\n<td width=\"132\"><strong>&#8211;<\/strong><\/td>\n<\/tr>\n<tr>\n<td width=\"79\">84.<\/td>\n<td width=\"552\">P\u0119kalski Piotr, O\u0142tarz nowy, czyli Nabo\u017ce\u0144stwo na cze\u015b\u0107<\/td>\n<td width=\"132\"><strong>90,-<\/strong><\/td>\n<td width=\"132\"><strong>90,-<\/strong><\/td>\n<\/tr>\n<tr>\n<td width=\"79\">85.<\/td>\n<td width=\"552\">Piekary: pami\u0105tka koronacji cudownego obrazu Matki<\/td>\n<td width=\"132\"><strong>100,-<\/strong><\/td>\n<td width=\"132\"><strong>&#8211;<\/strong><\/td>\n<\/tr>\n<tr>\n<td width=\"79\">86.<\/td>\n<td width=\"552\">Pieszko M., Zamo\u015b\u0107. Warszawa: [1939]<\/td>\n<td width=\"132\"><strong>30,-<\/strong><\/td>\n<td width=\"132\"><strong>30,-<\/strong><\/td>\n<\/tr>\n<tr>\n<td width=\"79\">87.<\/td>\n<td width=\"552\">Pigo\u0144 S., \u201ePan Tadeusz\u201d: wzrost, wielko\u015b\u0107 i s\u0142awa:<\/td>\n<td width=\"132\"><strong>40,-<\/strong><\/td>\n<td width=\"132\"><strong>&#8211;<\/strong><\/td>\n<\/tr>\n<tr>\n<td width=\"79\">88.<\/td>\n<td width=\"552\">Polskie Si\u0142y Zbrojne w drugiej wojnie \u015bwiatowej. T.1, Cz.1.<\/td>\n<td width=\"132\"><strong>90,-<\/strong><\/td>\n<td width=\"132\"><strong>90,-<\/strong><\/td>\n<\/tr>\n<tr>\n<td width=\"79\">89.<\/td>\n<td width=\"552\">Polskie Si\u0142y Zbrojne w drugiej wojnie \u015bwiatowej. T.1, Cz.2.<\/td>\n<td width=\"132\"><strong>90,-<\/strong><\/td>\n<td width=\"132\"><strong>90,-<\/strong><\/td>\n<\/tr>\n<tr>\n<td width=\"79\">90.<\/td>\n<td width=\"552\">Po\u0142czy\u0144ski A. Janta, Linia podzia\u0142u. Londyn: 1963<\/td>\n<td width=\"132\"><strong>40,-<\/strong><\/td>\n<td width=\"132\"><strong>130,-<\/strong><\/td>\n<\/tr>\n<tr>\n<td width=\"79\">91.<\/td>\n<td width=\"552\">Po\u0142czy\u0144ski A. Janta, Wielka gafa ksi\u0119\u017cny Ba\u0142aganow..<\/td>\n<td width=\"132\"><strong>40,-<\/strong><\/td>\n<td width=\"132\"><strong>130,-<\/strong><\/td>\n<\/tr>\n<tr>\n<td width=\"79\">92.<\/td>\n<td width=\"552\">Prawda o PAX-ie i Piaseckim: (cykl 16 audycji).<\/td>\n<td width=\"132\"><strong>40,-<\/strong><\/td>\n<td width=\"132\"><strong>40,-<\/strong><\/td>\n<\/tr>\n<tr>\n<td width=\"79\">93.<\/td>\n<td width=\"552\">Przybo\u015b J., Rzut pionowy: wyb\u00f3r wierszy.<\/td>\n<td width=\"132\"><strong>30,-<\/strong><\/td>\n<td width=\"132\"><strong>&#8211;<\/strong><\/td>\n<\/tr>\n<tr>\n<td width=\"79\">94.<\/td>\n<td width=\"552\">Riabinin J., Lublin I lubelskie w przededniu powstania<\/td>\n<td width=\"132\"><strong>40,-<\/strong><\/td>\n<td width=\"132\"><strong>60,-<\/strong><\/td>\n<\/tr>\n<tr>\n<td width=\"79\">95.<\/td>\n<td width=\"552\">Rostworowski J., Poezje 1958-1960.<\/td>\n<td width=\"132\"><strong>60,-<\/strong><\/td>\n<td width=\"132\"><strong>&#8211;<\/strong><\/td>\n<\/tr>\n<tr>\n<td width=\"79\">96.<\/td>\n<td width=\"552\">Rowecki S., Walki uliczne.<\/td>\n<td width=\"132\"><strong>180,-<\/strong><\/td>\n<td width=\"132\"><strong>&#8211;<\/strong><\/td>\n<\/tr>\n<tr>\n<td width=\"79\">97.<\/td>\n<td width=\"552\">Rudnicki J, S\u0142owa a czyny: t\u0142o, geneza i przyczyny kl\u0119ski<\/td>\n<td width=\"132\"><strong>30,-<\/strong><\/td>\n<td width=\"132\"><strong>&#8211;<\/strong><\/td>\n<\/tr>\n<tr>\n<td width=\"79\">98.<\/td>\n<td width=\"552\">Rutowski T., Norblin.<\/td>\n<td width=\"132\"><strong>50,-<\/strong><\/td>\n<td width=\"132\"><strong>&#8211;<\/strong><\/td>\n<\/tr>\n<tr>\n<td width=\"79\">99.<\/td>\n<td width=\"552\">Rzepecki T., Sejm Rzeczypospolitej Polskiej 1919 roku:<\/td>\n<td width=\"132\"><strong>100,-<\/strong><\/td>\n<td width=\"132\"><strong>100,-<\/strong><\/td>\n<\/tr>\n<tr>\n<td width=\"79\">100.<\/td>\n<td width=\"552\">Sallustius C. G., Sprzysi\u0119\u017cenie Katyliny i Wojna z Jugurt\u0105<\/td>\n<td width=\"132\"><strong>30,-<\/strong><\/td>\n<td width=\"132\"><strong>&#8211;<\/strong><\/td>\n<\/tr>\n<tr>\n<td width=\"79\">101.<\/td>\n<td width=\"552\">Salmonowicz S., Ludwik Muzyczka 1900-1977<\/td>\n<td width=\"132\"><strong>20,-<\/strong><\/td>\n<td width=\"132\"><strong>&#8211;<\/strong><\/td>\n<\/tr>\n<tr>\n<td width=\"79\">102.<\/td>\n<td width=\"552\">Samborski E. D., Sprawa Polska na tle wojny Europejskiej.<\/td>\n<td width=\"132\"><strong>40,-<\/strong><\/td>\n<td width=\"132\"><strong>40,-<\/strong><\/td>\n<\/tr>\n<tr>\n<td width=\"79\">103.<\/td>\n<td width=\"552\">Satyra w konspiracji 1939-1944.<\/td>\n<td width=\"132\"><strong>90,-<\/strong><\/td>\n<td width=\"132\"><strong>&#8211;<\/strong><\/td>\n<\/tr>\n<tr>\n<td width=\"79\">104.<\/td>\n<td width=\"552\">Sch\u00e4fer T. von, Tannenberg.<\/td>\n<td width=\"132\"><strong>30,-<\/strong><\/td>\n<td width=\"132\"><strong>&#8211;<\/strong><\/td>\n<\/tr>\n<tr>\n<td width=\"79\">105.<\/td>\n<td width=\"552\">Short F., On the Making of Etchings.<\/td>\n<td width=\"132\"><strong>60,-<\/strong><\/td>\n<td width=\"132\"><strong>60,-<\/strong><\/td>\n<\/tr>\n<tr>\n<td width=\"79\">106.<\/td>\n<td width=\"552\">Simche Z., Tarn\u00f3w i jego okolica.<\/td>\n<td width=\"132\"><strong>100,-<\/strong><\/td>\n<td width=\"132\"><strong>100,-<\/strong><\/td>\n<\/tr>\n<tr>\n<td width=\"79\">107.<\/td>\n<td width=\"552\">Ska\u0142kowski A. M., Ksi\u0105\u017ce J\u00f3zef.<\/td>\n<td width=\"132\"><strong>260,-<\/strong><\/td>\n<td width=\"132\"><strong>&#8211;<\/strong><\/td>\n<\/tr>\n<tr>\n<td width=\"79\">108.<\/td>\n<td width=\"552\">S\u0142owacki J., Lilla Wenda: tragedja w pi\u0119ciu aktach<\/td>\n<td width=\"132\"><strong>40,-<\/strong><\/td>\n<td width=\"132\"><strong>&#8211;<\/strong><\/td>\n<\/tr>\n<tr>\n<td width=\"79\">109.<\/td>\n<td width=\"552\">S\u0142owacki J, Trzy poemata.<\/td>\n<td width=\"132\"><strong>40,-<\/strong><\/td>\n<td width=\"132\"><strong>&#8211;<\/strong><\/td>\n<\/tr>\n<tr>\n<td width=\"79\">110.<\/td>\n<td width=\"552\">Smole\u0144ski M., Siostra Wiktoryja:<\/td>\n<td width=\"132\"><strong>50,-<\/strong><\/td>\n<td width=\"132\"><strong>&#8211;<\/strong><\/td>\n<\/tr>\n<tr>\n<td width=\"79\">111.<\/td>\n<td width=\"552\">Staszic S., By\u0107 narodowi u\u017cytecznym.<\/td>\n<td width=\"132\"><strong>30,-<\/strong><\/td>\n<td width=\"132\"><strong>&#8211;<\/strong><\/td>\n<\/tr>\n<tr>\n<td width=\"79\">112.<\/td>\n<td width=\"552\">Stawiszy\u0144ski F., Niedomagania pojazd\u00f3w samochodowych.<\/td>\n<td width=\"132\"><strong>20,-<\/strong><\/td>\n<td width=\"132\"><strong>&#8211;<\/strong><\/td>\n<\/tr>\n<tr>\n<td width=\"79\">113.<\/td>\n<td width=\"552\">Steinman H., Z doli i niedoli Pu\u0142ku 3 U\u0142an\u00f3w<\/td>\n<td width=\"132\"><strong>100,-<\/strong><\/td>\n<td width=\"132\"><strong>&#8211;<\/strong><\/td>\n<\/tr>\n<tr>\n<td width=\"79\">114.<\/td>\n<td width=\"552\">Swianiewicz S., W cieniu Katynia.<\/td>\n<td width=\"132\"><strong>30,-<\/strong><\/td>\n<td width=\"132\"><strong>&#8211;<\/strong><\/td>\n<\/tr>\n<tr>\n<td width=\"79\">115.<\/td>\n<td width=\"552\">Szczypiorski A., Autoportret z kobiet\u0105.<\/td>\n<td width=\"132\"><strong>40,-<\/strong><\/td>\n<td width=\"132\"><strong>&#8211;<\/strong><\/td>\n<\/tr>\n<tr>\n<td width=\"79\">116.<\/td>\n<td width=\"552\">Szko\u0142a i nauczyciel w odradzaj\u0105cej si\u0119 ziemi lubelskiej.<\/td>\n<td width=\"132\"><strong>30,-<\/strong><\/td>\n<td width=\"132\"><strong>&#8211;<\/strong><\/td>\n<\/tr>\n<tr>\n<td width=\"79\">117.<\/td>\n<td width=\"552\">Szto ko\u017cny sa\u0142dat powinien wieda\u0107 ab Pi\u0142sudzkim.<\/td>\n<td width=\"132\"><strong>300,-<\/strong><\/td>\n<td width=\"132\"><strong>370,-<\/strong><\/td>\n<\/tr>\n<tr>\n<td width=\"79\">118.<\/td>\n<td width=\"552\">Szygowski L. J., Siedem dni i siedem nocy w Normandii.<\/td>\n<td width=\"132\"><strong>50,-<\/strong><\/td>\n<td width=\"132\"><strong>75,-<\/strong><\/td>\n<\/tr>\n<tr>\n<td width=\"79\">119.<\/td>\n<td width=\"552\">Trepi\u0144ski A., Od San Domingo do Cassino.<\/td>\n<td width=\"132\"><strong>40,-<\/strong><\/td>\n<td width=\"132\"><strong>&#8211;<\/strong><\/td>\n<\/tr>\n<tr>\n<td width=\"79\">120.<\/td>\n<td width=\"552\">Tyrowicz M., Dorobek naukowy Tytusa Dzieduszyckiego<\/td>\n<td width=\"132\"><strong>30,-<\/strong><\/td>\n<td width=\"132\"><strong>30,-<\/strong><\/td>\n<\/tr>\n<tr>\n<td width=\"79\">121.<\/td>\n<td width=\"552\">Wa\u017cyk A., Kwestia gustu.<\/td>\n<td width=\"132\"><strong>30,-<\/strong><\/td>\n<td width=\"132\"><strong>&#8211;<\/strong><\/td>\n<\/tr>\n<tr>\n<td width=\"79\">122.<\/td>\n<td width=\"552\">Wa\u017cyk A., Stary dworek: sztuka w trzech aktach.<\/td>\n<td width=\"132\"><strong>30,-<\/strong><\/td>\n<td width=\"132\"><strong>&#8211;<\/strong><\/td>\n<\/tr>\n<tr>\n<td width=\"79\">123.<\/td>\n<td width=\"552\">Wehrmachtberichte, Weltgeschichte: \u201eDas Oberkomando<\/td>\n<td width=\"132\"><strong>80,-<\/strong><\/td>\n<td width=\"132\"><strong>&#8211;<\/strong><\/td>\n<\/tr>\n<tr>\n<td width=\"79\">124.<\/td>\n<td width=\"552\">Wielhorski W., Polska a Litwa: stosunki wzajemne w<\/td>\n<td width=\"132\"><strong>30,-<\/strong><\/td>\n<td width=\"132\"><strong>30,-<\/strong><\/td>\n<\/tr>\n<tr>\n<td width=\"79\">125.<\/td>\n<td width=\"552\">Wierzy\u0144ski K., Pami\u0119tnik mi\u0142o\u015bci.<\/td>\n<td width=\"132\"><strong>60,-<\/strong><\/td>\n<td width=\"132\"><strong>&#8211;<\/strong><\/td>\n<\/tr>\n<tr>\n<td width=\"79\">126.<\/td>\n<td width=\"552\">Wierzy\u0144ski Kazimierz, The forgotten battlefield.<\/td>\n<td width=\"132\"><strong>70,-<\/strong><\/td>\n<td width=\"132\"><strong>&#8211;<\/strong><\/td>\n<\/tr>\n<tr>\n<td width=\"79\">127.<\/td>\n<td width=\"552\">Wittlin J., S\u00f3l ziemi: powie\u015b\u0107 o cierpliwym piechurze.<\/td>\n<td width=\"132\"><strong>50,-<\/strong><\/td>\n<td width=\"132\"><strong>110,-<\/strong><\/td>\n<\/tr>\n<tr>\n<td width=\"79\">128.<\/td>\n<td width=\"552\">Wojtyga A., Zwyci\u0119stwo polskich skrzyde\u0142:<\/td>\n<td width=\"132\"><strong>30,-<\/strong><\/td>\n<td width=\"132\"><strong>&#8211;<\/strong><\/td>\n<\/tr>\n<tr>\n<td width=\"79\">129.<\/td>\n<td width=\"552\">Wsp\u00f3\u0142czesna Europa polityczna: zbi\u00f3r um\u00f3w<\/td>\n<td width=\"132\"><strong>50,-<\/strong><\/td>\n<td width=\"132\"><strong>&#8211;<\/strong><\/td>\n<\/tr>\n<tr>\n<td width=\"79\">130.<\/td>\n<td width=\"552\">Wyszy\u0144ski S., Spo\u0142eczna Krucjata Mi\u0142o\u015bci.<\/td>\n<td width=\"132\"><strong>20,-<\/strong><\/td>\n<td width=\"132\"><strong>20,-<\/strong><\/td>\n<\/tr>\n<tr>\n<td width=\"79\">131.<\/td>\n<td width=\"552\">Zaremba Z., Cel I droga.<\/td>\n<td width=\"132\"><strong>30,-<\/strong><\/td>\n<td width=\"132\"><strong>&#8211;<\/strong><\/td>\n<\/tr>\n<tr>\n<td width=\"79\">132.<\/td>\n<td width=\"552\">Zawadzki S., O pismach \u0141ukasza Opali\u0144skiego.<\/td>\n<td width=\"132\"><strong>20,-<\/strong><\/td>\n<td width=\"132\"><strong>&#8211;<\/strong><\/td>\n<\/tr>\n<tr>\n<td width=\"79\">133.<\/td>\n<td width=\"552\">Z mur\u00f3w \u015bw. Katarzyny: ksi\u0119ga pami\u0105tkowa<\/td>\n<td width=\"132\"><strong>40,-<\/strong><\/td>\n<td width=\"132\"><strong>&#8211;<\/strong><\/td>\n<\/tr>\n<tr>\n<td width=\"79\">134.<\/td>\n<td width=\"552\">Zr\u0119bowicz R., La gravure polonaise et les \u201eBatiks\u201d.<\/td>\n<td width=\"132\"><strong>180,-<\/strong><\/td>\n<td width=\"132\"><strong>&#8211;<\/strong><\/td>\n<\/tr>\n<tr>\n<td width=\"79\">135.<\/td>\n<td width=\"552\">\u017bebrowski M. W., Zarys historii polskiej broni pancernej:<\/td>\n<td width=\"132\"><strong>150,-<\/strong><\/td>\n<td width=\"132\"><strong>170,-<\/strong><\/td>\n<\/tr>\n<tr>\n<td width=\"79\">136.<\/td>\n<td width=\"552\">\u017burakowski J., Nie tylko o lataniu.<\/td>\n<td width=\"132\"><strong>30,-<\/strong><\/td>\n<td width=\"132\"><strong>65,-<\/strong><\/td>\n<\/tr>\n<tr>\n<td width=\"79\">137.<\/td>\n<td width=\"552\">\u017byczy\u0144ski H., Dziady drezde\u0144skie Mickiewicza: w setn\u0105<\/td>\n<td width=\"132\"><strong>30,-<\/strong><\/td>\n<td width=\"132\"><strong>30,-<\/strong><\/td>\n<\/tr>\n<tr>\n<td width=\"79\">138.<\/td>\n<td width=\"552\">\u017byczy\u0144ski H., Marcho\u0142t Kasprowicza.<\/td>\n<td width=\"132\"><strong>20,-<\/strong><\/td>\n<td width=\"132\"><strong>&#8211;<\/strong><\/td>\n<\/tr>\n<tr>\n<td width=\"79\">139.<\/td>\n<td width=\"552\">Buchaniec A., \u015awi\u0105tki II : 25 exlibris\u00f3w A. Bucha\u0144ca.<\/td>\n<td width=\"132\"><strong>200,-<\/strong><\/td>\n<td width=\"132\"><strong>&#8211;<\/strong><\/td>\n<\/tr>\n<tr>\n<td width=\"79\">140.<\/td>\n<td width=\"552\">Czechowicz J., Kamie\u0144.<\/td>\n<td width=\"132\"><strong>60,-<\/strong><\/td>\n<td width=\"132\"><strong>60,-<\/strong><\/td>\n<\/tr>\n<tr>\n<td width=\"79\">141.<\/td>\n<td width=\"552\">Czy\u017cycka M., Alla breve.<\/td>\n<td width=\"132\"><strong>50,-<\/strong><\/td>\n<td width=\"132\"><strong>&#8211;<\/strong><\/td>\n<\/tr>\n<tr>\n<td width=\"79\">142.<\/td>\n<td width=\"552\">Dudek A. M., Nie tylko drukarskim szlakiem.<\/td>\n<td width=\"132\"><strong>30,-<\/strong><\/td>\n<td width=\"132\"><strong>&#8211;<\/strong><\/td>\n<\/tr>\n<tr>\n<td width=\"79\">143.<\/td>\n<td width=\"552\">Ekslibrisy Zbigniewa J\u00f3\u017awika dla pracownik\u00f3w<\/td>\n<td width=\"132\"><strong>30,-<\/strong><\/td>\n<td width=\"132\"><strong>&#8211;<\/strong><\/td>\n<\/tr>\n<tr>\n<td width=\"79\">144.<\/td>\n<td width=\"552\">Ekslibrisy Z. J\u00f3\u017awika wykonane w latach 1967-1984.<\/td>\n<td width=\"132\"><strong>20,-<\/strong><\/td>\n<td width=\"132\"><strong>&#8211;<\/strong><\/td>\n<\/tr>\n<tr>\n<td width=\"79\">145.<\/td>\n<td width=\"552\">Gazety Sl\u0105skie dla ludu pospolitego ongi\u015b we Wroc\u0142awiu<\/td>\n<td width=\"132\"><strong>50,-<\/strong><\/td>\n<td width=\"132\"><strong>&#8211;<\/strong><\/td>\n<\/tr>\n<tr>\n<td width=\"79\">146.<\/td>\n<td width=\"552\">Grafika \u2013 Du\u0161an Janou\u0161ek, Jana Jemelkowa, Ladislav<\/td>\n<td width=\"132\"><strong>20,-<\/strong><\/td>\n<td width=\"132\"><strong>&#8211;<\/strong><\/td>\n<\/tr>\n<tr>\n<td width=\"79\">147.<\/td>\n<td width=\"552\">Huppenthal J., Pami\u0119ci Marii i Stanis\u0142awa Gliw\u00f3w<\/td>\n<td width=\"132\"><strong>50,-<\/strong><\/td>\n<td width=\"132\"><strong>50,-<\/strong><\/td>\n<\/tr>\n<tr>\n<td width=\"79\">148.<\/td>\n<td width=\"552\">Iwaniuk W., Pie\u015b\u0144 nad pie\u015bniami: poemat.<\/td>\n<td width=\"132\"><strong>80,-<\/strong><\/td>\n<td width=\"132\"><strong>80,-<\/strong><\/td>\n<\/tr>\n<tr>\n<td width=\"79\">149.<\/td>\n<td width=\"552\">Karta uczestnika. Jubileuszowa Przedwieczerz \u2026<\/td>\n<td width=\"132\"><strong>40,-<\/strong><\/td>\n<td width=\"132\"><strong>&#8211;<\/strong><\/td>\n<\/tr>\n<tr>\n<td width=\"79\">150.<\/td>\n<td width=\"552\">Leszczy\u0144ski R., Ekslibris Franciszka Siarczy\u0144skiego na,-<\/td>\n<td width=\"132\"><strong>30,-<\/strong><\/td>\n<td width=\"132\"><strong>&#8211;<\/strong><\/td>\n<\/tr>\n<tr>\n<td width=\"79\">151.<\/td>\n<td width=\"552\">Ligo\u0144 J., Przestroga z pro\u015bb\u0105.<\/td>\n<td width=\"132\"><strong>20,-<\/strong><\/td>\n<td width=\"132\"><strong>&#8211;<\/strong><\/td>\n<\/tr>\n<tr>\n<td width=\"79\">152.<\/td>\n<td width=\"552\">Lubelskie Towarzystwo Mi\u0142o\u015bnik\u00f3w Ksi\u0105\u017cki. Statut<\/td>\n<td width=\"132\"><strong>20,-<\/strong><\/td>\n<td width=\"132\"><strong>&#8211;<\/strong><\/td>\n<\/tr>\n<tr>\n<td width=\"79\">153.<\/td>\n<td width=\"552\">Malinga A., Kronika Andrzeja Malingi, Skryby z Lublina o<\/td>\n<td width=\"132\"><strong>40,-<\/strong><\/td>\n<td width=\"132\"><strong>&#8211;<\/strong><\/td>\n<\/tr>\n<tr>\n<td width=\"79\">154.<\/td>\n<td width=\"552\">Miedzioryty Wojciecha Jakubowskiego: ekslibrisy<\/td>\n<td width=\"132\"><strong>40,-<\/strong><\/td>\n<td width=\"132\"><strong>&#8211;<\/strong><\/td>\n<\/tr>\n<tr>\n<td width=\"79\">155.<\/td>\n<td width=\"552\">Miniatury graficzne Wojciecha Jakubowskiego: 5<\/td>\n<td width=\"132\"><strong>50,-<\/strong><\/td>\n<td width=\"132\"><strong>&#8211;<\/strong><\/td>\n<\/tr>\n<tr>\n<td width=\"79\">156.<\/td>\n<td width=\"552\">Mocarski Z., Joachim Lelewel jako teoretyk bibliografii i<\/td>\n<td width=\"132\"><strong>40,-<\/strong><\/td>\n<td width=\"132\"><strong>&#8211;<\/strong><\/td>\n<\/tr>\n<tr>\n<td width=\"79\">157.<\/td>\n<td width=\"552\">Nowoszewski R., Anin nad \u015awidrem.<\/td>\n<td width=\"132\"><strong>50,-<\/strong><\/td>\n<td width=\"132\"><strong>50,-<\/strong><\/td>\n<\/tr>\n<tr>\n<td width=\"79\">158.<\/td>\n<td width=\"552\">Nowoszewski R., Dw\u00f3r.<\/td>\n<td width=\"132\"><strong>40,-<\/strong><\/td>\n<td width=\"132\"><strong>&#8211;<\/strong><\/td>\n<\/tr>\n<tr>\n<td width=\"79\">159.<\/td>\n<td width=\"552\">Nowoszewski R., Jesieni\u0105.<\/td>\n<td width=\"132\"><strong>60,-<\/strong><\/td>\n<td width=\"132\"><strong>60,-<\/strong><\/td>\n<\/tr>\n<tr>\n<td width=\"79\">160.<\/td>\n<td width=\"552\">Nowoszewski R., Wiewi\u00f3rka.<\/td>\n<td width=\"132\"><strong>70,-<\/strong><\/td>\n<td width=\"132\"><strong>&#8211;<\/strong><\/td>\n<\/tr>\n<tr>\n<td width=\"79\">161.<\/td>\n<td width=\"552\">Nowoszewski R., Zas\u0142u\u017cony.<\/td>\n<td width=\"132\"><strong>40,-<\/strong><\/td>\n<td width=\"132\"><strong>&#8211;<\/strong><\/td>\n<\/tr>\n<tr>\n<td width=\"79\">162.<\/td>\n<td width=\"552\">O piersiach Pie\u015b\u0144 nad pie\u015bniami.<\/td>\n<td width=\"132\"><strong>50,-<\/strong><\/td>\n<td width=\"132\"><strong>&#8211;<\/strong><\/td>\n<\/tr>\n<tr>\n<td width=\"79\">163.<\/td>\n<td width=\"552\">Pro memoria: druk pami\u0105tkowy wydany z okazji aktu<\/td>\n<td width=\"132\"><strong>60,-<\/strong><\/td>\n<td width=\"132\"><strong>&#8211;<\/strong><\/td>\n<\/tr>\n<tr>\n<td width=\"79\">164.<\/td>\n<td width=\"552\">Rostworowski J., Opatowa Anna: trzy ballady.<\/td>\n<td width=\"132\"><strong>160,-<\/strong><\/td>\n<td width=\"132\"><strong>&#8211;<\/strong><\/td>\n<\/tr>\n<tr>\n<td width=\"79\">165.<\/td>\n<td width=\"552\">Strza\u0142kowski Z., Przedwieczerz bibliofilska w aniwersarz<\/td>\n<td width=\"132\"><strong>50,-<\/strong><\/td>\n<td width=\"132\"><strong>50,-<\/strong><\/td>\n<\/tr>\n<tr>\n<td width=\"79\">166.<\/td>\n<td width=\"552\">Wiek wiekowi, cz\u0142owiek cz\u0142owiekowi, \u015bwiat\u0142o podaje.<\/td>\n<td width=\"132\"><strong>50,-<\/strong><\/td>\n<td width=\"132\"><strong>&#8211;<\/strong><\/td>\n<\/tr>\n<tr>\n<td width=\"79\">167.<\/td>\n<td width=\"552\">Wilczewska S., Modlitwa Cerbera: wyb\u00f3r poezji.<\/td>\n<td width=\"132\"><strong>30,-<\/strong><\/td>\n<td width=\"132\"><strong>&#8211;<\/strong><\/td>\n<\/tr>\n<tr>\n<td width=\"79\">168.<\/td>\n<td width=\"552\">Wojciech Jakubowski: grafika, ex-libris, bi\u017cuteria:<\/td>\n<td width=\"132\"><strong>40,-<\/strong><\/td>\n<td width=\"132\"><strong>&#8211;<\/strong><\/td>\n<\/tr>\n<tr>\n<td width=\"79\">169.<\/td>\n<td width=\"552\">Wojciechowski\u00a0 S., Katalog exlibrisu lubelskiego dawnego<\/td>\n<td width=\"132\"><strong>50,-<\/strong><\/td>\n<td width=\"132\"><strong>&#8211;<\/strong><\/td>\n<\/tr>\n<tr>\n<td width=\"79\">170.<\/td>\n<td width=\"552\">Wsp\u00f3\u0142czesny ekslibris lubelski: (z kolekcji Alfreda Gaudy):<\/td>\n<td width=\"132\"><strong>30,-<\/strong><\/td>\n<td width=\"132\"><strong>&#8211;<\/strong><\/td>\n<\/tr>\n<tr>\n<td width=\"79\">171.<\/td>\n<td width=\"552\">Z imionnika JZG.<\/td>\n<td width=\"132\"><strong>40,-<\/strong><\/td>\n<td width=\"132\"><strong>&#8211;<\/strong><\/td>\n<\/tr>\n<tr>\n<td width=\"79\">172.<\/td>\n<td width=\"552\">Z lubelskich lat Juliusza Kleinera: w stulecie urodzin 24.IV.1886-24.IV.1986.<\/td>\n<td width=\"132\"><strong>20,-<\/strong><\/td>\n<td width=\"132\"><strong>&#8211;<\/strong><\/td>\n<\/tr>\n<tr>\n<td width=\"79\">173.<\/td>\n<td width=\"552\">Zabytki w grafice Tadeusza Romana \u017burowskiego<\/td>\n<td width=\"132\"><strong>30,-<\/strong><\/td>\n<td width=\"132\"><strong>&#8211;<\/strong><\/td>\n<\/tr>\n<tr>\n<td width=\"79\">174.<\/td>\n<td width=\"552\">Zaproszenie. LTMK, WDK. Zapraszaj\u0105 na otwarcie<\/td>\n<td width=\"132\"><strong>30,-<\/strong><\/td>\n<td width=\"132\"><strong>&#8211;<\/strong><\/td>\n<\/tr>\n<tr>\n<td width=\"79\">175.<\/td>\n<td width=\"552\">[Zaproszenie]. Bydgoski Antykwariat Naukowy zaprasza<\/td>\n<td width=\"132\"><strong>40,-<\/strong><\/td>\n<td width=\"132\"><strong>&#8211;<\/strong><\/td>\n<\/tr>\n<tr>\n<td width=\"79\">176.<\/td>\n<td width=\"552\">[Zaproszenie]. Krajowy Dom Tw\u00f3rczo\u015bci Ludowej, LTMK,<\/td>\n<td width=\"132\"><strong>20,-<\/strong><\/td>\n<td width=\"132\"><strong>&#8211;<\/strong><\/td>\n<\/tr>\n<tr>\n<td width=\"79\">177.<\/td>\n<td width=\"552\">Co czyta\u0107: przegl\u0105d bibliograficzny\u201d. 1928, nr 5.<\/td>\n<td width=\"132\"><strong>20,-<\/strong><\/td>\n<td width=\"132\"><strong>&#8211;<\/strong><\/td>\n<\/tr>\n<tr>\n<td width=\"79\">178.<\/td>\n<td width=\"552\">\u00a0Droga: miesi\u0119cznik. 1929, nr 4.<\/td>\n<td width=\"132\"><strong>100,-<\/strong><\/td>\n<td width=\"132\"><strong>&#8211;<\/strong><\/td>\n<\/tr>\n<tr>\n<td width=\"79\">179.<\/td>\n<td width=\"552\">Fala\u201d \u00a0 1940, nr 6 (pa\u017adziernik).<\/td>\n<td width=\"132\"><strong>80,-<\/strong><\/td>\n<td width=\"132\"><strong>&#8211;<\/strong><\/td>\n<\/tr>\n<tr>\n<td width=\"79\">180.<\/td>\n<td width=\"552\">Graphia.1985 nr 92 (Februar)<\/td>\n<td width=\"132\"><strong>20,-<\/strong><\/td>\n<td width=\"132\"><strong>&#8211;<\/strong><\/td>\n<\/tr>\n<tr>\n<td width=\"79\">181.<\/td>\n<td width=\"552\">Graphia.1985 nr 93 (Juni)<\/td>\n<td width=\"132\"><strong>20,-<\/strong><\/td>\n<td width=\"132\"><strong>&#8211;<\/strong><\/td>\n<\/tr>\n<tr>\n<td width=\"79\">182.<\/td>\n<td width=\"552\">Graphia.1985 nr 94 (Oktober)<\/td>\n<td width=\"132\"><strong>20,-<\/strong><\/td>\n<td width=\"132\"><strong>&#8211;<\/strong><\/td>\n<\/tr>\n<tr>\n<td width=\"79\">183.<\/td>\n<td width=\"552\">Graphia.1986 nr 95 (Februar)<\/td>\n<td width=\"132\"><strong>20,-<\/strong><\/td>\n<td width=\"132\"><strong>&#8211;<\/strong><\/td>\n<\/tr>\n<tr>\n<td width=\"79\">184.<\/td>\n<td width=\"552\">Graphia.1986 nr 96 (Juni).<\/td>\n<td width=\"132\"><strong>20,-<\/strong><\/td>\n<td width=\"132\"><strong>&#8211;<\/strong><\/td>\n<\/tr>\n<tr>\n<td width=\"79\">185.<\/td>\n<td width=\"552\">Graphia.1986 nr 97 (Oktober).<\/td>\n<td width=\"132\"><strong>20,-<\/strong><\/td>\n<td width=\"132\"><strong>&#8211;<\/strong><\/td>\n<\/tr>\n<tr>\n<td width=\"79\">186.<\/td>\n<td width=\"552\">Graphia.1987 nr 98 (Februar).<\/td>\n<td width=\"132\"><strong>20,-<\/strong><\/td>\n<td width=\"132\"><strong>&#8211;<\/strong><\/td>\n<\/tr>\n<tr>\n<td width=\"79\">187.<\/td>\n<td width=\"552\">Graphia.1987 nr 99 (Juni).<\/td>\n<td width=\"132\"><strong>20,-<\/strong><\/td>\n<td width=\"132\"><strong>&#8211;<\/strong><\/td>\n<\/tr>\n<tr>\n<td width=\"79\">188.<\/td>\n<td width=\"552\">Graphia.1987 nr 100 (Oktober).<\/td>\n<td width=\"132\"><strong>20,-<\/strong><\/td>\n<td width=\"132\"><strong>&#8211;<\/strong><\/td>\n<\/tr>\n<tr>\n<td width=\"79\">189.<\/td>\n<td width=\"552\">Graphia.1988 nr 101 (Februar).<\/td>\n<td width=\"132\"><strong>20,-<\/strong><\/td>\n<td width=\"132\"><strong>&#8211;<\/strong><\/td>\n<\/tr>\n<tr>\n<td width=\"79\">190.<\/td>\n<td width=\"552\">Graphia.1988 nr 102 (Juni).<\/td>\n<td width=\"132\"><strong>20,-<\/strong><\/td>\n<td width=\"132\"><strong>&#8211;<\/strong><\/td>\n<\/tr>\n<tr>\n<td width=\"79\">191.<\/td>\n<td width=\"552\">Kalendarz-informator na rok 1939 Pogotowia Ratunkowego<\/td>\n<td width=\"132\"><strong>100,-<\/strong><\/td>\n<td width=\"132\"><strong>100,-<\/strong><\/td>\n<\/tr>\n<tr>\n<td width=\"79\">192.<\/td>\n<td width=\"552\">Kalendarzyk ilustrowany: 1922.<\/td>\n<td width=\"132\"><strong>30,-<\/strong><\/td>\n<td width=\"132\"><strong>30,-<\/strong><\/td>\n<\/tr>\n<tr>\n<td width=\"79\">193.<\/td>\n<td width=\"552\">Kobieta w Sejmie: pismo Komitetu Wyborczego Kobiet<\/td>\n<td width=\"132\"><strong>30,-<\/strong><\/td>\n<td width=\"132\"><strong>&#8211;<\/strong><\/td>\n<\/tr>\n<tr>\n<td width=\"79\">194.<\/td>\n<td width=\"552\">Kraj i Emigracya: zbi\u00f3r pism politycznych i wojskowych.<\/td>\n<td width=\"132\"><strong>100,-<\/strong><\/td>\n<td width=\"132\"><strong>&#8211;<\/strong><\/td>\n<\/tr>\n<tr>\n<td width=\"79\">195.<\/td>\n<td width=\"552\">Litwa. Wilno: 1917-1918 Nr 1 (1917).<\/td>\n<td width=\"132\"><strong>30,-<\/strong><\/td>\n<td width=\"132\"><strong>&#8211;<\/strong><\/td>\n<\/tr>\n<tr>\n<td width=\"79\">196.<\/td>\n<td width=\"552\">Nowe drogi: R.7: nr 3 (1953).<\/td>\n<td width=\"132\"><strong>30,-<\/strong><\/td>\n<td width=\"132\"><strong>&#8211;<\/strong><\/td>\n<\/tr>\n<tr>\n<td width=\"79\">197.<\/td>\n<td width=\"552\">Przegl\u0105d Socjaldemokratyczny: R.2 nr 11 i 12 (1903)<\/td>\n<td width=\"132\"><strong>40,-<\/strong><\/td>\n<td width=\"132\"><strong>40,-<\/strong><\/td>\n<\/tr>\n<tr>\n<td width=\"79\">198.<\/td>\n<td width=\"552\">Seibo no Kishi. Nr 1 (1934).<\/td>\n<td width=\"132\"><strong>40,-<\/strong><\/td>\n<td width=\"132\"><strong>&#8211;<\/strong><\/td>\n<\/tr>\n<tr>\n<td width=\"79\">199.<\/td>\n<td width=\"552\">\u201eSilva Rerum: miesi\u0119cznik .\u00a0 T.2, z.3<\/td>\n<td width=\"132\"><strong>40,-<\/strong><\/td>\n<td width=\"132\"><strong>&#8211;<\/strong><\/td>\n<\/tr>\n<tr>\n<td width=\"79\">200.<\/td>\n<td width=\"552\">\u201eSilva Rerum: miesi\u0119cznik \u00a0\u00a0 T.2, z.4<\/td>\n<td width=\"132\"><strong>40,-<\/strong><\/td>\n<td width=\"132\"><strong>&#8211;<\/strong><\/td>\n<\/tr>\n<tr>\n<td width=\"79\">201.<\/td>\n<td width=\"552\">Statystyka Druk\u00f3w \u2013 1933 (Statystyka Polski.).<\/td>\n<td width=\"132\"><strong>20,-<\/strong><\/td>\n<td width=\"132\"><strong>&#8211;<\/strong><\/td>\n<\/tr>\n<tr>\n<td width=\"79\">202.<\/td>\n<td width=\"552\">Statystyka Druk\u00f3w \u20131935 (Statystyka Polski.).<\/td>\n<td width=\"132\"><strong>20,-<\/strong><\/td>\n<td width=\"132\"><strong>&#8211;<\/strong><\/td>\n<\/tr>\n<tr>\n<td width=\"79\">203.<\/td>\n<td width=\"552\">Szkolna Gazetka \u015acienna. R.6: nr 25 (1938)<\/td>\n<td width=\"132\"><strong>40,-<\/strong><\/td>\n<td width=\"132\"><strong>&#8211;<\/strong><\/td>\n<\/tr>\n<tr>\n<td width=\"79\">204.<\/td>\n<td width=\"552\">Teki Historyczne. T.2 nr 4 (1948)<\/td>\n<td width=\"132\"><strong>20,-<\/strong><\/td>\n<td width=\"132\"><strong>20,-<\/strong><\/td>\n<\/tr>\n<tr>\n<td width=\"79\">205.<\/td>\n<td width=\"552\">Teki Historyczne. T.3 nr 1-2 (1949)<\/td>\n<td width=\"132\"><strong>20,-<\/strong><\/td>\n<td width=\"132\"><strong>20,-<\/strong><\/td>\n<\/tr>\n<tr>\n<td width=\"79\">206.<\/td>\n<td width=\"552\">Teki Historyczne. T.3 nr 3-4 (1949)<\/td>\n<td width=\"132\"><strong>20,-<\/strong><\/td>\n<td width=\"132\"><strong>20,-<\/strong><\/td>\n<\/tr>\n<tr>\n<td width=\"79\">207.<\/td>\n<td width=\"552\">Teki Historyczne. T.4 nr 1 (1950)<\/td>\n<td width=\"132\"><strong>20,-<\/strong><\/td>\n<td width=\"132\"><strong>20,-<\/strong><\/td>\n<\/tr>\n<tr>\n<td width=\"79\">208.<\/td>\n<td width=\"552\">Teki Historyczne. T.6 nr 3-4 (1954)<\/td>\n<td width=\"132\"><strong>20,-<\/strong><\/td>\n<td width=\"132\"><strong>20,-<\/strong><\/td>\n<\/tr>\n<tr>\n<td width=\"79\">209.<\/td>\n<td width=\"552\">Teki Historyczne. T.8 (1956-1957)<\/td>\n<td width=\"132\"><strong>20,-<\/strong><\/td>\n<td width=\"132\"><strong>20,-<\/strong><\/td>\n<\/tr>\n<tr>\n<td width=\"79\">210.<\/td>\n<td width=\"552\">Teki Historyczne. T.11 (1960-1961)<\/td>\n<td width=\"132\"><strong>20,-<\/strong><\/td>\n<td width=\"132\"><strong>20,-<\/strong><\/td>\n<\/tr>\n<tr>\n<td width=\"79\">211.<\/td>\n<td width=\"552\">Teki Historyczne. T.12 (1962-1963)<\/td>\n<td width=\"132\"><strong>20,-<\/strong><\/td>\n<td width=\"132\"><strong>20,-<\/strong><\/td>\n<\/tr>\n<tr>\n<td width=\"79\">212.<\/td>\n<td width=\"552\">Teki Historyczne. T.17 (1978-1980)<\/td>\n<td width=\"132\"><strong>20,-<\/strong><\/td>\n<td width=\"132\"><strong>&#8211;<\/strong><\/td>\n<\/tr>\n<tr>\n<td width=\"79\">213.<\/td>\n<td width=\"552\">Teki Historyczne. T.18 (1985)<\/td>\n<td width=\"132\"><strong>20,-<\/strong><\/td>\n<td width=\"132\"><strong>&#8211;<\/strong><\/td>\n<\/tr>\n<tr>\n<td width=\"79\">214.<\/td>\n<td width=\"552\">Teki Historyczne. T.19 (1988-1989)<\/td>\n<td width=\"132\"><strong>20,-<\/strong><\/td>\n<td width=\"132\"><strong>&#8211;<\/strong><\/td>\n<\/tr>\n<tr>\n<td width=\"79\">215.<\/td>\n<td width=\"552\">Teki Historyczne. T.21 (1994-1995)<\/td>\n<td width=\"132\"><strong>20,-<\/strong><\/td>\n<td width=\"132\"><strong>&#8211;<\/strong><\/td>\n<\/tr>\n<tr>\n<td width=\"79\">216.<\/td>\n<td width=\"552\">Teki Historyczne. T.22 (1999)<\/td>\n<td width=\"132\"><strong>20,-<\/strong><\/td>\n<td width=\"132\"><strong>&#8211;<\/strong><\/td>\n<\/tr>\n<tr>\n<td width=\"79\">217.<\/td>\n<td width=\"552\">43\u00b0 51\u00b0 \u0141uck. Wiede\u0144: 1914, mapa<\/td>\n<td width=\"132\"><strong>50,-<\/strong><\/td>\n<td width=\"132\"><strong>50,-<\/strong><\/td>\n<\/tr>\n<tr>\n<td width=\"79\">218.<\/td>\n<td width=\"552\">Asie. Paris: A Combette, [1850],\u00a0 mapa<\/td>\n<td width=\"132\"><strong>200,-<\/strong><\/td>\n<td width=\"132\"><strong>&#8211;<\/strong><\/td>\n<\/tr>\n<tr>\n<td width=\"79\">219.<\/td>\n<td width=\"552\">Carte de la Prusse, de la Grande et\u2026 Paris: 1779,\u00a0 mapa<\/td>\n<td width=\"132\"><strong>200,-<\/strong><\/td>\n<td width=\"132\"><strong>&#8211;<\/strong><\/td>\n<\/tr>\n<tr>\n<td width=\"79\">220.<\/td>\n<td width=\"552\">Carte de la Russie d\u2019Europe revue et\u2026 Paris: 1812, mapa<\/td>\n<td width=\"132\"><strong>200,-<\/strong><\/td>\n<td width=\"132\"><strong>&#8211;<\/strong><\/td>\n<\/tr>\n<tr>\n<td width=\"79\">221.<\/td>\n<td width=\"552\">Carte des provinces annex\u00e9es a la Petite Pologne et de la \u2026 Paris: 1779,\u00a0 mapa<\/td>\n<td width=\"132\"><strong>200,-<\/strong><\/td>\n<td width=\"132\"><strong>&#8211;<\/strong><\/td>\n<\/tr>\n<tr>\n<td width=\"79\">222.<\/td>\n<td width=\"552\">Carte du gouvernement militaire d\u2019Angleterre\u2026 Amsterdam: 1708, 1 mapa<\/td>\n<td width=\"132\"><strong>200,-<\/strong><\/td>\n<td width=\"132\"><strong>&#8211;<\/strong><\/td>\n<\/tr>\n<tr>\n<td width=\"79\">223.<\/td>\n<td width=\"552\">Der obere Theil des zu Preussen geh\u00f6rigen Herzogthsums \u2026 Wiede\u0144: 1789-1806,<\/td>\n<td width=\"132\"><strong>150,-<\/strong><\/td>\n<td width=\"132\"><strong>&#8211;<\/strong><\/td>\n<\/tr>\n<tr>\n<td width=\"79\">224.<\/td>\n<td width=\"552\">Deutsche Heereskarte. Osteuropa. Lublin. Blatt-Nr S.52.<\/td>\n<td width=\"132\"><strong>90,-<\/strong><\/td>\n<td width=\"132\"><strong>&#8211;<\/strong><\/td>\n<\/tr>\n<tr>\n<td width=\"79\">225.<\/td>\n<td width=\"552\">Generalkarte von West-Russland und den \u2026 Wien: 1915,\u00a0 mapa<\/td>\n<td width=\"132\"><strong>100,-<\/strong><\/td>\n<td width=\"132\"><strong>100,&#8211;<\/strong><\/td>\n<\/tr>\n<tr>\n<td width=\"79\">226.<\/td>\n<td width=\"552\">Kriegskarte s\u00e4mtlicher \u2026 M\u00fcnchen: 1916, mapa<\/td>\n<td width=\"132\"><strong>50,-<\/strong><\/td>\n<td width=\"132\"><strong>&#8211;<\/strong><\/td>\n<\/tr>\n<tr>\n<td width=\"79\">227.<\/td>\n<td width=\"552\">Mapa Samochodowa RP\u2026 [B.m.]: [[1928], 1 mapa<\/td>\n<td width=\"132\"><strong>50,-<\/strong><\/td>\n<td width=\"132\"><strong>50,-<\/strong><\/td>\n<\/tr>\n<tr>\n<td width=\"79\">228.<\/td>\n<td width=\"552\">Mapa ziem polskich. Lw\u00f3w-Warszawa. Lw\u00f3w: 1920<\/td>\n<td width=\"132\"><strong>90,-<\/strong><\/td>\n<td width=\"132\"><strong>&#8211;<\/strong><\/td>\n<\/tr>\n<tr>\n<td width=\"79\">229.<\/td>\n<td width=\"552\">Monte Cassino: szkice\u2026\u00a0 Krak\u00f3w: 1984,\u00a0 atlas<\/td>\n<td width=\"132\"><strong>50,-<\/strong><\/td>\n<td width=\"132\"><strong>&#8211;<\/strong><\/td>\n<\/tr>\n<tr>\n<td width=\"79\">230.<\/td>\n<td width=\"552\">Plan grunt\u00f3w d\u00f3br Radlin w gub. Lubelskiej,\u00a0 1910, 1plan:<\/td>\n<td width=\"132\"><strong>400,-<\/strong><\/td>\n<td width=\"132\"><strong>400,-<\/strong><\/td>\n<\/tr>\n<tr>\n<td width=\"79\">231.<\/td>\n<td width=\"552\">\u00dcbersichtskarte von Mitteleuropa R 53 Warschau. [Berlin]: 1940,<\/td>\n<td width=\"132\"><strong>60,-<\/strong><\/td>\n<td width=\"132\"><strong>&#8211;<\/strong><\/td>\n<\/tr>\n<tr>\n<td width=\"79\">232.<\/td>\n<td width=\"552\">Jerzy Faczy\u0144ski, [Brama]..<\/td>\n<td width=\"132\"><strong>80,-<\/strong><\/td>\n<td width=\"132\"><strong>&#8211;<\/strong><\/td>\n<\/tr>\n<tr>\n<td width=\"79\">233.<\/td>\n<td width=\"552\">Jerzy Faczy\u0144ski, [Wn\u0119trze].<\/td>\n<td width=\"132\"><strong>60,-<\/strong><\/td>\n<td width=\"132\"><strong>&#8211;<\/strong><\/td>\n<\/tr>\n<tr>\n<td width=\"79\">234.<\/td>\n<td width=\"552\">Jerzy Faczy\u0144ski, Chrobrzysko \u2013 brama wjazdowa.<\/td>\n<td width=\"132\"><strong>100,-<\/strong><\/td>\n<td width=\"132\"><strong>&#8211;<\/strong><\/td>\n<\/tr>\n<tr>\n<td width=\"79\">235.<\/td>\n<td width=\"552\">Jerzy Faczy\u0144ski, Chrobrzysko- fragment grodu<\/td>\n<td width=\"132\"><strong>100,-<\/strong><\/td>\n<td width=\"132\"><strong>&#8211;<\/strong><\/td>\n<\/tr>\n<tr>\n<td width=\"79\">236.<\/td>\n<td width=\"552\">Jerzy Faczy\u0144ski, Gr\u00f3d wczesnodziejowy nad rzek\u0105.<\/td>\n<td width=\"132\"><strong>80,-<\/strong><\/td>\n<td width=\"132\"><strong>&#8211;<\/strong><\/td>\n<\/tr>\n<tr>\n<td width=\"79\">237.<\/td>\n<td width=\"552\">Jerzy Faczy\u0144ski, Wczesnohistoryczna fortyfikacja<\/td>\n<td width=\"132\"><strong>60,-<\/strong><\/td>\n<td width=\"132\"><strong>&#8211;<\/strong><\/td>\n<\/tr>\n<tr>\n<td width=\"79\">238.<\/td>\n<td width=\"552\">Linke B. W., Kamienie krzycz\u0105.<\/td>\n<td width=\"132\"><strong>150,-<\/strong><\/td>\n<td width=\"132\"><strong>&#8211;<\/strong><\/td>\n<\/tr>\n<tr>\n<td width=\"79\">239.<\/td>\n<td width=\"552\">Powstanie Warszawskie: 10 drzeworyt\u00f3w S. Rassalskiego.<\/td>\n<td width=\"132\"><strong>100,-<\/strong><\/td>\n<td width=\"132\"><strong>100,-<\/strong><\/td>\n<\/tr>\n<tr>\n<td width=\"79\">240.<\/td>\n<td width=\"552\">Raczy\u0144ski S., Zabytki polskich miast: 10 drzeworyt\u00f3w.<\/td>\n<td width=\"132\"><strong>700,-<\/strong><\/td>\n<td width=\"132\"><strong>&#8211;<\/strong><\/td>\n<\/tr>\n<tr>\n<td width=\"79\">241.<\/td>\n<td width=\"552\">Tele\u017cy\u0144ski K., Lublin w szkicach: autolitografie K.T.<\/td>\n<td width=\"132\"><strong>400,-<\/strong><\/td>\n<td width=\"132\"><strong>500,-<\/strong><\/td>\n<\/tr>\n<tr>\n<td width=\"79\">242.<\/td>\n<td width=\"552\">Toegel S., Hitleriada furiosa.<\/td>\n<td width=\"132\"><strong>400,-<\/strong><\/td>\n<td width=\"132\"><strong>&#8211;<\/strong><\/td>\n<\/tr>\n<tr>\n<td width=\"79\">243.<\/td>\n<td width=\"552\">Zielezi\u0144ski J., K.Z.-Album.<\/td>\n<td width=\"132\"><strong>200,-<\/strong><\/td>\n<td width=\"132\"><strong>&#8211;<\/strong><\/td>\n<\/tr>\n<tr>\n<td width=\"79\">244.<\/td>\n<td width=\"552\">Matka Boska Nieustaj\u0105cej Pomocy.<\/td>\n<td width=\"132\"><strong>10,-<\/strong><\/td>\n<td width=\"132\"><strong>&#8211;<\/strong><\/td>\n<\/tr>\n<tr>\n<td width=\"79\">245.<\/td>\n<td width=\"552\">Matko dobrej rady! M\u00f3dl si\u0119 za nami.<\/td>\n<td width=\"132\"><strong>10,-<\/strong><\/td>\n<td width=\"132\"><strong>10,-<\/strong><\/td>\n<\/tr>\n<tr>\n<td width=\"79\">246.<\/td>\n<td width=\"552\">Obraz N. Maryi P. Cz\u0119stochowskiej.<\/td>\n<td width=\"132\"><strong>10,-<\/strong><\/td>\n<td width=\"132\"><strong>&#8211;<\/strong><\/td>\n<\/tr>\n<tr>\n<td width=\"79\">247.<\/td>\n<td width=\"552\">Ofiarujemy Ci Panie, ten kielich zbawienia..<\/td>\n<td width=\"132\"><strong>10,-<\/strong><\/td>\n<td width=\"132\"><strong>10,-<\/strong><\/td>\n<\/tr>\n<tr>\n<td width=\"79\">248.<\/td>\n<td width=\"552\">Pami\u0105tka z Kalwaryi. Chromolitografia<\/td>\n<td width=\"132\"><strong>10,-<\/strong><\/td>\n<td width=\"132\"><strong>&#8211;<\/strong><\/td>\n<\/tr>\n<tr>\n<td width=\"79\">249.<\/td>\n<td width=\"552\">Pro\u015bmy Mary\u0119, aby nas nauczy\u0142a kocha\u0107 Jezusa i \u2026<\/td>\n<td width=\"132\"><strong>10,-<\/strong><\/td>\n<td width=\"132\"><strong>10,-<\/strong><\/td>\n<\/tr>\n<tr>\n<td width=\"79\">250.<\/td>\n<td width=\"552\">\u015aw. Tekla.<\/td>\n<td width=\"132\"><strong>10,-<\/strong><\/td>\n<td width=\"132\"><strong>&#8211;<\/strong><\/td>\n<\/tr>\n<tr>\n<td width=\"79\">251.<\/td>\n<td width=\"552\">W Che\u0142mie ws\u0142awiona cudami Maryjo m\u00f3dl si\u0119 za nami!<\/td>\n<td width=\"132\"><strong>40,-<\/strong><\/td>\n<td width=\"132\"><strong>55,-<\/strong><\/td>\n<\/tr>\n<tr>\n<td width=\"79\">252.<\/td>\n<td width=\"552\">[Ro\u015bliny]. Calamus Draco Wlldw.<\/td>\n<td width=\"132\"><strong>40,-<\/strong><\/td>\n<td width=\"132\"><strong>&#8211;<\/strong><\/td>\n<\/tr>\n<tr>\n<td width=\"79\">253.<\/td>\n<td width=\"552\">[Ro\u015bliny]. Elettaria Cardamomum Whte.<\/td>\n<td width=\"132\"><strong>40,-<\/strong><\/td>\n<td width=\"132\"><strong>40,-<\/strong><\/td>\n<\/tr>\n<tr>\n<td width=\"79\">254.<\/td>\n<td width=\"552\">[Ro\u015bliny]. Piper Nigrum L.<\/td>\n<td width=\"132\"><strong>40,-<\/strong><\/td>\n<td width=\"132\"><strong>40,-<\/strong><\/td>\n<\/tr>\n<tr>\n<td width=\"79\">255.<\/td>\n<td width=\"552\">[Tomasz] Zan, Dev\u00e9ria Achille aut. wzoru,<\/td>\n<td width=\"132\"><strong>50,-<\/strong><\/td>\n<td width=\"132\"><strong>&#8211;<\/strong><\/td>\n<\/tr>\n<tr>\n<td width=\"79\">256.<\/td>\n<td width=\"552\">Aleksander hr. Fredro. W. Barwicki aut. wzoru.<\/td>\n<td width=\"132\"><strong>60,-<\/strong><\/td>\n<td width=\"132\"><strong>&#8211;<\/strong><\/td>\n<\/tr>\n<tr>\n<td width=\"79\">257.<\/td>\n<td width=\"552\">Benedyktynowicz J., Katedra, wej\u015bcie boczne.<\/td>\n<td width=\"132\"><strong>120,-<\/strong><\/td>\n<td width=\"132\"><strong>&#8211;<\/strong><\/td>\n<\/tr>\n<tr>\n<td width=\"79\">258.<\/td>\n<td width=\"552\">Benedyktynowicz J., Wawel, Kurza Stopka.<\/td>\n<td width=\"132\"><strong>120,-<\/strong><\/td>\n<td width=\"132\"><strong>&#8211;<\/strong><\/td>\n<\/tr>\n<tr>\n<td width=\"79\">259.<\/td>\n<td width=\"552\">Benedyktynowicz J., Ko\u015bci\u00f3\u0142 S.S. Norbertanek.<\/td>\n<td width=\"132\"><strong>120,-<\/strong><\/td>\n<td width=\"132\"><strong>&#8211;<\/strong><\/td>\n<\/tr>\n<tr>\n<td width=\"79\">260.<\/td>\n<td width=\"552\">Bridge at Moscow built by Sophia sister\u2026<\/td>\n<td width=\"132\"><strong>40,-<\/strong><\/td>\n<td width=\"132\"><strong>&#8211;<\/strong><\/td>\n<\/tr>\n<tr>\n<td width=\"79\">261.<\/td>\n<td width=\"552\">Ch\u00e2teau Royal de Krakovie (Interieur).<\/td>\n<td width=\"132\"><strong>60,-<\/strong><\/td>\n<td width=\"132\"><strong>&#8211;<\/strong><\/td>\n<\/tr>\n<tr>\n<td width=\"79\">262.<\/td>\n<td width=\"552\">Constantin Ostrogski. Grand G\u00e9n\u00e9ral\u2026<\/td>\n<td width=\"132\"><strong>80,-<\/strong><\/td>\n<td width=\"132\"><strong>&#8211;<\/strong><\/td>\n<\/tr>\n<tr>\n<td width=\"79\">263.<\/td>\n<td width=\"552\">Copernicus. K. Barth ryt.,<\/td>\n<td width=\"132\"><strong>50,-<\/strong><\/td>\n<td width=\"132\"><strong>50,-<\/strong><\/td>\n<\/tr>\n<tr>\n<td width=\"79\">264.<\/td>\n<td width=\"552\">Czas wie\u0144cz\u0105cy Prac\u0119 i karz\u0105cy lenistwo.<\/td>\n<td width=\"132\"><strong>500,-<\/strong><\/td>\n<td width=\"132\"><strong>500,-<\/strong><\/td>\n<\/tr>\n<tr>\n<td width=\"79\">265.<\/td>\n<td width=\"552\">Etienne Batory. Roi des Polonais. Grand-duc de Litvanie.<\/td>\n<td width=\"132\"><strong>80,-<\/strong><\/td>\n<td width=\"132\"><strong>&#8211;<\/strong><\/td>\n<\/tr>\n<tr>\n<td width=\"79\">266.<\/td>\n<td width=\"552\">France XVIe Siecle. Guyard ryt.,<\/td>\n<td width=\"132\"><strong>40,-<\/strong><\/td>\n<td width=\"132\"><strong>&#8211;<\/strong><\/td>\n<\/tr>\n<tr>\n<td width=\"79\">267.<\/td>\n<td width=\"552\">France XVIe Siecle. Vallet ryt.,<\/td>\n<td width=\"132\"><strong>40,-<\/strong><\/td>\n<td width=\"132\"><strong>&#8211;<\/strong><\/td>\n<\/tr>\n<tr>\n<td width=\"79\">268.<\/td>\n<td width=\"552\">France XVIIe Siecle. Vallet ryt.,<\/td>\n<td width=\"132\"><strong>40,-<\/strong><\/td>\n<td width=\"132\"><strong>&#8211;<\/strong><\/td>\n<\/tr>\n<tr>\n<td width=\"79\">269.<\/td>\n<td width=\"552\">France XVIIe Siecle. Vallet ryt.,<\/td>\n<td width=\"132\"><strong>40,-<\/strong><\/td>\n<td width=\"132\"><strong>&#8211;<\/strong><\/td>\n<\/tr>\n<tr>\n<td width=\"79\">270.<\/td>\n<td width=\"552\">Gottenburg in Schweden.<\/td>\n<td width=\"132\"><strong>80,-<\/strong><\/td>\n<td width=\"132\"><strong>&#8211;<\/strong><\/td>\n<\/tr>\n<tr>\n<td width=\"79\">271.<\/td>\n<td width=\"552\">Habitans des environs de Cracovie.<\/td>\n<td width=\"132\"><strong>100,-<\/strong><\/td>\n<td width=\"132\"><strong>&#8211;<\/strong><\/td>\n<\/tr>\n<tr>\n<td width=\"79\">272.<\/td>\n<td width=\"552\">H\u00f4tel de Ville \u00e1 Krakovie. Challamel aut. wzoru,<\/td>\n<td width=\"132\"><strong>60,-<\/strong><\/td>\n<td width=\"132\"><strong>&#8211;<\/strong><\/td>\n<\/tr>\n<tr>\n<td width=\"79\">273.<\/td>\n<td width=\"552\">Jan Tarnowski, Kasztelan Krakowski\u2026<\/td>\n<td width=\"132\"><strong>80,-<\/strong><\/td>\n<td width=\"132\"><strong>&#8211;<\/strong><\/td>\n<\/tr>\n<tr>\n<td width=\"79\">274.<\/td>\n<td width=\"552\">Jean Charles Chodkiewicz. Grand G\u00e9n\u00e9ral des arm\u00e9es<\/td>\n<td width=\"132\"><strong>80,-<\/strong><\/td>\n<td width=\"132\"><strong>&#8211;<\/strong><\/td>\n<\/tr>\n<tr>\n<td width=\"79\">275.<\/td>\n<td width=\"552\">Jean Tarnowski (1488-1561).<\/td>\n<td width=\"132\"><strong>80,-<\/strong><\/td>\n<td width=\"132\"><strong>&#8211;<\/strong><\/td>\n<\/tr>\n<tr>\n<td width=\"79\">276.<\/td>\n<td width=\"552\">Jean Zamoyski (1543-1605).<\/td>\n<td width=\"132\"><strong>80,-<\/strong><\/td>\n<td width=\"132\"><strong>&#8211;<\/strong><\/td>\n<\/tr>\n<tr>\n<td width=\"79\">277.<\/td>\n<td width=\"552\">Rakowiecki T., S. Maria Magdalena de Pazzis,<\/td>\n<td width=\"132\"><strong>50,-<\/strong><\/td>\n<td width=\"132\"><strong>50,-<\/strong><\/td>\n<\/tr>\n<tr>\n<td width=\"79\">278.<\/td>\n<td width=\"552\">Stanislas \u017b\u00f3\u0142kiewski. Grand Chancelier et Grand<\/td>\n<td width=\"132\"><strong>80,-<\/strong><\/td>\n<td width=\"132\"><strong>80,-<\/strong><\/td>\n<\/tr>\n<tr>\n<td width=\"79\">279.<\/td>\n<td width=\"552\">Stanis\u0142aw Rewera Potocki.<\/td>\n<td width=\"132\"><strong>80,-<\/strong><\/td>\n<td width=\"132\"><strong>&#8211;<\/strong><\/td>\n<\/tr>\n<tr>\n<td width=\"79\">280.<\/td>\n<td width=\"552\">Tombeau de Catherine de Jagiellon, a Upsale.<\/td>\n<td width=\"132\"><strong>100,-<\/strong><\/td>\n<td width=\"132\"><strong>&#8211;<\/strong><\/td>\n<\/tr>\n<tr>\n<td width=\"79\">281.<\/td>\n<td width=\"552\">Wiszniewski Kazimierz, [Pa\u0142ac Marynki w Pu\u0142awach].<\/td>\n<td width=\"132\"><strong>120,-<\/strong><\/td>\n<td width=\"132\"><strong>120,-<\/strong><\/td>\n<\/tr>\n<tr>\n<td width=\"79\">282.<\/td>\n<td width=\"552\">Wiszniewski Kazimierz, Kapliczka polowa. Drzeworyt,<\/td>\n<td width=\"132\"><strong>120,-<\/strong><\/td>\n<td width=\"132\"><strong>&#8211;<\/strong><\/td>\n<\/tr>\n<tr>\n<td width=\"79\">283.<\/td>\n<td width=\"552\">Wiszniewski Kazimierz, Kazimierz Dolny. Drzeworyt,<\/td>\n<td width=\"132\"><strong>120,-<\/strong><\/td>\n<td width=\"132\"><strong>120,-<\/strong><\/td>\n<\/tr>\n<tr>\n<td width=\"79\">284.<\/td>\n<td width=\"552\">Wiszniewski Kazimierz, \u015bw. Kazimierz. Drzeworyt,<\/td>\n<td width=\"132\"><strong>120,-<\/strong><\/td>\n<td width=\"132\"><strong>&#8211;<\/strong><\/td>\n<\/tr>\n<tr>\n<td width=\"79\">285.<\/td>\n<td width=\"552\">Wiszniewski Kazimierz, Warszawa. Drzeworyt,<\/td>\n<td width=\"132\"><strong>120,-<\/strong><\/td>\n<td width=\"132\"><strong>&#8211;<\/strong><\/td>\n<\/tr>\n<tr>\n<td width=\"79\">286.<\/td>\n<td width=\"552\">Ex libris Stasys Eidrigevicius.<\/td>\n<td width=\"132\"><strong>40,-<\/strong><\/td>\n<td width=\"132\"><strong>&#8211;<\/strong><\/td>\n<\/tr>\n<tr>\n<td width=\"79\">287.<\/td>\n<td width=\"552\">Ex libris. Dar Towarzystwa Opieki \u2026<\/td>\n<td width=\"132\"><strong>40,-<\/strong><\/td>\n<td width=\"132\"><strong>&#8211;<\/strong><\/td>\n<\/tr>\n<tr>\n<td width=\"79\">288.<\/td>\n<td width=\"552\">Ex libris. E.L.G.M. Grzegorzowi.<\/td>\n<td width=\"132\"><strong>40,-<\/strong><\/td>\n<td width=\"132\"><strong>&#8211;<\/strong><\/td>\n<\/tr>\n<tr>\n<td width=\"79\">289.<\/td>\n<td width=\"552\">Ex collectione Dariusza Paczkowskiego.<\/td>\n<td width=\"132\"><strong>40,-<\/strong><\/td>\n<td width=\"132\"><strong>&#8211;<\/strong><\/td>\n<\/tr>\n<tr>\n<td width=\"79\">290.<\/td>\n<td width=\"552\">Ex collectione Jerzy Weinberg.<\/td>\n<td width=\"132\"><strong>40,-<\/strong><\/td>\n<td width=\"132\"><strong>&#8211;<\/strong><\/td>\n<\/tr>\n<tr>\n<td width=\"79\">291.<\/td>\n<td width=\"552\">Ex collectione Marian Wojciechowski.<\/td>\n<td width=\"132\"><strong>40,-<\/strong><\/td>\n<td width=\"132\"><strong>&#8211;<\/strong><\/td>\n<\/tr>\n<tr>\n<td width=\"79\">292.<\/td>\n<td width=\"552\">Ex libris Agnieszki Weinberg.<\/td>\n<td width=\"132\"><strong>40,-<\/strong><\/td>\n<td width=\"132\"><strong>&#8211;<\/strong><\/td>\n<\/tr>\n<tr>\n<td width=\"79\">293.<\/td>\n<td width=\"552\">Ex libris Agnieszki Weinberg.<\/td>\n<td width=\"132\"><strong>40,-<\/strong><\/td>\n<td width=\"132\"><strong>&#8211;<\/strong><\/td>\n<\/tr>\n<tr>\n<td width=\"79\">294.<\/td>\n<td width=\"552\">Ex libris Gra\u017cyny Antoniak.<\/td>\n<td width=\"132\"><strong>40,-<\/strong><\/td>\n<td width=\"132\"><strong>&#8211;<\/strong><\/td>\n<\/tr>\n<tr>\n<td width=\"79\">295.<\/td>\n<td width=\"552\">Ex libris Grzegorza Matuszaka.<\/td>\n<td width=\"132\"><strong>40,-<\/strong><\/td>\n<td width=\"132\"><strong>&#8211;<\/strong><\/td>\n<\/tr>\n<tr>\n<td width=\"79\">296.<\/td>\n<td width=\"552\">Ex libris Grzegorza Matuszaka.<\/td>\n<td width=\"132\"><strong>40,-<\/strong><\/td>\n<td width=\"132\"><strong>&#8211;<\/strong><\/td>\n<\/tr>\n<tr>\n<td width=\"79\">297.<\/td>\n<td width=\"552\">Ex libris Jerzego Medunieckiego.<\/td>\n<td width=\"132\"><strong>40,-<\/strong><\/td>\n<td width=\"132\"><strong>&#8211;<\/strong><\/td>\n<\/tr>\n<tr>\n<td width=\"79\">298.<\/td>\n<td width=\"552\">Ex libris Jerzy Meduniecki.<\/td>\n<td width=\"132\"><strong>40,-<\/strong><\/td>\n<td width=\"132\"><strong>&#8211;<\/strong><\/td>\n<\/tr>\n<tr>\n<td width=\"79\">299.<\/td>\n<td width=\"552\">Ex libris Klaus R\u00f6del.<\/td>\n<td width=\"132\"><strong>40,-<\/strong><\/td>\n<td width=\"132\"><strong>&#8211;<\/strong><\/td>\n<\/tr>\n<tr>\n<td width=\"79\">300.<\/td>\n<td width=\"552\">Ex libris Mieczys\u0142awa Bielenia.<\/td>\n<td width=\"132\"><strong>40,-<\/strong><\/td>\n<td width=\"132\"><strong>&#8211;<\/strong><\/td>\n<\/tr>\n<tr>\n<td width=\"79\">301.<\/td>\n<td width=\"552\">Ex libris Stefana Wojciechowskiego.<\/td>\n<td width=\"132\"><strong>40,-<\/strong><\/td>\n<td width=\"132\"><strong>&#8211;<\/strong><\/td>\n<\/tr>\n<tr>\n<td width=\"79\">302.<\/td>\n<td width=\"552\">Ex libris Waldemara Michalskiego<\/td>\n<td width=\"132\"><strong>40,-<\/strong><\/td>\n<td width=\"132\"><strong>&#8211;<\/strong><\/td>\n<\/tr>\n<tr>\n<td width=\"79\">303.<\/td>\n<td width=\"552\">Ex libris Zbigniew Zarywski.<\/td>\n<td width=\"132\"><strong>40,-<\/strong><\/td>\n<td width=\"132\"><strong>&#8211;<\/strong><\/td>\n<\/tr>\n<tr>\n<td width=\"79\">304.<\/td>\n<td width=\"552\">Ex libris Zbigniew Zarywski. Omnia in \u2026<\/td>\n<td width=\"132\"><strong>40,-<\/strong><\/td>\n<td width=\"132\"><strong>&#8211;<\/strong><\/td>\n<\/tr>\n<tr>\n<td width=\"79\">305.<\/td>\n<td width=\"552\">Ex libris Zefiryna J\u0119drzy\u0144skiego.<\/td>\n<td width=\"132\"><strong>40,-<\/strong><\/td>\n<td width=\"132\"><strong>&#8211;<\/strong><\/td>\n<\/tr>\n<tr>\n<td width=\"79\">306.<\/td>\n<td width=\"552\">Ex libris. Miejska Biblioteka Publiczna w Radomiu<\/td>\n<td width=\"132\"><strong>40,-<\/strong><\/td>\n<td width=\"132\"><strong>&#8211;<\/strong><\/td>\n<\/tr>\n<tr>\n<td width=\"79\">307.<\/td>\n<td width=\"552\">[Autor nieznany], Ex libris P.C.M. Nicolai My\u015bli\u0144ski.<\/td>\n<td width=\"132\"><strong>20,-<\/strong><\/td>\n<td width=\"132\"><strong>25,-<\/strong><\/td>\n<\/tr>\n<tr>\n<td width=\"79\">308.<\/td>\n<td width=\"552\">[Autor nieznany], Z ksi\u0105g Kazimierza i Janiny Warcha\u0142owskich.<\/td>\n<td width=\"132\"><strong>20,-<\/strong><\/td>\n<td width=\"132\"><strong>&#8211;<\/strong><\/td>\n<\/tr>\n<tr>\n<td width=\"79\">309.<\/td>\n<td width=\"552\">Budynkiewicz T., Ex libris. LTMKiE<\/td>\n<td width=\"132\"><strong>10,-<\/strong><\/td>\n<td width=\"132\"><strong>&#8211;<\/strong><\/td>\n<\/tr>\n<tr>\n<td width=\"79\">310.<\/td>\n<td width=\"552\">Cornelis Josef W., Ex libris Leo Arras 1904-1974.<\/td>\n<td width=\"132\"><strong>50,-<\/strong><\/td>\n<td width=\"132\"><strong>&#8211;<\/strong><\/td>\n<\/tr>\n<tr>\n<td width=\"79\">311.<\/td>\n<td width=\"552\">Dudek A., Ex libris. Drukarnia UMCS: X lat: 1969-1979.<\/td>\n<td width=\"132\"><strong>15,-<\/strong><\/td>\n<td width=\"132\"><strong>&#8211;<\/strong><\/td>\n<\/tr>\n<tr>\n<td width=\"79\">312.<\/td>\n<td width=\"552\">Gliwa Stanis\u0142aw, Ex libris Wac\u0142awa Iwaniuka.<\/td>\n<td width=\"132\"><strong>50,-<\/strong><\/td>\n<td width=\"132\"><strong>50,-<\/strong><\/td>\n<\/tr>\n<tr>\n<td width=\"79\">313.<\/td>\n<td width=\"552\">J\u00f3\u017awiak T., Ksi\u0105\u017cka pomaga w \u017cyciu<\/td>\n<td width=\"132\"><strong>10,-<\/strong><\/td>\n<td width=\"132\"><strong>&#8211;<\/strong><\/td>\n<\/tr>\n<tr>\n<td width=\"79\">314.<\/td>\n<td width=\"552\">Kelma Cz., Ex libris Arkadego Fiedlera.<\/td>\n<td width=\"132\"><strong>10,-<\/strong><\/td>\n<td width=\"132\"><strong>10,-<\/strong><\/td>\n<\/tr>\n<tr>\n<td width=\"79\">315.<\/td>\n<td width=\"552\">Klukowski J., Ksi\u0105\u017cek nie po\u017cyczam.<\/td>\n<td width=\"132\"><strong>10,-<\/strong><\/td>\n<td width=\"132\"><strong>10,-<\/strong><\/td>\n<\/tr>\n<tr>\n<td width=\"79\">316.<\/td>\n<td width=\"552\">Kr\u00e1tk\u00fd B., Ex libris Marta Kr\u00e1tk\u00e1.<\/td>\n<td width=\"132\"><strong>20,-<\/strong><\/td>\n<td width=\"132\"><strong>20,-<\/strong><\/td>\n<\/tr>\n<tr>\n<td width=\"79\">317.<\/td>\n<td width=\"552\">Kr\u00e1tk\u00fd B., Ex libris Marta Kr\u00e1tk\u00e1.<\/td>\n<td width=\"132\"><strong>20,-<\/strong><\/td>\n<td width=\"132\"><strong>&#8211;<\/strong><\/td>\n<\/tr>\n<tr>\n<td width=\"79\">318.<\/td>\n<td width=\"552\">Kr\u00e1tk\u00fd B, Ex libris Marta Kr\u00e1tk\u00e1.<\/td>\n<td width=\"132\"><strong>20,-<\/strong><\/td>\n<td width=\"132\"><strong>&#8211;<\/strong><\/td>\n<\/tr>\n<tr>\n<td width=\"79\">319.<\/td>\n<td width=\"552\">Kr\u00e1tk\u00fd B, Ex libris Heinz Haffki.<\/td>\n<td width=\"132\"><strong>20,-<\/strong><\/td>\n<td width=\"132\"><strong>&#8211;<\/strong><\/td>\n<\/tr>\n<tr>\n<td width=\"79\">320.<\/td>\n<td width=\"552\">Miller J., Ex libris Ex libris Polonica.<\/td>\n<td width=\"132\"><strong>30,-<\/strong><\/td>\n<td width=\"132\"><strong>&#8211;<\/strong><\/td>\n<\/tr>\n<tr>\n<td width=\"79\">321.<\/td>\n<td width=\"552\">Mrowi\u0144ski S., Ex libris Feliksa Wagnera..<\/td>\n<td width=\"132\"><strong>20,-<\/strong><\/td>\n<td width=\"132\"><strong>&#8211;<\/strong><\/td>\n<\/tr>\n<tr>\n<td width=\"79\">322.<\/td>\n<td width=\"552\">Ostoja-Chrostowski\u00a0 S., Ex libris Jana D\u0105browskiego.<\/td>\n<td width=\"132\"><strong>30,-<\/strong><\/td>\n<td width=\"132\"><strong>&#8211;<\/strong><\/td>\n<\/tr>\n<tr>\n<td width=\"79\">323.<\/td>\n<td width=\"552\">Pauwels Hedwig, Ex Polonicis J.Kohn.<\/td>\n<td width=\"132\"><strong>60,-<\/strong><\/td>\n<td width=\"132\"><strong>&#8211;<\/strong><\/td>\n<\/tr>\n<tr>\n<td width=\"79\">324.<\/td>\n<td width=\"552\">P\u00f3\u0142tawski A., Bibliotheca Seminarii Kielcensis.<\/td>\n<td width=\"132\"><strong>50,-<\/strong><\/td>\n<td width=\"132\"><strong>&#8211;<\/strong><\/td>\n<\/tr>\n<tr>\n<td width=\"79\">325.<\/td>\n<td width=\"552\">Raczak K., Ex libris El\u017cbiety Przypkowskiej.<\/td>\n<td width=\"132\"><strong>20,-<\/strong><\/td>\n<td width=\"132\"><strong>&#8211;<\/strong><\/td>\n<\/tr>\n<tr>\n<td width=\"79\">326.<\/td>\n<td width=\"552\">Sta\u0144da J., Ex libris Ko\u0142a Mi\u0142o\u015bnik\u00f3w Ekslibrisu w<\/td>\n<td width=\"132\"><strong>40,-<\/strong><\/td>\n<td width=\"132\"><strong>&#8211;<\/strong><\/td>\n<\/tr>\n<tr>\n<td width=\"79\">327.<\/td>\n<td width=\"552\">Szo\u0142tysek K., Pami\u0119ci Tadeusza Przypkowskiego<\/td>\n<td width=\"132\"><strong>30,-<\/strong><\/td>\n<td width=\"132\"><strong>&#8211;<\/strong><\/td>\n<\/tr>\n<tr>\n<td width=\"79\">328.<\/td>\n<td width=\"552\">Szo\u0142tysek K., 1500 rocznica urodzin \u015bw. Benedykta-<\/td>\n<td width=\"132\"><strong>30,-<\/strong><\/td>\n<td width=\"132\"><strong>&#8211;<\/strong><\/td>\n<\/tr>\n<tr>\n<td width=\"79\">329.<\/td>\n<td width=\"552\">Szo\u0142tysek K., Ex libris Monasterii Petri et Pauli in Tyniec.<\/td>\n<td width=\"132\"><strong>30,-<\/strong><\/td>\n<td width=\"132\"><strong>&#8211;<\/strong><\/td>\n<\/tr>\n<tr>\n<td width=\"79\">330.<\/td>\n<td width=\"552\">Wiszniewski K., Ex libris Boles\u0142awa Bieruta.<\/td>\n<td width=\"132\"><strong>20,-<\/strong><\/td>\n<td width=\"132\"><strong>80,-<\/strong><\/td>\n<\/tr>\n<tr>\n<td width=\"79\">331.<\/td>\n<td width=\"552\">Wiszniewski K., Ex libris Kazimierza Wiszniewskiego.<\/td>\n<td width=\"132\"><strong>40,-<\/strong><\/td>\n<td width=\"132\"><strong>40,-<\/strong><\/td>\n<\/tr>\n<tr>\n<td width=\"79\">332.<\/td>\n<td width=\"552\">Wiszniewski K., Ex libris LTMK w Lublinie.<\/td>\n<td width=\"132\"><strong>20,-<\/strong><\/td>\n<td width=\"132\"><strong>20,-<\/strong><\/td>\n<\/tr>\n<tr>\n<td width=\"79\">333.<\/td>\n<td width=\"552\">Wiszniewski Kazimierz, Z ksi\u0105g Biblioteki Publicznej im<\/td>\n<td width=\"132\"><strong>30,-<\/strong><\/td>\n<td width=\"132\"><strong>30,-<\/strong><\/td>\n<\/tr>\n<tr>\n<td width=\"79\">334.<\/td>\n<td width=\"552\">Zestaw 5 znak\u00f3w w\u0142asno\u015bciowych.<\/td>\n<td width=\"132\"><strong>20,-<\/strong><\/td>\n<td width=\"132\"><strong>&#8211;<\/strong><\/td>\n<\/tr>\n<tr>\n<td width=\"79\">335.<\/td>\n<td width=\"552\">Armja Polska \u2013 Polish Army. Fot. [Stefan] Plater-Zyberk<\/td>\n<td width=\"132\"><strong>15,-<\/strong><\/td>\n<td width=\"132\"><strong>15-<\/strong><\/td>\n<\/tr>\n<tr>\n<td width=\"79\">336.<\/td>\n<td width=\"552\">Armja Polska \u2013 Polish Army. Fot. [Stefan] Plater-Zyberk.<\/td>\n<td width=\"132\"><strong>15,-<\/strong><\/td>\n<td width=\"132\"><strong>15,-<\/strong><\/td>\n<\/tr>\n<tr>\n<td width=\"79\">337.<\/td>\n<td width=\"552\">Ku\u015b H., Jeszywas Chachmej Lublin: ceremonia<\/td>\n<td width=\"132\"><strong>2000,-<\/strong><\/td>\n<td width=\"132\"><strong>&#8211;<\/strong><\/td>\n<\/tr>\n<tr>\n<td width=\"79\">338.<\/td>\n<td width=\"552\">[Portret kobiety i m\u0119\u017cczyzny]. Fot. D. Mazur.<\/td>\n<td width=\"132\"><strong>60,-<\/strong><\/td>\n<td width=\"132\"><strong>&#8211;<\/strong><\/td>\n<\/tr>\n<tr>\n<td width=\"79\">339.<\/td>\n<td width=\"552\">[Portret kobiety i m\u0119\u017cczyzny]. Fot. S.Z. Vimp\u00e9ller.<\/td>\n<td width=\"132\"><strong>60,-<\/strong><\/td>\n<td width=\"132\"><strong>&#8211;<\/strong><\/td>\n<\/tr>\n<tr>\n<td width=\"79\">340.<\/td>\n<td width=\"552\">[Portret kobiety]. Fot. Adela Robert S. Haller.<\/td>\n<td width=\"132\"><strong>60,-<\/strong><\/td>\n<td width=\"132\"><strong>&#8211;<\/strong><\/td>\n<\/tr>\n<tr>\n<td width=\"79\">341.<\/td>\n<td width=\"552\">[Portret kobiety]. Fot. E. Trzemeski.<\/td>\n<td width=\"132\"><strong>60,-<\/strong><\/td>\n<td width=\"132\"><strong>&#8211;<\/strong><\/td>\n<\/tr>\n<tr>\n<td width=\"79\">342.<\/td>\n<td width=\"552\">Smole\u0144ski A., Wojsko Polskie pod Monte Cassino<\/td>\n<td width=\"132\"><strong>60,-<\/strong><\/td>\n<td width=\"132\"><strong>&#8211;<\/strong><\/td>\n<\/tr>\n<tr>\n<td width=\"79\">343.<\/td>\n<td width=\"552\">Zestaw poczt\u00f3wek z karykaturami oficer\u00f3w WP<\/td>\n<td width=\"132\"><strong>50,-<\/strong><\/td>\n<td width=\"132\"><strong>85,-<\/strong><\/td>\n<\/tr>\n<tr>\n<td width=\"79\">344.<\/td>\n<td width=\"552\">[Ksi\u0119garnia \u015bw. Wojciecha]. Katalog. Ksi\u0105\u017cki dla dzieci.<\/td>\n<td width=\"132\"><strong>20,-<\/strong><\/td>\n<td width=\"132\"><strong>45,-<\/strong><\/td>\n<\/tr>\n<tr>\n<td width=\"79\">345.<\/td>\n<td width=\"552\">[Ksi\u0119garnia \u015bw. Wojciecha]. Prospekt. Zabawne ksi\u0105\u017ceczki<\/td>\n<td width=\"132\"><strong>10,-<\/strong><\/td>\n<td width=\"132\"><strong>35,-<\/strong><\/td>\n<\/tr>\n<tr>\n<td width=\"79\">346.<\/td>\n<td width=\"552\">Antoni Uniechowski: rysunki: Lublin kwiecie\u0144 1975<\/td>\n<td width=\"132\"><strong>30,-<\/strong><\/td>\n<td width=\"132\"><strong>30,-<\/strong><\/td>\n<\/tr>\n<tr>\n<td width=\"79\">347.<\/td>\n<td width=\"552\">Edward Manteuffel: grafika, rysunki, grafika u\u017cytkowa,<\/td>\n<td width=\"132\"><strong>40,-<\/strong><\/td>\n<td width=\"132\"><strong>40,-<\/strong><\/td>\n<\/tr>\n<tr>\n<td width=\"79\">348.<\/td>\n<td width=\"552\">Forma i kolor: wystawa sztuk plastycznych Kongresu.<\/td>\n<td width=\"132\"><strong>50,-<\/strong><\/td>\n<td width=\"132\"><strong>&#8211;<\/strong><\/td>\n<\/tr>\n<tr>\n<td width=\"79\">349.<\/td>\n<td width=\"552\">Galerja obraz\u00f3w: katalog tymczasowy.<\/td>\n<td width=\"132\"><strong>40,-<\/strong><\/td>\n<td width=\"132\"><strong>&#8211;<\/strong><\/td>\n<\/tr>\n<tr>\n<td width=\"79\">350.<\/td>\n<td width=\"552\">Jan Lebenstein \u2013 etapy: wybrane obrazy na p\u0142\u00f3tnie i na<\/td>\n<td width=\"132\"><strong>90,-<\/strong><\/td>\n<td width=\"132\"><strong>&#8211;<\/strong><\/td>\n<\/tr>\n<tr>\n<td width=\"79\">351.<\/td>\n<td width=\"552\">Katalog Dzia\u0142u Sztuki.<\/td>\n<td width=\"132\"><strong>50,-<\/strong><\/td>\n<td width=\"132\"><strong>50,-<\/strong><\/td>\n<\/tr>\n<tr>\n<td width=\"79\">352.<\/td>\n<td width=\"552\">Katalog ksi\u0105\u017cki polskiej: wydanej na emigracji.<\/td>\n<td width=\"132\"><strong>40,-<\/strong><\/td>\n<td width=\"132\"><strong>40,-<\/strong><\/td>\n<\/tr>\n<tr>\n<td width=\"79\">353.<\/td>\n<td width=\"552\">Katalog wystawy dzie\u0142 J\u00f3zefa Pankiewicza.<\/td>\n<td width=\"132\"><strong>50,-<\/strong><\/td>\n<td width=\"132\"><strong>&#8211;<\/strong><\/td>\n<\/tr>\n<tr>\n<td width=\"79\">354.<\/td>\n<td width=\"552\">Katalog wystawy lubelskiej sztuki ludowej: grudzie\u0144 1951.<\/td>\n<td width=\"132\"><strong>30,-<\/strong><\/td>\n<td width=\"132\"><strong>&#8211;<\/strong><\/td>\n<\/tr>\n<tr>\n<td width=\"79\">355.<\/td>\n<td width=\"552\">Katalog wystawy pami\u0105tkowej dzie\u0142 Maurycego Gottlieba:<\/td>\n<td width=\"132\"><strong>50,-<\/strong><\/td>\n<td width=\"132\"><strong>50,-<\/strong><\/td>\n<\/tr>\n<tr>\n<td width=\"79\">356.<\/td>\n<td width=\"552\">Kociatkiewicz\u00f3wna M., Przewodnik po muzeum Ord.<\/td>\n<td width=\"132\"><strong>20,-<\/strong><\/td>\n<td width=\"132\"><strong>&#8211;<\/strong><\/td>\n<\/tr>\n<tr>\n<td width=\"79\">357.<\/td>\n<td width=\"552\">Kopera F.,Obrazy polskiego pochodzenia w MN<\/td>\n<td width=\"132\"><strong>50,-<\/strong><\/td>\n<td width=\"132\"><strong>&#8211;<\/strong><\/td>\n<\/tr>\n<tr>\n<td width=\"79\">358.<\/td>\n<td width=\"552\">La gloire d\u2019Alexandrie: 7 mai-26 juillet 1998<\/td>\n<td width=\"132\"><strong>180,-<\/strong><\/td>\n<td width=\"132\"><strong>&#8211;<\/strong><\/td>\n<\/tr>\n<tr>\n<td width=\"79\">359.<\/td>\n<td width=\"552\">Maria Sk\u0142odowska-Curie: katalog wystawy.<\/td>\n<td width=\"132\"><strong>30,-<\/strong><\/td>\n<td width=\"132\"><strong>&#8211;<\/strong><\/td>\n<\/tr>\n<tr>\n<td width=\"79\">360.<\/td>\n<td width=\"552\">M\u0119\u017cnicka M., Daniel Chodowiecki\u2019s anglicana<\/td>\n<td width=\"132\"><strong>50,-<\/strong><\/td>\n<td width=\"132\"><strong>&#8211;<\/strong><\/td>\n<\/tr>\n<tr>\n<td width=\"79\">361.<\/td>\n<td width=\"552\">Polski plakat teatralny w 25-leciu PRL:<\/td>\n<td width=\"132\"><strong>40,-<\/strong><\/td>\n<td width=\"132\"><strong>40,-<\/strong><\/td>\n<\/tr>\n<tr>\n<td width=\"79\">362.<\/td>\n<td width=\"552\">Profesorowie Uniwersytetu Marii Curie-Sk\u0142odowskiej w<\/td>\n<td width=\"132\"><strong>30,-<\/strong><\/td>\n<td width=\"132\"><strong>&#8211;<\/strong><\/td>\n<\/tr>\n<tr>\n<td width=\"79\">363.<\/td>\n<td width=\"552\">VII Og\u00f3lnopolska Wystawa Grafiki: stycze\u0144-luty 1976.<\/td>\n<td width=\"132\"><strong>30,-<\/strong><\/td>\n<td width=\"132\"><strong>&#8211;<\/strong><\/td>\n<\/tr>\n<tr>\n<td width=\"79\">364.<\/td>\n<td width=\"552\">Witold Chomicz: malarstwo, grafika, plakaty, drukarstwo.<\/td>\n<td width=\"132\"><strong>40,-<\/strong><\/td>\n<td width=\"132\"><strong>40,-<\/strong><\/td>\n<\/tr>\n<tr>\n<td width=\"79\">365.<\/td>\n<td width=\"552\">Wsp\u00f3\u0142czesne malarstwo lubelskie: wystawa:<\/td>\n<td width=\"132\"><strong>20,-<\/strong><\/td>\n<td width=\"132\"><strong>&#8211;<\/strong><\/td>\n<\/tr>\n<tr>\n<td width=\"79\">366.<\/td>\n<td width=\"552\">Wystawa Plastyk\u00f3w Amator\u00f3w i Nikifora.<\/td>\n<td width=\"132\"><strong>30,-<\/strong><\/td>\n<td width=\"132\"><strong>&#8211;<\/strong><\/td>\n<\/tr>\n<tr>\n<td width=\"79\">367.<\/td>\n<td width=\"552\">[Akcje]. Bank Kredytowy w Warszawie.<\/td>\n<td width=\"132\"><strong>100,-<\/strong><\/td>\n<td width=\"132\"><strong>&#8211;<\/strong><\/td>\n<\/tr>\n<tr>\n<td width=\"79\">368.<\/td>\n<td width=\"552\">[Akcje]. Bank dla Handlu i Przemys\u0142u w Warszawie.<\/td>\n<td width=\"132\"><strong>100,-<\/strong><\/td>\n<td width=\"132\"><strong>&#8211;<\/strong><\/td>\n<\/tr>\n<tr>\n<td width=\"79\">369.<\/td>\n<td width=\"552\">[Akcje]. Towarzystwo Przemys\u0142u W\u0119glowego w Polsce.<\/td>\n<td width=\"132\"><strong>100,-<\/strong><\/td>\n<td width=\"132\"><strong>&#8211;<\/strong><\/td>\n<\/tr>\n<tr>\n<td width=\"79\">370.<\/td>\n<td width=\"552\">[Cegie\u0142ka]. Pami\u0105tka z\u0142o\u017conej ofiary na odnowienie<\/td>\n<td width=\"132\"><strong>40,-<\/strong><\/td>\n<td width=\"132\"><strong>40,-<\/strong><\/td>\n<\/tr>\n<tr>\n<td width=\"79\">371.<\/td>\n<td width=\"552\">[Etykieta]. Alembikowa. Warszawa:<\/td>\n<td width=\"132\"><strong>20,-<\/strong><\/td>\n<td width=\"132\"><strong>20,-<\/strong><\/td>\n<\/tr>\n<tr>\n<td width=\"79\">372.<\/td>\n<td width=\"552\">[Informator]. Tomasz\u00f3w Mazowiecki.<\/td>\n<td width=\"132\"><strong>20,-<\/strong><\/td>\n<td width=\"132\"><strong>35,-<\/strong><\/td>\n<\/tr>\n<tr>\n<td width=\"79\">373.<\/td>\n<td width=\"552\">Instrukcja. Pistolet maszynowy wz. 1943. Cz. 1-2.<\/td>\n<td width=\"132\"><strong>50,-<\/strong><\/td>\n<td width=\"132\"><strong>&#8211;<\/strong><\/td>\n<\/tr>\n<tr>\n<td width=\"79\">374.<\/td>\n<td width=\"552\">Instrukcja obs\u0142ugi samochodu Tarpan: S 337<\/td>\n<td width=\"132\"><strong>20,-<\/strong><\/td>\n<td width=\"132\"><strong>20,-<\/strong><\/td>\n<\/tr>\n<tr>\n<td width=\"79\">375.<\/td>\n<td width=\"552\">[Pami\u0119tnik absolwent\u00f3w] Klonowski Henryk, IV Zjazd<\/td>\n<td width=\"132\"><strong>15,-<\/strong><\/td>\n<td width=\"132\"><strong>&#8211;<\/strong><\/td>\n<\/tr>\n<tr>\n<td width=\"79\">376.<\/td>\n<td width=\"552\">[Pami\u0119tnik absolwent\u00f3w] Pami\u0119tnik VI Zjazdu<\/td>\n<td width=\"132\"><strong>15,-<\/strong><\/td>\n<td width=\"132\"><strong>&#8211;<\/strong><\/td>\n<\/tr>\n<tr>\n<td width=\"79\">377.<\/td>\n<td width=\"552\">[Program]. 12 Festiwal \u015awi\u0119to Ogrod\u00f3w. Kwiatonowice \u2013<\/td>\n<td width=\"132\"><strong>30,-<\/strong><\/td>\n<td width=\"132\"><strong>&#8211;<\/strong><\/td>\n<\/tr>\n<tr>\n<td width=\"79\">378.<\/td>\n<td width=\"552\">Przepisy drogowe.<\/td>\n<td width=\"132\"><strong>20,-<\/strong><\/td>\n<td width=\"132\"><strong>35,-<\/strong><\/td>\n<\/tr>\n<tr>\n<td width=\"79\">379.<\/td>\n<td width=\"552\">[Reklama]. Caid-Film Bilder. Album 1.<\/td>\n<td width=\"132\"><strong>100,-<\/strong><\/td>\n<td width=\"132\"><strong>&#8211;<\/strong><\/td>\n<\/tr>\n<tr>\n<td width=\"79\">380.<\/td>\n<td width=\"552\">[Reklama]. Recepta z reklam\u0105 apteki E. \u017b\u00f3\u0142towskiego w<\/td>\n<td width=\"132\"><strong>80,-<\/strong><\/td>\n<td width=\"132\"><strong>80,-<\/strong><\/td>\n<\/tr>\n<tr>\n<td width=\"79\">381.<\/td>\n<td width=\"552\">[Reklama]. Zbi\u00f3r najnowszych piosenek nagrane na p\u0142ytach<\/td>\n<td width=\"132\"><strong>20,-<\/strong><\/td>\n<td width=\"132\"><strong>20,-<\/strong><\/td>\n<\/tr>\n<tr>\n<td width=\"79\">382.<\/td>\n<td width=\"552\">\u015awiadectwo pracy M. Rzechowskiego<\/td>\n<td width=\"132\"><strong>50,-<\/strong><\/td>\n<td width=\"132\"><strong>50,-<\/strong><\/td>\n<\/tr>\n<tr>\n<td width=\"79\">383.<\/td>\n<td width=\"552\">\u015awiadectwo uko\u0144czenia \u015aredniej Szko\u0142y Technicznej im.<\/td>\n<td width=\"132\"><strong>100,-<\/strong><\/td>\n<td width=\"132\"><strong>&#8211;<\/strong><\/td>\n<\/tr>\n<tr>\n<td width=\"79\">384.<\/td>\n<td width=\"552\">Wieczny kalendarz: wa\u017cny od 1830 do 1983 r.<\/td>\n<td width=\"132\"><strong>80,-<\/strong><\/td>\n<td width=\"132\"><strong>140,-<\/strong><\/td>\n<\/tr>\n<tr>\n<td width=\"79\">385.<\/td>\n<td width=\"552\">[Zaproszenia]. Dyrekcja Muzeum w Lublinie. Zesp\u00f3\u0142 4 zap.<\/td>\n<td width=\"132\"><strong>40,-<\/strong><\/td>\n<td width=\"132\"><strong>&#8211;<\/strong><\/td>\n<\/tr>\n<tr>\n<td width=\"79\">386.<\/td>\n<td width=\"552\">[Zaproszenia]. ZPAP. CBWA. Zesp\u00f3\u0142 4 zaprosze\u0144 na<\/td>\n<td width=\"132\"><strong>40,-<\/strong><\/td>\n<td width=\"132\"><strong>&#8211;<\/strong><\/td>\n<\/tr>\n<tr>\n<td width=\"79\">387.<\/td>\n<td width=\"552\">Zaproszenie na otwarcie Wystawy Sztuki Dziecka.<\/td>\n<td width=\"132\"><strong>20,-<\/strong><\/td>\n<td width=\"132\"><strong>&#8211;<\/strong><\/td>\n<\/tr>\n<tr>\n<td width=\"79\">388.<\/td>\n<td width=\"552\">Zaproszenie na uroczysto\u015b\u0107 nadania tytu\u0142u Doktora Honoris<\/td>\n<td width=\"132\"><strong>50,-<\/strong><\/td>\n<td width=\"132\"><strong>&#8211;<\/strong><\/td>\n<\/tr>\n<tr>\n<td width=\"79\">389.<\/td>\n<td width=\"552\">Zaproszenie na uroczysto\u015b\u0107 ods\u0142oni\u0119cia pomnika JP II<\/td>\n<td width=\"132\"><strong>30,-<\/strong><\/td>\n<td width=\"132\"><strong>&#8211;<\/strong><\/td>\n<\/tr>\n<tr>\n<td width=\"79\">390.<\/td>\n<td width=\"552\">Zaproszenie. Dyrekcja MN w Warszawie, Dyrekcja Muzeum w Lublinie<\/td>\n<td width=\"132\"><strong>20,-<\/strong><\/td>\n<td width=\"132\"><strong>&#8211;<\/strong><\/td>\n<\/tr>\n<tr>\n<td width=\"79\">391.<\/td>\n<td width=\"552\">Zaproszenie. Dyrekcja Pa\u0144stwowego Liceum Sztuk Plastycznych w Lublinie<\/td>\n<td width=\"132\"><strong>20,-<\/strong><\/td>\n<td width=\"132\"><strong>20,-<\/strong><\/td>\n<\/tr>\n<tr>\n<td width=\"79\">392.<\/td>\n<td width=\"552\">Zaproszenie. Polska Akademicka Korporacja \u201eAstrea\u201d<\/td>\n<td width=\"132\"><strong>30,-<\/strong><\/td>\n<td width=\"132\"><strong>40,-<\/strong><\/td>\n<\/tr>\n<tr>\n<td width=\"79\">393.<\/td>\n<td width=\"552\">Zaproszenie. Uniwersytecka Oficyna Drukarska ..<\/td>\n<td width=\"132\"><strong>40,-<\/strong><\/td>\n<td width=\"132\"><strong>40,-<\/strong><\/td>\n<\/tr>\n<tr>\n<td width=\"79\">394.<\/td>\n<td width=\"552\">[Zaproszenie]. Muzeum Okr\u0119gowe w Lublinie zaprasza na<\/td>\n<td width=\"132\"><strong>30,-<\/strong><\/td>\n<td width=\"132\"><strong>&#8211;<\/strong><\/td>\n<\/tr>\n<tr>\n<td width=\"79\">395.<\/td>\n<td width=\"552\">[Zaproszenie]. My z Bo\u017cej \u0142aski uczniowie Gutenberga<\/td>\n<td width=\"132\"><strong>20,-<\/strong><\/td>\n<td width=\"132\"><strong>&#8211;<\/strong><\/td>\n<\/tr>\n<tr>\n<td width=\"79\">396.<\/td>\n<td width=\"552\">[Zaproszenie]. Z okazji czterdziestolecia Stowarzyszenia<\/td>\n<td width=\"132\"><strong>25,-<\/strong><\/td>\n<td width=\"132\"><strong>&#8211;<\/strong><\/td>\n<\/tr>\n<tr>\n<td width=\"79\">397.<\/td>\n<td width=\"552\">[Zaproszenie]. Dzielnicowy Dom Kultury, ZPAP zaprasza<\/td>\n<td width=\"132\"><strong>30,-<\/strong><\/td>\n<td width=\"132\"><strong>&#8211;<\/strong><\/td>\n<\/tr>\n<tr>\n<td width=\"79\">398.<\/td>\n<td width=\"552\">[Zaproszenie]. Zesp\u00f3\u0142 2 zaprosze\u0144. W imieniu \u2026<\/td>\n<td width=\"132\"><strong>20,-<\/strong><\/td>\n<td width=\"132\"><strong>&#8211;<\/strong><\/td>\n<\/tr>\n<tr>\n<td width=\"79\">399.<\/td>\n<td width=\"552\">[Znaczek kwestarski]. Dar na Dom Zarobkowy.<\/td>\n<td width=\"132\"><strong>10,-<\/strong><\/td>\n<td width=\"132\"><strong>&#8211;<\/strong><\/td>\n<\/tr>\n<tr>\n<td width=\"79\">400.<\/td>\n<td width=\"552\">[Znaczek kwestarski]. Na korzy\u015b\u0107 Trzyletnich Kurs\u00f3w<\/td>\n<td width=\"132\"><strong>10,-<\/strong><\/td>\n<td width=\"132\"><strong>10,-<\/strong><\/td>\n<\/tr>\n<tr>\n<td width=\"79\">401.<\/td>\n<td width=\"552\">[Znaczek kwestarski]. Na uzdrowiska dla pracown[ik\u00f3w]<\/td>\n<td width=\"132\"><strong>40,-<\/strong><\/td>\n<td width=\"132\"><strong>&#8211;<\/strong><\/td>\n<\/tr>\n<tr>\n<td width=\"79\">402.<\/td>\n<td width=\"552\">[Znaczek kwestarski]. Ofiarom powodzi woj[ew\u00f3dztwa]<\/td>\n<td width=\"132\"><strong>20,-<\/strong><\/td>\n<td width=\"132\"><strong>20,-<\/strong><\/td>\n<\/tr>\n<\/tbody>\n<\/table>\n","protected":false},"excerpt":{"rendered":"","protected":false},"author":11,"featured_media":25780,"comment_status":"closed","ping_status":"closed","sticky":false,"template":"","format":"standard","meta":{"_tec_requires_first_save":true,"_crdt_document":"","pgc_sgb_lightbox_settings":"","_EventAllDay":false,"_EventTimezone":"","_EventStartDate":"","_EventEndDate":"","_EventStartDateUTC":"","_EventEndDateUTC":"","_EventShowMap":false,"_EventShowMapLink":false,"_EventURL":"","_EventCost":"","_EventCostDescription":"","_EventCurrencySymbol":"","_EventCurrencyCode":"","_EventCurrencyPosition":"","_EventDateTimeSeparator":"","_EventTimeRangeSeparator":"","_EventOrganizerID":[],"_EventVenueID":[],"_OrganizerEmail":"","_OrganizerPhone":"","_OrganizerWebsite":"","_VenueAddress":"","_VenueCity":"","_VenueCountry":"","_VenueProvince":"","_VenueState":"","_VenueZip":"","_VenuePhone":"","_VenueURL":"","_VenueStateProvince":"","_VenueLat":"","_VenueLng":"","_VenueShowMap":false,"_VenueShowMapLink":false,"_tribe_blocks_recurrence_rules":"","_tribe_blocks_recurrence_description":"","_tribe_blocks_recurrence_exclusions":"","footnotes":""},"categories":[10,53],"tags":[],"class_list":["post-26797","post","type-post","status-publish","format-standard","has-post-thumbnail","hentry","category-aktualnosci","category-komunikaty"],"publishpress_future_action":{"enabled":false,"date":"2026-05-06 17:30:27","action":"change-status","newStatus":"draft","terms":[],"taxonomy":"category","extraData":[]},"publishpress_future_workflow_manual_trigger":{"enabledWorkflows":[]},"_links":{"self":[{"href":"https:\/\/wbp.lublin.pl\/index.php\/wp-json\/wp\/v2\/posts\/26797","targetHints":{"allow":["GET"]}}],"collection":[{"href":"https:\/\/wbp.lublin.pl\/index.php\/wp-json\/wp\/v2\/posts"}],"about":[{"href":"https:\/\/wbp.lublin.pl\/index.php\/wp-json\/wp\/v2\/types\/post"}],"author":[{"embeddable":true,"href":"https:\/\/wbp.lublin.pl\/index.php\/wp-json\/wp\/v2\/users\/11"}],"replies":[{"embeddable":true,"href":"https:\/\/wbp.lublin.pl\/index.php\/wp-json\/wp\/v2\/comments?post=26797"}],"version-history":[{"count":4,"href":"https:\/\/wbp.lublin.pl\/index.php\/wp-json\/wp\/v2\/posts\/26797\/revisions"}],"predecessor-version":[{"id":26801,"href":"https:\/\/wbp.lublin.pl\/index.php\/wp-json\/wp\/v2\/posts\/26797\/revisions\/26801"}],"wp:featuredmedia":[{"embeddable":true,"href":"https:\/\/wbp.lublin.pl\/index.php\/wp-json\/wp\/v2\/media\/25780"}],"wp:attachment":[{"href":"https:\/\/wbp.lublin.pl\/index.php\/wp-json\/wp\/v2\/media?parent=26797"}],"wp:term":[{"taxonomy":"category","embeddable":true,"href":"https:\/\/wbp.lublin.pl\/index.php\/wp-json\/wp\/v2\/categories?post=26797"},{"taxonomy":"post_tag","embeddable":true,"href":"https:\/\/wbp.lublin.pl\/index.php\/wp-json\/wp\/v2\/tags?post=26797"}],"curies":[{"name":"wp","href":"https:\/\/api.w.org\/{rel}","templated":true}]}}