{"id":26841,"date":"2020-10-08T13:42:57","date_gmt":"2020-10-08T11:42:57","guid":{"rendered":"https:\/\/wbp.lublin.pl\/?p=26841"},"modified":"2020-10-09T10:03:09","modified_gmt":"2020-10-09T08:03:09","slug":"louise-gluck-laureatka-literackiej-nagrody-nobla","status":"publish","type":"post","link":"https:\/\/wbp.lublin.pl\/index.php\/2020\/10\/08\/louise-gluck-laureatka-literackiej-nagrody-nobla\/","title":{"rendered":"Louise Gl\u00fcck laureatk\u0105 Literackiej Nagrody Nobla"},"content":{"rendered":"<p><!--more--><\/p>\n<p style=\"text-align: justify;\"><img data-dominant-color=\"3c3c3c\" data-has-transparency=\"false\" style=\"--dominant-color: #3c3c3c;\" loading=\"lazy\" decoding=\"async\" class=\"alignleft wp-image-26845 size-medium not-transparent\" src=\"https:\/\/wbp.lublin.pl\/wp-content\/uploads\/2020\/10\/Gluck-300x298.jpg\" alt=\"\" width=\"300\" height=\"298\" \/>Laureatk\u0105 Nagrody Nobla w dziedzinie literatury za rok 2020 zosta\u0142a ameryka\u0144ska poetka i eseistka <strong>Louise Gl\u00fcck<\/strong>. Nagroda przypad\u0142a jej za &#8222;niepowtarzalny poetycki g\u0142os, kt\u00f3ry z surowym pi\u0119knem nadaje uniwersalne znaczenie indywidualnej egzystencji&#8221;.<\/p>\n<p style=\"text-align: justify;\">77-letnia obecnie pisarka debiutowa\u0142a w 1968 r. zbiorem wierszy pt. <em>Firstborn\u00a0<\/em>(<em>Pierworodny).<\/em> Jest laureatk\u0105 wielu ameryka\u0144skich nagr\u00f3d literackich, w tym Nagrody Pulitzera (1993) i National Book Award (2014). W latach 2002-2003 piastowa\u0142a tytu\u0142 Poety Laureata Stan\u00f3w Zjednoczonych, przyznawany przez Bibliotek\u0119 Kongresu.<\/p>\n<p style=\"text-align: justify;\">Jej tw\u00f3rczo\u015b\u0107 ma charakter autobiograficzny o du\u017cym nacechowaniu emocjonalnym, z bogatymi nawi\u0105zaniami mitologicznymi, historycznymi i przyrodniczymi, kt\u00f3re przekuwa w medytacje na temat osobistych do\u015bwiadcze\u0144 i wsp\u00f3\u0142czesnego \u017cycia. Skupia si\u0119 na zg\u0142\u0119bianiu meandr\u00f3w traumy, po\u017c\u0105dania i natury. Jej poezja zdoby\u0142a rozg\u0142os dzi\u0119ki g\u0142\u0119boko i bezpo\u015brednio wyra\u017conemu smutkowi i alienacji.<\/p>\n<p style=\"text-align: justify;\">Poza dzia\u0142alno\u015bci\u0105 poetyck\u0105 Gl\u00fcck jest profesorem na Uniwersytecie Yale. Mieszka w Cambridge w stanie Massachusetts.<\/p>\n<p style=\"text-align: justify;\">Jej poezje w przek\u0142adach na j\u0119zyk polski mo\u017cna znale\u017a\u0107 w antologii poetek ameryka\u0144skich &#8222;Dzikie Brzoskwinie&#8221; (2003), w wyborze i t\u0142umaczeniu Julii Hartwig.<\/p>\n","protected":false},"excerpt":{"rendered":"","protected":false},"author":18,"featured_media":26842,"comment_status":"closed","ping_status":"closed","sticky":false,"template":"","format":"standard","meta":{"_tec_requires_first_save":true,"_crdt_document":"","pgc_sgb_lightbox_settings":"","_EventAllDay":false,"_EventTimezone":"","_EventStartDate":"","_EventEndDate":"","_EventStartDateUTC":"","_EventEndDateUTC":"","_EventShowMap":false,"_EventShowMapLink":false,"_EventURL":"","_EventCost":"","_EventCostDescription":"","_EventCurrencySymbol":"","_EventCurrencyCode":"","_EventCurrencyPosition":"","_EventDateTimeSeparator":"","_EventTimeRangeSeparator":"","_EventOrganizerID":[],"_EventVenueID":[],"_OrganizerEmail":"","_OrganizerPhone":"","_OrganizerWebsite":"","_VenueAddress":"","_VenueCity":"","_VenueCountry":"","_VenueProvince":"","_VenueState":"","_VenueZip":"","_VenuePhone":"","_VenueURL":"","_VenueStateProvince":"","_VenueLat":"","_VenueLng":"","_VenueShowMap":false,"_VenueShowMapLink":false,"_tribe_blocks_recurrence_rules":"","_tribe_blocks_recurrence_description":"","_tribe_blocks_recurrence_exclusions":"","footnotes":""},"categories":[10,53],"tags":[],"class_list":["post-26841","post","type-post","status-publish","format-standard","has-post-thumbnail","hentry","category-aktualnosci","category-komunikaty"],"publishpress_future_action":{"enabled":false,"date":"2026-05-06 17:41:18","action":"change-status","newStatus":"draft","terms":[],"taxonomy":"category","extraData":[]},"publishpress_future_workflow_manual_trigger":{"enabledWorkflows":[]},"_links":{"self":[{"href":"https:\/\/wbp.lublin.pl\/index.php\/wp-json\/wp\/v2\/posts\/26841","targetHints":{"allow":["GET"]}}],"collection":[{"href":"https:\/\/wbp.lublin.pl\/index.php\/wp-json\/wp\/v2\/posts"}],"about":[{"href":"https:\/\/wbp.lublin.pl\/index.php\/wp-json\/wp\/v2\/types\/post"}],"author":[{"embeddable":true,"href":"https:\/\/wbp.lublin.pl\/index.php\/wp-json\/wp\/v2\/users\/18"}],"replies":[{"embeddable":true,"href":"https:\/\/wbp.lublin.pl\/index.php\/wp-json\/wp\/v2\/comments?post=26841"}],"version-history":[{"count":9,"href":"https:\/\/wbp.lublin.pl\/index.php\/wp-json\/wp\/v2\/posts\/26841\/revisions"}],"predecessor-version":[{"id":26852,"href":"https:\/\/wbp.lublin.pl\/index.php\/wp-json\/wp\/v2\/posts\/26841\/revisions\/26852"}],"wp:featuredmedia":[{"embeddable":true,"href":"https:\/\/wbp.lublin.pl\/index.php\/wp-json\/wp\/v2\/media\/26842"}],"wp:attachment":[{"href":"https:\/\/wbp.lublin.pl\/index.php\/wp-json\/wp\/v2\/media?parent=26841"}],"wp:term":[{"taxonomy":"category","embeddable":true,"href":"https:\/\/wbp.lublin.pl\/index.php\/wp-json\/wp\/v2\/categories?post=26841"},{"taxonomy":"post_tag","embeddable":true,"href":"https:\/\/wbp.lublin.pl\/index.php\/wp-json\/wp\/v2\/tags?post=26841"}],"curies":[{"name":"wp","href":"https:\/\/api.w.org\/{rel}","templated":true}]}}