{"id":26970,"date":"2020-10-23T08:09:24","date_gmt":"2020-10-23T06:09:24","guid":{"rendered":"https:\/\/wbp.lublin.pl\/?p=26970"},"modified":"2020-10-26T09:44:54","modified_gmt":"2020-10-26T08:44:54","slug":"webinarium-muzykoterapia-w-bibliotece-13-11-2020-r-godz-10-00-14-00","status":"publish","type":"post","link":"https:\/\/wbp.lublin.pl\/index.php\/2020\/10\/23\/webinarium-muzykoterapia-w-bibliotece-13-11-2020-r-godz-10-00-14-00\/","title":{"rendered":"Webinarium Muzykoterapia w bibliotece (13.11.2020 r., godz. 10.00-14.00)"},"content":{"rendered":"<p><!--more--><\/p>\n<p>Szkolenie skierowane jest do bibliotekarzy bibliotek publicznych z wojew\u00f3dztwa lubelskiego, kt\u00f3rzy chc\u0105 zapozna\u0107 si\u0119 z mo\u017cliwo\u015bciami wykorzystania muzyki i aktywno\u015bci z ni\u0105 zwi\u0105zanych na terenie biblioteki. Zaprezentowane zostan\u0105 zar\u00f3wno aktywne jak i receptywne techniki muzykoterapii, w tym zasady doboru muzyki do dzia\u0142a\u0144 o r\u00f3\u017cnym celu i charakterze, w tym modyfikacji nastroju, umiej\u0119tno\u015bci odpr\u0119\u017cenia si\u0119, pobudzania kreatywno\u015bci, czy aktywno\u015bci \u0142\u0105cz\u0105ce muzyk\u0119 z wyobra\u017ceniami i s\u0142owem pisanym.<\/p>\n<p style=\"text-align: center;\">Szkolenie zaplanowane jest w formie online:<\/p>\n<p style=\"text-align: center;\">Termin <strong>13.11.2020 r., godz. 10.00-14.00<\/strong><\/p>\n<p style=\"text-align: center;\"><a href=\"https:\/\/wbp.lublin.pl\/wp-content\/uploads\/2020\/10\/muzykoterapia-13.11.2020.doc\">OFERTA<\/a><\/p>\n<p><img data-dominant-color=\"f27e83\" data-has-transparency=\"false\" style=\"--dominant-color: #f27e83;\" loading=\"lazy\" decoding=\"async\" class=\"size-medium wp-image-10132 alignleft not-transparent\" src=\"https:\/\/wbp.lublin.pl\/wp-content\/uploads\/2017\/08\/logos_MKiDN-300x188.png\" alt=\"\" width=\"300\" height=\"188\" \/><b>Dofinansowano ze \u015brodk\u00f3w Ministra Kultury i Dziedzictwa Narodowego pochodz\u0105cych z Funduszu Promocji Kultury, uzyskanych z dop\u0142at ustanowionych w grach obj\u0119tych monopolem pa\u0144stwa, zgodnie z art. 80 ust. 1 ustawy z dnia 19 listopada 2009 r. o grach hazardowych<\/b><\/p>\n<p>&nbsp;<\/p>\n","protected":false},"excerpt":{"rendered":"","protected":false},"author":9,"featured_media":0,"comment_status":"closed","ping_status":"closed","sticky":false,"template":"","format":"standard","meta":{"_tec_requires_first_save":true,"_crdt_document":"","pgc_sgb_lightbox_settings":"","_EventAllDay":false,"_EventTimezone":"","_EventStartDate":"","_EventEndDate":"","_EventStartDateUTC":"","_EventEndDateUTC":"","_EventShowMap":false,"_EventShowMapLink":false,"_EventURL":"","_EventCost":"","_EventCostDescription":"","_EventCurrencySymbol":"","_EventCurrencyCode":"","_EventCurrencyPosition":"","_EventDateTimeSeparator":"","_EventTimeRangeSeparator":"","_EventOrganizerID":[],"_EventVenueID":[],"_OrganizerEmail":"","_OrganizerPhone":"","_OrganizerWebsite":"","_VenueAddress":"","_VenueCity":"","_VenueCountry":"","_VenueProvince":"","_VenueState":"","_VenueZip":"","_VenuePhone":"","_VenueURL":"","_VenueStateProvince":"","_VenueLat":"","_VenueLng":"","_VenueShowMap":false,"_VenueShowMapLink":false,"_tribe_blocks_recurrence_rules":"","_tribe_blocks_recurrence_description":"","_tribe_blocks_recurrence_exclusions":"","footnotes":""},"categories":[74],"tags":[],"class_list":["post-26970","post","type-post","status-publish","format-standard","hentry","category-komunikaty-branzowe"],"publishpress_future_action":{"enabled":false,"date":"2026-05-06 15:55:07","action":"change-status","newStatus":"draft","terms":[],"taxonomy":"category","extraData":[]},"publishpress_future_workflow_manual_trigger":{"enabledWorkflows":[]},"_links":{"self":[{"href":"https:\/\/wbp.lublin.pl\/index.php\/wp-json\/wp\/v2\/posts\/26970","targetHints":{"allow":["GET"]}}],"collection":[{"href":"https:\/\/wbp.lublin.pl\/index.php\/wp-json\/wp\/v2\/posts"}],"about":[{"href":"https:\/\/wbp.lublin.pl\/index.php\/wp-json\/wp\/v2\/types\/post"}],"author":[{"embeddable":true,"href":"https:\/\/wbp.lublin.pl\/index.php\/wp-json\/wp\/v2\/users\/9"}],"replies":[{"embeddable":true,"href":"https:\/\/wbp.lublin.pl\/index.php\/wp-json\/wp\/v2\/comments?post=26970"}],"version-history":[{"count":3,"href":"https:\/\/wbp.lublin.pl\/index.php\/wp-json\/wp\/v2\/posts\/26970\/revisions"}],"predecessor-version":[{"id":27008,"href":"https:\/\/wbp.lublin.pl\/index.php\/wp-json\/wp\/v2\/posts\/26970\/revisions\/27008"}],"wp:attachment":[{"href":"https:\/\/wbp.lublin.pl\/index.php\/wp-json\/wp\/v2\/media?parent=26970"}],"wp:term":[{"taxonomy":"category","embeddable":true,"href":"https:\/\/wbp.lublin.pl\/index.php\/wp-json\/wp\/v2\/categories?post=26970"},{"taxonomy":"post_tag","embeddable":true,"href":"https:\/\/wbp.lublin.pl\/index.php\/wp-json\/wp\/v2\/tags?post=26970"}],"curies":[{"name":"wp","href":"https:\/\/api.w.org\/{rel}","templated":true}]}}