{"id":27449,"date":"2020-11-27T00:08:44","date_gmt":"2020-11-26T23:08:44","guid":{"rendered":"https:\/\/wbp.lublin.pl\/?p=27449"},"modified":"2021-01-05T22:14:32","modified_gmt":"2021-01-05T21:14:32","slug":"domowe-narodowe-czytanie-odcinek-60","status":"publish","type":"post","link":"https:\/\/wbp.lublin.pl\/index.php\/2020\/11\/27\/domowe-narodowe-czytanie-odcinek-60\/","title":{"rendered":"Domowe Narodowe Czytanie &#8211; odcinek 60"},"content":{"rendered":"<p><!--more--><\/p>\n<p style=\"text-align: center;\"><strong>Domowe Narodowe Czytanie &#8211; odcinek 60<\/strong><\/p>\n<p style=\"text-align: justify;\">Czy mo\u017cna zakocha\u0107 si\u0119 mie\u015bcie, kraju, obcym j\u0119zyku? Ale\u017c tak! Mo\u017cna wpa\u015b\u0107 w t\u0119 mi\u0142o\u015b\u0107 po uszy, a potem pisa\u0107 o tym ksi\u0105\u017cki. Dowodem Mariusz Szczygie\u0142, kt\u00f3ry swoj\u0105 fascynacj\u0119 Czechami pr\u00f3buje &#8211; i to z dobrym skutkiem &#8211; zaszczepi\u0107 w czytelnikach swoich ksi\u0105\u017cek. Republika Czeska, z kt\u00f3r\u0105 s\u0105siadujemy, jest nam, Polakom, krajem znanym &#8211; tak nam si\u0119 przynajmniej wydaje. Do czasu. Po lekturze ksi\u0105\u017cek Szczyg\u0142a nie mamy ju\u017c takiej pewno\u015bci, autor umiej\u0119tnie i niestereotypowo rozbudza\u00a0 w nas\u00a0 zainteresowanie czesk\u0105 kultur\u0105, literatur\u0105, sztuk\u0105, histori\u0105,\u00a0 wsp\u00f3\u0142czesno\u015bci\u0105&#8230; Czytanie &#8222;czeskich&#8221; ksi\u0105\u017cek Szczyg\u0142a to przyjemno\u015b\u0107 i spora porcja wiedzy, kt\u00f3ra wzbogaca nasze prywatne pasje i zainteresowania. W kolejnym odcinku <strong>Domowego Narodowego Czytania<\/strong> pisze o tym <strong>Dorota Mo\u015bcibrodzka<\/strong> i zapewne nie jest w swej opinii odosobniona, bo popularno\u015b\u0107 ksi\u0105\u017cek Szczyg\u0142a dowodzi, \u017ce niejeden czytelnik wpad\u0142 w czeskie klimaty &#8222;po same uszy&#8221;.<\/p>\n<p style=\"text-align: right;\"><strong>Ewa Hadrian<\/strong> &#8211; redaktor DNC<\/p>\n<p style=\"text-align: center;\"><strong>Po uszy w Pradze<\/strong><\/p>\n<p style=\"text-align: justify;\">Teoretycznie ksi\u0105\u017cka <strong>Mariusza Szczyg\u0142a <em>L\u00e1ska nebesk\u00e1 <\/em><\/strong>jest znana czytelnikom od dawna, pierwszy raz wydano j\u0105 bowiem w 2012 roku. W mi\u0119dzyczasie ukaza\u0142a si\u0119 tak\u017ce w Czechach, zyskuj\u0105c nie mniejszy rozg\u0142os.\u00a0 Mimo to, gdy jaki\u015b czas temu autor og\u0142osi\u0142 w mediach spo\u0142eczno\u015bciowych, \u017ce planuje wyda\u0107 j\u0105 kolejny raz w Polsce, pytania o przedsprzeda\u017c ruszy\u0142y jak lawina. Nic dziwnego, lubimy Czechy, kt\u00f3re z pasj\u0105 i znajomo\u015bci\u0105 tematu od lat przybli\u017ca i oswaja nam w\u0142a\u015bnie Mariusz Szczygie\u0142. Zamys\u0142 autora poszed\u0142 jednak tym razem nieco dalej \u2013 nie chodzi\u0142o wy\u0142\u0105cznie o reedycj\u0119 tekstu. W najnowszym wydaniu \u00a0<em>L\u00e1ski nebeskej<\/em> reporter sk\u0142ada uk\u0142on mistrzowi fotografii, czeskiemu arty\u015bcie Josefowi Sudkowi (1896-1976), dopisuj\u0105c szkic o jego \u017cyciu.<\/p>\n<p style=\"text-align: justify;\">W osobistym przewodniku po Pradze pisa\u0142 Szczygie\u0142 o Sudku i o swoim \u017calu, \u017ce nigdzie w tym mie\u015bcie \u2013 ukochanym przez fotografa \u2013 nie mo\u017cna zobaczy\u0107 jego zdj\u0119\u0107 (okazuje si\u0119, i\u017c nie jest to tylko bol\u0105czka Pragi \u2013 cho\u0107 to w\u0142a\u015bnie tam instynktownie chcia\u0142oby si\u0119 ogl\u0105da\u0107 kadry Sudka na ka\u017cdym kroku \u2013 ale o tym za chwil\u0119). Postanowi\u0142 wi\u0119c autor wznowi\u0107 swoj\u0105 niezwykle popularn\u0105 ksi\u0105\u017ck\u0119 i postara\u0142 si\u0119 o mo\u017cliwo\u015b\u0107 zamieszczenia w niej zdj\u0119\u0107 Josefa Sudka. Sprawa o tyle\u017c niezwyk\u0142a, \u017ce w Polsce nigdy dot\u0105d, o ile mi wiadomo, poza katalogami nielicznych, do tego raczej zbiorowych, wystaw, nie opublikowano albumu tego wybitnego fotografa. Chwa\u0142a wi\u0119c Szczyg\u0142owi: dzi\u0119ki jego staraniom mo\u017cemy trzyma\u0107 w r\u0119kach kolejne wydanie<em> L\u00e1ski<\/em>, uzupe\u0142nione o 28 (!)\u00a0 reprodukcji zdj\u0119\u0107 Sudka.<\/p>\n<p style=\"text-align: justify;\">Wyb\u00f3r fotografii do ksi\u0105\u017cki jest ciekawy, ukazuje bowiem r\u00f3\u017cnorodno\u015b\u0107 pracy Sudka \u2013 wybitnego pejza\u017cysty, przenikliwego portrecisty, wreszcie \u2013 genialnego obserwatora najlichszej, zdegradowanej wydawa\u0142oby si\u0119 rzeczywisto\u015bci, kt\u00f3r\u0105 chcia\u0142oby si\u0119 skry\u0107 przed \u015bwiatem.\u00a0 Zdj\u0119cia znakomicie wpisuj\u0105 si\u0119 w klimat felieton\u00f3w Szczyg\u0142a i tworz\u0105 wraz z nimi sp\u00f3jn\u0105 opowie\u015b\u0107 nie pozostaj\u0105c jedynie t\u0142em dla narracji. Dzi\u0119ki magicznemu \u015bwiat\u0142u, oczarowuj\u0105 nas zwyk\u0142e przedmioty, a majestatu nabiera orzech laskowy, kromka chleba czy jajko wrzucone do szklanki. Fotografi\u0119 tej rangi najlepiej rzecz jasna ogl\u0105da\u0107 na wystawie, obcuj\u0105c ze szlachetnymi odbitkami, jednak okazji ku temu jest niewiele \u2013 w Polsce ostatnia nadarzy\u0142a si\u0119 rok temu w Galerii BWA w Jeleniej G\u00f3rze. Fotografia czeska generalnie jest niezwykle ciekawa, cho\u0107 ubolewam, \u017ce wci\u0105\u017c jeszcze za ma\u0142o nam znana.\u00a0 Chwa\u0142a wi\u0119c wszelkim wydawnictwom, kt\u00f3re pozwalaj\u0105 czytelnikowi si\u0119 jej przyjrze\u0107. Chwa\u0142a Mariuszowi Szczyg\u0142owi, nie tylko za pomys\u0142, lecz i realizacj\u0119 \u2013 zdj\u0119cia w jego ksi\u0105\u017cce, nie b\u0119d\u0105cej przecie\u017c albumem, zreprodukowano zaskakuj\u0105co dobrze jak na druk fotografii w tego typu publikacji.<\/p>\n<div id='gallery-1' class='gallery galleryid-27449 gallery-columns-2 gallery-size-medium'><figure class='gallery-item'>\n\t\t\t<div class='gallery-icon portrait'>\n\t\t\t\t<a href='https:\/\/wbp.lublin.pl\/index.php\/2020\/11\/27\/domowe-narodowe-czytanie-odcinek-60\/20201102_132459\/'><img loading=\"lazy\" decoding=\"async\" width=\"448\" height=\"600\" src=\"https:\/\/wbp.lublin.pl\/wp-content\/uploads\/2020\/11\/20201102_132459-448x600.webp\" class=\"attachment-medium size-medium not-transparent\" alt=\"Antologia fotografii czeskiej\" aria-describedby=\"gallery-1-27456\" srcset=\"https:\/\/wbp.lublin.pl\/wp-content\/uploads\/2020\/11\/20201102_132459-448x600.webp 448w, https:\/\/wbp.lublin.pl\/wp-content\/uploads\/2020\/11\/20201102_132459-299x400.webp 299w, https:\/\/wbp.lublin.pl\/wp-content\/uploads\/2020\/11\/20201102_132459-768x1028.webp 768w, https:\/\/wbp.lublin.pl\/wp-content\/uploads\/2020\/11\/20201102_132459-624x835.webp 624w, https:\/\/wbp.lublin.pl\/wp-content\/uploads\/2020\/11\/20201102_132459.webp 807w\" sizes=\"auto, (max-width: 448px) 100vw, 448px\" data-has-transparency=\"false\" data-dominant-color=\"7a7f88\" style=\"--dominant-color: #7a7f88;\" \/><\/a>\n\t\t\t<\/div>\n\t\t\t\t<figcaption class='wp-caption-text gallery-caption' id='gallery-1-27456'>\n\t\t\t\tAntologia fotografii czeskiej\n\t\t\t\t<\/figcaption><\/figure><figure class='gallery-item'>\n\t\t\t<div class='gallery-icon portrait'>\n\t\t\t\t<a href='https:\/\/wbp.lublin.pl\/index.php\/2020\/11\/27\/domowe-narodowe-czytanie-odcinek-60\/20201102_132013\/'><img loading=\"lazy\" decoding=\"async\" width=\"450\" height=\"600\" src=\"https:\/\/wbp.lublin.pl\/wp-content\/uploads\/2020\/11\/20201102_132013-450x600.webp\" class=\"attachment-medium size-medium not-transparent\" alt=\"mariusz szczygie\u0142\" srcset=\"https:\/\/wbp.lublin.pl\/wp-content\/uploads\/2020\/11\/20201102_132013-450x600.webp 450w, https:\/\/wbp.lublin.pl\/wp-content\/uploads\/2020\/11\/20201102_132013-300x400.webp 300w, https:\/\/wbp.lublin.pl\/wp-content\/uploads\/2020\/11\/20201102_132013-768x1024.webp 768w, https:\/\/wbp.lublin.pl\/wp-content\/uploads\/2020\/11\/20201102_132013-624x832.webp 624w, https:\/\/wbp.lublin.pl\/wp-content\/uploads\/2020\/11\/20201102_132013.webp 810w\" sizes=\"auto, (max-width: 450px) 100vw, 450px\" data-has-transparency=\"false\" data-dominant-color=\"8f8f8f\" style=\"--dominant-color: #8f8f8f;\" \/><\/a>\n\t\t\t<\/div><\/figure><figure class='gallery-item'>\n\t\t\t<div class='gallery-icon landscape'>\n\t\t\t\t<a href='https:\/\/wbp.lublin.pl\/index.php\/2020\/11\/27\/domowe-narodowe-czytanie-odcinek-60\/20201102_132348\/'><img loading=\"lazy\" decoding=\"async\" width=\"600\" height=\"450\" src=\"https:\/\/wbp.lublin.pl\/wp-content\/uploads\/2020\/11\/20201102_132348-600x450.webp\" class=\"attachment-medium size-medium not-transparent\" alt=\"Josef Sudek\" aria-describedby=\"gallery-1-27455\" srcset=\"https:\/\/wbp.lublin.pl\/wp-content\/uploads\/2020\/11\/20201102_132348-600x450.webp 600w, https:\/\/wbp.lublin.pl\/wp-content\/uploads\/2020\/11\/20201102_132348-400x300.webp 400w, https:\/\/wbp.lublin.pl\/wp-content\/uploads\/2020\/11\/20201102_132348-768x576.webp 768w, https:\/\/wbp.lublin.pl\/wp-content\/uploads\/2020\/11\/20201102_132348-947x710.webp 947w, https:\/\/wbp.lublin.pl\/wp-content\/uploads\/2020\/11\/20201102_132348-624x468.webp 624w, https:\/\/wbp.lublin.pl\/wp-content\/uploads\/2020\/11\/20201102_132348.webp 1440w\" sizes=\"auto, (max-width: 600px) 100vw, 600px\" data-has-transparency=\"false\" data-dominant-color=\"9f9f9e\" style=\"--dominant-color: #9f9f9e;\" \/><\/a>\n\t\t\t<\/div>\n\t\t\t\t<figcaption class='wp-caption-text gallery-caption' id='gallery-1-27455'>\n\t\t\t\tJosef Sudek\n\t\t\t\t<\/figcaption><\/figure><figure class='gallery-item'>\n\t\t\t<div class='gallery-icon landscape'>\n\t\t\t\t<a href='https:\/\/wbp.lublin.pl\/index.php\/2020\/11\/27\/domowe-narodowe-czytanie-odcinek-60\/20201102_132259\/'><img loading=\"lazy\" decoding=\"async\" width=\"600\" height=\"422\" src=\"https:\/\/wbp.lublin.pl\/wp-content\/uploads\/2020\/11\/20201102_132259-600x422.webp\" class=\"attachment-medium size-medium not-transparent\" alt=\"Ksi\u0105\u017cka\" srcset=\"https:\/\/wbp.lublin.pl\/wp-content\/uploads\/2020\/11\/20201102_132259-600x422.webp 600w, https:\/\/wbp.lublin.pl\/wp-content\/uploads\/2020\/11\/20201102_132259-400x282.webp 400w, https:\/\/wbp.lublin.pl\/wp-content\/uploads\/2020\/11\/20201102_132259-768x541.webp 768w, https:\/\/wbp.lublin.pl\/wp-content\/uploads\/2020\/11\/20201102_132259-947x667.webp 947w, https:\/\/wbp.lublin.pl\/wp-content\/uploads\/2020\/11\/20201102_132259-624x439.webp 624w, https:\/\/wbp.lublin.pl\/wp-content\/uploads\/2020\/11\/20201102_132259.webp 1534w\" sizes=\"auto, (max-width: 600px) 100vw, 600px\" data-has-transparency=\"false\" data-dominant-color=\"7b766b\" style=\"--dominant-color: #7b766b;\" \/><\/a>\n\t\t\t<\/div><\/figure>\n\t\t<\/div>\n\n<p style=\"text-align: justify;\">Dlaczego Szczygie\u0142 sk\u0142oni\u0142 si\u0119 w stron\u0119 Sudka? Zupe\u0142nie mnie to nie dziwi, obserwuj\u0105c jego nies\u0142abn\u0105c\u0105 pasj\u0119 i czeskie inspiracje. Josef Sudek mawia\u0142, \u017ce nie opu\u015bci Pragi, bo wpad\u0142 w ni\u0105 po uszy \u2013 Mariusz Szczygie\u0142 nie musi powtarza\u0107 za nim tych s\u0142\u00f3w, aby da\u0107 czytelnikowi pewno\u015b\u0107, \u017ce czuje dok\u0142adnie to samo.<\/p>\n<p style=\"text-align: right;\">Tekst i fotografie <strong>Dorota Mo\u015bcibrodzka<\/strong><br \/>\n(Dzia\u0142 Informacji i Promocji WBP)<\/p>\n","protected":false},"excerpt":{"rendered":"","protected":false},"author":7,"featured_media":27453,"comment_status":"closed","ping_status":"closed","sticky":false,"template":"","format":"standard","meta":{"_tec_requires_first_save":true,"_crdt_document":"","pgc_sgb_lightbox_settings":"","_EventAllDay":false,"_EventTimezone":"","_EventStartDate":"","_EventEndDate":"","_EventStartDateUTC":"","_EventEndDateUTC":"","_EventShowMap":false,"_EventShowMapLink":false,"_EventURL":"","_EventCost":"","_EventCostDescription":"","_EventCurrencySymbol":"","_EventCurrencyCode":"","_EventCurrencyPosition":"","_EventDateTimeSeparator":"","_EventTimeRangeSeparator":"","_EventOrganizerID":[],"_EventVenueID":[],"_OrganizerEmail":"","_OrganizerPhone":"","_OrganizerWebsite":"","_VenueAddress":"","_VenueCity":"","_VenueCountry":"","_VenueProvince":"","_VenueState":"","_VenueZip":"","_VenuePhone":"","_VenueURL":"","_VenueStateProvince":"","_VenueLat":"","_VenueLng":"","_VenueShowMap":false,"_VenueShowMapLink":false,"_tribe_blocks_recurrence_rules":"","_tribe_blocks_recurrence_description":"","_tribe_blocks_recurrence_exclusions":"","footnotes":""},"categories":[636,10],"tags":[],"class_list":["post-27449","post","type-post","status-publish","format-standard","has-post-thumbnail","hentry","category-domowe-narodowe-czytanie","category-aktualnosci"],"publishpress_future_action":{"enabled":false,"date":"2026-05-06 10:30:03","action":"change-status","newStatus":"draft","terms":[],"taxonomy":"category","extraData":[]},"publishpress_future_workflow_manual_trigger":{"enabledWorkflows":[]},"_links":{"self":[{"href":"https:\/\/wbp.lublin.pl\/index.php\/wp-json\/wp\/v2\/posts\/27449","targetHints":{"allow":["GET"]}}],"collection":[{"href":"https:\/\/wbp.lublin.pl\/index.php\/wp-json\/wp\/v2\/posts"}],"about":[{"href":"https:\/\/wbp.lublin.pl\/index.php\/wp-json\/wp\/v2\/types\/post"}],"author":[{"embeddable":true,"href":"https:\/\/wbp.lublin.pl\/index.php\/wp-json\/wp\/v2\/users\/7"}],"replies":[{"embeddable":true,"href":"https:\/\/wbp.lublin.pl\/index.php\/wp-json\/wp\/v2\/comments?post=27449"}],"version-history":[{"count":6,"href":"https:\/\/wbp.lublin.pl\/index.php\/wp-json\/wp\/v2\/posts\/27449\/revisions"}],"predecessor-version":[{"id":27461,"href":"https:\/\/wbp.lublin.pl\/index.php\/wp-json\/wp\/v2\/posts\/27449\/revisions\/27461"}],"wp:featuredmedia":[{"embeddable":true,"href":"https:\/\/wbp.lublin.pl\/index.php\/wp-json\/wp\/v2\/media\/27453"}],"wp:attachment":[{"href":"https:\/\/wbp.lublin.pl\/index.php\/wp-json\/wp\/v2\/media?parent=27449"}],"wp:term":[{"taxonomy":"category","embeddable":true,"href":"https:\/\/wbp.lublin.pl\/index.php\/wp-json\/wp\/v2\/categories?post=27449"},{"taxonomy":"post_tag","embeddable":true,"href":"https:\/\/wbp.lublin.pl\/index.php\/wp-json\/wp\/v2\/tags?post=27449"}],"curies":[{"name":"wp","href":"https:\/\/api.w.org\/{rel}","templated":true}]}}