{"id":27463,"date":"2020-11-27T13:33:30","date_gmt":"2020-11-27T12:33:30","guid":{"rendered":"https:\/\/wbp.lublin.pl\/?p=27463"},"modified":"2021-04-13T14:26:59","modified_gmt":"2021-04-13T12:26:59","slug":"szanowni-czytelnicy-i-sympatycy-biblioteki","status":"publish","type":"post","link":"https:\/\/wbp.lublin.pl\/index.php\/2020\/11\/27\/szanowni-czytelnicy-i-sympatycy-biblioteki\/","title":{"rendered":"Szanowni Czytelnicy i Sympatycy Biblioteki"},"content":{"rendered":"<p style=\"text-align: center;\"><!--more--><strong>Szanowni Czytelnicy i Sympatycy Biblioteki<\/strong><\/p>\n<p style=\"text-align: center;\"><strong>30 listopada 2020 roku uruchamiamy w pe\u0142ni Wypo\u017cyczalni\u0119 WBP<br \/>\nz zachowaniem zasad re\u017cimu sanitarnego<\/strong><\/p>\n<p style=\"text-align: center;\"><strong>Godziny otwarcia Wypo\u017cyczalni:<\/strong><\/p>\n<p style=\"text-align: center;\"><strong>Poniedzia\u0142ek, czwartek, pi\u0105tek 9.00-15.00<\/strong><\/p>\n<p style=\"text-align: center;\"><strong>Wtorek, \u015broda\u00a0 12.00-19.30<\/strong><\/p>\n<p style=\"text-align: center;\"><strong>Szczeg\u00f3\u0142owe zasady korzystania z Wypo\u017cyczalni WBP w rygorze sanitarnym:<\/strong><\/p>\n<p style=\"text-align: left;\"><strong>Zamawianie ksi\u0105\u017cek istnieje wy\u0142\u0105cznie poprzez katalog, telefonicznie, mailowo.<\/strong><\/p>\n<p>Zam\u00f3wienia przyjmowane b\u0119d\u0105 drog\u0105 elektroniczn\u0105\u00a0przez katalog <strong>wbp.lublin.pl<\/strong> (katalog mo\u017cna przeszukiwa\u0107 w ca\u0142o\u015bci, <strong>aktywny b\u0119dzie wy\u0142\u0105cznie modu\u0142 zamawiania publikacji dost\u0119pnych w ksi\u0119gozbiorze Wypo\u017cyczalni<\/strong>, nieaktywny b\u0119dzie modu\u0142 zamawiania do czytelni),<\/p>\n<p>poprzez email: <strong>wyp@wbp.lublin.pl<\/strong> lub telefonicznie: <strong>81-528-74-42, 81-528-74-26<\/strong> (mailowo i telefonicznie realizowane b\u0119d\u0105 wy\u0142\u0105cznie zam\u00f3wienia na konkretne publikacje, konieczne jest podanie autora lub tytu\u0142u),<\/p>\n<p>ilo\u015b\u0107 mo\u017cliwych jednorazowych wypo\u017cycze\u0144 pozostaje regulaminowa: 6 tytu\u0142\u00f3w dla doros\u0142ych, 4 dla dzieci, 2 tytu\u0142y audiobook\u00f3w. Ksi\u0105\u017cki wypo\u017cyczane s\u0105 na okres 4 tygodni z mo\u017cliwo\u015bci\u0105 przed\u0142u\u017cania o kolejne 4 tygodnie, audiobooki na okres 2 tygodni bez mo\u017cliwo\u015bci przed\u0142u\u017cenia.<\/p>\n<p><strong>W Wypo\u017cyczalni\u00a0 mog\u0105 jednorazowo przebywa\u0107 2 osoby, kolejni Czytelnicy b\u0119d\u0105 oczekiwa\u0107 w kolejce z zachowaniem 2-metrowej odleg\u0142o\u015bci od siebie.\u00a0<\/strong><\/p>\n<p><strong>Czytelnik ma obowi\u0105zek przestrzegania wdro\u017conego re\u017cimu sanitarnego.<\/strong><\/p>\n<p><strong>Nie ma mo\u017cliwo\u015bci odst\u0119pstwa od wskazanych wytycznych.<\/strong><\/p>\n<p style=\"text-align: center;\"><strong>\u00a0Pozosta\u0142e agendy<\/strong> <strong>Biblioteki pozostaj\u0105 zamkni\u0119ta dla Czytelnik\u00f3w,<br \/>\npracownicy agend bibliotecznych s\u0105 dost\u0119pni telefonicznie\/mailowo w godzinach:<\/strong><\/p>\n<p style=\"text-align: center;\"><strong>poniedzia\u0142ek, czwartek, pi\u0105tek: 9.00-15.00<\/strong><\/p>\n<p style=\"text-align: center;\"><strong>wtorek, \u015broda: 12.00-19.30<\/strong><\/p>\n<p><strong>Pomoc w wyszukiwaniu ksi\u0105\u017cek do wypo\u017cyczenia na konkretny temat:<\/strong><\/p>\n<p>kwerendy tematyczne og\u00f3lne mo\u017cna zg\u0142asza\u0107 do Dzia\u0142u Informacji i Promocji telefonicznie: <strong>81-528-74-17, 81-528-74-38<\/strong> lub mailowo: <strong><a href=\"mailto:informatorium@wbp.lublin.pl\">informatorium@wbp.lublin.pl<\/a><\/strong> ;<\/p>\n<p>kwerendy\u00a0 tematyczne dotycz\u0105ce Lublina i Lubelszczyzny\u00a0 mo\u017cna zg\u0142asza\u0107 do Dzia\u0142u Bibliografii Lubelszczyzny i Wiedzy o Regionie telefonicznie: <strong>81-528-74-16<\/strong> lub mailowo: <strong><a href=\"mailto:blechj@wbp.lublin.pl\">blechj@wbp.lublin.pl<\/a><\/strong><strong> ;<\/strong><\/p>\n<p>kwerendy\u00a0 tematyczne dotycz\u0105ce zbior\u00f3w specjalnych mo\u017cna zg\u0142asza\u0107 do Dzia\u0142u Zbior\u00f3w Specjalnych telefonicznie: <strong>81-528-74-41, 81-528-74-38<\/strong> lub mailowo: <strong><a href=\"mailto:spec@wbp.lublin.pl\">spec@wbp.lublin.pl<\/a><\/strong><strong> .<\/strong><\/p>\n<p>Wypo\u017cyczanie ksi\u0119gozbioru odbywa si\u0119 na podstawie\u00a0<a href=\"https:\/\/dziennikustaw.gov.pl\/D2020000209101.pdf\" target=\"_blank\" rel=\"noopener noreferrer\"> Rozporz\u0105dzenia Rady Ministr\u00f3w z dnia 26 listopada 2020 r. w sprawie ustanowienia okre\u015blonych ogranicze\u0144, nakaz\u00f3w i zakaz\u00f3w w zwi\u0105zku z wyst\u0105pieniem stanu epidemii<\/a>\u00a0oraz\u00a0 <a href=\"https:\/\/www.bn.org.pl\/aktualnosci\/4138-od-28-listopada-mozna-udostepniac-zbiory.-rekomendacje-biblioteki-narodowej.html\">Rekomendacji Biblioteki Narodowej<\/a><\/p>\n<p>&nbsp;<\/p>\n","protected":false},"excerpt":{"rendered":"<p>30 listopada 2020 roku uruchamiamy w pe\u0142ni Wypo\u017cyczalni\u0119 WBP<br \/>\nz zachowaniem zasad re\u017cimu sanitarnego<\/p>\n<p>Godziny otwarcia Wypo\u017cyczalni:<br \/>\nPoniedzia\u0142ek, czwartek, pi\u0105tek 9.00-15.00<br \/>\nWtorek, \u015broda\u00a0 12.00-19.30<\/p>\n","protected":false},"author":7,"featured_media":27236,"comment_status":"closed","ping_status":"closed","sticky":false,"template":"","format":"standard","meta":{"_tec_requires_first_save":true,"_crdt_document":"","pgc_sgb_lightbox_settings":"","_EventAllDay":false,"_EventTimezone":"","_EventStartDate":"","_EventEndDate":"","_EventStartDateUTC":"","_EventEndDateUTC":"","_EventShowMap":false,"_EventShowMapLink":false,"_EventURL":"","_EventCost":"","_EventCostDescription":"","_EventCurrencySymbol":"","_EventCurrencyCode":"","_EventCurrencyPosition":"","_EventDateTimeSeparator":"","_EventTimeRangeSeparator":"","_EventOrganizerID":[],"_EventVenueID":[],"_OrganizerEmail":"","_OrganizerPhone":"","_OrganizerWebsite":"","_VenueAddress":"","_VenueCity":"","_VenueCountry":"","_VenueProvince":"","_VenueState":"","_VenueZip":"","_VenuePhone":"","_VenueURL":"","_VenueStateProvince":"","_VenueLat":"","_VenueLng":"","_VenueShowMap":false,"_VenueShowMapLink":false,"_tribe_blocks_recurrence_rules":"","_tribe_blocks_recurrence_description":"","_tribe_blocks_recurrence_exclusions":"","footnotes":""},"categories":[10,53],"tags":[],"class_list":["post-27463","post","type-post","status-publish","format-standard","has-post-thumbnail","hentry","category-aktualnosci","category-komunikaty"],"publishpress_future_action":{"enabled":false,"date":"2026-05-07 19:50:23","action":"change-status","newStatus":"draft","terms":[],"taxonomy":"category","extraData":[]},"publishpress_future_workflow_manual_trigger":{"enabledWorkflows":[]},"_links":{"self":[{"href":"https:\/\/wbp.lublin.pl\/index.php\/wp-json\/wp\/v2\/posts\/27463","targetHints":{"allow":["GET"]}}],"collection":[{"href":"https:\/\/wbp.lublin.pl\/index.php\/wp-json\/wp\/v2\/posts"}],"about":[{"href":"https:\/\/wbp.lublin.pl\/index.php\/wp-json\/wp\/v2\/types\/post"}],"author":[{"embeddable":true,"href":"https:\/\/wbp.lublin.pl\/index.php\/wp-json\/wp\/v2\/users\/7"}],"replies":[{"embeddable":true,"href":"https:\/\/wbp.lublin.pl\/index.php\/wp-json\/wp\/v2\/comments?post=27463"}],"version-history":[{"count":6,"href":"https:\/\/wbp.lublin.pl\/index.php\/wp-json\/wp\/v2\/posts\/27463\/revisions"}],"predecessor-version":[{"id":27480,"href":"https:\/\/wbp.lublin.pl\/index.php\/wp-json\/wp\/v2\/posts\/27463\/revisions\/27480"}],"wp:featuredmedia":[{"embeddable":true,"href":"https:\/\/wbp.lublin.pl\/index.php\/wp-json\/wp\/v2\/media\/27236"}],"wp:attachment":[{"href":"https:\/\/wbp.lublin.pl\/index.php\/wp-json\/wp\/v2\/media?parent=27463"}],"wp:term":[{"taxonomy":"category","embeddable":true,"href":"https:\/\/wbp.lublin.pl\/index.php\/wp-json\/wp\/v2\/categories?post=27463"},{"taxonomy":"post_tag","embeddable":true,"href":"https:\/\/wbp.lublin.pl\/index.php\/wp-json\/wp\/v2\/tags?post=27463"}],"curies":[{"name":"wp","href":"https:\/\/api.w.org\/{rel}","templated":true}]}}