{"id":275,"date":"2010-01-05T14:49:58","date_gmt":"2010-01-05T13:49:58","guid":{"rendered":"https:\/\/wbp.lublin.pl8\/index.php\/2010\/01\/05\/wystawa-w-holdzie-hartwigowi-w-konkursie-na-wydarzenie-kultury-roku-2009\/"},"modified":"2018-07-01T21:10:32","modified_gmt":"2018-07-01T19:10:32","slug":"wystawa-w-holdzie-hartwigowi-w-konkursie-na-wydarzenie-kultury-roku-2009","status":"publish","type":"post","link":"https:\/\/wbp.lublin.pl\/index.php\/2010\/01\/05\/wystawa-w-holdzie-hartwigowi-w-konkursie-na-wydarzenie-kultury-roku-2009\/","title":{"rendered":"Wystawa \u201eW ho\u0142dzie Hartwigowi\u201d w konkursie na Wydarzenie Kultury Roku 2009"},"content":{"rendered":"<p><!--more--><\/p>\n<h2 style=\"text-align: center;\"><span style=\"font-size: 18px;\">Szanowni Czytelnicy i Sympatycy Biblioteki<\/span><\/h2>\n<h6 style=\"text-align: center;\"><strong>Z dum\u0105 i rado\u015bci\u0105 informujemy,<br \/>\ni\u017c wystawa fotograficzna <span style=\"color: #993300;\">\u201eW ho\u0142dzie Hartwigowi\u201d<\/span>,<br \/>\nprzygotowana z okazji 100. rocznicy urodzin Artysty,<br \/>\nzosta\u0142a zg\u0142oszona przez czytelnik\u00f3w \u201eGazety w Lublinie\u201d<br \/>\ndo konkursu na Wydarzenie Kultury Roku 2009.<\/strong><\/h6>\n<h6 style=\"text-align: center;\"><strong>Wystawa znalaz\u0142a si\u0119 w wybranej Dziesi\u0105tce Wydarze\u0144 Kultury 2009<br \/>\n\u2013 kandydat\u00f3w do Grand Prix.<\/strong><\/h6>\n<h5 style=\"text-align: center;\"><strong>Zach\u0119camy do g\u0141osowania na<br \/>\n<em>\u015awi\u0119towanie zwi\u0105zk\u00f3w rodziny Hartwig\u00f3w z Lublinem<br \/>\n(wystawa fotograficzna \u201eW ho\u0142dzie Hartwigowi\u201d,<br \/>\nnadanie Julii Hartwig tytu\u0142u Honorowego Obywatela Lublina)<\/em>.<\/strong><\/h5>\n<h5 style=\"text-align: center;\"><strong>Wr\u0119czenie Grand Prix b\u0119dzie mia\u0142o miejsce 23 stycznia 2010 r.<\/strong><\/h5>\n<p style=\"text-align: center;\"><a href=\"http:\/\/lublin.gazeta.pl\/lublin\/1,35640,7435414,10_Wydarzen_Kultury_2009_Roku.html\" target=\"_blank\" rel=\"noopener\"><em>Gazeta w Lublinie <\/em>2010 nr 7 s. 4-5<\/a><strong><br \/>\n<\/strong><\/p>\n<p style=\"text-align: center;\"><strong><img data-dominant-color=\"b98080\" data-has-transparency=\"false\" style=\"--dominant-color: #b98080;\" loading=\"lazy\" decoding=\"async\" class=\"alignnone wp-image-271 size-full not-transparent\" src=\"http:\/\/wbp.lublin.pl\/wp-content\/uploads\/2010\/01\/onephoto.net_image_hartwig.jpg\" alt=\"Plakat wystawy &quot;W ho\u0142dzie Hartwigowi&quot;\" width=\"396\" height=\"556\" align=\"middle\" \/><br \/>\n<\/strong><\/p>\n<h5 style=\"text-align: center;\">Wystaw\u0119 zorganizowali:<br \/>\n<span style=\"color: #993300;\"><strong>Lubelskie Towarzystwo Fotograficzne<\/strong>,<br \/>\n<strong>Wojew\u00f3dzki O\u015brodek Kultury<\/strong><\/span><br \/>\noraz<span style=\"color: #993300;\"><br \/>\n<strong>Wojew\u00f3dzka Biblioteka Publiczna im. H. \u0141opaci\u0144skiego w Lublinie<\/strong><\/span>.<a href=\"http:\/\/www.ltf.org.pl\/\" target=\"_blank\" rel=\"noopener\"><br \/>\n<img data-dominant-color=\"a8a7a6\" data-has-transparency=\"false\" style=\"--dominant-color: #a8a7a6;\" loading=\"lazy\" decoding=\"async\" class=\"size-full wp-image-272 not-transparent\" src=\"http:\/\/wbp.lublin.pl\/wp-content\/uploads\/2010\/01\/hieronim.wbp.lublin.pl_wbp_b_wyd_kult_galerie_2009_hartwig_LOGO_LTF_kolo.jpg\" alt=\"\" width=\"100\" height=\"100\" align=\"middle\" \/><\/a><a href=\"http:\/\/www.wok.lublin.pl\/\" target=\"_blank\" rel=\"noopener\"><img data-dominant-color=\"c2aa99\" data-has-transparency=\"false\" style=\"--dominant-color: #c2aa99;\" loading=\"lazy\" decoding=\"async\" class=\"size-full wp-image-273 not-transparent\" src=\"http:\/\/wbp.lublin.pl\/wp-content\/uploads\/2010\/01\/hieronim.wbp.lublin.pl_wbp_b_wyd_kult_galerie_2009_hartwig_Logo%20WOK%201.jpg\" alt=\"\" width=\"100\" height=\"100\" align=\"middle\" \/><\/a><a href=\"http:\/\/212.182.106.58\/wbp\/\" target=\"_blank\" rel=\"noopener\"><img data-dominant-color=\"d2d2d2\" data-has-transparency=\"false\" style=\"--dominant-color: #d2d2d2;\" loading=\"lazy\" decoding=\"async\" class=\"size-full wp-image-274 not-transparent\" src=\"http:\/\/wbp.lublin.pl\/wp-content\/uploads\/2010\/01\/hieronim.wbp.lublin.pl_wbp_b_wyd_kult_galerie_2009_hartwig_hl.jpg\" alt=\"\" width=\"79\" height=\"100\" align=\"middle\" \/><\/a><\/h5>\n<p style=\"text-align: center;\">Wystawa by\u0142a eksponowana od 8 IX do 15 X 2009 r.<br \/>\nw Galerii Wojew\u00f3dzkiej Biblioteki Publicznej im. Hieronima \u0141opaci\u0144skiego w Lublinie.<br \/>\nEkspozycj\u0119 zwiedzi\u0142o blisko 1000 os\u00f3b.<\/p>\n<p style=\"text-align: center;\">Prace na wystaw\u0119 fotograficy przekazali jako ho\u0142d dla dokona\u0144 Edwarda Hartwiga,<br \/>\nzgodnie z ide\u0105 zaproponowan\u0105 przez pomys\u0142odawc\u0119 projektu, <strong>Krzysztofa Kuzko<\/strong> \u2013 przekazanie fotografii zamiast z\u0142o\u017cenia kwiat\u00f3w na grobie<br \/>\nw 100. rocznic\u0119 urodzin Artysty.<\/p>\n","protected":false},"excerpt":{"rendered":"","protected":false},"author":18,"featured_media":271,"comment_status":"open","ping_status":"open","sticky":false,"template":"","format":"standard","meta":{"_tec_requires_first_save":true,"_crdt_document":"","pgc_sgb_lightbox_settings":"","_EventAllDay":false,"_EventTimezone":"","_EventStartDate":"","_EventEndDate":"","_EventStartDateUTC":"","_EventEndDateUTC":"","_EventShowMap":false,"_EventShowMapLink":false,"_EventURL":"","_EventCost":"","_EventCostDescription":"","_EventCurrencySymbol":"","_EventCurrencyCode":"","_EventCurrencyPosition":"","_EventDateTimeSeparator":"","_EventTimeRangeSeparator":"","_EventOrganizerID":[],"_EventVenueID":[],"_OrganizerEmail":"","_OrganizerPhone":"","_OrganizerWebsite":"","_VenueAddress":"","_VenueCity":"","_VenueCountry":"","_VenueProvince":"","_VenueState":"","_VenueZip":"","_VenuePhone":"","_VenueURL":"","_VenueStateProvince":"","_VenueLat":"","_VenueLng":"","_VenueShowMap":false,"_VenueShowMapLink":false,"_tribe_blocks_recurrence_rules":"","_tribe_blocks_recurrence_description":"","_tribe_blocks_recurrence_exclusions":"","footnotes":""},"categories":[10,53],"tags":[],"class_list":["post-275","post","type-post","status-publish","format-standard","has-post-thumbnail","hentry","category-aktualnosci","category-komunikaty"],"publishpress_future_action":{"enabled":false,"date":"2026-05-06 15:53:20","action":"change-status","newStatus":"draft","terms":[],"taxonomy":"category","extraData":[]},"publishpress_future_workflow_manual_trigger":{"enabledWorkflows":[]},"_links":{"self":[{"href":"https:\/\/wbp.lublin.pl\/index.php\/wp-json\/wp\/v2\/posts\/275","targetHints":{"allow":["GET"]}}],"collection":[{"href":"https:\/\/wbp.lublin.pl\/index.php\/wp-json\/wp\/v2\/posts"}],"about":[{"href":"https:\/\/wbp.lublin.pl\/index.php\/wp-json\/wp\/v2\/types\/post"}],"author":[{"embeddable":true,"href":"https:\/\/wbp.lublin.pl\/index.php\/wp-json\/wp\/v2\/users\/18"}],"replies":[{"embeddable":true,"href":"https:\/\/wbp.lublin.pl\/index.php\/wp-json\/wp\/v2\/comments?post=275"}],"version-history":[{"count":3,"href":"https:\/\/wbp.lublin.pl\/index.php\/wp-json\/wp\/v2\/posts\/275\/revisions"}],"predecessor-version":[{"id":12484,"href":"https:\/\/wbp.lublin.pl\/index.php\/wp-json\/wp\/v2\/posts\/275\/revisions\/12484"}],"wp:featuredmedia":[{"embeddable":true,"href":"https:\/\/wbp.lublin.pl\/index.php\/wp-json\/wp\/v2\/media\/271"}],"wp:attachment":[{"href":"https:\/\/wbp.lublin.pl\/index.php\/wp-json\/wp\/v2\/media?parent=275"}],"wp:term":[{"taxonomy":"category","embeddable":true,"href":"https:\/\/wbp.lublin.pl\/index.php\/wp-json\/wp\/v2\/categories?post=275"},{"taxonomy":"post_tag","embeddable":true,"href":"https:\/\/wbp.lublin.pl\/index.php\/wp-json\/wp\/v2\/tags?post=275"}],"curies":[{"name":"wp","href":"https:\/\/api.w.org\/{rel}","templated":true}]}}