{"id":27597,"date":"2020-12-14T11:27:55","date_gmt":"2020-12-14T10:27:55","guid":{"rendered":"https:\/\/wbp.lublin.pl\/?p=27597"},"modified":"2021-02-04T14:48:12","modified_gmt":"2021-02-04T13:48:12","slug":"ksiegi-z-zasobow-narodowego-archiwum-historycznego-bialorusi-w-bibliotece-cyfrowej-wojewodzkiej-biblioteki-publicznej-im-hieronima-lopacinskiego-w-lublinie","status":"publish","type":"post","link":"https:\/\/wbp.lublin.pl\/index.php\/2020\/12\/14\/ksiegi-z-zasobow-narodowego-archiwum-historycznego-bialorusi-w-bibliotece-cyfrowej-wojewodzkiej-biblioteki-publicznej-im-hieronima-lopacinskiego-w-lublinie\/","title":{"rendered":"Ksi\u0119gi z zasob\u00f3w Narodowego Archiwum Historycznego Bia\u0142orusi  w Bibliotece Cyfrowej Wojew\u00f3dzkiej Biblioteki Publicznej  im. Hieronima \u0141opaci\u0144skiego w Lublinie"},"content":{"rendered":"<p><!--more--><\/p>\n<p><strong>Ksi\u0119gi z zasob\u00f3w Narodowego Archiwum Historycznego Bia\u0142orusi w Bibliotece Cyfrowej <\/strong><strong>Wojew\u00f3dzkiej Biblioteki Publicznej im. Hieronima \u0141opaci\u0144skiego w Lublinie<\/strong><\/p>\n<p><a href=\"http:\/\/bc.wbp.lublin.pl\/dlibra\/pubindex?dirids=62\" target=\"_blank\" rel=\"noopener noreferrer\">Ksi\u0119gi z zasob\u00f3w Narodowego Archiwum Historycznego Bia\u0142orusi w Bibliotece Cyfrowej Wojew\u00f3dzkiej Biblioteki Publicznej im. Hieronima \u0141opaci\u0144skiego w Lublinie<\/a><\/p>\n<p>Dokumenty zdigitalizowano w ramach projektu <strong>Digitalizacja ksi\u0105g s\u0105dowych z XVI-XVIII w. z Narodowego Archiwum Historycznego Bia\u0142orusi w Mi\u0144sku<\/strong>.\u00a0<strong>Kolekcja zawiera zbi\u00f3r 19 ksi\u0105g archiwalnych akt staropolskich przechowywanych w Narodowym Archiwum Historycznym Bia\u0142orusi w Mi\u0144sku. Liczba publikacji w kolekcji:\u00a019<\/strong><\/p>\n<p>W ramach programu <strong>\u201eOchrona dziedzictwa kulturowego za granic\u0105&#8221;<\/strong> realizowanego przez <strong>Narodowy Instytut Polskiego Dziedzictwa Kulturowego za Granic\u0105 POLONIKA<\/strong> mamy przyjemno\u015b\u0107 zaprosi\u0107 Pa\u0144stwa do zapoznania si\u0119 z kolekcj\u0105 zawieraj\u0105c\u0105 zbi\u00f3r 19 ksi\u0105g archiwalnych akt staropolskich przechowywanych w Narodowym Archiwum Historycznym Bia\u0142orusi w Mi\u0144sku. Ksi\u0119gi te, niegdy\u015b znajduj\u0105ce si\u0119 w Polsce w Archiwum Akt Dawnych w Lublinie, w roku 1887 zosta\u0142y wywiezione na polecenie w\u0142adz rosyjskich do Archiwum w Wilnie. Pomimo wielu stara\u0144 o oddanie dokument\u00f3w, nie zosta\u0142y one zwr\u00f3cone. W nieznanych okoliczno\u015bciach i nieustalonym czasie znalaz\u0142y si\u0119 na Bia\u0142orusi.<\/p>\n<p>Dokumenty, kt\u00f3re prezentujemy Pa\u0144stwu to dokumenty kancelarii ziemskich, grodzkich i miejskich XVI i XVII w. W\u015br\u00f3d archiwali\u00f3w znajduj\u0105 si\u0119 materia\u0142y dotycz\u0105ce mieszczan lubelskich, ksi\u0119gi horodelskie oraz zamojskie.<\/p>\n<div id='gallery-1' class='gallery galleryid-27597 gallery-columns-3 gallery-size-medium'><figure class='gallery-item'>\n\t\t\t<div class='gallery-icon portrait'>\n\t\t\t\t<a href='https:\/\/wbp.lublin.pl\/index.php\/2020\/12\/14\/ksiegi-z-zasobow-narodowego-archiwum-historycznego-bialorusi-w-bibliotece-cyfrowej-wojewodzkiej-biblioteki-publicznej-im-hieronima-lopacinskiego-w-lublinie\/ksiegi-ziemskie-z-lat-3\/'><img loading=\"lazy\" decoding=\"async\" width=\"182\" height=\"600\" src=\"https:\/\/wbp.lublin.pl\/wp-content\/uploads\/2020\/12\/ksiegi-ziemskie-z-lat-2-png-182x600.jpg\" class=\"attachment-medium size-medium not-transparent\" alt=\"Ksi\u0119gi ziemskie lubelskie z lat 1548-1623\" aria-describedby=\"gallery-1-27609\" srcset=\"https:\/\/wbp.lublin.pl\/wp-content\/uploads\/2020\/12\/ksiegi-ziemskie-z-lat-2-png-182x600.jpg 182w, https:\/\/wbp.lublin.pl\/wp-content\/uploads\/2020\/12\/ksiegi-ziemskie-z-lat-2-png.avif 317w\" sizes=\"auto, (max-width: 182px) 100vw, 182px\" data-has-transparency=\"false\" data-dominant-color=\"8a857f\" style=\"--dominant-color: #8a857f;\" \/><\/a>\n\t\t\t<\/div>\n\t\t\t\t<figcaption class='wp-caption-text gallery-caption' id='gallery-1-27609'>\n\t\t\t\tKsi\u0119gi ziemskie lubelskie z lat 1548-1623\n\t\t\t\t<\/figcaption><\/figure><figure class='gallery-item'>\n\t\t\t<div class='gallery-icon portrait'>\n\t\t\t\t<a href='https:\/\/wbp.lublin.pl\/index.php\/2020\/12\/14\/ksiegi-z-zasobow-narodowego-archiwum-historycznego-bialorusi-w-bibliotece-cyfrowej-wojewodzkiej-biblioteki-publicznej-im-hieronima-lopacinskiego-w-lublinie\/akta-miasta-lublina-3\/'><img loading=\"lazy\" decoding=\"async\" width=\"176\" height=\"600\" src=\"https:\/\/wbp.lublin.pl\/wp-content\/uploads\/2020\/12\/akta-miasta-lublina-2-png-176x600.jpg\" class=\"attachment-medium size-medium not-transparent\" alt=\"Akta miasta Lublina z lat 1534-1698\" aria-describedby=\"gallery-1-27608\" srcset=\"https:\/\/wbp.lublin.pl\/wp-content\/uploads\/2020\/12\/akta-miasta-lublina-2-png-176x600.jpg 176w, https:\/\/wbp.lublin.pl\/wp-content\/uploads\/2020\/12\/akta-miasta-lublina-2-png-117x400.jpg 117w, https:\/\/wbp.lublin.pl\/wp-content\/uploads\/2020\/12\/akta-miasta-lublina-2-png.avif 309w\" sizes=\"auto, (max-width: 176px) 100vw, 176px\" data-has-transparency=\"false\" data-dominant-color=\"afaeb1\" style=\"--dominant-color: #afaeb1;\" \/><\/a>\n\t\t\t<\/div>\n\t\t\t\t<figcaption class='wp-caption-text gallery-caption' id='gallery-1-27608'>\n\t\t\t\tAkta miasta Lublina z lat 1534-1698\n\t\t\t\t<\/figcaption><\/figure><figure class='gallery-item'>\n\t\t\t<div class='gallery-icon portrait'>\n\t\t\t\t<a href='https:\/\/wbp.lublin.pl\/index.php\/2020\/12\/14\/ksiegi-z-zasobow-narodowego-archiwum-historycznego-bialorusi-w-bibliotece-cyfrowej-wojewodzkiej-biblioteki-publicznej-im-hieronima-lopacinskiego-w-lublinie\/trybunal-zamojski-3\/'><img loading=\"lazy\" decoding=\"async\" width=\"373\" height=\"600\" src=\"https:\/\/wbp.lublin.pl\/wp-content\/uploads\/2020\/12\/trybunal-zamojski-2-png-373x600.jpg\" class=\"attachment-medium size-medium not-transparent\" alt=\"Trybuna\u0142 zamojski dla Miasta Ordynacji Zamojskiej 1634-1669\" aria-describedby=\"gallery-1-27607\" srcset=\"https:\/\/wbp.lublin.pl\/wp-content\/uploads\/2020\/12\/trybunal-zamojski-2-png-373x600.jpg 373w, https:\/\/wbp.lublin.pl\/wp-content\/uploads\/2020\/12\/trybunal-zamojski-2-png-248x400.jpg 248w, https:\/\/wbp.lublin.pl\/wp-content\/uploads\/2020\/12\/trybunal-zamojski-2-png.avif 583w\" sizes=\"auto, (max-width: 373px) 100vw, 373px\" data-has-transparency=\"false\" data-dominant-color=\"9c9a97\" style=\"--dominant-color: #9c9a97;\" \/><\/a>\n\t\t\t<\/div>\n\t\t\t\t<figcaption class='wp-caption-text gallery-caption' id='gallery-1-27607'>\n\t\t\t\tTrybuna\u0142 zamojski dla Miasta Ordynacji Zamojskiej 1634-1669\n\t\t\t\t<\/figcaption><\/figure><figure class='gallery-item'>\n\t\t\t<div class='gallery-icon portrait'>\n\t\t\t\t<a href='https:\/\/wbp.lublin.pl\/index.php\/2020\/12\/14\/ksiegi-z-zasobow-narodowego-archiwum-historycznego-bialorusi-w-bibliotece-cyfrowej-wojewodzkiej-biblioteki-publicznej-im-hieronima-lopacinskiego-w-lublinie\/ksiegi-grodzkie-horodelskie-2\/'><img loading=\"lazy\" decoding=\"async\" width=\"374\" height=\"600\" src=\"https:\/\/wbp.lublin.pl\/wp-content\/uploads\/2020\/12\/ksiegi-grodzkie-horodelskie-1-png-avif-374x600.jpg\" class=\"attachment-medium size-medium not-transparent\" alt=\"Ksi\u0119gi grodzkie horodelskie z lat 1550-1698\" aria-describedby=\"gallery-1-27610\" srcset=\"https:\/\/wbp.lublin.pl\/wp-content\/uploads\/2020\/12\/ksiegi-grodzkie-horodelskie-1-png-avif-374x600.jpg 374w, https:\/\/wbp.lublin.pl\/wp-content\/uploads\/2020\/12\/ksiegi-grodzkie-horodelskie-1-png-avif-250x400.jpg 250w, https:\/\/wbp.lublin.pl\/wp-content\/uploads\/2020\/12\/ksiegi-grodzkie-horodelskie-1-png-avif.avif 606w\" sizes=\"auto, (max-width: 374px) 100vw, 374px\" data-has-transparency=\"false\" data-dominant-color=\"a5a2a0\" style=\"--dominant-color: #a5a2a0;\" \/><\/a>\n\t\t\t<\/div>\n\t\t\t\t<figcaption class='wp-caption-text gallery-caption' id='gallery-1-27610'>\n\t\t\t\tKsi\u0119gi grodzkie horodelskie z lat 1550-1698\n\t\t\t\t<\/figcaption><\/figure>\n\t\t<\/div>\n\n<p class=\"gwp6f8f87b3_MsoNormal\" style=\"text-align: center;\"><strong><i>Dofinansowano ze \u015brodk\u00f3w Ministra Kultury i Dziedzictwa Narodowego<br \/>\npochodz\u0105cych z Funduszu Promocji Kultury,<br \/>\nuzyskanych z dop\u0142at ustanowionych w grach obj\u0119tych monopolem pa\u0144stwa,<br \/>\nzgodnie z art. 80 ust. 1\u00a0 ustawy z dnia 19 listopada 2009 r. o grach hazardowych<\/i>\u00a0<\/strong><\/p>\n<div id='gallery-2' class='gallery galleryid-27597 gallery-columns-1 gallery-size-medium'><figure class='gallery-item'>\n\t\t\t<div class='gallery-icon landscape'>\n\t\t\t\t<a href='https:\/\/wbp.lublin.pl\/index.php\/2020\/10\/29\/warsztaty-kratywnosc-w-pracy-bibliotekarzy-w-obiektywie\/unnamed\/'><img loading=\"lazy\" decoding=\"async\" width=\"300\" height=\"174\" src=\"https:\/\/wbp.lublin.pl\/wp-content\/uploads\/2020\/10\/unnamed.webp\" class=\"attachment-medium size-medium not-transparent\" alt=\"logotyp MDKIN\" data-has-transparency=\"false\" data-dominant-color=\"c4b2b3\" style=\"--dominant-color: #c4b2b3;\" \/><\/a>\n\t\t\t<\/div><\/figure>\n\t\t<\/div>\n\n","protected":false},"excerpt":{"rendered":"","protected":false},"author":7,"featured_media":27610,"comment_status":"closed","ping_status":"closed","sticky":false,"template":"","format":"standard","meta":{"_tec_requires_first_save":true,"_crdt_document":"","pgc_sgb_lightbox_settings":"","_EventAllDay":false,"_EventTimezone":"","_EventStartDate":"","_EventEndDate":"","_EventStartDateUTC":"","_EventEndDateUTC":"","_EventShowMap":false,"_EventShowMapLink":false,"_EventURL":"","_EventCost":"","_EventCostDescription":"","_EventCurrencySymbol":"","_EventCurrencyCode":"","_EventCurrencyPosition":"","_EventDateTimeSeparator":"","_EventTimeRangeSeparator":"","_EventOrganizerID":[],"_EventVenueID":[],"_OrganizerEmail":"","_OrganizerPhone":"","_OrganizerWebsite":"","_VenueAddress":"","_VenueCity":"","_VenueCountry":"","_VenueProvince":"","_VenueState":"","_VenueZip":"","_VenuePhone":"","_VenueURL":"","_VenueStateProvince":"","_VenueLat":"","_VenueLng":"","_VenueShowMap":false,"_VenueShowMapLink":false,"_tribe_blocks_recurrence_rules":"","_tribe_blocks_recurrence_description":"","_tribe_blocks_recurrence_exclusions":"","footnotes":""},"categories":[10],"tags":[],"class_list":["post-27597","post","type-post","status-publish","format-standard","has-post-thumbnail","hentry","category-aktualnosci"],"publishpress_future_action":{"enabled":false,"date":"2026-05-06 15:55:19","action":"change-status","newStatus":"draft","terms":[],"taxonomy":"category","extraData":[]},"publishpress_future_workflow_manual_trigger":{"enabledWorkflows":[]},"_links":{"self":[{"href":"https:\/\/wbp.lublin.pl\/index.php\/wp-json\/wp\/v2\/posts\/27597","targetHints":{"allow":["GET"]}}],"collection":[{"href":"https:\/\/wbp.lublin.pl\/index.php\/wp-json\/wp\/v2\/posts"}],"about":[{"href":"https:\/\/wbp.lublin.pl\/index.php\/wp-json\/wp\/v2\/types\/post"}],"author":[{"embeddable":true,"href":"https:\/\/wbp.lublin.pl\/index.php\/wp-json\/wp\/v2\/users\/7"}],"replies":[{"embeddable":true,"href":"https:\/\/wbp.lublin.pl\/index.php\/wp-json\/wp\/v2\/comments?post=27597"}],"version-history":[{"count":5,"href":"https:\/\/wbp.lublin.pl\/index.php\/wp-json\/wp\/v2\/posts\/27597\/revisions"}],"predecessor-version":[{"id":27600,"href":"https:\/\/wbp.lublin.pl\/index.php\/wp-json\/wp\/v2\/posts\/27597\/revisions\/27600"}],"wp:featuredmedia":[{"embeddable":true,"href":"https:\/\/wbp.lublin.pl\/index.php\/wp-json\/wp\/v2\/media\/27610"}],"wp:attachment":[{"href":"https:\/\/wbp.lublin.pl\/index.php\/wp-json\/wp\/v2\/media?parent=27597"}],"wp:term":[{"taxonomy":"category","embeddable":true,"href":"https:\/\/wbp.lublin.pl\/index.php\/wp-json\/wp\/v2\/categories?post=27597"},{"taxonomy":"post_tag","embeddable":true,"href":"https:\/\/wbp.lublin.pl\/index.php\/wp-json\/wp\/v2\/tags?post=27597"}],"curies":[{"name":"wp","href":"https:\/\/api.w.org\/{rel}","templated":true}]}}