{"id":27652,"date":"2020-12-18T20:59:13","date_gmt":"2020-12-18T19:59:13","guid":{"rendered":"https:\/\/wbp.lublin.pl\/?p=27652"},"modified":"2021-02-15T15:44:10","modified_gmt":"2021-02-15T14:44:10","slug":"unia-lubelska-i-jej-tradycje-najnowsza-publikacja-wojewodzkiej-biblioteki-publicznej-im-hieronima-lopacinskiego-w-lublinie","status":"publish","type":"post","link":"https:\/\/wbp.lublin.pl\/index.php\/2020\/12\/18\/unia-lubelska-i-jej-tradycje-najnowsza-publikacja-wojewodzkiej-biblioteki-publicznej-im-hieronima-lopacinskiego-w-lublinie\/","title":{"rendered":"&#8222;Unia lubelska i jej tradycje&#8221;  \u2013 najnowsza publikacja Wojew\u00f3dzkiej Biblioteki Publicznej  im. Hieronima \u0141opaci\u0144skiego w Lublinie"},"content":{"rendered":"<p style=\"text-align: center;\"><!--more--><span style=\"font-family: arial, helvetica, sans-serif; font-size: 12pt; color: #000000;\"><em><b>Unia lubelska i jej tradycje<br \/>\n<\/b><\/em><b>\u2013 najnowsza publikacja Wojew\u00f3dzkiej Biblioteki Publicznej<br \/>\n<\/b><b>im. Hieronima \u0141opaci\u0144skiego w Lublinie<\/b><\/span><\/p>\n<p style=\"text-align: justify;\"><strong><span style=\"font-family: arial, helvetica, sans-serif; font-size: 12pt; color: #000000;\">Mi\u0142o nam poinformowa\u0107, \u017ce nak\u0142adem Wojew\u00f3dzkiej Biblioteki Publicznej im. Hieronima \u0141opaci\u0144skiego w Lublinie przy wsparciu finansowym Miasta Lublin ukaza\u0142a si\u0119 ksi\u0105\u017cka pt.<em> Unia lubelska i jej tradycje<\/em>.<\/span><\/strong><\/p>\n<p>&nbsp;<\/p>\n<p>&nbsp;<\/p>\n<div id='gallery-1' class='gallery galleryid-27652 gallery-columns-2 gallery-size-medium'><figure class='gallery-item'>\n\t\t\t<div class='gallery-icon landscape'>\n\t\t\t\t<a href='https:\/\/wbp.lublin.pl\/index.php\/2020\/12\/18\/unia-lubelska-i-jej-tradycje-najnowsza-publikacja-wojewodzkiej-biblioteki-publicznej-im-hieronima-lopacinskiego-w-lublinie\/lublin-miasto-inspiracji\/'><img loading=\"lazy\" decoding=\"async\" width=\"419\" height=\"120\" src=\"https:\/\/wbp.lublin.pl\/wp-content\/uploads\/2019\/10\/lublin-miasto-inspiracji-png.avif\" class=\"attachment-medium size-medium not-transparent\" alt=\"Lublin miasto inspiracji_logo\" srcset=\"https:\/\/wbp.lublin.pl\/wp-content\/uploads\/2019\/10\/lublin-miasto-inspiracji-png.avif 419w, https:\/\/wbp.lublin.pl\/wp-content\/uploads\/2019\/10\/lublin-miasto-inspiracji-png-400x115.jpg 400w\" sizes=\"auto, (max-width: 419px) 100vw, 419px\" data-has-transparency=\"false\" data-dominant-color=\"d37d83\" style=\"--dominant-color: #d37d83;\" \/><\/a>\n\t\t\t<\/div><\/figure><figure class='gallery-item'>\n\t\t\t<div class='gallery-icon landscape'>\n\t\t\t\t<a href='https:\/\/wbp.lublin.pl\/index.php\/2020\/12\/18\/unia-lubelska-i-jej-tradycje-najnowsza-publikacja-wojewodzkiej-biblioteki-publicznej-im-hieronima-lopacinskiego-w-lublinie\/znak_unia-poziom\/'><img loading=\"lazy\" decoding=\"async\" width=\"582\" height=\"302\" src=\"https:\/\/wbp.lublin.pl\/wp-content\/uploads\/2019\/09\/Znak_Unia-POZIOM.webp\" class=\"attachment-medium size-medium not-transparent\" alt=\"Unia Lubelska_logo\" srcset=\"https:\/\/wbp.lublin.pl\/wp-content\/uploads\/2019\/09\/Znak_Unia-POZIOM.webp 582w, https:\/\/wbp.lublin.pl\/wp-content\/uploads\/2019\/09\/Znak_Unia-POZIOM-400x208.webp 400w\" sizes=\"auto, (max-width: 582px) 100vw, 582px\" data-has-transparency=\"false\" data-dominant-color=\"378e71\" style=\"--dominant-color: #378e71;\" \/><\/a>\n\t\t\t<\/div><\/figure>\n\t\t<\/div>\n\n<p>&nbsp;<\/p>\n<p>&nbsp;<\/p>\n<p>&nbsp;<\/p>\n<p>&nbsp;<\/p>\n<p>&nbsp;<\/p>\n<div id='gallery-2' class='gallery galleryid-27652 gallery-columns-1 gallery-size-thumbnail'><figure class='gallery-item'>\n\t\t\t<div class='gallery-icon landscape'>\n\t\t\t\t<a href='https:\/\/wbp.lublin.pl\/index.php\/2020\/12\/18\/unia-lubelska-i-jej-tradycje-najnowsza-publikacja-wojewodzkiej-biblioteki-publicznej-im-hieronima-lopacinskiego-w-lublinie\/unia-2\/'><img loading=\"lazy\" decoding=\"async\" width=\"400\" height=\"300\" src=\"https:\/\/wbp.lublin.pl\/wp-content\/uploads\/2020\/12\/unia-2-scaled-400x300.webp\" class=\"attachment-thumbnail size-thumbnail not-transparent\" alt=\"Ksi\u0105\u017cka &quot;Unia lubelska i jej tradycje&quot;\" aria-describedby=\"gallery-2-27657\" srcset=\"https:\/\/wbp.lublin.pl\/wp-content\/uploads\/2020\/12\/unia-2-scaled-400x300.webp 400w, https:\/\/wbp.lublin.pl\/wp-content\/uploads\/2020\/12\/unia-2-scaled-600x450.webp 600w, https:\/\/wbp.lublin.pl\/wp-content\/uploads\/2020\/12\/unia-2-scaled-768x576.webp 768w, https:\/\/wbp.lublin.pl\/wp-content\/uploads\/2020\/12\/unia-2-scaled-947x710.webp 947w, https:\/\/wbp.lublin.pl\/wp-content\/uploads\/2020\/12\/unia-2-scaled-624x468.webp 624w, https:\/\/wbp.lublin.pl\/wp-content\/uploads\/2020\/12\/unia-2-scaled.webp 1440w\" sizes=\"auto, (max-width: 400px) 100vw, 400px\" data-has-transparency=\"false\" data-dominant-color=\"3c3f36\" style=\"--dominant-color: #3c3f36;\" \/><\/a>\n\t\t\t<\/div>\n\t\t\t\t<figcaption class='wp-caption-text gallery-caption' id='gallery-2-27657'>\n\t\t\t\tKsi\u0105\u017cka &#8222;Unia lubelska i jej tradycje&#8221;\n\t\t\t\t<\/figcaption><\/figure><figure class='gallery-item'>\n\t\t\t<div class='gallery-icon landscape'>\n\t\t\t\t<a href='https:\/\/wbp.lublin.pl\/index.php\/2020\/12\/18\/unia-lubelska-i-jej-tradycje-najnowsza-publikacja-wojewodzkiej-biblioteki-publicznej-im-hieronima-lopacinskiego-w-lublinie\/unia-3-2\/'><img loading=\"lazy\" decoding=\"async\" width=\"400\" height=\"300\" src=\"https:\/\/wbp.lublin.pl\/wp-content\/uploads\/2020\/12\/unia-3-1-scaled-400x300.webp\" class=\"attachment-thumbnail size-thumbnail not-transparent\" alt=\"Ksi\u0105\u017cka &quot;Unia lubelska i jej tradycje&quot;\" aria-describedby=\"gallery-2-27661\" srcset=\"https:\/\/wbp.lublin.pl\/wp-content\/uploads\/2020\/12\/unia-3-1-scaled-400x300.webp 400w, https:\/\/wbp.lublin.pl\/wp-content\/uploads\/2020\/12\/unia-3-1-scaled-600x450.webp 600w, https:\/\/wbp.lublin.pl\/wp-content\/uploads\/2020\/12\/unia-3-1-scaled-768x576.webp 768w, https:\/\/wbp.lublin.pl\/wp-content\/uploads\/2020\/12\/unia-3-1-scaled-947x710.webp 947w, https:\/\/wbp.lublin.pl\/wp-content\/uploads\/2020\/12\/unia-3-1-scaled-624x468.webp 624w, https:\/\/wbp.lublin.pl\/wp-content\/uploads\/2020\/12\/unia-3-1-scaled.webp 1440w\" sizes=\"auto, (max-width: 400px) 100vw, 400px\" data-has-transparency=\"false\" data-dominant-color=\"757471\" style=\"--dominant-color: #757471;\" \/><\/a>\n\t\t\t<\/div>\n\t\t\t\t<figcaption class='wp-caption-text gallery-caption' id='gallery-2-27661'>\n\t\t\t\tKsi\u0105\u017cka &#8222;Unia lubelska i jej tradycje&#8221;\n\t\t\t\t<\/figcaption><\/figure><figure class='gallery-item'>\n\t\t\t<div class='gallery-icon portrait'>\n\t\t\t\t<a href='https:\/\/wbp.lublin.pl\/index.php\/2020\/12\/18\/unia-lubelska-i-jej-tradycje-najnowsza-publikacja-wojewodzkiej-biblioteki-publicznej-im-hieronima-lopacinskiego-w-lublinie\/unia-okeadka-2\/'><img loading=\"lazy\" decoding=\"async\" width=\"306\" height=\"400\" src=\"https:\/\/wbp.lublin.pl\/wp-content\/uploads\/2020\/12\/unia-okeadka-1-scaled-306x400.webp\" class=\"attachment-thumbnail size-thumbnail not-transparent\" alt=\"Ksi\u0105\u017cka &quot;Unia lubelska i jej tradycje&quot;\" aria-describedby=\"gallery-2-27660\" srcset=\"https:\/\/wbp.lublin.pl\/wp-content\/uploads\/2020\/12\/unia-okeadka-1-scaled-306x400.webp 306w, https:\/\/wbp.lublin.pl\/wp-content\/uploads\/2020\/12\/unia-okeadka-1-scaled-459x600.webp 459w, https:\/\/wbp.lublin.pl\/wp-content\/uploads\/2020\/12\/unia-okeadka-1-scaled-768x1004.webp 768w, https:\/\/wbp.lublin.pl\/wp-content\/uploads\/2020\/12\/unia-okeadka-1-scaled-624x816.webp 624w, https:\/\/wbp.lublin.pl\/wp-content\/uploads\/2020\/12\/unia-okeadka-1-scaled.webp 826w\" sizes=\"auto, (max-width: 306px) 100vw, 306px\" data-has-transparency=\"false\" data-dominant-color=\"6d695f\" style=\"--dominant-color: #6d695f;\" \/><\/a>\n\t\t\t<\/div>\n\t\t\t\t<figcaption class='wp-caption-text gallery-caption' id='gallery-2-27660'>\n\t\t\t\tKsi\u0105\u017cka &#8222;Unia lubelska i jej tradycje\n\t\t\t\t<\/figcaption><\/figure><figure class='gallery-item'>\n\t\t\t<div class='gallery-icon landscape'>\n\t\t\t\t<a href='https:\/\/wbp.lublin.pl\/index.php\/2020\/12\/18\/unia-lubelska-i-jej-tradycje-najnowsza-publikacja-wojewodzkiej-biblioteki-publicznej-im-hieronima-lopacinskiego-w-lublinie\/unia-4\/'><img loading=\"lazy\" decoding=\"async\" width=\"400\" height=\"300\" src=\"https:\/\/wbp.lublin.pl\/wp-content\/uploads\/2020\/12\/unia-4-scaled-400x300.webp\" class=\"attachment-thumbnail size-thumbnail not-transparent\" alt=\"Ksi\u0105\u017cka &quot;Unia lubelska i jej tradycje&quot;\" aria-describedby=\"gallery-2-27659\" srcset=\"https:\/\/wbp.lublin.pl\/wp-content\/uploads\/2020\/12\/unia-4-scaled-400x300.webp 400w, https:\/\/wbp.lublin.pl\/wp-content\/uploads\/2020\/12\/unia-4-scaled-600x450.webp 600w, https:\/\/wbp.lublin.pl\/wp-content\/uploads\/2020\/12\/unia-4-scaled-768x576.webp 768w, https:\/\/wbp.lublin.pl\/wp-content\/uploads\/2020\/12\/unia-4-scaled-947x710.webp 947w, https:\/\/wbp.lublin.pl\/wp-content\/uploads\/2020\/12\/unia-4-scaled-624x468.webp 624w, https:\/\/wbp.lublin.pl\/wp-content\/uploads\/2020\/12\/unia-4-scaled.webp 1440w\" sizes=\"auto, (max-width: 400px) 100vw, 400px\" data-has-transparency=\"false\" data-dominant-color=\"757470\" style=\"--dominant-color: #757470;\" \/><\/a>\n\t\t\t<\/div>\n\t\t\t\t<figcaption class='wp-caption-text gallery-caption' id='gallery-2-27659'>\n\t\t\t\tKsi\u0105\u017cka &#8222;Unia lubelska i jej tradycje&#8221;\n\t\t\t\t<\/figcaption><\/figure>\n\t\t<\/div>\n\n<p align=\"JUSTIFY\"><span style=\"font-family: arial, helvetica, sans-serif; font-size: 12pt; color: #000000;\">W 2019 roku obchodzono w Lublinie 450. rocznic\u0119 zawarcia unii polsko-litewskiej. Plan wydarze\u0144 rocznicowych obfitowa\u0142 w wiele ciekawych pomys\u0142\u00f3w, w\u015br\u00f3d kt\u00f3rych znalaz\u0142 si\u0119 r\u00f3wnie\u017c cykl wyk\u0142ad\u00f3w pt. <strong>\u201eUnia lubelska i jej tradycje\u201d<\/strong>. Jego organizatorem by\u0142a Wojew\u00f3dzka Biblioteka Publiczna im. Hieronima \u0141opaci\u0144skiego w Lublinie. Wyk\u0142ady obj\u0119li swym patronatem honorowym Jaros\u0142aw Stawiarski \u2013 Marsza\u0142ek Wojew\u00f3dztwa Lubelskiego oraz dr Krzysztof \u017buk \u2013 Prezydent Miasta Lublin.<\/span><\/p>\n<p align=\"JUSTIFY\"><span style=\"font-family: arial, helvetica, sans-serif; font-size: 12pt; color: #000000;\"><strong>Publikacja, wydana przy wsparciu Miasta Lublin w ramach obchod\u00f3w 450-lecia Unii Lubelskiej, stanowi podsumowanie rocznego cyklu prelekcji jakie odby\u0142y si\u0119 w Bibliotece. Jej redakcj\u0105 zaj\u0105\u0142 si\u0119 prof. Ryszard Szczygie\u0142, recenzentami s\u0105 prof. dr hab. Dariusz Kupisz oraz prof. dr hab. Leszek Pi\u0105tkowski, za\u015b autorami tekst\u00f3w s\u0105 ludzie nauki zwi\u0105zani z lubelskimi uczelniami oraz instytucjami kultury: prof. Ryszard Szczygie\u0142, dr Pawe\u0142 Jusiak, dr Gra\u017cyna Jakimi\u0144ska, prof. Henryk Gmiterek, dr Jerzy Ternes, prof. Krzysztof Gombin, dr Grzegorz Figiel, prof. Wies\u0142aw \u015aladkowski, dr Tomasz Lawenda, mgr Edyta \u015acibor oraz mgr Janina Koziarska-Kowalik.<\/strong><\/span><\/p>\n<p align=\"JUSTIFY\"><span style=\"font-family: arial, helvetica, sans-serif; font-size: 12pt; color: #000000;\">Jedena\u015bcie artyku\u0142\u00f3w zebranych w ksi\u0105\u017cce, stanowi niezwykle interesuj\u0105ce zestawienie najwa\u017cniejszych zagadnie\u0144 zwi\u0105zanych w uni\u0105 lubelsk\u0105 \u2013 jej genez\u0105, przebiegiem, uchwaleniem, skutkami i trwa\u0142o\u015bci\u0105 postanowie\u0144. Obok opracowa\u0144 wielu ciekawych w\u0105tk\u00f3w historycznych, szczeg\u00f3lnie miejsce zajmuj\u0105 tak\u017ce teksty, traktuj\u0105ce o spu\u015bci\u017anie unii, maj\u0105cej swe odzwierciedlenie w literaturze i sztuce. Ca\u0142o\u015b\u0107 wydawnictwa z pewno\u015bci\u0105 jest wa\u017cnym wk\u0142adem do stanu bada\u0144 nad uni\u0105 lubelsk\u0105 i jej dziedzictwem.<\/span><\/p>\n<p><span style=\"font-family: arial, helvetica, sans-serif; font-size: 12pt; color: #000000;\">Ksi\u0105\u017ck\u0119 w cenie promocyjnej <b>45,00 z\u0142<\/b> mo\u017cna kupi\u0107 w bibliotecznej Ksi\u0119garni \u201eU Hieronima\u201d (gmach Biblioteki, ul. Narutowicza 4).\u00a0Zapraszamy!<\/span><\/p>\n<p style=\"text-align: right;\"><span style=\"color: #000000; font-family: arial, helvetica, sans-serif;\"><span style=\"font-size: 12pt;\">Tekst i fot. <strong>Katarzyna Stanek<br \/>\n<\/strong><\/span><span style=\"font-size: 12pt;\">(Dzia\u0142 Naukowo-Wydawniczy WBP)<\/span><\/span><\/p>\n","protected":false},"excerpt":{"rendered":"","protected":false},"author":10,"featured_media":27656,"comment_status":"closed","ping_status":"closed","sticky":false,"template":"","format":"standard","meta":{"_tec_requires_first_save":true,"_crdt_document":"","pgc_sgb_lightbox_settings":"","_EventAllDay":false,"_EventTimezone":"","_EventStartDate":"","_EventEndDate":"","_EventStartDateUTC":"","_EventEndDateUTC":"","_EventShowMap":false,"_EventShowMapLink":false,"_EventURL":"","_EventCost":"","_EventCostDescription":"","_EventCurrencySymbol":"","_EventCurrencyCode":"","_EventCurrencyPosition":"","_EventDateTimeSeparator":"","_EventTimeRangeSeparator":"","_EventOrganizerID":[],"_EventVenueID":[],"_OrganizerEmail":"","_OrganizerPhone":"","_OrganizerWebsite":"","_VenueAddress":"","_VenueCity":"","_VenueCountry":"","_VenueProvince":"","_VenueState":"","_VenueZip":"","_VenuePhone":"","_VenueURL":"","_VenueStateProvince":"","_VenueLat":"","_VenueLng":"","_VenueShowMap":false,"_VenueShowMapLink":false,"_tribe_blocks_recurrence_rules":"","_tribe_blocks_recurrence_description":"","_tribe_blocks_recurrence_exclusions":"","footnotes":""},"categories":[10,56],"tags":[],"class_list":["post-27652","post","type-post","status-publish","format-standard","has-post-thumbnail","hentry","category-aktualnosci","category-nowe-publikacje"],"publishpress_future_action":{"enabled":false,"date":"2026-05-05 02:19:17","action":"change-status","newStatus":"draft","terms":[],"taxonomy":"category","extraData":[]},"publishpress_future_workflow_manual_trigger":{"enabledWorkflows":[]},"_links":{"self":[{"href":"https:\/\/wbp.lublin.pl\/index.php\/wp-json\/wp\/v2\/posts\/27652","targetHints":{"allow":["GET"]}}],"collection":[{"href":"https:\/\/wbp.lublin.pl\/index.php\/wp-json\/wp\/v2\/posts"}],"about":[{"href":"https:\/\/wbp.lublin.pl\/index.php\/wp-json\/wp\/v2\/types\/post"}],"author":[{"embeddable":true,"href":"https:\/\/wbp.lublin.pl\/index.php\/wp-json\/wp\/v2\/users\/10"}],"replies":[{"embeddable":true,"href":"https:\/\/wbp.lublin.pl\/index.php\/wp-json\/wp\/v2\/comments?post=27652"}],"version-history":[{"count":19,"href":"https:\/\/wbp.lublin.pl\/index.php\/wp-json\/wp\/v2\/posts\/27652\/revisions"}],"predecessor-version":[{"id":28320,"href":"https:\/\/wbp.lublin.pl\/index.php\/wp-json\/wp\/v2\/posts\/27652\/revisions\/28320"}],"wp:featuredmedia":[{"embeddable":true,"href":"https:\/\/wbp.lublin.pl\/index.php\/wp-json\/wp\/v2\/media\/27656"}],"wp:attachment":[{"href":"https:\/\/wbp.lublin.pl\/index.php\/wp-json\/wp\/v2\/media?parent=27652"}],"wp:term":[{"taxonomy":"category","embeddable":true,"href":"https:\/\/wbp.lublin.pl\/index.php\/wp-json\/wp\/v2\/categories?post=27652"},{"taxonomy":"post_tag","embeddable":true,"href":"https:\/\/wbp.lublin.pl\/index.php\/wp-json\/wp\/v2\/tags?post=27652"}],"curies":[{"name":"wp","href":"https:\/\/api.w.org\/{rel}","templated":true}]}}