{"id":27686,"date":"2020-12-21T21:14:27","date_gmt":"2020-12-21T20:14:27","guid":{"rendered":"https:\/\/wbp.lublin.pl\/?p=27686"},"modified":"2026-02-09T14:44:15","modified_gmt":"2026-02-09T13:44:15","slug":"swiateczny-poranek-u-hieronima-odcinek-26","status":"publish","type":"post","link":"https:\/\/wbp.lublin.pl\/index.php\/2020\/12\/21\/swiateczny-poranek-u-hieronima-odcinek-26\/","title":{"rendered":"\u015awi\u0105teczny &#8222;Poranek u Hieronima&#8221; &#8211; odcinek 26"},"content":{"rendered":"<p><!--more--><\/p>\n<p style=\"text-align: center;\">Szanowni Czytelnicy i Sympatycy Biblioteki<\/p>\n<p style=\"text-align: center;\"><strong>Serdecznie zapraszamy na wigilijny &#8222;Poranek u Hieronima&#8221; &#8211; 23 grudnia 2020, godz. 10.00 <\/strong><br \/>\n<strong>www.wbp.lublin.pl i Facebook WBP (otwarty dla wszystkich)<\/strong><\/p>\n<figure id=\"attachment_23438\" aria-describedby=\"caption-attachment-23438\" style=\"width: 300px\" class=\"wp-caption aligncenter\"><img data-dominant-color=\"15140f\" data-has-transparency=\"false\" style=\"--dominant-color: #15140f;\" loading=\"lazy\" decoding=\"async\" id=\"longdesc-return-23438\" class=\"wp-image-23438 size-medium not-transparent\" tabindex=\"-1\" src=\"https:\/\/wbp.lublin.pl\/wp-content\/uploads\/2019\/12\/IMG_8830-300x200.jpg\" alt=\"Betlejemskie \u015awiat\u0142o Pokoju\" width=\"300\" height=\"200\" longdesc=\"https:\/\/wbp.lublin.pl?longdesc=23438&amp;referrer=27686\" \/><figcaption id=\"caption-attachment-23438\" class=\"wp-caption-text\">Betlejemskie \u015awiat\u0142o Pokoju w WBP<\/figcaption><\/figure>\n<p style=\"text-align: justify;\">W programie:<\/p>\n<ul style=\"text-align: justify;\">\n<li>\u017byczenia \u015bwi\u0105teczne i noworoczne z\u0142o\u017cy <strong>Tadeusz S\u0142awecki<\/strong> &#8211; <strong>Dyrektor Wojew\u00f3dzkiej Biblioteki Publicznej im. Hieronima \u0141opaci\u0144skiego w Lublinie<\/strong><\/li>\n<li><strong>&#8222;Wigilia u Boryn\u00f3w&#8221;<\/strong> &#8211; spektakl na motywach <strong><em>Ch\u0142op\u00f3w<\/em> W\u0142adys\u0142awa Reymonta<\/strong> przedstawi &#8222;<strong>Trupa z szafy bibliotecznej&#8221;<\/strong><\/li>\n<\/ul>\n<p style=\"text-align: justify;\">\u201e<b>Trupa z szafy bibliotecznej\u201d<\/b> to amatorski zesp\u00f3\u0142 teatralny z\u0142o\u017cony z pracownik\u00f3w WBP w Lublinie. Cho\u0107 nazwa powsta\u0142a w 2014 roku (a oficjalnie zafunkcjonowa\u0142a w roku nast\u0119pnym), to tradycje performatywnego czytania w WBP si\u0119gaj\u0105 roku 2013.<\/p>\n<p style=\"text-align: justify;\">Co do zasady, \u201eTrupa\u201d wyst\u0119puje raz w roku przy okazji akcji \u201eNarodowe Czytanie\u201d, cho\u0107 ma w dorobku tak\u017ce spektakl bo\u017conarodzeniowy. Do 2015 r. inscenizacje wystawiane by\u0142y w Galerii Biblioteki, a od 2016 r. prezentowane s\u0105 w podcieniach i na dziedzi\u0144cu Biblioteki. Sk\u0142ad zespo\u0142u i podzia\u0142 funkcji (obsada, ekipa, opieka techniczna) jest zmienny. Od 2015 r. spektakle rejestrowane s\u0105 w wersji filmowej.<\/p>\n<p style=\"text-align: center;\">Zapraszamy!<\/p>\n<div id='gallery-1' class='gallery galleryid-27686 gallery-columns-1 gallery-size-medium'><figure class='gallery-item'>\n\t\t\t<div class='gallery-icon landscape'>\n\t\t\t\t<a href='https:\/\/wbp.lublin.pl\/index.php\/2019\/12\/19\/warsztaty-tworzenia-kartek-swiatecznych-i-ozdob-choinkowych-kartka-od-hieronima-w-obiektywie-2\/img_8689\/'><img loading=\"lazy\" decoding=\"async\" width=\"600\" height=\"400\" src=\"https:\/\/wbp.lublin.pl\/wp-content\/uploads\/2019\/12\/IMG_8689-600x400.webp\" class=\"attachment-medium size-medium not-transparent\" alt=\"\" aria-describedby=\"gallery-1-23388\" srcset=\"https:\/\/wbp.lublin.pl\/wp-content\/uploads\/2019\/12\/IMG_8689-600x400.webp 600w, https:\/\/wbp.lublin.pl\/wp-content\/uploads\/2019\/12\/IMG_8689-400x267.webp 400w, https:\/\/wbp.lublin.pl\/wp-content\/uploads\/2019\/12\/IMG_8689-768x512.webp 768w, https:\/\/wbp.lublin.pl\/wp-content\/uploads\/2019\/12\/IMG_8689-1536x1024.webp 1536w, https:\/\/wbp.lublin.pl\/wp-content\/uploads\/2019\/12\/IMG_8689-947x631.webp 947w, https:\/\/wbp.lublin.pl\/wp-content\/uploads\/2019\/12\/IMG_8689-624x416.webp 624w, https:\/\/wbp.lublin.pl\/wp-content\/uploads\/2019\/12\/IMG_8689-84x56.webp 84w, https:\/\/wbp.lublin.pl\/wp-content\/uploads\/2019\/12\/IMG_8689.webp 1620w\" sizes=\"auto, (max-width: 600px) 100vw, 600px\" data-has-transparency=\"false\" data-dominant-color=\"985c25\" style=\"--dominant-color: #985c25;\" \/><\/a>\n\t\t\t<\/div>\n\t\t\t\t<figcaption class='wp-caption-text gallery-caption' id='gallery-1-23388'>\n\t\t\t\tOzdoba bo\u017conarodzeniowa\n\t\t\t\t<\/figcaption><\/figure><figure class='gallery-item'>\n\t\t\t<div class='gallery-icon landscape'>\n\t\t\t\t<a href='https:\/\/wbp.lublin.pl\/index.php\/2019\/12\/19\/warsztaty-tworzenia-kartek-swiatecznych-i-ozdob-choinkowych-kartka-od-hieronima-w-obiektywie-2\/img_8686\/'><img loading=\"lazy\" decoding=\"async\" width=\"600\" height=\"400\" src=\"https:\/\/wbp.lublin.pl\/wp-content\/uploads\/2019\/12\/IMG_8686-600x400.webp\" class=\"attachment-medium size-medium not-transparent\" alt=\"\" aria-describedby=\"gallery-1-23386\" srcset=\"https:\/\/wbp.lublin.pl\/wp-content\/uploads\/2019\/12\/IMG_8686-600x400.webp 600w, https:\/\/wbp.lublin.pl\/wp-content\/uploads\/2019\/12\/IMG_8686-400x267.webp 400w, https:\/\/wbp.lublin.pl\/wp-content\/uploads\/2019\/12\/IMG_8686-768x512.webp 768w, https:\/\/wbp.lublin.pl\/wp-content\/uploads\/2019\/12\/IMG_8686-1536x1024.webp 1536w, https:\/\/wbp.lublin.pl\/wp-content\/uploads\/2019\/12\/IMG_8686-947x631.webp 947w, https:\/\/wbp.lublin.pl\/wp-content\/uploads\/2019\/12\/IMG_8686-624x416.webp 624w, https:\/\/wbp.lublin.pl\/wp-content\/uploads\/2019\/12\/IMG_8686-84x56.webp 84w, https:\/\/wbp.lublin.pl\/wp-content\/uploads\/2019\/12\/IMG_8686.webp 1620w\" sizes=\"auto, (max-width: 600px) 100vw, 600px\" data-has-transparency=\"false\" data-dominant-color=\"bb7649\" style=\"--dominant-color: #bb7649;\" \/><\/a>\n\t\t\t<\/div>\n\t\t\t\t<figcaption class='wp-caption-text gallery-caption' id='gallery-1-23386'>\n\t\t\t\tOzdoba bo\u017conarodzeniowa\n\t\t\t\t<\/figcaption><\/figure><figure class='gallery-item'>\n\t\t\t<div class='gallery-icon landscape'>\n\t\t\t\t<a href='https:\/\/wbp.lublin.pl\/index.php\/2019\/12\/19\/warsztaty-tworzenia-kartek-swiatecznych-i-ozdob-choinkowych-kartka-od-hieronima-w-obiektywie-2\/img_8678\/'><img loading=\"lazy\" decoding=\"async\" width=\"600\" height=\"400\" src=\"https:\/\/wbp.lublin.pl\/wp-content\/uploads\/2019\/12\/IMG_8678-jpg-avif-600x400.jpg\" class=\"attachment-medium size-medium not-transparent\" alt=\"Ozdoba bo\u017conarodzeniowa\" aria-describedby=\"gallery-1-23382\" srcset=\"https:\/\/wbp.lublin.pl\/wp-content\/uploads\/2019\/12\/IMG_8678-jpg-avif-600x400.jpg 600w, https:\/\/wbp.lublin.pl\/wp-content\/uploads\/2019\/12\/IMG_8678-jpg-avif-400x267.jpg 400w, https:\/\/wbp.lublin.pl\/wp-content\/uploads\/2019\/12\/IMG_8678-jpg-avif-768x512.jpg 768w, https:\/\/wbp.lublin.pl\/wp-content\/uploads\/2019\/12\/IMG_8678-jpg-avif-1536x1024.jpg 1536w, https:\/\/wbp.lublin.pl\/wp-content\/uploads\/2019\/12\/IMG_8678-jpg-avif-947x631.jpg 947w, https:\/\/wbp.lublin.pl\/wp-content\/uploads\/2019\/12\/IMG_8678-jpg-avif-624x416.jpg 624w, https:\/\/wbp.lublin.pl\/wp-content\/uploads\/2019\/12\/IMG_8678-jpg-avif-84x56.jpg 84w, https:\/\/wbp.lublin.pl\/wp-content\/uploads\/2019\/12\/IMG_8678-jpg-avif.avif 1620w\" sizes=\"auto, (max-width: 600px) 100vw, 600px\" data-has-transparency=\"false\" data-dominant-color=\"4f3418\" style=\"--dominant-color: #4f3418;\" \/><\/a>\n\t\t\t<\/div>\n\t\t\t\t<figcaption class='wp-caption-text gallery-caption' id='gallery-1-23382'>\n\t\t\t\tOzdoba bo\u017conarodzeniowa\n\t\t\t\t<\/figcaption><\/figure><figure class='gallery-item'>\n\t\t\t<div class='gallery-icon landscape'>\n\t\t\t\t<a href='https:\/\/wbp.lublin.pl\/index.php\/2019\/12\/19\/warsztaty-tworzenia-kartek-swiatecznych-i-ozdob-choinkowych-kartka-od-hieronima-w-obiektywie-2\/img_8675\/'><img loading=\"lazy\" decoding=\"async\" width=\"600\" height=\"400\" src=\"https:\/\/wbp.lublin.pl\/wp-content\/uploads\/2019\/12\/IMG_8675-600x400.webp\" class=\"attachment-medium size-medium not-transparent\" alt=\"Ozdoba bo\u017conarodzeniowa\" aria-describedby=\"gallery-1-23380\" srcset=\"https:\/\/wbp.lublin.pl\/wp-content\/uploads\/2019\/12\/IMG_8675-600x400.webp 600w, https:\/\/wbp.lublin.pl\/wp-content\/uploads\/2019\/12\/IMG_8675-400x267.webp 400w, https:\/\/wbp.lublin.pl\/wp-content\/uploads\/2019\/12\/IMG_8675-768x512.webp 768w, https:\/\/wbp.lublin.pl\/wp-content\/uploads\/2019\/12\/IMG_8675-1536x1024.webp 1536w, https:\/\/wbp.lublin.pl\/wp-content\/uploads\/2019\/12\/IMG_8675-947x631.webp 947w, https:\/\/wbp.lublin.pl\/wp-content\/uploads\/2019\/12\/IMG_8675-624x416.webp 624w, https:\/\/wbp.lublin.pl\/wp-content\/uploads\/2019\/12\/IMG_8675-84x56.webp 84w, https:\/\/wbp.lublin.pl\/wp-content\/uploads\/2019\/12\/IMG_8675.webp 1620w\" sizes=\"auto, (max-width: 600px) 100vw, 600px\" data-has-transparency=\"false\" data-dominant-color=\"5b4325\" style=\"--dominant-color: #5b4325;\" \/><\/a>\n\t\t\t<\/div>\n\t\t\t\t<figcaption class='wp-caption-text gallery-caption' id='gallery-1-23380'>\n\t\t\t\tOzdoba bo\u017conarodzeniowa\n\t\t\t\t<\/figcaption><\/figure><figure class='gallery-item'>\n\t\t\t<div class='gallery-icon landscape'>\n\t\t\t\t<a href='https:\/\/wbp.lublin.pl\/index.php\/2019\/12\/19\/zyczenia-swiateczne\/img_8830\/'><img loading=\"lazy\" decoding=\"async\" width=\"600\" height=\"400\" src=\"https:\/\/wbp.lublin.pl\/wp-content\/uploads\/2019\/12\/IMG_8830-jpg-avif-600x400.jpg\" class=\"attachment-medium size-medium not-transparent\" alt=\"Betlejemskie \u015awiat\u0142o Pokoju\" aria-describedby=\"gallery-1-23438\" srcset=\"https:\/\/wbp.lublin.pl\/wp-content\/uploads\/2019\/12\/IMG_8830-jpg-avif-600x400.jpg 600w, https:\/\/wbp.lublin.pl\/wp-content\/uploads\/2019\/12\/IMG_8830-jpg-avif-400x267.jpg 400w, https:\/\/wbp.lublin.pl\/wp-content\/uploads\/2019\/12\/IMG_8830-jpg-avif-768x512.jpg 768w, https:\/\/wbp.lublin.pl\/wp-content\/uploads\/2019\/12\/IMG_8830-jpg-avif-1536x1024.jpg 1536w, https:\/\/wbp.lublin.pl\/wp-content\/uploads\/2019\/12\/IMG_8830-jpg-avif-947x631.jpg 947w, https:\/\/wbp.lublin.pl\/wp-content\/uploads\/2019\/12\/IMG_8830-jpg-avif-624x416.jpg 624w, https:\/\/wbp.lublin.pl\/wp-content\/uploads\/2019\/12\/IMG_8830-jpg-avif-84x56.jpg 84w, https:\/\/wbp.lublin.pl\/wp-content\/uploads\/2019\/12\/IMG_8830-jpg-avif.avif 1620w\" sizes=\"auto, (max-width: 600px) 100vw, 600px\" data-has-transparency=\"false\" data-dominant-color=\"15140f\" style=\"--dominant-color: #15140f;\" \/><\/a>\n\t\t\t<\/div>\n\t\t\t\t<figcaption class='wp-caption-text gallery-caption' id='gallery-1-23438'>\n\t\t\t\tBetlejemskie \u015awiat\u0142o Pokoju\n\t\t\t\t<\/figcaption><\/figure><figure class='gallery-item'>\n\t\t\t<div class='gallery-icon landscape'>\n\t\t\t\t<a href='https:\/\/wbp.lublin.pl\/index.php\/2019\/12\/19\/warsztaty-tworzenia-kartek-swiatecznych-i-ozdob-choinkowych-kartka-od-hieronima-w-obiektywie-2\/img_8680\/'><img loading=\"lazy\" decoding=\"async\" width=\"600\" height=\"400\" src=\"https:\/\/wbp.lublin.pl\/wp-content\/uploads\/2019\/12\/IMG_8680-600x400.webp\" class=\"attachment-medium size-medium not-transparent\" alt=\"\" aria-describedby=\"gallery-1-23384\" srcset=\"https:\/\/wbp.lublin.pl\/wp-content\/uploads\/2019\/12\/IMG_8680-600x400.webp 600w, https:\/\/wbp.lublin.pl\/wp-content\/uploads\/2019\/12\/IMG_8680-400x267.webp 400w, https:\/\/wbp.lublin.pl\/wp-content\/uploads\/2019\/12\/IMG_8680-768x512.webp 768w, https:\/\/wbp.lublin.pl\/wp-content\/uploads\/2019\/12\/IMG_8680-1536x1024.webp 1536w, https:\/\/wbp.lublin.pl\/wp-content\/uploads\/2019\/12\/IMG_8680-947x631.webp 947w, https:\/\/wbp.lublin.pl\/wp-content\/uploads\/2019\/12\/IMG_8680-624x416.webp 624w, https:\/\/wbp.lublin.pl\/wp-content\/uploads\/2019\/12\/IMG_8680-84x56.webp 84w, https:\/\/wbp.lublin.pl\/wp-content\/uploads\/2019\/12\/IMG_8680.webp 1620w\" sizes=\"auto, (max-width: 600px) 100vw, 600px\" data-has-transparency=\"false\" data-dominant-color=\"33291b\" style=\"--dominant-color: #33291b;\" \/><\/a>\n\t\t\t<\/div>\n\t\t\t\t<figcaption class='wp-caption-text gallery-caption' id='gallery-1-23384'>\n\t\t\t\tOzdoba bo\u017conarodzeniowa\n\t\t\t\t<\/figcaption><\/figure><figure class='gallery-item'>\n\t\t\t<div class='gallery-icon landscape'>\n\t\t\t\t<a href='https:\/\/wbp.lublin.pl\/index.php\/2019\/12\/19\/warsztaty-tworzenia-kartek-swiatecznych-i-ozdob-choinkowych-kartka-od-hieronima-w-obiektywie-2\/img_8679\/'><img loading=\"lazy\" decoding=\"async\" width=\"600\" height=\"400\" src=\"https:\/\/wbp.lublin.pl\/wp-content\/uploads\/2019\/12\/IMG_8679-600x400.webp\" class=\"attachment-medium size-medium not-transparent\" alt=\"\" aria-describedby=\"gallery-1-23383\" srcset=\"https:\/\/wbp.lublin.pl\/wp-content\/uploads\/2019\/12\/IMG_8679-600x400.webp 600w, https:\/\/wbp.lublin.pl\/wp-content\/uploads\/2019\/12\/IMG_8679-400x267.webp 400w, https:\/\/wbp.lublin.pl\/wp-content\/uploads\/2019\/12\/IMG_8679-768x512.webp 768w, https:\/\/wbp.lublin.pl\/wp-content\/uploads\/2019\/12\/IMG_8679-1536x1024.webp 1536w, https:\/\/wbp.lublin.pl\/wp-content\/uploads\/2019\/12\/IMG_8679-947x631.webp 947w, https:\/\/wbp.lublin.pl\/wp-content\/uploads\/2019\/12\/IMG_8679-624x416.webp 624w, https:\/\/wbp.lublin.pl\/wp-content\/uploads\/2019\/12\/IMG_8679-84x56.webp 84w, https:\/\/wbp.lublin.pl\/wp-content\/uploads\/2019\/12\/IMG_8679.webp 1620w\" sizes=\"auto, (max-width: 600px) 100vw, 600px\" data-has-transparency=\"false\" data-dominant-color=\"613714\" style=\"--dominant-color: #613714;\" \/><\/a>\n\t\t\t<\/div>\n\t\t\t\t<figcaption class='wp-caption-text gallery-caption' id='gallery-1-23383'>\n\t\t\t\tOzdoba bo\u017conarodzeniowa\n\t\t\t\t<\/figcaption><\/figure><figure class='gallery-item'>\n\t\t\t<div class='gallery-icon landscape'>\n\t\t\t\t<a href='https:\/\/wbp.lublin.pl\/index.php\/2019\/12\/19\/warsztaty-tworzenia-kartek-swiatecznych-i-ozdob-choinkowych-kartka-od-hieronima-w-obiektywie-2\/img_8676\/'><img loading=\"lazy\" decoding=\"async\" width=\"600\" height=\"400\" src=\"https:\/\/wbp.lublin.pl\/wp-content\/uploads\/2019\/12\/IMG_8676-600x400.webp\" class=\"attachment-medium size-medium not-transparent\" alt=\"\" aria-describedby=\"gallery-1-23381\" srcset=\"https:\/\/wbp.lublin.pl\/wp-content\/uploads\/2019\/12\/IMG_8676-600x400.webp 600w, https:\/\/wbp.lublin.pl\/wp-content\/uploads\/2019\/12\/IMG_8676-400x267.webp 400w, https:\/\/wbp.lublin.pl\/wp-content\/uploads\/2019\/12\/IMG_8676-768x512.webp 768w, https:\/\/wbp.lublin.pl\/wp-content\/uploads\/2019\/12\/IMG_8676-1536x1024.webp 1536w, https:\/\/wbp.lublin.pl\/wp-content\/uploads\/2019\/12\/IMG_8676-947x631.webp 947w, https:\/\/wbp.lublin.pl\/wp-content\/uploads\/2019\/12\/IMG_8676-624x416.webp 624w, https:\/\/wbp.lublin.pl\/wp-content\/uploads\/2019\/12\/IMG_8676-84x56.webp 84w, https:\/\/wbp.lublin.pl\/wp-content\/uploads\/2019\/12\/IMG_8676.webp 1620w\" sizes=\"auto, (max-width: 600px) 100vw, 600px\" data-has-transparency=\"false\" data-dominant-color=\"331e0e\" style=\"--dominant-color: #331e0e;\" \/><\/a>\n\t\t\t<\/div>\n\t\t\t\t<figcaption class='wp-caption-text gallery-caption' id='gallery-1-23381'>\n\t\t\t\tOzdoba bo\u017conarodzeniowa\n\t\t\t\t<\/figcaption><\/figure>\n\t\t<\/div>\n\n<p>Ozdoby bo\u017conarodzeniowe zosta\u0142y wykonane w czasie ubieg\u0142orocznych warsztat\u00f3w realizowanych w WBP (warsztaty prowadzi\u0142a <strong>Agata Kozio\u0142<\/strong>, for. <strong>Dorota Mo\u015bcibrodzka<\/strong>)<\/p>\n\n\n<p class=\"wp-block-paragraph\">Odcinki archiwalne s\u0105 dost\u0119pne na kanale YouTube Biblioteki<\/p>\n\n\n\n<figure class=\"wp-block-embed is-type-video is-provider-youtube wp-block-embed-youtube wp-embed-aspect-16-9 wp-has-aspect-ratio\"><div class=\"wp-block-embed__wrapper\">\n<iframe loading=\"lazy\" title=\"Poranek u Hieronima - odc. 26\" width=\"887\" height=\"499\" src=\"https:\/\/www.youtube.com\/embed\/W7M8OvMlE_k?feature=oembed\" frameborder=\"0\" allow=\"accelerometer; autoplay; clipboard-write; encrypted-media; gyroscope; picture-in-picture; web-share\" referrerpolicy=\"strict-origin-when-cross-origin\" allowfullscreen><\/iframe>\n<\/div><\/figure>\n\n\n\n<p class=\"has-text-align-center wp-block-paragraph\"><strong>Zapraszamy!<\/strong><\/p>\n\n\n\n<p class=\"has-text-align-right wp-block-paragraph\"><em>Dzia\u0142 Informacji i Promocj<\/em><\/p>\n","protected":false},"excerpt":{"rendered":"<p>Spotkanie wigilijne w WBP &#8211; 23 grudnia 2020, godz. 10.00<\/p>\n","protected":false},"author":7,"featured_media":23382,"comment_status":"closed","ping_status":"closed","sticky":false,"template":"","format":"standard","meta":{"_tec_requires_first_save":true,"_crdt_document":"","pgc_sgb_lightbox_settings":"","_EventAllDay":false,"_EventTimezone":"","_EventStartDate":"","_EventEndDate":"","_EventStartDateUTC":"","_EventEndDateUTC":"","_EventShowMap":false,"_EventShowMapLink":false,"_EventURL":"","_EventCost":"","_EventCostDescription":"","_EventCurrencySymbol":"","_EventCurrencyCode":"","_EventCurrencyPosition":"","_EventDateTimeSeparator":"","_EventTimeRangeSeparator":"","_EventOrganizerID":[],"_EventVenueID":[],"_OrganizerEmail":"","_OrganizerPhone":"","_OrganizerWebsite":"","_VenueAddress":"","_VenueCity":"","_VenueCountry":"","_VenueProvince":"","_VenueState":"","_VenueZip":"","_VenuePhone":"","_VenueURL":"","_VenueStateProvince":"","_VenueLat":"","_VenueLng":"","_VenueShowMap":false,"_VenueShowMapLink":false,"_tribe_blocks_recurrence_rules":"","_tribe_blocks_recurrence_description":"","_tribe_blocks_recurrence_exclusions":"","footnotes":""},"categories":[638,10],"tags":[],"class_list":["post-27686","post","type-post","status-publish","format-standard","has-post-thumbnail","hentry","category-poranek-u-hieronima","category-aktualnosci"],"publishpress_future_action":{"enabled":false,"date":"2026-05-06 15:54:50","action":"change-status","newStatus":"draft","terms":[],"taxonomy":"category","extraData":[]},"publishpress_future_workflow_manual_trigger":{"enabledWorkflows":[]},"_links":{"self":[{"href":"https:\/\/wbp.lublin.pl\/index.php\/wp-json\/wp\/v2\/posts\/27686","targetHints":{"allow":["GET"]}}],"collection":[{"href":"https:\/\/wbp.lublin.pl\/index.php\/wp-json\/wp\/v2\/posts"}],"about":[{"href":"https:\/\/wbp.lublin.pl\/index.php\/wp-json\/wp\/v2\/types\/post"}],"author":[{"embeddable":true,"href":"https:\/\/wbp.lublin.pl\/index.php\/wp-json\/wp\/v2\/users\/7"}],"replies":[{"embeddable":true,"href":"https:\/\/wbp.lublin.pl\/index.php\/wp-json\/wp\/v2\/comments?post=27686"}],"version-history":[{"count":6,"href":"https:\/\/wbp.lublin.pl\/index.php\/wp-json\/wp\/v2\/posts\/27686\/revisions"}],"predecessor-version":[{"id":79146,"href":"https:\/\/wbp.lublin.pl\/index.php\/wp-json\/wp\/v2\/posts\/27686\/revisions\/79146"}],"wp:featuredmedia":[{"embeddable":true,"href":"https:\/\/wbp.lublin.pl\/index.php\/wp-json\/wp\/v2\/media\/23382"}],"wp:attachment":[{"href":"https:\/\/wbp.lublin.pl\/index.php\/wp-json\/wp\/v2\/media?parent=27686"}],"wp:term":[{"taxonomy":"category","embeddable":true,"href":"https:\/\/wbp.lublin.pl\/index.php\/wp-json\/wp\/v2\/categories?post=27686"},{"taxonomy":"post_tag","embeddable":true,"href":"https:\/\/wbp.lublin.pl\/index.php\/wp-json\/wp\/v2\/tags?post=27686"}],"curies":[{"name":"wp","href":"https:\/\/api.w.org\/{rel}","templated":true}]}}