{"id":27743,"date":"2020-12-29T15:22:17","date_gmt":"2020-12-29T14:22:17","guid":{"rendered":"https:\/\/wbp.lublin.pl\/?p=27743"},"modified":"2026-02-09T14:42:09","modified_gmt":"2026-02-09T13:42:09","slug":"sylwestrowy-poranek-u-hieronima-odcinek-27","status":"publish","type":"post","link":"https:\/\/wbp.lublin.pl\/index.php\/2020\/12\/29\/sylwestrowy-poranek-u-hieronima-odcinek-27\/","title":{"rendered":"Sylwestrowy &#8222;Poranek u Hieronima&#8221; &#8211; odcinek 27"},"content":{"rendered":"<p style=\"text-align: center;\">Szanowni Czytelnicy i Sympatycy Biblioteki<\/p>\n<p style=\"text-align: center;\"><strong>Serdecznie zapraszamy na sylwestrowy &#8222;Poranek u Hieronima&#8221; &#8211; 30 grudnia 2020, godz. 10.00 <\/strong><br \/>\n<strong>www.wbp.lublin.pl i <a href=\"https:\/\/www.facebook.com\/wbplublin\">Facebook WBP<\/a> (otwarty dla wszystkich)<\/strong><\/p>\n<div id='gallery-1' class='gallery galleryid-27743 gallery-columns-1 gallery-size-medium'><figure class='gallery-item'>\n\t\t\t<div class='gallery-icon landscape'>\n\t\t\t\t<a href='https:\/\/wbp.lublin.pl\/index.php\/2020\/12\/29\/sylwestrowy-poranek-u-hieronima-odcinek-27\/kaboompics_white-abstract-bokeh-lights\/'><img loading=\"lazy\" decoding=\"async\" width=\"600\" height=\"400\" src=\"https:\/\/wbp.lublin.pl\/wp-content\/uploads\/2020\/12\/kaboompics_White-abstract-bokeh-lights-scaled-jpg-avif-600x400.jpg\" class=\"attachment-medium size-medium not-transparent\" alt=\"\" aria-describedby=\"gallery-1-27746\" srcset=\"https:\/\/wbp.lublin.pl\/wp-content\/uploads\/2020\/12\/kaboompics_White-abstract-bokeh-lights-scaled-jpg-avif-600x400.jpg 600w, https:\/\/wbp.lublin.pl\/wp-content\/uploads\/2020\/12\/kaboompics_White-abstract-bokeh-lights-scaled-jpg-avif-400x267.jpg 400w, https:\/\/wbp.lublin.pl\/wp-content\/uploads\/2020\/12\/kaboompics_White-abstract-bokeh-lights-scaled-jpg-avif-768x512.jpg 768w, https:\/\/wbp.lublin.pl\/wp-content\/uploads\/2020\/12\/kaboompics_White-abstract-bokeh-lights-scaled-jpg-avif-1536x1024.jpg 1536w, https:\/\/wbp.lublin.pl\/wp-content\/uploads\/2020\/12\/kaboompics_White-abstract-bokeh-lights-scaled-jpg-avif-947x631.jpg 947w, https:\/\/wbp.lublin.pl\/wp-content\/uploads\/2020\/12\/kaboompics_White-abstract-bokeh-lights-scaled-jpg-avif-624x416.jpg 624w, https:\/\/wbp.lublin.pl\/wp-content\/uploads\/2020\/12\/kaboompics_White-abstract-bokeh-lights-scaled-jpg-avif-84x56.jpg 84w, https:\/\/wbp.lublin.pl\/wp-content\/uploads\/2020\/12\/kaboompics_White-abstract-bokeh-lights-scaled-jpg-avif.avif 1620w\" sizes=\"auto, (max-width: 600px) 100vw, 600px\" data-has-transparency=\"false\" data-dominant-color=\"323951\" style=\"--dominant-color: #323951;\" \/><\/a>\n\t\t\t<\/div>\n\t\t\t\t<figcaption class='wp-caption-text gallery-caption' id='gallery-1-27746'>\n\t\t\t\tSylwestrer w Bibliotece\n\t\t\t\t<\/figcaption><\/figure>\n\t\t<\/div>\n\n<p style=\"text-align: justify;\">W programie:<\/p>\n<ul style=\"text-align: justify;\">\n<li><b>Go\u015b\u0107 &#8222;Poranka&#8221;: Nasze \u015bwi\u0119towanie.<\/b> Rozmowa z prof. dr hab. <b>Katarzyn\u0105 Smyk <\/b>z Instytutu Nauk o Kulturze UMCS, Przewodnicz\u0105c\u0105 Rady ds. Niematerialnego Dziedzictwa Kulturowego przy Ministrze Kultury i Dziedzictwa Narodowego na kadencj\u0119 2019-2022:<\/li>\n<li><strong>Sylwester w Bibliotece!<\/strong><\/li>\n<\/ul>\n<p>Rozmowy poprowadz\u0105<strong> Lidia G\u0142\u0119bicka<\/strong> i <strong>Ewa Hadrian<\/strong><\/p>\n<p>&nbsp;<\/p>\n\n\n<p class=\"wp-block-paragraph\">Odcinki archiwalne s\u0105 dost\u0119pne na kanale YouTube Biblioteki<\/p>\n\n\n\n<figure class=\"wp-block-embed is-type-video is-provider-youtube wp-block-embed-youtube wp-embed-aspect-16-9 wp-has-aspect-ratio\"><div class=\"wp-block-embed__wrapper\">\n<iframe loading=\"lazy\" title=\"Poranek u Hieronima - odc. 27\" width=\"887\" height=\"499\" src=\"https:\/\/www.youtube.com\/embed\/qBU-VuWAPsc?feature=oembed\" frameborder=\"0\" allow=\"accelerometer; autoplay; clipboard-write; encrypted-media; gyroscope; picture-in-picture; web-share\" referrerpolicy=\"strict-origin-when-cross-origin\" allowfullscreen><\/iframe>\n<\/div><\/figure>\n\n\n\n<p class=\"has-text-align-center wp-block-paragraph\"><strong>Zapraszamy!<\/strong><\/p>\n\n\n\n<p class=\"has-text-align-right wp-block-paragraph\"><em>Dzia\u0142 Informacji i Promocji<\/em><\/p>\n","protected":false},"excerpt":{"rendered":"<p>Sylwester w WBP, 30 grudnia 2020, godz. 10.00<\/p>\n","protected":false},"author":7,"featured_media":27746,"comment_status":"closed","ping_status":"closed","sticky":false,"template":"","format":"standard","meta":{"_tec_requires_first_save":true,"_crdt_document":"","pgc_sgb_lightbox_settings":"","_EventAllDay":false,"_EventTimezone":"","_EventStartDate":"","_EventEndDate":"","_EventStartDateUTC":"","_EventEndDateUTC":"","_EventShowMap":false,"_EventShowMapLink":false,"_EventURL":"","_EventCost":"","_EventCostDescription":"","_EventCurrencySymbol":"","_EventCurrencyCode":"","_EventCurrencyPosition":"","_EventDateTimeSeparator":"","_EventTimeRangeSeparator":"","_EventOrganizerID":[],"_EventVenueID":[],"_OrganizerEmail":"","_OrganizerPhone":"","_OrganizerWebsite":"","_VenueAddress":"","_VenueCity":"","_VenueCountry":"","_VenueProvince":"","_VenueState":"","_VenueZip":"","_VenuePhone":"","_VenueURL":"","_VenueStateProvince":"","_VenueLat":"","_VenueLng":"","_VenueShowMap":false,"_VenueShowMapLink":false,"_tribe_blocks_recurrence_rules":"","_tribe_blocks_recurrence_description":"","_tribe_blocks_recurrence_exclusions":"","footnotes":""},"categories":[638,10],"tags":[],"class_list":["post-27743","post","type-post","status-publish","format-standard","has-post-thumbnail","hentry","category-poranek-u-hieronima","category-aktualnosci"],"publishpress_future_action":{"enabled":false,"date":"2026-05-06 15:53:30","action":"change-status","newStatus":"draft","terms":[],"taxonomy":"category","extraData":[]},"publishpress_future_workflow_manual_trigger":{"enabledWorkflows":[]},"_links":{"self":[{"href":"https:\/\/wbp.lublin.pl\/index.php\/wp-json\/wp\/v2\/posts\/27743","targetHints":{"allow":["GET"]}}],"collection":[{"href":"https:\/\/wbp.lublin.pl\/index.php\/wp-json\/wp\/v2\/posts"}],"about":[{"href":"https:\/\/wbp.lublin.pl\/index.php\/wp-json\/wp\/v2\/types\/post"}],"author":[{"embeddable":true,"href":"https:\/\/wbp.lublin.pl\/index.php\/wp-json\/wp\/v2\/users\/7"}],"replies":[{"embeddable":true,"href":"https:\/\/wbp.lublin.pl\/index.php\/wp-json\/wp\/v2\/comments?post=27743"}],"version-history":[{"count":8,"href":"https:\/\/wbp.lublin.pl\/index.php\/wp-json\/wp\/v2\/posts\/27743\/revisions"}],"predecessor-version":[{"id":79144,"href":"https:\/\/wbp.lublin.pl\/index.php\/wp-json\/wp\/v2\/posts\/27743\/revisions\/79144"}],"wp:featuredmedia":[{"embeddable":true,"href":"https:\/\/wbp.lublin.pl\/index.php\/wp-json\/wp\/v2\/media\/27746"}],"wp:attachment":[{"href":"https:\/\/wbp.lublin.pl\/index.php\/wp-json\/wp\/v2\/media?parent=27743"}],"wp:term":[{"taxonomy":"category","embeddable":true,"href":"https:\/\/wbp.lublin.pl\/index.php\/wp-json\/wp\/v2\/categories?post=27743"},{"taxonomy":"post_tag","embeddable":true,"href":"https:\/\/wbp.lublin.pl\/index.php\/wp-json\/wp\/v2\/tags?post=27743"}],"curies":[{"name":"wp","href":"https:\/\/api.w.org\/{rel}","templated":true}]}}