{"id":28115,"date":"2021-02-03T23:29:48","date_gmt":"2021-02-03T22:29:48","guid":{"rendered":"https:\/\/wbp.lublin.pl\/?p=28115"},"modified":"2021-02-08T14:11:41","modified_gmt":"2021-02-08T13:11:41","slug":"zegnamy-sp-joanne-staniewska","status":"publish","type":"post","link":"https:\/\/wbp.lublin.pl\/index.php\/2021\/02\/03\/zegnamy-sp-joanne-staniewska\/","title":{"rendered":"\u017begnamy \u015bp. Joann\u0119 Staniewsk\u0105"},"content":{"rendered":"<p><!--more--><\/p>\n<p style=\"text-align: center;\">Z wielkim smutkiem i \u017calem przyj\u0119li\u015bmy wiadomo\u015b\u0107 o \u015bmierci<br \/>\nw dniu 30 stycznia 2021 roku<\/p>\n<p style=\"text-align: center;\"><strong>\u015bp. Joanny Staniewskiej<\/strong><\/p>\n<p style=\"text-align: center;\">wieloletniego i zas\u0142u\u017conego starszego kustosza<br \/>\nBiblioteki Publicznej im. Hieronima \u0141opaci\u0144skiego w Lublinie<\/p>\n<p>&nbsp;<\/p>\n<p style=\"text-align: center;\">Rodzinie i Bliskim wyrazy najg\u0142\u0119bszego wsp\u00f3\u0142czucia sk\u0142adaj\u0105<br \/>\nDyrekcja i Pracownicy<br \/>\nWojew\u00f3dzkiej Biblioteki Publicznej im. Hieronima \u0141opaci\u0144skiego w Lublinie<\/p>\n<p>&nbsp;<\/p>\n<p style=\"text-align: center;\"><strong>Uroczysto\u015bci pogrzebowe \u015bp. Joanny Staniewskiej<br \/>\nodb\u0119d\u0105 si\u0119 w poniedzia\u0142ek 8 lutego 2021 roku o godz. 12.00<br \/>\nw Kaplicy Cmentarnej przy ul. M\u0119czennik\u00f3w Majdanka w Lublinie\u00a0<\/strong><\/p>\n<div id='gallery-1' class='gallery galleryid-28115 gallery-columns-1 gallery-size-medium'><figure class='gallery-item'>\n\t\t\t<div class='gallery-icon portrait'>\n\t\t\t\t<a href='https:\/\/wbp.lublin.pl\/index.php\/2021\/02\/03\/zegnamy-sp-joanne-staniewska\/joanna-staniewska\/'><img loading=\"lazy\" decoding=\"async\" width=\"436\" height=\"600\" src=\"https:\/\/wbp.lublin.pl\/wp-content\/uploads\/2021\/02\/Joanna-Staniewska-436x600.webp\" class=\"attachment-medium size-medium not-transparent\" alt=\"Joanna Staniewska\" aria-describedby=\"gallery-1-28142\" srcset=\"https:\/\/wbp.lublin.pl\/wp-content\/uploads\/2021\/02\/Joanna-Staniewska-436x600.webp 436w, https:\/\/wbp.lublin.pl\/wp-content\/uploads\/2021\/02\/Joanna-Staniewska-290x400.webp 290w, https:\/\/wbp.lublin.pl\/wp-content\/uploads\/2021\/02\/Joanna-Staniewska.webp 472w\" sizes=\"auto, (max-width: 436px) 100vw, 436px\" data-has-transparency=\"false\" data-dominant-color=\"787878\" style=\"--dominant-color: #787878;\" \/><\/a>\n\t\t\t<\/div>\n\t\t\t\t<figcaption class='wp-caption-text gallery-caption' id='gallery-1-28142'>\n\t\t\t\tJoanna Staniewska\n\t\t\t\t<\/figcaption><\/figure>\n\t\t<\/div>\n\n<p style=\"text-align: justify;\"><strong>Joanna Staniewska<\/strong>, z domu Brojakowska, urodzi\u0142a si\u0119 5 lipca 1931 r. w Rejowcu Lubelskim w rodzinie lekarskiej.\u00a0 W 1938 r. zacz\u0119\u0142a ucz\u0119szcza\u0107 do miejscowej szko\u0142y. W okresie okupacji wyjecha\u0142a z rodzicami do Krosna, gdzie po wyzwole\u00adniu sko\u0144czy\u0142a pierwsz\u0105 klas\u0119 gimnazjaln\u0105. Po powrocie rodzic\u00f3w do Re\u00adjowca uczy\u0142a si\u0119 dalej w Che\u0142mie i tam, w 1950 r., zda\u0142a egzamin dojrza\u0142o\u015bci. W tym samym roku rozpocz\u0119\u0142a studia na Wydziale Matematyczno-Przyrod\u00adniczym (przemianowanym w trakcie studi\u00f3w na Wydzia\u0142 Biologii i Nauk o Ziemi) UMCS w Lublinie. Pierwszy stopie\u0144 studi\u00f3w uko\u0144czy\u0142a w 1953 r., wy\u017cszy kontynuowa\u0142a, pracuj\u0105c w Zak\u0142adzie Systematyki i Geografii Ro\u015blin UMCS. Tytu\u0142 magistra botaniki otrzyma\u0142a w styczniu 1956 r. W wymienio\u00adnym zak\u0142adzie na stanowisku asystenta pracowa\u0142a jeszcze do ko\u0144ca marca 1958 r.<\/p>\n<p style=\"text-align: justify;\">Po kilkumiesi\u0119cznym epizodzie pracy nauczycielskiej (w Liceum Og\u00f3lnokszta\u0142c\u0105cym nr 1), 15 marca 1959 r. podj\u0119\u0142a prac\u0119 bibliotekarki w Wojew\u00f3dzkiej i Miejskiej Bibliotece Publicznej im. Hieronima \u0141opaci\u0144skiego (WiMBP). Zosta\u0142a instruktorem w Dziale In\u00adstrukcyjno-Metodycznym i niezw\u0142ocznie podj\u0119\u0142a nauk\u0119 zawodu w Pa\u0144stwowym O\u015brodku Kszta\u0142cenia Korespondencyjnego Bibliotekarzy na III Korespondencyjnym Kursie Bibliotekarskim dla pracownik\u00f3w bi\u00adbliotek powszechnych. W latach 60. XX w. sprawowa\u0142a opiek\u0119 merytoryczn\u0105 nad bibliotekami powiat\u00f3w lubelskiego i opolskiego, prowadzi\u0142a gabinet meto\u00addyczny i dokumentowa\u0142a prac\u0119 Dzia\u0142u Instrukcyjno-Metodycznego. Opr\u00f3cz tego specjalizowa\u0142a si\u0119 w kszta\u0142towaniu gabinet\u00f3w metodycznych w bi\u00adbliotekach powiatowych. Prac\u0119 Joanny Staniewskiej oceniano niezwykle wysoko: \u201eJest specjalistk\u0105 w zakresie doskonalenia bibliotekarzy, ma po\u00adwa\u017cny wk\u0142ad w podnoszenie kwalifikacji bibliotekarzy wojew\u00f3dztwa doskonalenie system\u00f3w szkoleniowych prowadzonych przez biblioteki powiatowe. Na podkre\u015blenie zas\u0142uguje jej udzia\u0142 w kszta\u0142towaniu warsz\u00adtat\u00f3w pomocniczych dla dzia\u0142alno\u015bci szkoleniowej i instrukcyjnej bibliotek powiatowych. (&#8230;) pomaga bibliotekom w trudnych sprawach organizacyjnych i dzia\u0142alno\u015bci o\u015bwiatowej. Ma du\u017cy udzia\u0142 w pracach redakcyjnych i przygotowaniu pomocy metodycznych. Jest bardzo dobrym dydaktykiem, zdolna, inteligentna, odpowiedzialna (&#8230;)&#8221;.<\/p>\n<p style=\"text-align: justify;\">Joanna Staniewska wsp\u00f3\u0142redagowa\u0142a periodyk WiMBP pt. \u201eBiblioteczna S\u0142u\u017cba Informacyjna Wojew\u00f3dztwa Lubelskiego&#8221;. W latach 1962-1965 by\u0142a\u00a0 sekretarzem w Zarz\u0105dzie Okr\u0119gu Stowarzyszenia Bibliotekarzy Polskich. Po reformie administracyjnej pa\u0144stwa w 1975 r. nadzorowa\u0142a i wspomaga\u0142a prac\u0119 dziewi\u0119ciu plac\u00f3\u00adwek: Oddzia\u0142u WBP w Lublinie, MBP w \u0141\u0119cznej i \u015awidniku, GBP w G\u0142usku, Jastkowie, Milejowie, Niemcach, Piaskach i Puchaczowie. W 1979 r. pro\u00adwadzi\u0142a m.in. kwartalne badania polegaj\u0105ce na sporz\u0105dzaniu codziennych sprawozda\u0144 opisowych z dzia\u0142alno\u015bci WBP na rzecz bibliotek publicznych znajduj\u0105cych si\u0119 na terenie Lubelskiego Zag\u0142\u0119bia W\u0119glowego. W latach 80. XX wieku, w ramach Dzia\u0142u Instrukcyjno-Metodycznego, odpowiada\u0142a za ca\u0142okszta\u0142t doskonalenia zawodowego i samokszta\u0142cenia bibliotekarzy wojew\u00f3dztwa. W 1984 r., po dwudziestu pi\u0119ciu latach pracy w Bibliotece im. Hieronima \u0141opaci\u0144skiego, otrzyma\u0142a stanowisko starszego kustosza. Jako jeden z wy\u00adr\u00f3\u017cniaj\u0105cych si\u0119 instruktor\u00f3w zas\u0142u\u017cy\u0142a si\u0119 znacz\u0105co w organizacji czytelnictwa na wsi, doskonaleniu pracy bibliotek, kszta\u0142ceniu kadry bibliotekarskiej. Na emerytur\u0119 ode\u00adsz\u0142a 31 grudnia 1990 roku.<\/p>\n<p style=\"text-align: justify;\">Joanna Staniewska odznaczona zosta\u0142a: odznak\u0105 Zas\u0142u\u017cony Dzia\u0142acz Kultury (1972), Z\u0142ot\u0105 Odznak\u0105 SBP (1977), Srebrnym Krzy\u017cem Zas\u0142ugi (1981), odznak\u0105 ho\u00adnorow\u0105 \u201eZa Zas\u0142ugi dla Lubelszczyzny&#8221; (1984), Krzy\u017cem Kawalerskim Or\u00adderu Odrodzenia Polski (1985).<\/p>\n<p style=\"text-align: right;\">Biogram zaczerpni\u0119ty ze<br \/>\n<em>S\u0142ownika Biograficznego Bibliotekarzy Lubelszczyzny (1944-2014)<\/em>,<br \/>\noprac. Jerzy Gajewski, Lublin 2015<\/p>\n<p style=\"text-align: justify;\">\n","protected":false},"excerpt":{"rendered":"","protected":false},"author":7,"featured_media":27721,"comment_status":"closed","ping_status":"closed","sticky":false,"template":"","format":"standard","meta":{"_tec_requires_first_save":true,"_crdt_document":"","pgc_sgb_lightbox_settings":"","_EventAllDay":false,"_EventTimezone":"","_EventStartDate":"","_EventEndDate":"","_EventStartDateUTC":"","_EventEndDateUTC":"","_EventShowMap":false,"_EventShowMapLink":false,"_EventURL":"","_EventCost":"","_EventCostDescription":"","_EventCurrencySymbol":"","_EventCurrencyCode":"","_EventCurrencyPosition":"","_EventDateTimeSeparator":"","_EventTimeRangeSeparator":"","_EventOrganizerID":[],"_EventVenueID":[],"_OrganizerEmail":"","_OrganizerPhone":"","_OrganizerWebsite":"","_VenueAddress":"","_VenueCity":"","_VenueCountry":"","_VenueProvince":"","_VenueState":"","_VenueZip":"","_VenuePhone":"","_VenueURL":"","_VenueStateProvince":"","_VenueLat":"","_VenueLng":"","_VenueShowMap":false,"_VenueShowMapLink":false,"_tribe_blocks_recurrence_rules":"","_tribe_blocks_recurrence_description":"","_tribe_blocks_recurrence_exclusions":"","footnotes":""},"categories":[10,53],"tags":[],"class_list":["post-28115","post","type-post","status-publish","format-standard","has-post-thumbnail","hentry","category-aktualnosci","category-komunikaty"],"publishpress_future_action":{"enabled":false,"date":"2026-05-06 17:28:59","action":"change-status","newStatus":"draft","terms":[],"taxonomy":"category","extraData":[]},"publishpress_future_workflow_manual_trigger":{"enabledWorkflows":[]},"_links":{"self":[{"href":"https:\/\/wbp.lublin.pl\/index.php\/wp-json\/wp\/v2\/posts\/28115","targetHints":{"allow":["GET"]}}],"collection":[{"href":"https:\/\/wbp.lublin.pl\/index.php\/wp-json\/wp\/v2\/posts"}],"about":[{"href":"https:\/\/wbp.lublin.pl\/index.php\/wp-json\/wp\/v2\/types\/post"}],"author":[{"embeddable":true,"href":"https:\/\/wbp.lublin.pl\/index.php\/wp-json\/wp\/v2\/users\/7"}],"replies":[{"embeddable":true,"href":"https:\/\/wbp.lublin.pl\/index.php\/wp-json\/wp\/v2\/comments?post=28115"}],"version-history":[{"count":8,"href":"https:\/\/wbp.lublin.pl\/index.php\/wp-json\/wp\/v2\/posts\/28115\/revisions"}],"predecessor-version":[{"id":28187,"href":"https:\/\/wbp.lublin.pl\/index.php\/wp-json\/wp\/v2\/posts\/28115\/revisions\/28187"}],"wp:featuredmedia":[{"embeddable":true,"href":"https:\/\/wbp.lublin.pl\/index.php\/wp-json\/wp\/v2\/media\/27721"}],"wp:attachment":[{"href":"https:\/\/wbp.lublin.pl\/index.php\/wp-json\/wp\/v2\/media?parent=28115"}],"wp:term":[{"taxonomy":"category","embeddable":true,"href":"https:\/\/wbp.lublin.pl\/index.php\/wp-json\/wp\/v2\/categories?post=28115"},{"taxonomy":"post_tag","embeddable":true,"href":"https:\/\/wbp.lublin.pl\/index.php\/wp-json\/wp\/v2\/tags?post=28115"}],"curies":[{"name":"wp","href":"https:\/\/api.w.org\/{rel}","templated":true}]}}