{"id":28370,"date":"2021-02-23T10:38:29","date_gmt":"2021-02-23T09:38:29","guid":{"rendered":"https:\/\/wbp.lublin.pl\/?p=28370"},"modified":"2021-03-10T17:11:58","modified_gmt":"2021-03-10T16:11:58","slug":"wojewodzki-konkurs-na-palme-i-pisanke-wielkanocna-ii-edycja","status":"publish","type":"post","link":"https:\/\/wbp.lublin.pl\/index.php\/2021\/02\/23\/wojewodzki-konkurs-na-palme-i-pisanke-wielkanocna-ii-edycja\/","title":{"rendered":"WOJEW\u00d3DZKI KONKURS NA PALM\u0118 I PISANK\u0118 WIELKANOCN\u0104 &#8211; II EDYCJA"},"content":{"rendered":"<p style=\"text-align: center;\"><!--more--><strong>WOJEW\u00d3DZKI KONKURS NA PALM\u0118 I PISANK\u0118 WIELKANOCN\u0104 &#8211; II EDYCJA<\/strong><\/p>\n<p style=\"text-align: center;\"><strong>Zapraszamy do udzia\u0142u w konkursie, kt\u00f3rego organizatorami s\u0105:<\/strong><br \/>\n<strong>Pani Beata Mazurek &#8211; Pose\u0142 do Parlamentu Europejskiego, Urz\u0105d Marsza\u0142kowski Wojew\u00f3dztwa Lubelskiego, Wojew\u00f3dzki O\u015brodek Kultury w Lublinie i Muzeum Wsi Lubelskiej.<\/strong><\/p>\n<p>Organizatorzy zach\u0119caj\u0105 do udzia\u0142u w Konkursie:<\/p>\n<p>&#8222;Upowszechnianie tradycji \u015awi\u0105tecznych i przekazywanie o nich wiedzy, to pi\u0119kny spos\u00f3b na integracj\u0119 mi\u0119dzypokoleniow\u0105 oraz ocalenie od zapomnienia tego, co \u0142\u0105czy nas jako Polak\u00f3w. Dlatego pragniemy zaprosi\u0107 wszystkich mieszka\u0144c\u00f3w naszego regionu \u2013 dzieci i m\u0142odzie\u017c szkoln\u0105, cz\u0142onkinie k\u00f3\u0142 gospody\u0144 wiejskich, tw\u00f3rc\u00f3w ludowych, artyst\u00f3w plastyk\u00f3w \u2013 do udzia\u0142u w II Wojew\u00f3dzkim Konkursie na Palm\u0119 i Pisank\u0119 Wielkanocn\u0105,<br \/>\nkt\u00f3rego inicjatorem i wsp\u00f3\u0142organizatorem jest Pose\u0142 do Parlamentu Europejskiego Pani Beata Mazurek&#8221;.<\/p>\n<p>Konkurs obejmuje 4 kategorie:<br \/>\nI. Pisanka wielkanocna wykonana technik\u0105 TRADYCYJN\u0104,<br \/>\nII. Pisanka wielkanocna wykonana technik\u0105 WSP\u00d3\u0141CZESN\u0104,<br \/>\nIII. Palma wielkanocna wykonana technik\u0105 TRADYCYJN\u0104,<br \/>\nIV. Palma wielkanocna wykonana technik\u0105 WSP\u00d3\u0141CZESN\u0104<br \/>\nW ka\u017cdej z w\/w kategorii konkursowej zostan\u0105 wytypowani laureaci w 3 podkategoriach:<br \/>\na) dzieci i m\u0142odzie\u017c poni\u017cej 15 roku \u017cycia,<br \/>\nb) m\u0142odzie\u017c od 15 roku \u017cycia i doro\u015bli,<br \/>\nc) praca zbiorowa.<\/p>\n<p style=\"text-align: center;\"><strong>Uwaga: Prace konkursowe nale\u017cy dostarczy\u0107 do 9 marca 2021 r.<\/strong><\/p>\n<p><a href=\"https:\/\/wbp.lublin.pl\/wp-content\/uploads\/2021\/02\/Zaproszenie-do-udzialu-w-konkursie-Palmy-Wielkanocnej-2021.pdf\">Zaproszenie do udzia\u0142u w konkursie Palmy Wielkanocnej 2021<\/a><\/p>\n<p><a href=\"https:\/\/wbp.lublin.pl\/wp-content\/uploads\/2021\/02\/Regulamin-i-karta-konkurs-na-palme-i-pisanke-2021-\u2014-kopia.pdf\">Regulamin i karta konkursu na palm\u0119 i pisank\u0119 2021 <\/a><\/p>\n","protected":false},"excerpt":{"rendered":"<p>Prace konkursowe nale\u017cy dostarczy\u0107 do 9 marca 2021 r.<\/p>\n","protected":false},"author":7,"featured_media":28383,"comment_status":"closed","ping_status":"closed","sticky":false,"template":"","format":"standard","meta":{"_tec_requires_first_save":true,"_crdt_document":"","pgc_sgb_lightbox_settings":"","_EventAllDay":false,"_EventTimezone":"","_EventStartDate":"","_EventEndDate":"","_EventStartDateUTC":"","_EventEndDateUTC":"","_EventShowMap":false,"_EventShowMapLink":false,"_EventURL":"","_EventCost":"","_EventCostDescription":"","_EventCurrencySymbol":"","_EventCurrencyCode":"","_EventCurrencyPosition":"","_EventDateTimeSeparator":"","_EventTimeRangeSeparator":"","_EventOrganizerID":[],"_EventVenueID":[],"_OrganizerEmail":"","_OrganizerPhone":"","_OrganizerWebsite":"","_VenueAddress":"","_VenueCity":"","_VenueCountry":"","_VenueProvince":"","_VenueState":"","_VenueZip":"","_VenuePhone":"","_VenueURL":"","_VenueStateProvince":"","_VenueLat":"","_VenueLng":"","_VenueShowMap":false,"_VenueShowMapLink":false,"_tribe_blocks_recurrence_rules":"","_tribe_blocks_recurrence_description":"","_tribe_blocks_recurrence_exclusions":"","footnotes":""},"categories":[10,53],"tags":[],"class_list":["post-28370","post","type-post","status-publish","format-standard","has-post-thumbnail","hentry","category-aktualnosci","category-komunikaty"],"publishpress_future_action":{"enabled":false,"date":"2026-05-06 15:53:30","action":"change-status","newStatus":"draft","terms":[],"taxonomy":"category","extraData":[]},"publishpress_future_workflow_manual_trigger":{"enabledWorkflows":[]},"_links":{"self":[{"href":"https:\/\/wbp.lublin.pl\/index.php\/wp-json\/wp\/v2\/posts\/28370","targetHints":{"allow":["GET"]}}],"collection":[{"href":"https:\/\/wbp.lublin.pl\/index.php\/wp-json\/wp\/v2\/posts"}],"about":[{"href":"https:\/\/wbp.lublin.pl\/index.php\/wp-json\/wp\/v2\/types\/post"}],"author":[{"embeddable":true,"href":"https:\/\/wbp.lublin.pl\/index.php\/wp-json\/wp\/v2\/users\/7"}],"replies":[{"embeddable":true,"href":"https:\/\/wbp.lublin.pl\/index.php\/wp-json\/wp\/v2\/comments?post=28370"}],"version-history":[{"count":3,"href":"https:\/\/wbp.lublin.pl\/index.php\/wp-json\/wp\/v2\/posts\/28370\/revisions"}],"predecessor-version":[{"id":28382,"href":"https:\/\/wbp.lublin.pl\/index.php\/wp-json\/wp\/v2\/posts\/28370\/revisions\/28382"}],"wp:featuredmedia":[{"embeddable":true,"href":"https:\/\/wbp.lublin.pl\/index.php\/wp-json\/wp\/v2\/media\/28383"}],"wp:attachment":[{"href":"https:\/\/wbp.lublin.pl\/index.php\/wp-json\/wp\/v2\/media?parent=28370"}],"wp:term":[{"taxonomy":"category","embeddable":true,"href":"https:\/\/wbp.lublin.pl\/index.php\/wp-json\/wp\/v2\/categories?post=28370"},{"taxonomy":"post_tag","embeddable":true,"href":"https:\/\/wbp.lublin.pl\/index.php\/wp-json\/wp\/v2\/tags?post=28370"}],"curies":[{"name":"wp","href":"https:\/\/api.w.org\/{rel}","templated":true}]}}