{"id":28412,"date":"2021-03-01T12:58:38","date_gmt":"2021-03-01T11:58:38","guid":{"rendered":"https:\/\/wbp.lublin.pl\/?p=28412"},"modified":"2021-03-05T12:43:41","modified_gmt":"2021-03-05T11:43:41","slug":"__trashed-2","status":"publish","type":"post","link":"https:\/\/wbp.lublin.pl\/index.php\/2021\/03\/01\/__trashed-2\/","title":{"rendered":"Narodowy Dzie\u0144 Pami\u0119ci \u201e\u017bo\u0142nierzy Wykl\u0119tych\u201d \u2013 \u015bwi\u0119to pa\u0144stwowe, po\u015bwi\u0119cone upami\u0119tnieniu \u017co\u0142nierzy antykomunistycznego i niepodleg\u0142o\u015bciowego podziemia"},"content":{"rendered":"<p><!--more--><\/p>\n<p style=\"text-align: justify;\"><strong>Sejm Rzeczpospolitej Polskiej, realizuj\u0105c zamys\u0142 \u015bp. prezydenta Lecha Kaczy\u0144skiego, 10 lat temu ustanowi\u0142 dzie\u0144 1 marca Narodowym Dniem Pami\u0119ci \u201e\u017bo\u0142nierzy Wykl\u0119tych\u201d.<\/strong> Tym sposobem ofiara, odwaga i\u00a0po\u015bwi\u0119cenie Ojczy\u017anie bohater\u00f3w antykomunistycznego podziemia doczeka\u0142y\u00a0si\u0119 godnego upami\u0119tnienia w wymiarze symbolicznym, pa\u0144stwowym i wsp\u00f3lnotowym.\u00a0Powojenna konspiracja niepodleg\u0142o\u015bciowa by\u0142a najliczniejsz\u0105 form\u0105 zorganizowanego oporu polskiego spo\u0142ecze\u0144stwa wobec re\u017cimu komunistycznego. W zbrojnym podziemiu dzia\u0142a\u0142o nawet 200 tys. os\u00f3b w r\u00f3\u017cnych oddzia\u0142ach. Kolejnych 20 tys. walczy\u0142o w partyzantce. Kilkaset tysi\u0119cy os\u00f3b zapewnia\u0142o \u0142\u0105czno\u015b\u0107, aprowizacj\u0119, wywiad i schronienie. Przeciwko w\u0142adzy wyst\u0119powali tak\u017ce uczniowie zrzeszeni w podziemnych organizacjach m\u0142odzie\u017cowych \u2013 \u0142\u0105cznie ok. 20 tys. m\u0142odych ludzi.<\/p>\n<p style=\"text-align: justify;\"><strong>Ministerstwo Kultury, Dziedzictwa Narodowego<\/strong> <strong>i Sportu<\/strong> zach\u0119ca wszystkich do uczczenia Narodowego Dnia Pami\u0119ci &#8222;\u017bo\u0142nierzy Wykl\u0119tych&#8221; i udzia\u0142u w wydarzeniach artystycznych i kulturalnych przygotowanych przez instytucje kultury prowadzone, wsp\u00f3\u0142prowadzone czy nadzorowane przez Ministra Kultury, Dziedzictwa Narodowego i Sportu. Z uwagi na czas pandemii wydarzenia s\u0105 dost\u0119pne w spos\u00f3b wirtualny. Zapraszamy: <a href=\"https:\/\/www.gov.pl\/web\/kulturaisport\/narodowy-dzien-pamieci-zolnierzy-wykletych-w-instytucjach-kultury\">Narodowy Dzie\u0144 Pami\u0119ci &#8222;\u017bo\u0142nierzy Wykl\u0119tych&#8221; w instytucjach kultury<\/a><\/p>\n<p style=\"text-align: justify;\"><strong>Ministerstwo Edukacji i Nauki\u00a0<\/strong> poleca materia\u0142y edukacyjne przygotowane przez Instytut Pami\u0119ci Narodowej.\u00a0 <a href=\"https:\/\/edukacja.ipn.gov.pl\/edu\/materialy-edukacyjne\/wirtualna-paczka-edukac\/zolnierze-wykleci\" target=\"_blank\" rel=\"noopener\">Wirtualna paczka historyczna \u00a0 <\/a>zawiera liczne artyku\u0142y, teki edukacyjne, filmy i materia\u0142y wideo oraz portale edukacyjne.<\/p>\n<p style=\"text-align: justify;\"><strong>Wojew\u00f3dzka Biblioteka Publiczna im. Hieronima \u0141opaci\u0144skiego w Lublinie<\/strong> zach\u0119ca do korzystania z licznych i warto\u015bciowych publikacji (ksi\u0105\u017ckowych i czasopi\u015bmienniczych) zwi\u0105zanych z tematem &#8222;\u017bo\u0142nierzy Wykl\u0119tych&#8221; (podstawowe has\u0142a wyszukiwawcze: \u017co\u0142nierze wykl\u0119ci, podziemie polityczne i zbrojne 1944-1956). Zapraszamy r\u00f3wnie\u017c do ogl\u0105dania najbli\u017cszego \u015brodowego &#8222;Poranka u Hieronima&#8221; (3 marca 2021 r., godz. 10.00, www i Facebook WBP), kt\u00f3rego tematyka b\u0119dzie r\u00f3wnie\u017c nawi\u0105zywa\u0142a do Narodowego Dnia Pami\u0119ci &#8222;\u017bo\u0142nierzy Wykl\u0119tych&#8221;.<\/p>\n","protected":false},"excerpt":{"rendered":"<p>1 marca 2021<\/p>\n","protected":false},"author":7,"featured_media":28417,"comment_status":"closed","ping_status":"closed","sticky":false,"template":"","format":"standard","meta":{"_tec_requires_first_save":true,"_crdt_document":"","pgc_sgb_lightbox_settings":"","_EventAllDay":false,"_EventTimezone":"","_EventStartDate":"","_EventEndDate":"","_EventStartDateUTC":"","_EventEndDateUTC":"","_EventShowMap":false,"_EventShowMapLink":false,"_EventURL":"","_EventCost":"","_EventCostDescription":"","_EventCurrencySymbol":"","_EventCurrencyCode":"","_EventCurrencyPosition":"","_EventDateTimeSeparator":"","_EventTimeRangeSeparator":"","_EventOrganizerID":[],"_EventVenueID":[],"_OrganizerEmail":"","_OrganizerPhone":"","_OrganizerWebsite":"","_VenueAddress":"","_VenueCity":"","_VenueCountry":"","_VenueProvince":"","_VenueState":"","_VenueZip":"","_VenuePhone":"","_VenueURL":"","_VenueStateProvince":"","_VenueLat":"","_VenueLng":"","_VenueShowMap":false,"_VenueShowMapLink":false,"_tribe_blocks_recurrence_rules":"","_tribe_blocks_recurrence_description":"","_tribe_blocks_recurrence_exclusions":"","footnotes":""},"categories":[641,10],"tags":[],"class_list":["post-28412","post","type-post","status-publish","format-standard","has-post-thumbnail","hentry","category-kalendarium-rocznic","category-aktualnosci"],"publishpress_future_action":{"enabled":false,"date":"2026-05-06 11:35:47","action":"change-status","newStatus":"draft","terms":[],"taxonomy":"category","extraData":[]},"publishpress_future_workflow_manual_trigger":{"enabledWorkflows":[]},"_links":{"self":[{"href":"https:\/\/wbp.lublin.pl\/index.php\/wp-json\/wp\/v2\/posts\/28412","targetHints":{"allow":["GET"]}}],"collection":[{"href":"https:\/\/wbp.lublin.pl\/index.php\/wp-json\/wp\/v2\/posts"}],"about":[{"href":"https:\/\/wbp.lublin.pl\/index.php\/wp-json\/wp\/v2\/types\/post"}],"author":[{"embeddable":true,"href":"https:\/\/wbp.lublin.pl\/index.php\/wp-json\/wp\/v2\/users\/7"}],"replies":[{"embeddable":true,"href":"https:\/\/wbp.lublin.pl\/index.php\/wp-json\/wp\/v2\/comments?post=28412"}],"version-history":[{"count":12,"href":"https:\/\/wbp.lublin.pl\/index.php\/wp-json\/wp\/v2\/posts\/28412\/revisions"}],"predecessor-version":[{"id":28433,"href":"https:\/\/wbp.lublin.pl\/index.php\/wp-json\/wp\/v2\/posts\/28412\/revisions\/28433"}],"wp:featuredmedia":[{"embeddable":true,"href":"https:\/\/wbp.lublin.pl\/index.php\/wp-json\/wp\/v2\/media\/28417"}],"wp:attachment":[{"href":"https:\/\/wbp.lublin.pl\/index.php\/wp-json\/wp\/v2\/media?parent=28412"}],"wp:term":[{"taxonomy":"category","embeddable":true,"href":"https:\/\/wbp.lublin.pl\/index.php\/wp-json\/wp\/v2\/categories?post=28412"},{"taxonomy":"post_tag","embeddable":true,"href":"https:\/\/wbp.lublin.pl\/index.php\/wp-json\/wp\/v2\/tags?post=28412"}],"curies":[{"name":"wp","href":"https:\/\/api.w.org\/{rel}","templated":true}]}}