{"id":28435,"date":"2021-03-02T14:17:40","date_gmt":"2021-03-02T13:17:40","guid":{"rendered":"https:\/\/wbp.lublin.pl\/?p=28435"},"modified":"2026-02-09T12:46:11","modified_gmt":"2026-02-09T11:46:11","slug":"poranek-u-hieronima-w-wbp-kulturalne-chatboty","status":"publish","type":"post","link":"https:\/\/wbp.lublin.pl\/index.php\/2021\/03\/02\/poranek-u-hieronima-w-wbp-kulturalne-chatboty\/","title":{"rendered":"&#8222;Poranek u Hieronima&#8221; w WBP &#8211; Kulturalne chatboty"},"content":{"rendered":"<p><!--more--><\/p>\n<p style=\"text-align: center;\"><span style=\"color: #000000;\"><strong>Serdecznie zapraszamy na &#8222;Poranek u Hieronima&#8221; &#8211; 3 marca 2021, godz. 10.00 <\/strong><\/span><br \/>\n<span style=\"color: #000000;\"><strong>www.wbp.lublin.pl i <a style=\"color: #000000;\" href=\"https:\/\/www.facebook.com\/wbplublin\">Facebook WBP<\/a> (otwarty dla wszystkich)<\/strong><\/span><\/p>\n<p>https:\/\/www.facebook.com\/wbplublin\/videos\/182425550051925<\/p>\n<p><span style=\"color: #000000;\">W programie:<\/span><\/p>\n<ul>\n<li><span style=\"color: #000000;\"><strong><em>Kulturalne chatboty. O wykorzystaniu nowych technologii w instytucjach kultury<\/em><\/strong>. <\/span><br \/>\n<span style=\"color: #000000;\">Z <strong>Janem Motyk\u0105<\/strong> rozmawia <strong>Ewa Hadrian<\/strong><\/span><\/li>\n<\/ul>\n<p style=\"text-align: justify;\"><span style=\"color: #000000;\"><strong>Jan Motyka<\/strong> \u2013 z wykszta\u0142cenia historyk sztuki, obecnie zawodowo zwi\u0105zany z firm\u0105 Finderstand. Zajmuje si\u0119 nowymi technologiami, rozwi\u0105zaniami opartymi o sztuczn\u0105 inteligencj\u0119 i przetwarzanie j\u0119zyka naturalnego, co najcz\u0119\u015bciej wykorzystywane jest w biznesie i marketingu, ale ju\u017c nie tylko. Chatboty, czyli inteligentne komunikatory, z kt\u00f3rymi mo\u017cemy porozmawia\u0107 i uzyska\u0107 odpowiedzi na pytania dotycz\u0105ce dzia\u0142alno\u015bci plac\u00f3wki, s\u0105 coraz cz\u0119\u015bciej instalowane w polskich instytucjach kultury czy edukacji. Chatboty pojawi\u0142y si\u0119 m.in. w Muzeum Powstania Warszawskiego czy Muzeum Rolnictwa im. ks. Krzysztofa Kluka w Ciechanowcu. W Ciechanowcu po Muzeum oprowadza \u201eChatbot Kluk\u201d, mo\u017ce zatem czas na to, by po lubelskiej Bibliotece oprowadza\u0142\u00a0 \u201eChatbot Hieronim\u201d? Pos\u0142uchajmy!<\/span><\/p>\n<p style=\"text-align: center;\"><span style=\"color: #000000;\">Zapraszamy!<\/span><\/p>\n<p>&nbsp;<\/p>\n<p>&nbsp;<\/p>\n<p>&nbsp;<\/p>\n<p>&nbsp;<\/p>\n<p>&nbsp;<\/p>\n\n\n<p class=\"wp-block-paragraph\">Odcinki archiwalne s\u0105 dost\u0119pne na kanale YouTube Biblioteki<\/p>\n\n\n\n<figure class=\"wp-block-embed is-type-video is-provider-youtube wp-block-embed-youtube wp-embed-aspect-16-9 wp-has-aspect-ratio\"><div class=\"wp-block-embed__wrapper\">\n<iframe loading=\"lazy\" title=\"Poranek u Hieronima - odc. 36\" width=\"887\" height=\"499\" src=\"https:\/\/www.youtube.com\/embed\/MKxKudtL05E?feature=oembed\" frameborder=\"0\" allow=\"accelerometer; autoplay; clipboard-write; encrypted-media; gyroscope; picture-in-picture; web-share\" referrerpolicy=\"strict-origin-when-cross-origin\" allowfullscreen><\/iframe>\n<\/div><\/figure>\n\n\n\n<p class=\"has-text-align-center wp-block-paragraph\"><strong>Zapraszamy!<\/strong><\/p>\n\n\n\n<p class=\"has-text-align-right wp-block-paragraph\"><em>Dzia\u0142 Informacji i Promocji<\/em><\/p>\n","protected":false},"excerpt":{"rendered":"<p>3 marca 2021, godz. 10.00, Facebook WBP (otwarty dla wszystkich)<\/p>\n","protected":false},"author":7,"featured_media":28438,"comment_status":"closed","ping_status":"closed","sticky":false,"template":"","format":"standard","meta":{"_tec_requires_first_save":true,"_crdt_document":"","pgc_sgb_lightbox_settings":"","_EventAllDay":false,"_EventTimezone":"","_EventStartDate":"","_EventEndDate":"","_EventStartDateUTC":"","_EventEndDateUTC":"","_EventShowMap":false,"_EventShowMapLink":false,"_EventURL":"","_EventCost":"","_EventCostDescription":"","_EventCurrencySymbol":"","_EventCurrencyCode":"","_EventCurrencyPosition":"","_EventDateTimeSeparator":"","_EventTimeRangeSeparator":"","_EventOrganizerID":[],"_EventVenueID":[],"_OrganizerEmail":"","_OrganizerPhone":"","_OrganizerWebsite":"","_VenueAddress":"","_VenueCity":"","_VenueCountry":"","_VenueProvince":"","_VenueState":"","_VenueZip":"","_VenuePhone":"","_VenueURL":"","_VenueStateProvince":"","_VenueLat":"","_VenueLng":"","_VenueShowMap":false,"_VenueShowMapLink":false,"_tribe_blocks_recurrence_rules":"","_tribe_blocks_recurrence_description":"","_tribe_blocks_recurrence_exclusions":"","footnotes":""},"categories":[638,10],"tags":[],"class_list":["post-28435","post","type-post","status-publish","format-standard","has-post-thumbnail","hentry","category-poranek-u-hieronima","category-aktualnosci"],"publishpress_future_action":{"enabled":false,"date":"2026-05-06 11:45:08","action":"change-status","newStatus":"draft","terms":[],"taxonomy":"category","extraData":[]},"publishpress_future_workflow_manual_trigger":{"enabledWorkflows":[]},"_links":{"self":[{"href":"https:\/\/wbp.lublin.pl\/index.php\/wp-json\/wp\/v2\/posts\/28435","targetHints":{"allow":["GET"]}}],"collection":[{"href":"https:\/\/wbp.lublin.pl\/index.php\/wp-json\/wp\/v2\/posts"}],"about":[{"href":"https:\/\/wbp.lublin.pl\/index.php\/wp-json\/wp\/v2\/types\/post"}],"author":[{"embeddable":true,"href":"https:\/\/wbp.lublin.pl\/index.php\/wp-json\/wp\/v2\/users\/7"}],"replies":[{"embeddable":true,"href":"https:\/\/wbp.lublin.pl\/index.php\/wp-json\/wp\/v2\/comments?post=28435"}],"version-history":[{"count":6,"href":"https:\/\/wbp.lublin.pl\/index.php\/wp-json\/wp\/v2\/posts\/28435\/revisions"}],"predecessor-version":[{"id":79124,"href":"https:\/\/wbp.lublin.pl\/index.php\/wp-json\/wp\/v2\/posts\/28435\/revisions\/79124"}],"wp:featuredmedia":[{"embeddable":true,"href":"https:\/\/wbp.lublin.pl\/index.php\/wp-json\/wp\/v2\/media\/28438"}],"wp:attachment":[{"href":"https:\/\/wbp.lublin.pl\/index.php\/wp-json\/wp\/v2\/media?parent=28435"}],"wp:term":[{"taxonomy":"category","embeddable":true,"href":"https:\/\/wbp.lublin.pl\/index.php\/wp-json\/wp\/v2\/categories?post=28435"},{"taxonomy":"post_tag","embeddable":true,"href":"https:\/\/wbp.lublin.pl\/index.php\/wp-json\/wp\/v2\/tags?post=28435"}],"curies":[{"name":"wp","href":"https:\/\/api.w.org\/{rel}","templated":true}]}}