{"id":28901,"date":"2021-03-29T14:22:23","date_gmt":"2021-03-29T12:22:23","guid":{"rendered":"https:\/\/wbp.lublin.pl\/?p=28901"},"modified":"2026-02-09T11:31:59","modified_gmt":"2026-02-09T10:31:59","slug":"wielkanocny-poranek-u-hieronima","status":"publish","type":"post","link":"https:\/\/wbp.lublin.pl\/index.php\/2021\/03\/29\/wielkanocny-poranek-u-hieronima\/","title":{"rendered":"Wielkanocny &#8222;Poranek u Hieronima&#8221;"},"content":{"rendered":"<p><!--more--><\/p>\n<p style=\"text-align: center;\"><span style=\"color: #000000;\"><strong>Wielkanocny &#8222;Poranek u Hieronima&#8221;<\/strong><\/span><\/p>\n<p style=\"text-align: center;\"><span style=\"color: #000000;\"><strong>Serdecznie zapraszamy na &#8222;Poranek u Hieronima&#8221; &#8211; 31 marca 2021, godz. 10.00<br \/>\nwww.wbp.lublin.pl i <a style=\"color: #000000;\" href=\"https:\/\/www.facebook.com\/wbplublin\">Facebook WBP<\/a> (otwarty dla wszystkich)<\/strong><\/span><\/p>\n<p>https:\/\/www.facebook.com\/wbplublin\/videos\/564756091164778<\/p>\n<p>W programie:<\/p>\n<ul>\n<li>Go\u015b\u0107 &#8222;Poranka&#8221;: <strong>&#8222;Wielkanoc w Polsce&#8221;. <\/strong>Rozmowa z<strong> Wicemarsza\u0142kiem Wojew\u00f3dztwa Lubelskiego Zbigniewem Wojciechowskim <\/strong>o wielkanocnych pielgrzymkach do kraju Rodak\u00f3w z Syberii i Kazachstanu<\/li>\n<\/ul>\n<div id='gallery-1' class='gallery galleryid-28901 gallery-columns-1 gallery-size-medium'><figure class='gallery-item'>\n\t\t\t<div class='gallery-icon landscape'>\n\t\t\t\t<a href='https:\/\/wbp.lublin.pl\/index.php\/2019\/09\/18\/otwarcie-wystawy-wielcy-mysliciele-wielkiego-stepu-historia-i-kultura-kazachstanu-w-obiektywie\/23-62\/'><img loading=\"lazy\" decoding=\"async\" width=\"600\" height=\"400\" src=\"https:\/\/wbp.lublin.pl\/wp-content\/uploads\/2019\/09\/23-3-600x400.webp\" class=\"attachment-medium size-medium not-transparent\" alt=\"Zbigniew Wojciechowski\" aria-describedby=\"gallery-1-22415\" srcset=\"https:\/\/wbp.lublin.pl\/wp-content\/uploads\/2019\/09\/23-3-600x400.webp 600w, https:\/\/wbp.lublin.pl\/wp-content\/uploads\/2019\/09\/23-3-400x267.webp 400w, https:\/\/wbp.lublin.pl\/wp-content\/uploads\/2019\/09\/23-3-768x512.webp 768w, https:\/\/wbp.lublin.pl\/wp-content\/uploads\/2019\/09\/23-3-1536x1024.webp 1536w, https:\/\/wbp.lublin.pl\/wp-content\/uploads\/2019\/09\/23-3-947x631.webp 947w, https:\/\/wbp.lublin.pl\/wp-content\/uploads\/2019\/09\/23-3-624x416.webp 624w, https:\/\/wbp.lublin.pl\/wp-content\/uploads\/2019\/09\/23-3-84x56.webp 84w, https:\/\/wbp.lublin.pl\/wp-content\/uploads\/2019\/09\/23-3.webp 1620w\" sizes=\"auto, (max-width: 600px) 100vw, 600px\" data-has-transparency=\"false\" data-dominant-color=\"977872\" style=\"--dominant-color: #977872;\" \/><\/a>\n\t\t\t<\/div>\n\t\t\t\t<figcaption class='wp-caption-text gallery-caption' id='gallery-1-22415'>\n\t\t\t\tZbigniew Wojciechowski \u2013 Wicemarsza\u0142ek Wojew\u00f3dztwa Lubelskiego\n\t\t\t\t<\/figcaption><\/figure>\n\t\t<\/div>\n\n<ul>\n<li>Lektura na Wielkanoc: <strong>Janina \u0141ucja Leszczy\u0144ska <em>Moje stracone dzieci\u0144stwo<\/em><\/strong> (Lublin 2020)<\/li>\n<\/ul>\n<div id='gallery-2' class='gallery galleryid-28901 gallery-columns-1 gallery-size-medium'><figure class='gallery-item'>\n\t\t\t<div class='gallery-icon landscape'>\n\t\t\t\t<a href='https:\/\/wbp.lublin.pl\/index.php\/2021\/03\/29\/wielkanocny-poranek-u-hieronima\/leszczynska_okladka-ksiazki\/'><img loading=\"lazy\" decoding=\"async\" width=\"600\" height=\"389\" src=\"https:\/\/wbp.lublin.pl\/wp-content\/uploads\/2021\/03\/Leszczynska_okladka-ksiazki-scaled-600x389.webp\" class=\"attachment-medium size-medium not-transparent\" alt=\"ok\u0142adka ksi\u0105\u017cki\" aria-describedby=\"gallery-2-28908\" srcset=\"https:\/\/wbp.lublin.pl\/wp-content\/uploads\/2021\/03\/Leszczynska_okladka-ksiazki-scaled-600x389.webp 600w, https:\/\/wbp.lublin.pl\/wp-content\/uploads\/2021\/03\/Leszczynska_okladka-ksiazki-scaled-400x260.webp 400w, https:\/\/wbp.lublin.pl\/wp-content\/uploads\/2021\/03\/Leszczynska_okladka-ksiazki-scaled-768x498.webp 768w, https:\/\/wbp.lublin.pl\/wp-content\/uploads\/2021\/03\/Leszczynska_okladka-ksiazki-scaled-1536x997.webp 1536w, https:\/\/wbp.lublin.pl\/wp-content\/uploads\/2021\/03\/Leszczynska_okladka-ksiazki-scaled-947x615.webp 947w, https:\/\/wbp.lublin.pl\/wp-content\/uploads\/2021\/03\/Leszczynska_okladka-ksiazki-scaled-624x405.webp 624w, https:\/\/wbp.lublin.pl\/wp-content\/uploads\/2021\/03\/Leszczynska_okladka-ksiazki-scaled.webp 1664w\" sizes=\"auto, (max-width: 600px) 100vw, 600px\" data-has-transparency=\"false\" data-dominant-color=\"b19c5e\" style=\"--dominant-color: #b19c5e;\" \/><\/a>\n\t\t\t<\/div>\n\t\t\t\t<figcaption class='wp-caption-text gallery-caption' id='gallery-2-28908'>\n\t\t\t\tJanina \u0141ucja Leszczy\u0144ska &#8222;Moje stracone dzieci\u0144stwo&#8221;\n\t\t\t\t<\/figcaption><\/figure>\n\t\t<\/div>\n\n<ul>\n<li>Wielkanocne \u017cyczenia \u015bwi\u0105teczne z\u0142o\u017c\u0105: <strong>Wicemarsza\u0142ek Wojew\u00f3dztwa Lubelskiego Zbigniew Wojciechowski i Tadeusz S\u0142awecki &#8211; Dyrektor Wojew\u00f3dzkiej Biblioteki Publicznej im. Hieronima \u0141opaci\u0144skiego w Lublinie<\/strong><\/li>\n<\/ul>\n<p>&nbsp;<\/p>\n<p style=\"text-align: center;\">Gospodarze spotkania:<br \/>\n<strong>Tadeusz S\u0142awecki <\/strong>&#8211; Dyrektor Wojew\u00f3dzkiej Biblioteki Publicznej<br \/>\nim. Hieronima \u0141opaci\u0144skiego w Lublinie<br \/>\ni<strong> Ewa Hadrian <\/strong>&#8211; kierownik Dzia\u0142u Informacji i Promocji WBP<\/p>\n<div id='gallery-3' class='gallery galleryid-28901 gallery-columns-1 gallery-size-full'><figure class='gallery-item'>\n\t\t\t<div class='gallery-icon landscape'>\n\t\t\t\t<a href='https:\/\/wbp.lublin.pl\/index.php\/2021\/03\/29\/zyczenia-swiateczne-2\/dekor\/'><img loading=\"lazy\" decoding=\"async\" width=\"1843\" height=\"254\" src=\"https:\/\/wbp.lublin.pl\/wp-content\/uploads\/2021\/03\/dekor.webp\" class=\"attachment-full size-full not-transparent\" alt=\"Ilustracja \u015bwi\u0105teczna\" srcset=\"https:\/\/wbp.lublin.pl\/wp-content\/uploads\/2021\/03\/dekor.webp 1843w, https:\/\/wbp.lublin.pl\/wp-content\/uploads\/2021\/03\/dekor-600x83.webp 600w, https:\/\/wbp.lublin.pl\/wp-content\/uploads\/2021\/03\/dekor-400x55.webp 400w, https:\/\/wbp.lublin.pl\/wp-content\/uploads\/2021\/03\/dekor-768x106.webp 768w, https:\/\/wbp.lublin.pl\/wp-content\/uploads\/2021\/03\/dekor-1536x212.webp 1536w, https:\/\/wbp.lublin.pl\/wp-content\/uploads\/2021\/03\/dekor-947x131.webp 947w, https:\/\/wbp.lublin.pl\/wp-content\/uploads\/2021\/03\/dekor-624x86.webp 624w\" sizes=\"auto, (max-width: 1843px) 100vw, 1843px\" data-has-transparency=\"false\" data-dominant-color=\"cfcf9e\" style=\"--dominant-color: #cfcf9e;\" \/><\/a>\n\t\t\t<\/div><\/figure>\n\t\t<\/div>\n\n\n\n<p class=\"wp-block-paragraph\">Odcinki archiwalne s\u0105 dost\u0119pne na kanale YouTube Biblioteki<\/p>\n\n\n\n<figure class=\"wp-block-embed is-type-video is-provider-youtube wp-block-embed-youtube wp-embed-aspect-16-9 wp-has-aspect-ratio\"><div class=\"wp-block-embed__wrapper\">\n<iframe loading=\"lazy\" title=\"Poranek u Hieronima - odc. 40\" width=\"887\" height=\"499\" src=\"https:\/\/www.youtube.com\/embed\/lAv9Kmttk1Y?feature=oembed\" frameborder=\"0\" allow=\"accelerometer; autoplay; clipboard-write; encrypted-media; gyroscope; picture-in-picture; web-share\" referrerpolicy=\"strict-origin-when-cross-origin\" allowfullscreen><\/iframe>\n<\/div><\/figure>\n\n\n\n<p class=\"has-text-align-center wp-block-paragraph\"><strong>Zapraszamy!<\/strong><\/p>\n\n\n\n<p class=\"has-text-align-right wp-block-paragraph\"><em>Dzia\u0142 Informacji i Promocji<\/em><\/p>\n\n\n\n<p class=\"wp-block-paragraph\"><\/p>\n","protected":false},"excerpt":{"rendered":"<p>31 marca 2021, godz. 10.00<br \/>\nwww.wbp.lublin.pl i Facebook WBP (otwarty dla wszystkich)<\/p>\n","protected":false},"author":7,"featured_media":28912,"comment_status":"closed","ping_status":"closed","sticky":false,"template":"","format":"standard","meta":{"_tec_requires_first_save":true,"_crdt_document":"","pgc_sgb_lightbox_settings":"","_EventAllDay":false,"_EventTimezone":"","_EventStartDate":"","_EventEndDate":"","_EventStartDateUTC":"","_EventEndDateUTC":"","_EventShowMap":false,"_EventShowMapLink":false,"_EventURL":"","_EventCost":"","_EventCostDescription":"","_EventCurrencySymbol":"","_EventCurrencyCode":"","_EventCurrencyPosition":"","_EventDateTimeSeparator":"","_EventTimeRangeSeparator":"","_EventOrganizerID":[],"_EventVenueID":[],"_OrganizerEmail":"","_OrganizerPhone":"","_OrganizerWebsite":"","_VenueAddress":"","_VenueCity":"","_VenueCountry":"","_VenueProvince":"","_VenueState":"","_VenueZip":"","_VenuePhone":"","_VenueURL":"","_VenueStateProvince":"","_VenueLat":"","_VenueLng":"","_VenueShowMap":false,"_VenueShowMapLink":false,"_tribe_blocks_recurrence_rules":"","_tribe_blocks_recurrence_description":"","_tribe_blocks_recurrence_exclusions":"","footnotes":""},"categories":[638,1,10],"tags":[],"class_list":["post-28901","post","type-post","status-publish","format-standard","has-post-thumbnail","hentry","category-poranek-u-hieronima","category-bez-kategorii","category-aktualnosci"],"publishpress_future_action":{"enabled":false,"date":"2026-05-06 11:45:18","action":"change-status","newStatus":"draft","terms":[],"taxonomy":"category","extraData":[]},"publishpress_future_workflow_manual_trigger":{"enabledWorkflows":[]},"_links":{"self":[{"href":"https:\/\/wbp.lublin.pl\/index.php\/wp-json\/wp\/v2\/posts\/28901","targetHints":{"allow":["GET"]}}],"collection":[{"href":"https:\/\/wbp.lublin.pl\/index.php\/wp-json\/wp\/v2\/posts"}],"about":[{"href":"https:\/\/wbp.lublin.pl\/index.php\/wp-json\/wp\/v2\/types\/post"}],"author":[{"embeddable":true,"href":"https:\/\/wbp.lublin.pl\/index.php\/wp-json\/wp\/v2\/users\/7"}],"replies":[{"embeddable":true,"href":"https:\/\/wbp.lublin.pl\/index.php\/wp-json\/wp\/v2\/comments?post=28901"}],"version-history":[{"count":11,"href":"https:\/\/wbp.lublin.pl\/index.php\/wp-json\/wp\/v2\/posts\/28901\/revisions"}],"predecessor-version":[{"id":79116,"href":"https:\/\/wbp.lublin.pl\/index.php\/wp-json\/wp\/v2\/posts\/28901\/revisions\/79116"}],"wp:featuredmedia":[{"embeddable":true,"href":"https:\/\/wbp.lublin.pl\/index.php\/wp-json\/wp\/v2\/media\/28912"}],"wp:attachment":[{"href":"https:\/\/wbp.lublin.pl\/index.php\/wp-json\/wp\/v2\/media?parent=28901"}],"wp:term":[{"taxonomy":"category","embeddable":true,"href":"https:\/\/wbp.lublin.pl\/index.php\/wp-json\/wp\/v2\/categories?post=28901"},{"taxonomy":"post_tag","embeddable":true,"href":"https:\/\/wbp.lublin.pl\/index.php\/wp-json\/wp\/v2\/tags?post=28901"}],"curies":[{"name":"wp","href":"https:\/\/api.w.org\/{rel}","templated":true}]}}