{"id":29460,"date":"2021-05-06T15:20:23","date_gmt":"2021-05-06T13:20:23","guid":{"rendered":"https:\/\/wbp.lublin.pl\/?p=29460"},"modified":"2021-11-19T09:50:39","modified_gmt":"2021-11-19T08:50:39","slug":"dzialalnosc-biblioteki-od-10-maja-2021","status":"publish","type":"post","link":"https:\/\/wbp.lublin.pl\/index.php\/2021\/05\/06\/dzialalnosc-biblioteki-od-10-maja-2021\/","title":{"rendered":"Dzia\u0142alno\u015b\u0107 Biblioteki od 10 maja 2021"},"content":{"rendered":"<p><!--more--><\/p>\n<p style=\"text-align: center;\"><strong>Szanowni Czytelnicy i Sympatycy Biblioteki!<\/strong><\/p>\n<p style=\"text-align: justify;\">Z uwagi na wprowadzenie kolejnego etapu znoszenia og\u00f3lnokrajowych obostrze\u0144 zwi\u0105zanych z COVID-19\u00a0 <strong>Wojew\u00f3dzka Biblioteka Publiczna im. Hieronima \u0141opaci\u0144skiego w Lublinie od 10 maja 2021 roku rozszerza dzia\u0142alno\u015b\u0107 w zakresie udost\u0119pniania zbior\u00f3w (czytelnie i wypo\u017cyczalnia), dzia\u0142alno\u015bci informacyjnej oraz reprograficznej (ksero, fax). <\/strong><\/p>\n<p style=\"text-align: justify;\">W dalszym ci\u0105gu obowi\u0105zuj\u0105 jednak szczeg\u00f3lne warunki higieniczno-sanitarnych oraz regu\u0142y post\u0119powania w aspekcie przeciwdzia\u0142ania zaka\u017ceniom SARS-CoV-2, kt\u00f3re uzyska\u0142y akceptacj\u0119 Pa\u0144stwowego Powiatowego Inspektora Sanitarnego w Lublinie i s\u0105 zgodne z Wytycznymi dla funkcjonowania bibliotek w trakcie epidemii COVID-19 w Polsce umieszczonym na stronach rz\u0105dowych\u00a0<u><a href=\"http:\/\/gov.pl\/\">gov.pl<\/a><\/u>\u00a0oraz przepisami Ustawy z dnia 5 grudnia 2008 r o zapobieganiu oraz zwalczaniu zaka\u017ce\u0144 i chor\u00f3b zaka\u017anych u ludzi (Dz.U. z 2019 r., poz. 1230 z p\u00f3\u017an. zmianami).<\/p>\n<p style=\"text-align: center;\"><strong>Godziny pracy Biblioteki:\u00a0<\/strong><br \/>\n<strong>poniedzia\u0142ek, wtorek, \u015broda, pi\u0105tek \u2013 9.00 &#8211; 19.45<br \/>\nczwartek \u2013 9.00 &#8211; 15.00<br \/>\nsobota \u2013 9.00 \u2013 15.00<\/strong><\/p>\n<p style=\"text-align: justify;\">Przemieszczanie si\u0119 u\u017cytkownik\u00f3w mi\u0119dzy agendami Biblioteki odbywa\u0107 si\u0119 b\u0119dzie klatk\u0105 schodow\u0105 g\u0142\u00f3wn\u0105 lub wind\u0105. W WBP obowi\u0105zuje bezwzgl\u0119dny zakaz przemieszczania si\u0119 u\u017cytkownik\u00f3w poza strefami wyznaczonymi.<\/p>\n<p style=\"text-align: justify;\">Zwracane ksi\u0105\u017cki podlegaj\u0105 obowi\u0105zkowej 3-dniowej kwarantannie w wyznaczonym do tego miejscu.<\/p>\n<p style=\"text-align: justify;\"><strong>Uwaga: Od 10 maja 2021 roku zostaje w\u0142\u0105czone automatyczne naliczanie kar za przetrzymane ksi\u0105\u017cki!<\/strong><\/p>\n<p style=\"text-align: justify;\">Informacje o iIo\u015bci os\u00f3b, mog\u0105cych jednocze\u015bnie przybywa\u0107 w danej agendzie (z zachowaniem proporcji: 1 osoba na 15 m<sup>2 <\/sup>z wy\u0142\u0105czeniem bibliotekarzy) b\u0119dzie umieszczona na drzwach wej\u015bcowych do agendy, pozosta\u0142e osoby b\u0119d\u0105 oczekiwa\u0107 przed wej\u015bciem do niej z zachowaniem 2-metrowej odleg\u0142o\u015bci.<\/p>\n<p style=\"text-align: justify;\">U\u017cytkownicy zobowi\u0105zani s\u0105 do zachowania, wyznaczonej na pod\u0142odze, odleg\u0142o\u015bci od pracownika WBP.<\/p>\n<p style=\"text-align: justify;\">Pracownicy pe\u0142ni\u0105cy dy\u017cur w agendach maj\u0105 obowi\u0105zek pilnowania przestrzegania norm sanitarnych przez u\u017cytkownik\u00f3w.<\/p>\n<p style=\"text-align: justify;\">Dozowniki z p\u0142ynem do dezynfekcji r\u0105k dost\u0119pne b\u0119d\u0105 dla u\u017cytkownik\u00f3w przy drzwiach do ka\u017cdej z agend.<\/p>\n<p style=\"text-align: justify;\"><strong>U\u017cytkownicy zobowi\u0105zani s\u0105 do noszenia maski i dezynfekcji r\u0105k przed wej\u015bciem do agendy Biblioteki. <\/strong><\/p>\n<p style=\"text-align: justify;\">W przypadku stwierdzenia u u\u017cytkownika wyra\u017anych oznak choroby, jak uporczywy kaszel, z\u0142e samopoczucie, trudno\u015bci w oddychaniu, osoba nie powinna zosta\u0107 wpuszczona na teren obiektu. Powinna zosta\u0107 poinstruowana o jak najszybszym zg\u0142oszeniu si\u0119 do najbli\u017cszego oddzia\u0142u zaka\u017anego celem konsultacji z lekarzem, poprzez udanie si\u0119 tam transportem w\u0142asnym lub powiadomienie 999 albo 112.<\/p>\n<p style=\"text-align: justify;\">Pracownicy s\u0105 zobowi\u0105zani do zg\u0142oszenia ww. incydentu do kierownictwa Biblioteki, co umo\u017cliwi obs\u0142udze ustalenie obszaru, w kt\u00f3rym porusza\u0142a si\u0119 i przebywa\u0142a osoba, przeprowadzenie rutynowego sprz\u0105tania, zgodnie z procedurami obiektu, oraz zdezynfekowanie powierzchni dotykowych (klamki, por\u0119cze, uchwyty itp.).<\/p>\n<p style=\"text-align: justify;\">W przypadku stwierdzenia u u\u017cytkownika wyra\u017anych oznak choroby nale\u017cy ustali\u0107 list\u0119 pracownik\u00f3w oraz u\u017cytkownik\u00f3w (je\u015bli to mo\u017cliwe) obecnych w tym samym czasie w cz\u0119\u015bci\/ cz\u0119\u015bciach obiektu,\u00a0 w kt\u00f3rych przebywa\u0142 u\u017cytkownik, i zalecenie stosowania si\u0119 do wytycznych G\u0142\u00f3wnego Inspektora Sanitarnego dost\u0119pnych na stronie\u00a0<u><a href=\"http:\/\/gov.pl\/web\/koronawirus\/\">gov.pl\/web\/koronawirus\/<\/a><\/u>\u00a0oraz\u00a0<u><a href=\"http:\/\/gis.gov.pl\/\">gis.gov.pl<\/a><\/u>, odnosz\u0105cych si\u0119 do os\u00f3b, kt\u00f3re mia\u0142y kontakt z zaka\u017conym.<\/p>\n<p style=\"text-align: center;\"><strong>Informacje dodatkowe:<\/strong><\/p>\n<p style=\"text-align: center;\"><strong>\u00a0Wypo\u017cyczalnia<br \/>\n&#8211; Ilo\u015b\u0107 miejsc dost\u0119pnych jednocze\u015bnie dla czytelnik\u00f3w &#8211; 2<br \/>\n<\/strong><\/p>\n<p style=\"text-align: center;\"><strong>Czytelnia Zbior\u00f3w Specjalnych<br \/>\n&#8211; Ilo\u015b\u0107 miejsc dost\u0119pnych jednocze\u015bnie dla czytelnik\u00f3w &#8211; 7<\/strong><\/p>\n<p style=\"text-align: center;\"><strong>Czytelnia Naukowa<br \/>\n&#8211; Ilo\u015b\u0107 miejsc dost\u0119pnych jednocze\u015bnie dla czytelnik\u00f3w &#8211; 7 <\/strong><\/p>\n<p style=\"text-align: center;\"><strong>Czytelnia Czasopism<br \/>\n&#8211; Ilo\u015b\u0107 miejsc dost\u0119pnych jednocze\u015bnie dla czytelnik\u00f3w &#8211; 5<br \/>\n<\/strong><strong>Prasa bie\u017c\u0105ca podlega obowi\u0105zkowej 1-dniowej kwarantannie<br \/>\nw wyznaczonym do tego miejscu<\/strong><\/p>\n<p style=\"text-align: center;\"><strong>Czytelnia Dzia\u0142u Bibliografii Lubelszczyzny i Wiedzy o Regionie<br \/>\n&#8211; Ilo\u015b\u0107 miejsc dost\u0119pnych jednocze\u015bnie dla czytelnik\u00f3w &#8211; 2<\/strong><\/p>\n<p style=\"text-align: center;\"><strong>\u00a0<\/strong><strong>Informatorium, ksero i sala katalogowa<br \/>\n&#8211; Ilo\u015b\u0107 miejsc dost\u0119pnych jednocze\u015bnie dla czytelnik\u00f3w &#8211; 4<\/strong><\/p>\n<p style=\"text-align: center;\"><strong>\u00a0<\/strong><strong>Ksi\u0119garnia \u201eU Hieronima\u201d<br \/>\n&#8211; Ilo\u015b\u0107 miejsc dost\u0119pnych jednocze\u015bnie dla czytelnik\u00f3w &#8211; 7<\/strong><\/p>\n<p style=\"text-align: center;\"><strong>\u00a0<\/strong><\/p>\n<p style=\"text-align: center;\"><strong>Uwaga: Czytelnia Internetowa i Oddzia\u0142 dla Dzieci pozostaj\u0105 zamkni\u0119te<\/strong><\/p>\n<p style=\"text-align: center;\"><strong>_______________________________________________________________________<\/strong><\/p>\n<p style=\"text-align: center;\"><strong>TOALETA\u00a0 DLA\u00a0 CZYTELNIK\u00d3W ZNAJDUJE\u00a0 SI\u0118\u00a0 NA\u00a0 POZIOMIE -1\u00a0 (OBOK SZATNI)<\/strong><\/p>\n","protected":false},"excerpt":{"rendered":"","protected":false},"author":7,"featured_media":32892,"comment_status":"closed","ping_status":"closed","sticky":false,"template":"","format":"standard","meta":{"_tec_requires_first_save":true,"_crdt_document":"","pgc_sgb_lightbox_settings":"","_EventAllDay":false,"_EventTimezone":"","_EventStartDate":"","_EventEndDate":"","_EventStartDateUTC":"","_EventEndDateUTC":"","_EventShowMap":false,"_EventShowMapLink":false,"_EventURL":"","_EventCost":"","_EventCostDescription":"","_EventCurrencySymbol":"","_EventCurrencyCode":"","_EventCurrencyPosition":"","_EventDateTimeSeparator":"","_EventTimeRangeSeparator":"","_EventOrganizerID":[],"_EventVenueID":[],"_OrganizerEmail":"","_OrganizerPhone":"","_OrganizerWebsite":"","_VenueAddress":"","_VenueCity":"","_VenueCountry":"","_VenueProvince":"","_VenueState":"","_VenueZip":"","_VenuePhone":"","_VenueURL":"","_VenueStateProvince":"","_VenueLat":"","_VenueLng":"","_VenueShowMap":false,"_VenueShowMapLink":false,"_tribe_blocks_recurrence_rules":"","_tribe_blocks_recurrence_description":"","_tribe_blocks_recurrence_exclusions":"","footnotes":""},"categories":[10,53],"tags":[],"class_list":["post-29460","post","type-post","status-publish","format-standard","has-post-thumbnail","hentry","category-aktualnosci","category-komunikaty"],"publishpress_future_action":{"enabled":false,"date":"2026-05-06 17:28:53","action":"change-status","newStatus":"draft","terms":[],"taxonomy":"category","extraData":[]},"publishpress_future_workflow_manual_trigger":{"enabledWorkflows":[]},"_links":{"self":[{"href":"https:\/\/wbp.lublin.pl\/index.php\/wp-json\/wp\/v2\/posts\/29460","targetHints":{"allow":["GET"]}}],"collection":[{"href":"https:\/\/wbp.lublin.pl\/index.php\/wp-json\/wp\/v2\/posts"}],"about":[{"href":"https:\/\/wbp.lublin.pl\/index.php\/wp-json\/wp\/v2\/types\/post"}],"author":[{"embeddable":true,"href":"https:\/\/wbp.lublin.pl\/index.php\/wp-json\/wp\/v2\/users\/7"}],"replies":[{"embeddable":true,"href":"https:\/\/wbp.lublin.pl\/index.php\/wp-json\/wp\/v2\/comments?post=29460"}],"version-history":[{"count":7,"href":"https:\/\/wbp.lublin.pl\/index.php\/wp-json\/wp\/v2\/posts\/29460\/revisions"}],"predecessor-version":[{"id":29467,"href":"https:\/\/wbp.lublin.pl\/index.php\/wp-json\/wp\/v2\/posts\/29460\/revisions\/29467"}],"wp:featuredmedia":[{"embeddable":true,"href":"https:\/\/wbp.lublin.pl\/index.php\/wp-json\/wp\/v2\/media\/32892"}],"wp:attachment":[{"href":"https:\/\/wbp.lublin.pl\/index.php\/wp-json\/wp\/v2\/media?parent=29460"}],"wp:term":[{"taxonomy":"category","embeddable":true,"href":"https:\/\/wbp.lublin.pl\/index.php\/wp-json\/wp\/v2\/categories?post=29460"},{"taxonomy":"post_tag","embeddable":true,"href":"https:\/\/wbp.lublin.pl\/index.php\/wp-json\/wp\/v2\/tags?post=29460"}],"curies":[{"name":"wp","href":"https:\/\/api.w.org\/{rel}","templated":true}]}}