{"id":29549,"date":"2021-05-17T11:55:21","date_gmt":"2021-05-17T09:55:21","guid":{"rendered":"https:\/\/wbp.lublin.pl\/?p=29549"},"modified":"2021-05-24T12:59:52","modified_gmt":"2021-05-24T10:59:52","slug":"29549","status":"publish","type":"post","link":"https:\/\/wbp.lublin.pl\/index.php\/2021\/05\/17\/29549\/","title":{"rendered":"\u017begnamy Stanis\u0142awa Andrzeja \u0141ukowskiego"},"content":{"rendered":"<p><!--more--><\/p>\n<div class=\"m_-1207078231279947665align-center\" style=\"text-align: center;\"><b>Wojew\u00f3dzka Biblioteka Publiczna im. Hieronima \u0141opaci\u0144skiego w Lublinie<\/b><\/div>\n<div class=\"m_-1207078231279947665align-center\" style=\"text-align: center;\">\u017cegna<\/div>\n<div class=\"m_-1207078231279947665align-center\" style=\"text-align: center;\">\n<p><span style=\"font-size: 16px;\"><span style=\"font-size: 16px;\"><b>Stanis\u0142awa Andrzeja \u0141ukowskiego (15 III 1940 &#8211; 16 V 2021)<\/b><\/span><\/span><\/p>\n<hr \/>\n<p>&nbsp;<\/p>\n<\/div>\n<div><\/div>\n<div>\n<div id='gallery-1' class='gallery galleryid-29549 gallery-columns-1 gallery-size-medium'><figure class='gallery-item'>\n\t\t\t<div class='gallery-icon portrait'>\n\t\t\t\t<a href='https:\/\/wbp.lublin.pl\/index.php\/2021\/05\/17\/29549\/11-1\/'><img loading=\"lazy\" decoding=\"async\" width=\"400\" height=\"600\" src=\"https:\/\/wbp.lublin.pl\/wp-content\/uploads\/2021\/05\/11-1-400x600.webp\" class=\"attachment-medium size-medium not-transparent\" alt=\"Stanis\u0142aw Andrzej \u0141ukowski\" aria-describedby=\"gallery-1-29550\" srcset=\"https:\/\/wbp.lublin.pl\/wp-content\/uploads\/2021\/05\/11-1-400x600.webp 400w, https:\/\/wbp.lublin.pl\/wp-content\/uploads\/2021\/05\/11-1-267x400.webp 267w, https:\/\/wbp.lublin.pl\/wp-content\/uploads\/2021\/05\/11-1-624x936.webp 624w, https:\/\/wbp.lublin.pl\/wp-content\/uploads\/2021\/05\/11-1.webp 667w\" sizes=\"auto, (max-width: 400px) 100vw, 400px\" data-has-transparency=\"false\" data-dominant-color=\"4a3c25\" style=\"--dominant-color: #4a3c25;\" \/><\/a>\n\t\t\t<\/div>\n\t\t\t\t<figcaption class='wp-caption-text gallery-caption' id='gallery-1-29550'>\n\t\t\t\tStanis\u0142aw Andrzej  \u0141ukowski\n\t\t\t\t<\/figcaption><\/figure>\n\t\t<\/div>\n\n<\/div>\n<div style=\"text-align: justify;\">\n<p><strong>Stanis\u0142aw Andrzej \u0141ukowski <\/strong>&#8211; poeta, prozaik, krytyk literacki. Uko\u0144czy\u0142 technikum geodezyjno-drogowe. Debiutowa\u0142 w 1960 roku na \u0142amach dwutygodnika &#8222;Kamena&#8221;. By\u0142 kierownikiem Wojew\u00f3dzkiego O\u015brodka Dokumentacji Geodezyjno Kartograficznej w Lublinie. Nale\u017ca\u0142 do Oddzia\u0142u Lubelskiego Zwi\u0105zku Literat\u00f3w Polskich, by\u0142 wieloletnim cz\u0142onkiem Zarz\u0105du ZLP, pe\u0142ni\u0142 tak\u017ce funk\u0119 prezesa. By\u0142 autorem tom\u00f3w poezji, opowiada\u0144 oraz opracowa\u0144 po\u015bwi\u0119conych \u017cyciu kulturalnemu i literackiemu Lublina i regionu lubelskiego (opublikowa\u0142 m.in.: &#8222;Taka psia gwiazda. Opowiadania&#8221;, Lublin 1977; &#8222;I nie tylko pami\u0119\u0107&#8221;, [wiersze], Lublin 1977; &#8222;W imi\u0119 w\u0142asne&#8221;, [wiersze], Lublin 1979; &#8222;\u015awi\u0119ta remiza i inne opowiadania&#8221;, Lublin 1990; &#8222;Petryferie (zapiski 1974-20021), Lublin 2004; &#8222;J\u00f3zef \u0141obodowski in memoriam. Pok\u0142osie Og\u00f3lnopolskiego Konkursu Poetyckiego im. J\u00f3zefa \u0141obodowskiego 2000-2005&#8221;, [wyb\u00f3r i oprac.], Lublin 2005; &#8222;Z dziej\u00f3w ruchu literackiego na Lubelszczy\u017anie. Szkice i wspomnienia&#8221; [oprac.], Lublin 1998; &#8222;Informator Lubelskiego Oddzia\u0142u Zwi\u0105zku Literat\u00f3w Polskich. Poeci, prozaicy, esei\u015bci 1983-2013&#8221;, Lublin 2013, &#8222;85-lecie Zwi\u0105zku Literat\u00f3w w Lublinie&#8221;, [oprac.], Lublin 2017; ).\u00a0 Wsp\u00f3\u0142pracowa\u0142 z\u00a0 \u201eKamen\u0105\u201d, \u201eSztandarem Ludu\u201d, \u201eKurierem Lubelskim\u201d, Kwartalnikiem Literackim \u201eAkcent\u201d. Inicjator wielu publikacji Zwi\u0105zku Literat\u00f3w Polskich.<\/p>\n<div class=\"jeg_main_content col-md-9\">\n<div class=\"jeg_inner_content\">\n<div class=\"entry-content no-share\">\n<div class=\"content-inner \">\n<p>Stanis\u0142aw Andrzej \u0141ukowski by\u0142\u00a0odznaczony m. in. Z\u0142otym Krzy\u017cem Zas\u0142ugi i Z\u0142otym Wawrzynem Literackim oraz Medalem &#8222;Zas\u0142u\u017cony Kulturze Gloria Artis&#8221;, a tak\u017ce odznak\u0105 &#8222;Zas\u0142u\u017cony dla Kultury Polskiej&#8221;.<\/p>\n<p style=\"text-align: center;\"><strong>Wojew\u00f3dzka Biblioteka Publicza im. Hieronima \u0141opaci\u0144skiego<\/strong><br \/>\n<strong>\u017cegna Przyjaciela, prawego Cz\u0142owieka,<\/strong><br \/>\n<strong>kt\u00f3ry sprawy Biblioteki, literatury i kultury polskiej,<\/strong><br \/>\n<strong>a przede wszyskim sprawy ludzi<\/strong><br \/>\n<strong>zawsze mia\u0142 w sercu<\/strong><\/p>\n<p style=\"text-align: center;\"><span style=\"color: #000000;\">Uroczysto\u015bci pogrzebowe odb\u0119d\u0105 si\u0119 20 maja (czwartek) 2021 r. o godz. 11.00 <\/span><br \/>\n<span style=\"color: #000000;\">w kaplicy cmentarnej przy ul. Lipowej w Lublinie<\/span><\/p>\n<p>&nbsp;<\/p>\n<\/div>\n<\/div>\n<div class=\"jnews_author_box_container \"><\/div>\n<div class=\"jnews_related_post_container\"><\/div>\n<div class=\"jnews_popup_post_container\">\n<section class=\"jeg_popup_post\">\n<div class=\"jeg_popup_content\">\n<div class=\"jeg_thumb\">\n<div class=\"thumbnail-container animate-lazy size-1000 \"><img loading=\"lazy\" decoding=\"async\" class=\"attachment-jnews-75x75 size-jnews-75x75 lazyload wp-post-image\" src=\"https:\/\/radio.lublin.pl\/wp-content\/themes\/jnews\/assets\/img\/jeg-empty.png\" sizes=\"auto, (max-width: 75px) 100vw, 75px\" alt=\"16.05.2021 S\u0142uchowisko Ma\u0142gorzaty \u017burakowskiej \u201eWr\u00f3\u017cka\u201d\" width=\"75\" height=\"75\" data-src=\"https:\/\/radio.lublin.pl\/wp-content\/uploads\/2021\/05\/psychics-1026092_960_720-750x375-2021-05-15-141223-75x75.jpg\" data-srcset=\"https:\/\/radio.lublin.pl\/wp-content\/uploads\/2021\/05\/psychics-1026092_960_720-750x375-2021-05-15-141223-75x75.jpg 75w, https:\/\/radio.lublin.pl\/wp-content\/uploads\/2021\/05\/psychics-1026092_960_720-750x375-2021-05-15-141223-150x150.jpg 150w, https:\/\/radio.lublin.pl\/wp-content\/uploads\/2021\/05\/psychics-1026092_960_720-750x375-2021-05-15-141223-350x350.jpg 350w\" data-sizes=\"auto\" data-expand=\"700\" \/><\/div>\n<\/div>\n<h3 class=\"post-title\"><\/h3>\n<\/div>\n<p>&nbsp;<\/p>\n<\/section>\n<\/div>\n<div class=\"jnews_comment_container\"><\/div>\n<\/div>\n<\/div>\n<div class=\"jeg_sidebar jeg_sticky_sidebar col-md-3\">\n<div class=\"jegStickyHolder\">\n<div class=\"theiaStickySidebar\">\n<div id=\"custom_html-7\" class=\"widget_text widget glowna_antena widget_custom_html\">\n<div class=\"textwidget custom-html-widget\"><\/div>\n<\/div>\n<\/div>\n<\/div>\n<\/div>\n<\/div>\n","protected":false},"excerpt":{"rendered":"<p>Stanis\u0142aw Andrzej \u0141ukowski (15 III 1940 &#8211; 16 V 2021)<\/p>\n","protected":false},"author":7,"featured_media":27721,"comment_status":"closed","ping_status":"closed","sticky":false,"template":"","format":"standard","meta":{"_tec_requires_first_save":true,"_crdt_document":"","pgc_sgb_lightbox_settings":"","_EventAllDay":false,"_EventTimezone":"","_EventStartDate":"","_EventEndDate":"","_EventStartDateUTC":"","_EventEndDateUTC":"","_EventShowMap":false,"_EventShowMapLink":false,"_EventURL":"","_EventCost":"","_EventCostDescription":"","_EventCurrencySymbol":"","_EventCurrencyCode":"","_EventCurrencyPosition":"","_EventDateTimeSeparator":"","_EventTimeRangeSeparator":"","_EventOrganizerID":[],"_EventVenueID":[],"_OrganizerEmail":"","_OrganizerPhone":"","_OrganizerWebsite":"","_VenueAddress":"","_VenueCity":"","_VenueCountry":"","_VenueProvince":"","_VenueState":"","_VenueZip":"","_VenuePhone":"","_VenueURL":"","_VenueStateProvince":"","_VenueLat":"","_VenueLng":"","_VenueShowMap":false,"_VenueShowMapLink":false,"_tribe_blocks_recurrence_rules":"","_tribe_blocks_recurrence_description":"","_tribe_blocks_recurrence_exclusions":"","footnotes":""},"categories":[10,53],"tags":[],"class_list":["post-29549","post","type-post","status-publish","format-standard","has-post-thumbnail","hentry","category-aktualnosci","category-komunikaty"],"publishpress_future_action":{"enabled":false,"date":"2026-05-06 17:22:42","action":"change-status","newStatus":"draft","terms":[],"taxonomy":"category","extraData":[]},"publishpress_future_workflow_manual_trigger":{"enabledWorkflows":[]},"_links":{"self":[{"href":"https:\/\/wbp.lublin.pl\/index.php\/wp-json\/wp\/v2\/posts\/29549","targetHints":{"allow":["GET"]}}],"collection":[{"href":"https:\/\/wbp.lublin.pl\/index.php\/wp-json\/wp\/v2\/posts"}],"about":[{"href":"https:\/\/wbp.lublin.pl\/index.php\/wp-json\/wp\/v2\/types\/post"}],"author":[{"embeddable":true,"href":"https:\/\/wbp.lublin.pl\/index.php\/wp-json\/wp\/v2\/users\/7"}],"replies":[{"embeddable":true,"href":"https:\/\/wbp.lublin.pl\/index.php\/wp-json\/wp\/v2\/comments?post=29549"}],"version-history":[{"count":12,"href":"https:\/\/wbp.lublin.pl\/index.php\/wp-json\/wp\/v2\/posts\/29549\/revisions"}],"predecessor-version":[{"id":29632,"href":"https:\/\/wbp.lublin.pl\/index.php\/wp-json\/wp\/v2\/posts\/29549\/revisions\/29632"}],"wp:featuredmedia":[{"embeddable":true,"href":"https:\/\/wbp.lublin.pl\/index.php\/wp-json\/wp\/v2\/media\/27721"}],"wp:attachment":[{"href":"https:\/\/wbp.lublin.pl\/index.php\/wp-json\/wp\/v2\/media?parent=29549"}],"wp:term":[{"taxonomy":"category","embeddable":true,"href":"https:\/\/wbp.lublin.pl\/index.php\/wp-json\/wp\/v2\/categories?post=29549"},{"taxonomy":"post_tag","embeddable":true,"href":"https:\/\/wbp.lublin.pl\/index.php\/wp-json\/wp\/v2\/tags?post=29549"}],"curies":[{"name":"wp","href":"https:\/\/api.w.org\/{rel}","templated":true}]}}