{"id":29662,"date":"2021-05-19T11:10:53","date_gmt":"2021-05-19T09:10:53","guid":{"rendered":"https:\/\/wbp.lublin.pl\/?p=29662"},"modified":"2021-05-19T11:11:35","modified_gmt":"2021-05-19T09:11:35","slug":"zaproszenie-na-szkolenie-on-line-wydarzenia-dostepne-w-bibliotekach-17-06-2021-r-godz-10-00-15-00","status":"publish","type":"post","link":"https:\/\/wbp.lublin.pl\/index.php\/2021\/05\/19\/zaproszenie-na-szkolenie-on-line-wydarzenia-dostepne-w-bibliotekach-17-06-2021-r-godz-10-00-15-00\/","title":{"rendered":"Zaproszenie na szkolenie on-line \u201eWydarzenia dost\u0119pne w bibliotekach\u201d (17.06.2021 r., godz. 10.00-15.00)"},"content":{"rendered":"<p>Szkolenie skierowane jest do bibliotekarzy bibliotek publicznych z wojew\u00f3dztwa lubelskiego, kt\u00f3rzy chc\u0105 dowiedzie\u0107 si\u0119 jak planowa\u0107 dost\u0119pno\u015b\u0107 wydarze\u0144 z uwzgl\u0119dnieniem potrzeb os\u00f3b z niepe\u0142nosprawno\u015bciami.<\/p>\n<p>&nbsp;<\/p>\n<p>Szkolenie zaplanowane jest w formie online:<\/p>\n<p><strong>17.06.2021 r., godz. 10.00 &#8211; 15.00<\/strong><\/p>\n<p><u>\u00a0<\/u><\/p>\n<p><a href=\"https:\/\/wbp.lublin.pl\/wp-content\/uploads\/2021\/05\/VII-wydarzenia-dostepne.pdf\">OFERTA<\/a> PDF<\/p>\n<p>&nbsp;<\/p>\n<p>&nbsp;<\/p>\n<p>&nbsp;<\/p>\n<p><strong>\u201eDofinansowano ze \u015brodk\u00f3w Ministra Kultury, Dziedzictwa Narodowego i Sportu pochodz\u0105cych z Funduszu Promocji Kultury, uzyskanych z dop\u0142at ustanowionych w grach obj\u0119tych monopolem pa\u0144stwa, zgodnie z art. 80 ust. 1 ustawy z dnia 19 listopada 2009 r. o grach hazardowych\u201d<\/strong><\/p>\n<p><img data-dominant-color=\"dcd5d3\" data-has-transparency=\"false\" style=\"--dominant-color: #dcd5d3;\" loading=\"lazy\" decoding=\"async\" class=\"alignnone wp-image-29060 not-transparent\" src=\"https:\/\/wbp.lublin.pl\/wp-content\/uploads\/2021\/04\/Logo_MKDNiS_kolorowe_.jpg\" alt=\"mkdnis logo kolorowe\" width=\"477\" height=\"202\" \/><\/p>\n","protected":false},"excerpt":{"rendered":"<p>Szkolenie skierowane jest do bibliotekarzy bibliotek publicznych z wojew\u00f3dztwa lubelskiego, kt\u00f3rzy chc\u0105 dowiedzie\u0107 si\u0119 jak planowa\u0107 dost\u0119pno\u015b\u0107 wydarze\u0144 z uwzgl\u0119dnieniem potrzeb os\u00f3b z niepe\u0142nosprawno\u015bciami. &nbsp; Szkolenie zaplanowane jest w formie [&hellip;]<\/p>\n","protected":false},"author":18,"featured_media":0,"comment_status":"closed","ping_status":"closed","sticky":false,"template":"","format":"standard","meta":{"_tec_requires_first_save":true,"_crdt_document":"","pgc_sgb_lightbox_settings":"","_EventAllDay":false,"_EventTimezone":"","_EventStartDate":"","_EventEndDate":"","_EventStartDateUTC":"","_EventEndDateUTC":"","_EventShowMap":false,"_EventShowMapLink":false,"_EventURL":"","_EventCost":"","_EventCostDescription":"","_EventCurrencySymbol":"","_EventCurrencyCode":"","_EventCurrencyPosition":"","_EventDateTimeSeparator":"","_EventTimeRangeSeparator":"","_EventOrganizerID":[],"_EventVenueID":[],"_OrganizerEmail":"","_OrganizerPhone":"","_OrganizerWebsite":"","_VenueAddress":"","_VenueCity":"","_VenueCountry":"","_VenueProvince":"","_VenueState":"","_VenueZip":"","_VenuePhone":"","_VenueURL":"","_VenueStateProvince":"","_VenueLat":"","_VenueLng":"","_VenueShowMap":false,"_VenueShowMapLink":false,"_tribe_blocks_recurrence_rules":"","_tribe_blocks_recurrence_description":"","_tribe_blocks_recurrence_exclusions":"","footnotes":""},"categories":[74],"tags":[],"class_list":["post-29662","post","type-post","status-publish","format-standard","hentry","category-komunikaty-branzowe"],"publishpress_future_action":{"enabled":false,"date":"2026-05-06 15:53:18","action":"change-status","newStatus":"draft","terms":[],"taxonomy":"category","extraData":[]},"publishpress_future_workflow_manual_trigger":{"enabledWorkflows":[]},"_links":{"self":[{"href":"https:\/\/wbp.lublin.pl\/index.php\/wp-json\/wp\/v2\/posts\/29662","targetHints":{"allow":["GET"]}}],"collection":[{"href":"https:\/\/wbp.lublin.pl\/index.php\/wp-json\/wp\/v2\/posts"}],"about":[{"href":"https:\/\/wbp.lublin.pl\/index.php\/wp-json\/wp\/v2\/types\/post"}],"author":[{"embeddable":true,"href":"https:\/\/wbp.lublin.pl\/index.php\/wp-json\/wp\/v2\/users\/18"}],"replies":[{"embeddable":true,"href":"https:\/\/wbp.lublin.pl\/index.php\/wp-json\/wp\/v2\/comments?post=29662"}],"version-history":[{"count":1,"href":"https:\/\/wbp.lublin.pl\/index.php\/wp-json\/wp\/v2\/posts\/29662\/revisions"}],"predecessor-version":[{"id":29664,"href":"https:\/\/wbp.lublin.pl\/index.php\/wp-json\/wp\/v2\/posts\/29662\/revisions\/29664"}],"wp:attachment":[{"href":"https:\/\/wbp.lublin.pl\/index.php\/wp-json\/wp\/v2\/media?parent=29662"}],"wp:term":[{"taxonomy":"category","embeddable":true,"href":"https:\/\/wbp.lublin.pl\/index.php\/wp-json\/wp\/v2\/categories?post=29662"},{"taxonomy":"post_tag","embeddable":true,"href":"https:\/\/wbp.lublin.pl\/index.php\/wp-json\/wp\/v2\/tags?post=29662"}],"curies":[{"name":"wp","href":"https:\/\/api.w.org\/{rel}","templated":true}]}}