{"id":30198,"date":"2021-06-01T10:24:51","date_gmt":"2021-06-01T08:24:51","guid":{"rendered":"https:\/\/wbp.lublin.pl\/?p=30198"},"modified":"2021-06-01T10:25:15","modified_gmt":"2021-06-01T08:25:15","slug":"wplywy-do-ksiegozbioru-naukowego-styczen-maj-2021","status":"publish","type":"post","link":"https:\/\/wbp.lublin.pl\/index.php\/2021\/06\/01\/wplywy-do-ksiegozbioru-naukowego-styczen-maj-2021\/","title":{"rendered":"Wp\u0142ywy\u00a0 do ksi\u0119gozbioru naukowego &#8211; stycze\u0144 &#8211; maj 2021"},"content":{"rendered":"<p><!--more--><\/p>\n<p style=\"text-align: center;\"><strong>(wyb\u00f3r)<\/strong><\/p>\n<p>&nbsp;<\/p>\n<ol>\n<li><strong><em>Asy<\/em><\/strong><em> polskiego lotnictwa wojskowego : w 100-lecie pierwszego zestrzelenia<\/em>, D\u0119blin 2020<\/li>\n<li><strong>Balbus T<\/strong><em>., Szczerbcowa Brygada w fotografii i relacjach<\/em>, Warszawa 2020<\/li>\n<li><strong>Banasiak P<\/strong>., <em>Medale paraolimpijskie w zbiorach Muzeum Sportu i Turystyki<br \/>\nw Warszawie<\/em>, Warszawa 2020<\/li>\n<li><strong>Bara\u0144 H<\/strong>., <em>Ptaki ojczystych wzg\u00f3rz<\/em>, Wroc\u0142aw 2020<\/li>\n<li><strong>Blach-Margos M., I\u017cykowska M<\/strong>., <em>NieWinny smak mi\u0142o\u015bci do alkoholi : wypisy \u017ar\u00f3d\u0142owe dotycz\u0105ce przepis\u00f3w na mi\u0142e podniebieniu zapasy w komorze i piwnicy wydobyte z ksi\u0119gi znajduj\u0105cej si\u0119 w zbiorach Archiwum Pa\u0144stwowego w Opolu<\/em>, Opole 2020<\/li>\n<li><strong>Budzy\u0144ska A<\/strong>., <em>Europejski rynek cukru w warunkach globalizacji<\/em>, Lublin 2020<\/li>\n<li><strong>Chadam J., Ka\u0144ski \u0141.<\/strong>, <em>Zarz\u0105dzanie projektami inwestycji kapita\u0142owych<\/em>, Lublin 2020<\/li>\n<li><strong>Choczy\u0144ski M<\/strong>., <em>Postawy wobec \u017byd\u00f3w wyra\u017cone w narracjach warszawskich senior\u00f3w : studium socjologicznej analizy dyskursu<\/em>, Krak\u00f3w 2020<\/li>\n<li><strong>Chudzio H., Solarz M<\/strong>., <em>Zmarli Polacy w drodze do Ojczyzny : polskie cmentarze w Afryce Wschodniej i Po\u0142udniowej 1942-1952<\/em>, Krak\u00f3w 2020<\/li>\n<li><strong>Czy\u017c A.S., Gutowski B<\/strong>., <em>Podr\u0119cznik do inwentaryzacji polskich cmentarzy<br \/>\ni nagrobk\u00f3w poza granicami kraju,<\/em> Warszawa 2020<\/li>\n<li><strong>Dudzik W<\/strong>., <em>Maska w kulturze wsp\u00f3\u0142czesnej Europy : teorie i praktyki<\/em>, Warszawa 2020<\/li>\n<li><strong>Engel M.<\/strong>, <em>Ja\u0107wieskie o\u015brodki grodowe<\/em>, Warszawa 2020<\/li>\n<li><strong><em>Epistolografia<\/em><\/strong><em> w Polsce Ludowej (1945-1989) : list i jego pochodne w systemie pa\u0144stwa komunistycznego : studia i materia\u0142y<\/em>, Warszawa 2020<\/li>\n<li><strong>Frelik E<\/strong>., <em>Kiedy malarz pisze (jak si\u0119 patrzy) : wst\u0119p do bada\u0144 nad pisarstwem artyst\u00f3w<\/em>. Lublin 2021<\/li>\n<li><strong>G\u0142adkowska D<\/strong>., <em>John Donne \u2013 poeta : oblicza konceptu metafizycznego w uk\u0142adach tekstowych wiersza \u201eThe flea\u201d,<\/em> Olsztyn 2020<\/li>\n<li><strong>Godlewska E<\/strong>., <em>Polityka etniczna Republiki Austrii<\/em>, Lublin 2021<\/li>\n<li><strong>Harasim A., Matyka M<\/strong>., <em>Ocena zmian warunk\u00f3w produkcji ro\u015blinnej i ich nast\u0119pstw w gospodarstwie rolnym w uj\u0119ciu d\u0142ugookresowym<\/em>, Pu\u0142awy 2020<\/li>\n<li><strong><em>Instrukcje<\/em><\/strong><em> i przepisy wywiadu cywilnego PRL 1953-1990<\/em>, Warszawa 2020<\/li>\n<li><strong>Jakucewicz S., Khadzhynowa S<\/strong><em>., Drukowanie znaczk\u00f3w pocztowych<\/em>, \u0141\u00f3d\u017a 2020<\/li>\n<li><strong>Jankowski Z<em>.,<\/em><\/strong><em> Podstawy kosmonautyki tak prosto, jak to tylko mo\u017cliwe<\/em>, Krak\u00f3w 2020<\/li>\n<li><strong><em>Jeste\u015bcie<\/em><\/strong><em> w sercu Ko\u015bcio\u0142a. Wyb\u00f3r wypowiedzi i dokument\u00f3w ko\u015bcielnych skierowanych do os\u00f3b pochodzenia romskiego<\/em>, Szczecinek 2020<\/li>\n<li><strong>J\u0119druch D<\/strong>., <em>Blok jako dzie\u0142o sztuki : trzy modele architektury socjalnej w XX-wiecznej Francji : Le Corbusier, \u00c9mile Aillaud, Ricardo Bofill<\/em>, Krak\u00f3w 2020<\/li>\n<li><strong>Kamie\u0144ska A<\/strong>., <em>Notatnik<\/em>, Lublin 2020<\/li>\n<li><strong>Kamie\u0144ska A<\/strong>., <em>Poezje zebrane, T. 1-3<\/em>, Lublin 2020<\/li>\n<li><strong><em>Kim<\/em><\/strong><em> jest cz\u0142owiek? : wsp\u00f3\u0142czesne debaty antropologiczne<\/em>, Lublin 2020<\/li>\n<li><strong>Kociuba M.<\/strong>, <em>Obraz mi\u0119dzy sacrum i profanum<\/em>, Lublin 2020<\/li>\n<li><strong><em>Komunikowanie<\/em><\/strong><em> polityk(i) w literaturze i w mediach<\/em>, Lublin 2021<\/li>\n<li><strong>Krause M.,<\/strong> <em>\u017beglarze Zalewu Wi\u015blanego : praca zbiorowa<\/em>, Elbl\u0105g 2020<\/li>\n<li><strong>Kufel R.R<\/strong>., <em>Archiwum parafialne w teorii i praktyce<\/em>, Zielona G\u00f3ra 2021<\/li>\n<li><strong>Kulik M<\/strong>., <em>Przest\u0119pstwa wsp\u00f3\u0142ukarane w polskim prawie karnym<\/em>, Lublin 2021<\/li>\n<li><strong><em>Leszek<\/em><\/strong><em> M\u0105dzik : otwieranie czasu : 50 lat dzia\u0142alno\u015bci Sceny Plastycznej KUL<\/em>, Lublin 2020<\/li>\n<li><strong>Lipska E<\/strong>., <em>Kocia trzynastka czyli sKOTland yard<\/em>, Krak\u00f3w 2020<\/li>\n<li><strong>\u0141uszczy\u0144ska M<\/strong>., <em>Czy\u0144cie sobie ziemi\u0119 poddan\u0105 : ekologiczne dylematy w nauczaniu spo\u0142ecznym Ko\u015bcio\u0142a katolickiego<\/em>, Lublin 2021<\/li>\n<li><strong>Machul-Telus B., Nijakowski L<\/strong>., <em>Mniejszo\u015bci narodowe, etniczne i j\u0119zykowe III Rzeczypospolitej : informator 2020<\/em>, Warszawa 2020<\/li>\n<li><strong><em>Marginalia<\/em><\/strong><em> w ksi\u0105\u017cce dawnej i wsp\u00f3\u0142czesnej<\/em>, Katowice 2019<\/li>\n<li><strong>Mierzwa J<\/strong>., <em>Konstytucja marcowa 1921<\/em>, Warszawa 2021<\/li>\n<li><strong><em>Mi\u0119dzy<\/em><\/strong><em> Warszaw\u0105 a Florencj\u0105 : korespondencja Adama P\u0142uga i Teofila Lenartowicza : 1870-1890<\/em>, Lublin 2020<\/li>\n<li><strong>Moraczewska A<\/strong>., <em>Zarz\u0105dzanie ryzykiem na granicach zewn\u0119trznych Unii Europejskiej<\/em>, Lublin 2021<\/li>\n<li><strong>Moska\u0142a K., Supruniuk M.A<\/strong>., <em>W\u0142adys\u0142aw Raczkiewicz 1885-1947 : prezydent RP na Uchod\u017astwie : biografia fotograficzna<\/em>, Warszawa 2020<\/li>\n<li><strong><em>M\u00f3wi\u0105<\/em><\/strong><em> zbiory : wyk\u0142ady ossoli\u0144skie 2019-2020<\/em>, Wroc\u0142aw 2020<\/li>\n<li><strong>Odziemkowski J<\/strong>., <em>Ostatnia bije godzina\u2026 : Armia Ochotnicza gen. J\u00f3zefa Hallera<br \/>\n1920 r.<\/em>, Warszawa 2020<\/li>\n<li><strong>Osi\u0144ski Z.<\/strong>, <em>Ziemia \u2013 duch \u2013 Reduta : rzecz o Mieczys\u0142awie Limanowskim<\/em>, Gda\u0144sk; Warszawa 2020<\/li>\n<li><strong>Ostasz G<\/strong>., <em>Mowa dziej\u00f3w, m\u0105dro\u015b\u0107 poezji : szkice<\/em>, Rzesz\u00f3w 2020<\/li>\n<li><strong><em>Ostrzej <\/em><\/strong><em>widzie\u0107 : fotoreporta\u017c w \u201eitd\u201d 1960-1990<\/em>, Warszawa 2020<\/li>\n<li><strong>Paw\u0142owski H<\/strong>., <em>Kadeckie barwy<\/em>, Rawicz 2020<\/li>\n<li><strong><em>Powstania <\/em><\/strong><em>\u015bl\u0105skie i plebiscyt g\u00f3rno\u015bl\u0105ski w przestrzeni publicznej : kinematografia \u2013 muzyka \u2013 literatura \u2013 publicystyka<\/em>, Katowice 2020<\/li>\n<li><strong><em>Problemy<\/em><\/strong><em> wyszukiwania informacji w polskich archiwach<\/em>, Warszawa 2020<\/li>\n<li><strong>Rau A.<\/strong>, <em>D\u017cs-y dla praktyk\u00f3w<\/em>, Olsztyn 2020<\/li>\n<li><strong><em>Regionalne <\/em><\/strong><em>\u015brodowiska literackie i oficyny wydawnicze w polityce w\u0142adz Polski Ludowej w latach 1956-1989<\/em>, Szczecin 2020<\/li>\n<li><strong>Romulewicz K<\/strong>., <em>Plebiscyt 1920 roku na Warmii, Mazurach i Powi\u015blu : bibliografia za lata 1945-2020<\/em>, Olsztyn 2020<\/li>\n<li><strong>Sidorowicz-Mulak D., Franczyk-Ceg\u0142a A<\/strong>., <em>Kolekcje prywatne w zbiorach ksi\u0105\u017cki dawnej : studia. T.1-2<\/em>, Wroc\u0142aw 2020<\/li>\n<li><strong>Snyder T.<\/strong>, <em>Ameryka\u0144ska choroba : szpitalne zapiski o wolno\u015bci<\/em>, Krak\u00f3w 2021<\/li>\n<li><strong>Stanaszek-Tomal E<\/strong>., <em>Korozja biologiczna kompozyt\u00f3w z matryc\u0105 mineraln\u0105<\/em>, Krak\u00f3w 2020<\/li>\n<li><strong>Szulc M<\/strong>., <em>Prezydium Krajowej Rady Narodowej w systemie ustrojowym Polski (1944-1947)<\/em>, Warszawa 2021<\/li>\n<li><strong>Szyfman A<\/strong>., <em>Listy do si\u00f3str Ewy i Franciszki 1944-1966<\/em>, Warszawa 2020<\/li>\n<li><strong>\u015awi\u0119ch J<\/strong>., <em>Z historii i poetyki przek\u0142adu<\/em>, Lublin 2021<\/li>\n<li><strong><em>Tu <\/em><\/strong><em>Muran\u00f3w. Dzielnica ponad gruzami<\/em>, Warszawa 2020<\/li>\n<li><strong>Urbanowski M<\/strong>., <em>Rok 1920 w literaturze polskiej : zarys monograficzny<\/em>, Warszawa 2020<\/li>\n<li><strong><em>Warto\u015bci<\/em><\/strong><em> j\u0119zykowe i kulturowe obecne w czasopi\u015bmiennictwie polskim po roku 1989<\/em>, Zielona G\u00f3ra 2021<\/li>\n<li><strong><em>Warto\u015bci <\/em><\/strong><em>w kulturach europejskich : raport z bada\u0144 empirycznych<\/em>, Lublin 2021<\/li>\n<li><strong><em>Wiosn\u0119<\/em><\/strong><em> odwo\u0142ano : antologia dziennik\u00f3w pandemicznych<\/em>, Krak\u00f3w 2020<\/li>\n<li><strong>Wi\u015blicz T<\/strong>., <em>Zelman Wolfowicz i jego rz\u0105dy w starostwie drohobyckim w po\u0142owie XVIII wieku<\/em>, Krak\u00f3w 2020<\/li>\n<li><strong><em>Wybrane <\/em><\/strong><em>konteksty wsp\u00f3\u0142czesnej fotografii w Polsce 1947-2017<\/em>, Katowice 2020<\/li>\n<li><strong><em>Wybrane<\/em><\/strong><em> zagadnienia z psychologii religii : funkcja i to\u017csamo\u015b\u0107<\/em>, Lublin 2021<\/li>\n<li><strong><em>Wymiary<\/em><\/strong><em> partycypacji politycznej we wsp\u00f3\u0142czesnej Europie<\/em>, Lublin 2021<\/li>\n<li><strong>Wysocki W<\/strong>., <em>Ksi\u0105dz major Ignacy Skorupka (1893-1920),<\/em> Warszawa 2020<\/li>\n<li><strong>Zakrzewska Z<\/strong><em>., \u201eCukier krzepi\u201d : propaganda konsumpcji cukru w Polsce w latach 1925-1932<\/em>, Warszawa 2020<\/li>\n<li><strong>Zamorski K<\/strong>., <em>Przez profesjonalizacj\u0119 do mi\u0119dzynarodowej ekumeny historyk\u00f3w : historiografia polska na mi\u0119dzynarodowych kongresach nauk historycznych w latach 1898-1938<\/em>, Krak\u00f3w 2020<\/li>\n<\/ol>\n<p>&nbsp;<\/p>\n<p>&nbsp;<\/p>\n","protected":false},"excerpt":{"rendered":"","protected":false},"author":18,"featured_media":30199,"comment_status":"closed","ping_status":"closed","sticky":false,"template":"","format":"standard","meta":{"_tec_requires_first_save":true,"_crdt_document":"","pgc_sgb_lightbox_settings":"","_EventAllDay":false,"_EventTimezone":"","_EventStartDate":"","_EventEndDate":"","_EventStartDateUTC":"","_EventEndDateUTC":"","_EventShowMap":false,"_EventShowMapLink":false,"_EventURL":"","_EventCost":"","_EventCostDescription":"","_EventCurrencySymbol":"","_EventCurrencyCode":"","_EventCurrencyPosition":"","_EventDateTimeSeparator":"","_EventTimeRangeSeparator":"","_EventOrganizerID":[],"_EventVenueID":[],"_OrganizerEmail":"","_OrganizerPhone":"","_OrganizerWebsite":"","_VenueAddress":"","_VenueCity":"","_VenueCountry":"","_VenueProvince":"","_VenueState":"","_VenueZip":"","_VenuePhone":"","_VenueURL":"","_VenueStateProvince":"","_VenueLat":"","_VenueLng":"","_VenueShowMap":false,"_VenueShowMapLink":false,"_tribe_blocks_recurrence_rules":"","_tribe_blocks_recurrence_description":"","_tribe_blocks_recurrence_exclusions":"","footnotes":""},"categories":[509,57,10],"tags":[],"class_list":["post-30198","post","type-post","status-publish","format-standard","has-post-thumbnail","hentry","category-nowe-nabytki","category-nowe-nabytki-do-ksigozbioru-naukowego","category-aktualnosci"],"publishpress_future_action":{"enabled":false,"date":"2026-05-06 12:59:37","action":"change-status","newStatus":"draft","terms":[],"taxonomy":"category","extraData":[]},"publishpress_future_workflow_manual_trigger":{"enabledWorkflows":[]},"_links":{"self":[{"href":"https:\/\/wbp.lublin.pl\/index.php\/wp-json\/wp\/v2\/posts\/30198","targetHints":{"allow":["GET"]}}],"collection":[{"href":"https:\/\/wbp.lublin.pl\/index.php\/wp-json\/wp\/v2\/posts"}],"about":[{"href":"https:\/\/wbp.lublin.pl\/index.php\/wp-json\/wp\/v2\/types\/post"}],"author":[{"embeddable":true,"href":"https:\/\/wbp.lublin.pl\/index.php\/wp-json\/wp\/v2\/users\/18"}],"replies":[{"embeddable":true,"href":"https:\/\/wbp.lublin.pl\/index.php\/wp-json\/wp\/v2\/comments?post=30198"}],"version-history":[{"count":2,"href":"https:\/\/wbp.lublin.pl\/index.php\/wp-json\/wp\/v2\/posts\/30198\/revisions"}],"predecessor-version":[{"id":30201,"href":"https:\/\/wbp.lublin.pl\/index.php\/wp-json\/wp\/v2\/posts\/30198\/revisions\/30201"}],"wp:featuredmedia":[{"embeddable":true,"href":"https:\/\/wbp.lublin.pl\/index.php\/wp-json\/wp\/v2\/media\/30199"}],"wp:attachment":[{"href":"https:\/\/wbp.lublin.pl\/index.php\/wp-json\/wp\/v2\/media?parent=30198"}],"wp:term":[{"taxonomy":"category","embeddable":true,"href":"https:\/\/wbp.lublin.pl\/index.php\/wp-json\/wp\/v2\/categories?post=30198"},{"taxonomy":"post_tag","embeddable":true,"href":"https:\/\/wbp.lublin.pl\/index.php\/wp-json\/wp\/v2\/tags?post=30198"}],"curies":[{"name":"wp","href":"https:\/\/api.w.org\/{rel}","templated":true}]}}