{"id":30307,"date":"2021-06-15T11:38:51","date_gmt":"2021-06-15T09:38:51","guid":{"rendered":"https:\/\/wbp.lublin.pl\/?p=30307"},"modified":"2021-09-09T12:50:26","modified_gmt":"2021-09-09T10:50:26","slug":"ogloszenie-o-sprzedazy-samochodu-osobowego","status":"publish","type":"post","link":"https:\/\/wbp.lublin.pl\/index.php\/2021\/06\/15\/ogloszenie-o-sprzedazy-samochodu-osobowego\/","title":{"rendered":"Og\u0142oszenie o sprzeda\u017cy samochodu osobowego"},"content":{"rendered":"<p><!--more--><\/p>\n<p style=\"text-align: center;\"><a href=\"https:\/\/wbp.lublin.pl\/wp-content\/uploads\/2021\/09\/Ogloszenie-o-nierozstrzygnieciu-postepowania-PDF-40KB-.pdf\">Og\u0142oszenie-o-nierozstrzygni\u0119ciu-post\u0119powania-[PDF-40KB] &#8211; 01.09.2021<\/a><\/p>\n<p>&nbsp;<\/p>\n<p>&nbsp;<\/p>\n<p style=\"text-align: center;\"><strong>OG\u0141OSZENIE O SPRZEDA\u017bY SAMOCHODU OSOBOWEGO<\/strong><\/p>\n<p style=\"text-align: center;\"><a href=\"https:\/\/wbp.lublin.pl\/wp-content\/uploads\/2021\/06\/Dokument3.pdf\">Tre\u015b\u0107 og\u0142oszenia o sprzeda\u017cy samochodu [08.07.2021]<\/a><\/p>\n<p>&nbsp;<\/p>\n<p>&nbsp;<\/p>\n<div id='gallery-1' class='gallery galleryid-30307 gallery-columns-2 gallery-size-medium'><figure class='gallery-item'>\n\t\t\t<div class='gallery-icon portrait'>\n\t\t\t\t<a href='https:\/\/wbp.lublin.pl\/index.php\/2021\/06\/15\/ogloszenie-o-sprzedazy-samochodu-osobowego\/img_3285\/'><img loading=\"lazy\" decoding=\"async\" width=\"490\" height=\"600\" src=\"https:\/\/wbp.lublin.pl\/wp-content\/uploads\/2021\/06\/IMG_3285-490x600.webp\" class=\"attachment-medium size-medium not-transparent\" alt=\"Samoch\u00f3d - zdj\u0119cie 1\" aria-describedby=\"gallery-1-30524\" srcset=\"https:\/\/wbp.lublin.pl\/wp-content\/uploads\/2021\/06\/IMG_3285-490x600.webp 490w, https:\/\/wbp.lublin.pl\/wp-content\/uploads\/2021\/06\/IMG_3285-327x400.webp 327w, https:\/\/wbp.lublin.pl\/wp-content\/uploads\/2021\/06\/IMG_3285-768x941.webp 768w, https:\/\/wbp.lublin.pl\/wp-content\/uploads\/2021\/06\/IMG_3285-624x764.webp 624w, https:\/\/wbp.lublin.pl\/wp-content\/uploads\/2021\/06\/IMG_3285.webp 871w\" sizes=\"auto, (max-width: 490px) 100vw, 490px\" data-has-transparency=\"false\" data-dominant-color=\"737673\" style=\"--dominant-color: #737673;\" \/><\/a>\n\t\t\t<\/div>\n\t\t\t\t<figcaption class='wp-caption-text gallery-caption' id='gallery-1-30524'>\n\t\t\t\tSamoch\u00f3d &#8211; zdj\u0119cie 1\n\t\t\t\t<\/figcaption><\/figure><figure class='gallery-item'>\n\t\t\t<div class='gallery-icon landscape'>\n\t\t\t\t<a href='https:\/\/wbp.lublin.pl\/index.php\/2021\/06\/15\/ogloszenie-o-sprzedazy-samochodu-osobowego\/img_3291\/'><img loading=\"lazy\" decoding=\"async\" width=\"600\" height=\"400\" src=\"https:\/\/wbp.lublin.pl\/wp-content\/uploads\/2021\/06\/IMG_3291-600x400.webp\" class=\"attachment-medium size-medium not-transparent\" alt=\"Samoch\u00f3d - zdj\u0119cie 2\" aria-describedby=\"gallery-1-30525\" srcset=\"https:\/\/wbp.lublin.pl\/wp-content\/uploads\/2021\/06\/IMG_3291-600x400.webp 600w, https:\/\/wbp.lublin.pl\/wp-content\/uploads\/2021\/06\/IMG_3291-400x267.webp 400w, https:\/\/wbp.lublin.pl\/wp-content\/uploads\/2021\/06\/IMG_3291-768x512.webp 768w, https:\/\/wbp.lublin.pl\/wp-content\/uploads\/2021\/06\/IMG_3291-1536x1024.webp 1536w, https:\/\/wbp.lublin.pl\/wp-content\/uploads\/2021\/06\/IMG_3291-947x631.webp 947w, https:\/\/wbp.lublin.pl\/wp-content\/uploads\/2021\/06\/IMG_3291-624x416.webp 624w, https:\/\/wbp.lublin.pl\/wp-content\/uploads\/2021\/06\/IMG_3291-84x56.webp 84w, https:\/\/wbp.lublin.pl\/wp-content\/uploads\/2021\/06\/IMG_3291.webp 1620w\" sizes=\"auto, (max-width: 600px) 100vw, 600px\" data-has-transparency=\"false\" data-dominant-color=\"6e6e68\" style=\"--dominant-color: #6e6e68;\" \/><\/a>\n\t\t\t<\/div>\n\t\t\t\t<figcaption class='wp-caption-text gallery-caption' id='gallery-1-30525'>\n\t\t\t\tSamoch\u00f3d &#8211; zdj\u0119cie 2\n\t\t\t\t<\/figcaption><\/figure><figure class='gallery-item'>\n\t\t\t<div class='gallery-icon landscape'>\n\t\t\t\t<a href='https:\/\/wbp.lublin.pl\/index.php\/2021\/06\/15\/ogloszenie-o-sprzedazy-samochodu-osobowego\/img_3301\/'><img loading=\"lazy\" decoding=\"async\" width=\"600\" height=\"400\" src=\"https:\/\/wbp.lublin.pl\/wp-content\/uploads\/2021\/06\/IMG_3301-600x400.webp\" class=\"attachment-medium size-medium not-transparent\" alt=\"Samoch\u00f3d - zdj\u0119cie 3\" aria-describedby=\"gallery-1-30526\" srcset=\"https:\/\/wbp.lublin.pl\/wp-content\/uploads\/2021\/06\/IMG_3301-600x400.webp 600w, https:\/\/wbp.lublin.pl\/wp-content\/uploads\/2021\/06\/IMG_3301-400x267.webp 400w, https:\/\/wbp.lublin.pl\/wp-content\/uploads\/2021\/06\/IMG_3301-768x512.webp 768w, https:\/\/wbp.lublin.pl\/wp-content\/uploads\/2021\/06\/IMG_3301-1536x1024.webp 1536w, https:\/\/wbp.lublin.pl\/wp-content\/uploads\/2021\/06\/IMG_3301-947x631.webp 947w, https:\/\/wbp.lublin.pl\/wp-content\/uploads\/2021\/06\/IMG_3301-624x416.webp 624w, https:\/\/wbp.lublin.pl\/wp-content\/uploads\/2021\/06\/IMG_3301-84x56.webp 84w, https:\/\/wbp.lublin.pl\/wp-content\/uploads\/2021\/06\/IMG_3301.webp 1620w\" sizes=\"auto, (max-width: 600px) 100vw, 600px\" data-has-transparency=\"false\" data-dominant-color=\"84888b\" style=\"--dominant-color: #84888b;\" \/><\/a>\n\t\t\t<\/div>\n\t\t\t\t<figcaption class='wp-caption-text gallery-caption' id='gallery-1-30526'>\n\t\t\t\tSamoch\u00f3d &#8211; zdj\u0119cie 3\n\t\t\t\t<\/figcaption><\/figure><figure class='gallery-item'>\n\t\t\t<div class='gallery-icon landscape'>\n\t\t\t\t<a href='https:\/\/wbp.lublin.pl\/index.php\/2021\/06\/15\/ogloszenie-o-sprzedazy-samochodu-osobowego\/img_3303\/'><img loading=\"lazy\" decoding=\"async\" width=\"600\" height=\"400\" src=\"https:\/\/wbp.lublin.pl\/wp-content\/uploads\/2021\/06\/IMG_3303-600x400.webp\" class=\"attachment-medium size-medium not-transparent\" alt=\"Samoch\u00f3d - zdj\u0119cie 4\" aria-describedby=\"gallery-1-30527\" srcset=\"https:\/\/wbp.lublin.pl\/wp-content\/uploads\/2021\/06\/IMG_3303-600x400.webp 600w, https:\/\/wbp.lublin.pl\/wp-content\/uploads\/2021\/06\/IMG_3303-400x267.webp 400w, https:\/\/wbp.lublin.pl\/wp-content\/uploads\/2021\/06\/IMG_3303-768x512.webp 768w, https:\/\/wbp.lublin.pl\/wp-content\/uploads\/2021\/06\/IMG_3303-1536x1024.webp 1536w, https:\/\/wbp.lublin.pl\/wp-content\/uploads\/2021\/06\/IMG_3303-947x631.webp 947w, https:\/\/wbp.lublin.pl\/wp-content\/uploads\/2021\/06\/IMG_3303-624x416.webp 624w, https:\/\/wbp.lublin.pl\/wp-content\/uploads\/2021\/06\/IMG_3303-84x56.webp 84w, https:\/\/wbp.lublin.pl\/wp-content\/uploads\/2021\/06\/IMG_3303.webp 1620w\" sizes=\"auto, (max-width: 600px) 100vw, 600px\" data-has-transparency=\"false\" data-dominant-color=\"9a9b9c\" style=\"--dominant-color: #9a9b9c;\" \/><\/a>\n\t\t\t<\/div>\n\t\t\t\t<figcaption class='wp-caption-text gallery-caption' id='gallery-1-30527'>\n\t\t\t\tSamoch\u00f3d &#8211; zdj\u0119cie 4\n\t\t\t\t<\/figcaption><\/figure><figure class='gallery-item'>\n\t\t\t<div class='gallery-icon landscape'>\n\t\t\t\t<a href='https:\/\/wbp.lublin.pl\/index.php\/2021\/06\/15\/ogloszenie-o-sprzedazy-samochodu-osobowego\/img_3309\/'><img loading=\"lazy\" decoding=\"async\" width=\"600\" height=\"400\" src=\"https:\/\/wbp.lublin.pl\/wp-content\/uploads\/2021\/06\/IMG_3309-600x400.webp\" class=\"attachment-medium size-medium not-transparent\" alt=\"Samoch\u00f3d - zdj\u0119cie 5\" aria-describedby=\"gallery-1-30528\" srcset=\"https:\/\/wbp.lublin.pl\/wp-content\/uploads\/2021\/06\/IMG_3309-600x400.webp 600w, https:\/\/wbp.lublin.pl\/wp-content\/uploads\/2021\/06\/IMG_3309-400x267.webp 400w, https:\/\/wbp.lublin.pl\/wp-content\/uploads\/2021\/06\/IMG_3309-768x512.webp 768w, https:\/\/wbp.lublin.pl\/wp-content\/uploads\/2021\/06\/IMG_3309-1536x1024.webp 1536w, https:\/\/wbp.lublin.pl\/wp-content\/uploads\/2021\/06\/IMG_3309-947x631.webp 947w, https:\/\/wbp.lublin.pl\/wp-content\/uploads\/2021\/06\/IMG_3309-624x416.webp 624w, https:\/\/wbp.lublin.pl\/wp-content\/uploads\/2021\/06\/IMG_3309-84x56.webp 84w, https:\/\/wbp.lublin.pl\/wp-content\/uploads\/2021\/06\/IMG_3309.webp 1620w\" sizes=\"auto, (max-width: 600px) 100vw, 600px\" data-has-transparency=\"false\" data-dominant-color=\"8e8f8e\" style=\"--dominant-color: #8e8f8e;\" \/><\/a>\n\t\t\t<\/div>\n\t\t\t\t<figcaption class='wp-caption-text gallery-caption' id='gallery-1-30528'>\n\t\t\t\tSamoch\u00f3d &#8211; zdj\u0119cie 5\n\t\t\t\t<\/figcaption><\/figure><figure class='gallery-item'>\n\t\t\t<div class='gallery-icon landscape'>\n\t\t\t\t<a href='https:\/\/wbp.lublin.pl\/index.php\/2021\/06\/15\/ogloszenie-o-sprzedazy-samochodu-osobowego\/img_3314-1\/'><img loading=\"lazy\" decoding=\"async\" width=\"600\" height=\"568\" src=\"https:\/\/wbp.lublin.pl\/wp-content\/uploads\/2021\/06\/IMG_3314-1-600x568.webp\" class=\"attachment-medium size-medium not-transparent\" alt=\"Samoch\u00f3d - zdj\u0119cie 6\" aria-describedby=\"gallery-1-30529\" srcset=\"https:\/\/wbp.lublin.pl\/wp-content\/uploads\/2021\/06\/IMG_3314-1-600x568.webp 600w, https:\/\/wbp.lublin.pl\/wp-content\/uploads\/2021\/06\/IMG_3314-1-400x379.webp 400w, https:\/\/wbp.lublin.pl\/wp-content\/uploads\/2021\/06\/IMG_3314-1-768x728.webp 768w, https:\/\/wbp.lublin.pl\/wp-content\/uploads\/2021\/06\/IMG_3314-1-947x897.webp 947w, https:\/\/wbp.lublin.pl\/wp-content\/uploads\/2021\/06\/IMG_3314-1-624x591.webp 624w, https:\/\/wbp.lublin.pl\/wp-content\/uploads\/2021\/06\/IMG_3314-1.webp 1122w\" sizes=\"auto, (max-width: 600px) 100vw, 600px\" data-has-transparency=\"false\" data-dominant-color=\"6a6c6c\" style=\"--dominant-color: #6a6c6c;\" \/><\/a>\n\t\t\t<\/div>\n\t\t\t\t<figcaption class='wp-caption-text gallery-caption' id='gallery-1-30529'>\n\t\t\t\tSamoch\u00f3d &#8211; zdj\u0119cie 6\n\t\t\t\t<\/figcaption><\/figure>\n\t\t<\/div>\n\n<p>&nbsp;<\/p>\n<p>&nbsp;<\/p>\n<p>&nbsp;<\/p>\n<p>&nbsp;<\/p>\n","protected":false},"excerpt":{"rendered":"","protected":false},"author":15,"featured_media":28766,"comment_status":"closed","ping_status":"closed","sticky":false,"template":"","format":"standard","meta":{"_tec_requires_first_save":true,"_crdt_document":"","pgc_sgb_lightbox_settings":"","_EventAllDay":false,"_EventTimezone":"","_EventStartDate":"","_EventEndDate":"","_EventStartDateUTC":"","_EventEndDateUTC":"","_EventShowMap":false,"_EventShowMapLink":false,"_EventURL":"","_EventCost":"","_EventCostDescription":"","_EventCurrencySymbol":"","_EventCurrencyCode":"","_EventCurrencyPosition":"","_EventDateTimeSeparator":"","_EventTimeRangeSeparator":"","_EventOrganizerID":[],"_EventVenueID":[],"_OrganizerEmail":"","_OrganizerPhone":"","_OrganizerWebsite":"","_VenueAddress":"","_VenueCity":"","_VenueCountry":"","_VenueProvince":"","_VenueState":"","_VenueZip":"","_VenuePhone":"","_VenueURL":"","_VenueStateProvince":"","_VenueLat":"","_VenueLng":"","_VenueShowMap":false,"_VenueShowMapLink":false,"_tribe_blocks_recurrence_rules":"","_tribe_blocks_recurrence_description":"","_tribe_blocks_recurrence_exclusions":"","footnotes":""},"categories":[1],"tags":[665],"class_list":["post-30307","post","type-post","status-publish","format-standard","has-post-thumbnail","hentry","category-bez-kategorii","tag-ogloszenia"],"publishpress_future_action":{"enabled":false,"date":"2026-05-06 15:54:52","action":"change-status","newStatus":"draft","terms":[],"taxonomy":"category","extraData":[]},"publishpress_future_workflow_manual_trigger":{"enabledWorkflows":[]},"_links":{"self":[{"href":"https:\/\/wbp.lublin.pl\/index.php\/wp-json\/wp\/v2\/posts\/30307","targetHints":{"allow":["GET"]}}],"collection":[{"href":"https:\/\/wbp.lublin.pl\/index.php\/wp-json\/wp\/v2\/posts"}],"about":[{"href":"https:\/\/wbp.lublin.pl\/index.php\/wp-json\/wp\/v2\/types\/post"}],"author":[{"embeddable":true,"href":"https:\/\/wbp.lublin.pl\/index.php\/wp-json\/wp\/v2\/users\/15"}],"replies":[{"embeddable":true,"href":"https:\/\/wbp.lublin.pl\/index.php\/wp-json\/wp\/v2\/comments?post=30307"}],"version-history":[{"count":15,"href":"https:\/\/wbp.lublin.pl\/index.php\/wp-json\/wp\/v2\/posts\/30307\/revisions"}],"predecessor-version":[{"id":31245,"href":"https:\/\/wbp.lublin.pl\/index.php\/wp-json\/wp\/v2\/posts\/30307\/revisions\/31245"}],"wp:featuredmedia":[{"embeddable":true,"href":"https:\/\/wbp.lublin.pl\/index.php\/wp-json\/wp\/v2\/media\/28766"}],"wp:attachment":[{"href":"https:\/\/wbp.lublin.pl\/index.php\/wp-json\/wp\/v2\/media?parent=30307"}],"wp:term":[{"taxonomy":"category","embeddable":true,"href":"https:\/\/wbp.lublin.pl\/index.php\/wp-json\/wp\/v2\/categories?post=30307"},{"taxonomy":"post_tag","embeddable":true,"href":"https:\/\/wbp.lublin.pl\/index.php\/wp-json\/wp\/v2\/tags?post=30307"}],"curies":[{"name":"wp","href":"https:\/\/api.w.org\/{rel}","templated":true}]}}