{"id":30628,"date":"2021-07-16T09:35:49","date_gmt":"2021-07-16T07:35:49","guid":{"rendered":"https:\/\/wbp.lublin.pl\/?p=30628"},"modified":"2021-07-19T10:53:29","modified_gmt":"2021-07-19T08:53:29","slug":"dzien-walki-i-meczenstwa-wsi-polskiej-2021-uroczystosci-w-jozefowie-duzym-gm-serokomla","status":"publish","type":"post","link":"https:\/\/wbp.lublin.pl\/index.php\/2021\/07\/16\/dzien-walki-i-meczenstwa-wsi-polskiej-2021-uroczystosci-w-jozefowie-duzym-gm-serokomla\/","title":{"rendered":"Dzie\u0144 Walki i M\u0119cze\u0144stwa Wsi Polskiej\u00a02021 &#8211; uroczysto\u015bci w J\u00f3zefowie Du\u017cym (gm. Serokomla)"},"content":{"rendered":"<p><!--more--><\/p>\n<p style=\"text-align: center;\"><strong>12 lipca &#8211; Dzie\u0144 Walki i M\u0119cze\u0144stwa Wsi Polskiej\u00a0<\/strong><\/p>\n<p style=\"text-align: center;\"><strong>Dziennik Ustaw Rzeczypospolitej Polskiej,<br \/>\n<\/strong><strong>Warszawa, dnia 20 pa\u017adziernika 2017, poz. 1953<\/strong><\/p>\n<p style=\"text-align: center;\"><strong>\u00a0<\/strong><strong>U S T A W A<br \/>\n<\/strong><strong>z dnia 29 wrze\u015bnia 2017 r. o ustanowieniu<br \/>\n<\/strong><strong>Dnia Walki i M\u0119cze\u0144stwa Wsi Polskiej<\/strong><\/p>\n<p style=\"text-align: justify;\">\u00a0\u00a0\u00a0\u00a0\u00a0\u00a0\u00a0\u00a0\u00a0\u00a0\u00a0 W ho\u0142dzie mieszka\u0144com polskich wsi za ich patriotyczn\u0105 postaw\u0119 w czasie II wojny \u015bwiatowej \u2013 za pomoc udzielan\u0105 uciekinierom, osobom ukrywaj\u0105cym si\u0119 przed prze\u015bladowaniami i wysiedlanym, walk\u0119 w oddzia\u0142ach partyzanckich, za \u017cywienie mieszka\u0144c\u00f3w miast i \u017co\u0142nierzy podziemnego pa\u0144stwa polskiego oraz z szacunkiem dla ogromu ofiar poniesionych przez mieszka\u0144c\u00f3w wsi \u2013 rozstrzeliwanych, wyrzucanych z domostw, pozbawianych dobytku, wywo\u017conych do sowieckich \u0142agr\u00f3w i niemieckich oboz\u00f3w koncentracyjnych oraz na przymusowe roboty, stanowi si\u0119, co nast\u0119puje:<\/p>\n<p style=\"text-align: justify;\"><strong>Art.1.<\/strong>\u00a0 12 lipca \u2013 dzie\u0144 pacyfikacji Michniowa w 1943 r. \u2013 ustanawia si\u0119 Dniem Walki i M\u0119cze\u0144stwa Wsi\u00a0 Polskiej.<br \/>\n<strong>Art.2. <\/strong>\u00a0Dzie\u0144 Walki i M\u0119cze\u0144stwa Wsi Polskiej jest \u015bwi\u0119tem pa\u0144stwowym.<br \/>\n<strong>Art. 3.<\/strong> Ustawa wchodzi w \u017cycie po up\u0142ywie 14 dni od dnia og\u0142oszenia.<\/p>\n<p style=\"text-align: right;\">Prezydent Rzeczypospolitej Polskiej: <em>A. Duda<\/em><\/p>\n<p style=\"text-align: center;\">W roku 2021 obchody <strong>Dnia Walki i M\u0119cze\u0144stwa Wsi Polskiej<br \/>\n<\/strong>organizowane by\u0142y m.in. w <strong>J\u00f3zefowie Du\u017cym (gm. Serokomla)<\/strong><\/p>\n<div id='gallery-1' class='gallery galleryid-30628 gallery-columns-1 gallery-size-medium'><figure class='gallery-item'>\n\t\t\t<div class='gallery-icon portrait'>\n\t\t\t\t<a href='https:\/\/wbp.lublin.pl\/index.php\/2021\/07\/12\/12-lipca-dzien-walki-i-meczenstwa-wsi-polskiej-2\/zaproszenie-dla-mieszkancow-gminy-serokomla-na-uroczystosc-upamietnienia-ofiar-mordu-w-jozefowie-duzym-i-meczenstwa-wsi-polskiej\/'><img loading=\"lazy\" decoding=\"async\" width=\"424\" height=\"600\" src=\"https:\/\/wbp.lublin.pl\/wp-content\/uploads\/2021\/07\/Zaproszenie-dla-mieszkancow-gminy-Serokomla-na-uroczystosc-upamietnienia-ofiar-mordu-w-Jozefowie-Duzym-i-Meczenstwa-Wsi-Polskiej.--424x600.webp\" class=\"attachment-medium size-medium not-transparent\" alt=\"Zaproszenie\" aria-describedby=\"gallery-1-30605\" srcset=\"https:\/\/wbp.lublin.pl\/wp-content\/uploads\/2021\/07\/Zaproszenie-dla-mieszkancow-gminy-Serokomla-na-uroczystosc-upamietnienia-ofiar-mordu-w-Jozefowie-Duzym-i-Meczenstwa-Wsi-Polskiej.--424x600.webp 424w, https:\/\/wbp.lublin.pl\/wp-content\/uploads\/2021\/07\/Zaproszenie-dla-mieszkancow-gminy-Serokomla-na-uroczystosc-upamietnienia-ofiar-mordu-w-Jozefowie-Duzym-i-Meczenstwa-Wsi-Polskiej.--283x400.webp 283w, https:\/\/wbp.lublin.pl\/wp-content\/uploads\/2021\/07\/Zaproszenie-dla-mieszkancow-gminy-Serokomla-na-uroczystosc-upamietnienia-ofiar-mordu-w-Jozefowie-Duzym-i-Meczenstwa-Wsi-Polskiej.--624x883.webp 624w, https:\/\/wbp.lublin.pl\/wp-content\/uploads\/2021\/07\/Zaproszenie-dla-mieszkancow-gminy-Serokomla-na-uroczystosc-upamietnienia-ofiar-mordu-w-Jozefowie-Duzym-i-Meczenstwa-Wsi-Polskiej.-.webp 763w\" sizes=\"auto, (max-width: 424px) 100vw, 424px\" data-has-transparency=\"false\" data-dominant-color=\"e1d2bf\" style=\"--dominant-color: #e1d2bf;\" \/><\/a>\n\t\t\t<\/div>\n\t\t\t\t<figcaption class='wp-caption-text gallery-caption' id='gallery-1-30605'>\n\t\t\t\tZaproszenie\n\t\t\t\t<\/figcaption><\/figure>\n\t\t<\/div>\n\n<p>W uroczysto\u015bciach uczestniczy\u0142 <strong>Tadeusz S\u0142awecki<\/strong> &#8211; Dyrektor <strong>Wojew\u00f3dzkiej Biblioteki Publicznej im. Hieronima \u0141opaci\u0144skiego w Lublinie<\/strong><\/p>\n<div id='gallery-2' class='gallery galleryid-30628 gallery-columns-2 gallery-size-medium'><figure class='gallery-item'>\n\t\t\t<div class='gallery-icon landscape'>\n\t\t\t\t<a href='https:\/\/wbp.lublin.pl\/index.php\/2021\/07\/16\/dzien-walki-i-meczenstwa-wsi-polskiej-2021-uroczystosci-w-jozefowie-duzym-gm-serokomla\/6-142\/'><img loading=\"lazy\" decoding=\"async\" width=\"600\" height=\"450\" src=\"https:\/\/wbp.lublin.pl\/wp-content\/uploads\/2021\/07\/6-scaled-600x450.webp\" class=\"attachment-medium size-medium not-transparent\" alt=\"Uroczysto\u015bci w J\u00f3zefowie Du\u017cym\" aria-describedby=\"gallery-2-30639\" srcset=\"https:\/\/wbp.lublin.pl\/wp-content\/uploads\/2021\/07\/6-scaled-600x450.webp 600w, https:\/\/wbp.lublin.pl\/wp-content\/uploads\/2021\/07\/6-scaled-400x300.webp 400w, https:\/\/wbp.lublin.pl\/wp-content\/uploads\/2021\/07\/6-scaled-768x576.webp 768w, https:\/\/wbp.lublin.pl\/wp-content\/uploads\/2021\/07\/6-scaled-947x710.webp 947w, https:\/\/wbp.lublin.pl\/wp-content\/uploads\/2021\/07\/6-scaled-624x468.webp 624w, https:\/\/wbp.lublin.pl\/wp-content\/uploads\/2021\/07\/6-scaled.webp 1440w\" sizes=\"auto, (max-width: 600px) 100vw, 600px\" data-has-transparency=\"false\" data-dominant-color=\"6f6f6a\" style=\"--dominant-color: #6f6f6a;\" \/><\/a>\n\t\t\t<\/div>\n\t\t\t\t<figcaption class='wp-caption-text gallery-caption' id='gallery-2-30639'>\n\t\t\t\tUroczysto\u015bci w J\u00f3zefowie Du\u017cym\n\t\t\t\t<\/figcaption><\/figure><figure class='gallery-item'>\n\t\t\t<div class='gallery-icon landscape'>\n\t\t\t\t<a href='https:\/\/wbp.lublin.pl\/index.php\/2021\/07\/16\/dzien-walki-i-meczenstwa-wsi-polskiej-2021-uroczystosci-w-jozefowie-duzym-gm-serokomla\/8-145\/'><img loading=\"lazy\" decoding=\"async\" width=\"600\" height=\"450\" src=\"https:\/\/wbp.lublin.pl\/wp-content\/uploads\/2021\/07\/8-scaled-600x450.webp\" class=\"attachment-medium size-medium not-transparent\" alt=\"Uroczysto\u015bci w J\u00f3zefowie Du\u017cym\" aria-describedby=\"gallery-2-30640\" srcset=\"https:\/\/wbp.lublin.pl\/wp-content\/uploads\/2021\/07\/8-scaled-600x450.webp 600w, https:\/\/wbp.lublin.pl\/wp-content\/uploads\/2021\/07\/8-scaled-400x300.webp 400w, https:\/\/wbp.lublin.pl\/wp-content\/uploads\/2021\/07\/8-scaled-768x576.webp 768w, https:\/\/wbp.lublin.pl\/wp-content\/uploads\/2021\/07\/8-scaled-947x710.webp 947w, https:\/\/wbp.lublin.pl\/wp-content\/uploads\/2021\/07\/8-scaled-624x468.webp 624w, https:\/\/wbp.lublin.pl\/wp-content\/uploads\/2021\/07\/8-scaled.webp 1440w\" sizes=\"auto, (max-width: 600px) 100vw, 600px\" data-has-transparency=\"false\" data-dominant-color=\"33365a\" style=\"--dominant-color: #33365a;\" \/><\/a>\n\t\t\t<\/div>\n\t\t\t\t<figcaption class='wp-caption-text gallery-caption' id='gallery-2-30640'>\n\t\t\t\tUroczysto\u015bci w J\u00f3zefowie Du\u017cym\n\t\t\t\t<\/figcaption><\/figure><figure class='gallery-item'>\n\t\t\t<div class='gallery-icon portrait'>\n\t\t\t\t<a href='https:\/\/wbp.lublin.pl\/index.php\/2021\/07\/16\/dzien-walki-i-meczenstwa-wsi-polskiej-2021-uroczystosci-w-jozefowie-duzym-gm-serokomla\/2-151\/'><img loading=\"lazy\" decoding=\"async\" width=\"450\" height=\"600\" src=\"https:\/\/wbp.lublin.pl\/wp-content\/uploads\/2021\/07\/2-scaled-jpg-avif-450x600.jpg\" class=\"attachment-medium size-medium not-transparent\" alt=\"Uroczysto\u015bci w J\u00f3zefowie Du\u017cym\" aria-describedby=\"gallery-2-30634\" srcset=\"https:\/\/wbp.lublin.pl\/wp-content\/uploads\/2021\/07\/2-scaled-jpg-avif-450x600.jpg 450w, https:\/\/wbp.lublin.pl\/wp-content\/uploads\/2021\/07\/2-scaled-jpg-avif-300x400.jpg 300w, https:\/\/wbp.lublin.pl\/wp-content\/uploads\/2021\/07\/2-scaled-jpg-avif-768x1024.jpg 768w, https:\/\/wbp.lublin.pl\/wp-content\/uploads\/2021\/07\/2-scaled-jpg-avif-624x832.jpg 624w, https:\/\/wbp.lublin.pl\/wp-content\/uploads\/2021\/07\/2-scaled-jpg-avif.avif 810w\" sizes=\"auto, (max-width: 450px) 100vw, 450px\" data-has-transparency=\"false\" data-dominant-color=\"5b5140\" style=\"--dominant-color: #5b5140;\" \/><\/a>\n\t\t\t<\/div>\n\t\t\t\t<figcaption class='wp-caption-text gallery-caption' id='gallery-2-30634'>\n\t\t\t\tUroczysto\u015bci w J\u00f3zefowie Du\u017cym\n\t\t\t\t<\/figcaption><\/figure><figure class='gallery-item'>\n\t\t\t<div class='gallery-icon landscape'>\n\t\t\t\t<a href='https:\/\/wbp.lublin.pl\/index.php\/2021\/07\/16\/dzien-walki-i-meczenstwa-wsi-polskiej-2021-uroczystosci-w-jozefowie-duzym-gm-serokomla\/7-1\/'><img loading=\"lazy\" decoding=\"async\" width=\"600\" height=\"450\" src=\"https:\/\/wbp.lublin.pl\/wp-content\/uploads\/2021\/07\/7-1-scaled-600x450.webp\" class=\"attachment-medium size-medium not-transparent\" alt=\"Uroczysto\u015bci w J\u00f3zefowie Du\u017cym\" aria-describedby=\"gallery-2-30643\" srcset=\"https:\/\/wbp.lublin.pl\/wp-content\/uploads\/2021\/07\/7-1-scaled-600x450.webp 600w, https:\/\/wbp.lublin.pl\/wp-content\/uploads\/2021\/07\/7-1-scaled-400x300.webp 400w, https:\/\/wbp.lublin.pl\/wp-content\/uploads\/2021\/07\/7-1-scaled-768x576.webp 768w, https:\/\/wbp.lublin.pl\/wp-content\/uploads\/2021\/07\/7-1-scaled-947x710.webp 947w, https:\/\/wbp.lublin.pl\/wp-content\/uploads\/2021\/07\/7-1-scaled-624x468.webp 624w, https:\/\/wbp.lublin.pl\/wp-content\/uploads\/2021\/07\/7-1-scaled.webp 1440w\" sizes=\"auto, (max-width: 600px) 100vw, 600px\" data-has-transparency=\"false\" data-dominant-color=\"4f4a3c\" style=\"--dominant-color: #4f4a3c;\" \/><\/a>\n\t\t\t<\/div>\n\t\t\t\t<figcaption class='wp-caption-text gallery-caption' id='gallery-2-30643'>\n\t\t\t\tUroczysto\u015bci w J\u00f3zefowie Du\u017cym\n\t\t\t\t<\/figcaption><\/figure><figure class='gallery-item'>\n\t\t\t<div class='gallery-icon landscape'>\n\t\t\t\t<a href='https:\/\/wbp.lublin.pl\/index.php\/2021\/07\/16\/dzien-walki-i-meczenstwa-wsi-polskiej-2021-uroczystosci-w-jozefowie-duzym-gm-serokomla\/1-162\/'><img loading=\"lazy\" decoding=\"async\" width=\"600\" height=\"450\" src=\"https:\/\/wbp.lublin.pl\/wp-content\/uploads\/2021\/07\/1-1-scaled-600x450.webp\" class=\"attachment-medium size-medium not-transparent\" alt=\"Uroczysto\u015bci w J\u00f3zefowie Du\u017cym\" aria-describedby=\"gallery-2-30636\" srcset=\"https:\/\/wbp.lublin.pl\/wp-content\/uploads\/2021\/07\/1-1-scaled-600x450.webp 600w, https:\/\/wbp.lublin.pl\/wp-content\/uploads\/2021\/07\/1-1-scaled-400x300.webp 400w, https:\/\/wbp.lublin.pl\/wp-content\/uploads\/2021\/07\/1-1-scaled-768x576.webp 768w, https:\/\/wbp.lublin.pl\/wp-content\/uploads\/2021\/07\/1-1-scaled-947x710.webp 947w, https:\/\/wbp.lublin.pl\/wp-content\/uploads\/2021\/07\/1-1-scaled-624x468.webp 624w, https:\/\/wbp.lublin.pl\/wp-content\/uploads\/2021\/07\/1-1-scaled.webp 1440w\" sizes=\"auto, (max-width: 600px) 100vw, 600px\" data-has-transparency=\"false\" data-dominant-color=\"676857\" style=\"--dominant-color: #676857;\" \/><\/a>\n\t\t\t<\/div>\n\t\t\t\t<figcaption class='wp-caption-text gallery-caption' id='gallery-2-30636'>\n\t\t\t\tUroczysto\u015bci w J\u00f3zefowie Du\u017cym\n\t\t\t\t<\/figcaption><\/figure><figure class='gallery-item'>\n\t\t\t<div class='gallery-icon landscape'>\n\t\t\t\t<a href='https:\/\/wbp.lublin.pl\/index.php\/2021\/07\/16\/dzien-walki-i-meczenstwa-wsi-polskiej-2021-uroczystosci-w-jozefowie-duzym-gm-serokomla\/3-145\/'><img loading=\"lazy\" decoding=\"async\" width=\"600\" height=\"450\" src=\"https:\/\/wbp.lublin.pl\/wp-content\/uploads\/2021\/07\/3-scaled-600x450.webp\" class=\"attachment-medium size-medium not-transparent\" alt=\"Uroczysto\u015bci w J\u00f3zefowie Du\u017cym\" aria-describedby=\"gallery-2-30638\" srcset=\"https:\/\/wbp.lublin.pl\/wp-content\/uploads\/2021\/07\/3-scaled-600x450.webp 600w, https:\/\/wbp.lublin.pl\/wp-content\/uploads\/2021\/07\/3-scaled-400x300.webp 400w, https:\/\/wbp.lublin.pl\/wp-content\/uploads\/2021\/07\/3-scaled-768x576.webp 768w, https:\/\/wbp.lublin.pl\/wp-content\/uploads\/2021\/07\/3-scaled-947x710.webp 947w, https:\/\/wbp.lublin.pl\/wp-content\/uploads\/2021\/07\/3-scaled-624x468.webp 624w, https:\/\/wbp.lublin.pl\/wp-content\/uploads\/2021\/07\/3-scaled.webp 1440w\" sizes=\"auto, (max-width: 600px) 100vw, 600px\" data-has-transparency=\"false\" data-dominant-color=\"737c67\" style=\"--dominant-color: #737c67;\" \/><\/a>\n\t\t\t<\/div>\n\t\t\t\t<figcaption class='wp-caption-text gallery-caption' id='gallery-2-30638'>\n\t\t\t\tUroczysto\u015bci w J\u00f3zefowie Du\u017cym\n\t\t\t\t<\/figcaption><\/figure><figure class='gallery-item'>\n\t\t\t<div class='gallery-icon portrait'>\n\t\t\t\t<a href='https:\/\/wbp.lublin.pl\/index.php\/2021\/07\/16\/dzien-walki-i-meczenstwa-wsi-polskiej-2021-uroczystosci-w-jozefowie-duzym-gm-serokomla\/4-139\/'><img loading=\"lazy\" decoding=\"async\" width=\"450\" height=\"600\" src=\"https:\/\/wbp.lublin.pl\/wp-content\/uploads\/2021\/07\/4-scaled-450x600.webp\" class=\"attachment-medium size-medium not-transparent\" alt=\"Uroczysto\u015bci w J\u00f3zefowie Du\u017cym\" aria-describedby=\"gallery-2-30645\" srcset=\"https:\/\/wbp.lublin.pl\/wp-content\/uploads\/2021\/07\/4-scaled-450x600.webp 450w, https:\/\/wbp.lublin.pl\/wp-content\/uploads\/2021\/07\/4-scaled-300x400.webp 300w, https:\/\/wbp.lublin.pl\/wp-content\/uploads\/2021\/07\/4-scaled-768x1024.webp 768w, https:\/\/wbp.lublin.pl\/wp-content\/uploads\/2021\/07\/4-scaled-624x832.webp 624w, https:\/\/wbp.lublin.pl\/wp-content\/uploads\/2021\/07\/4-scaled.webp 810w\" sizes=\"auto, (max-width: 450px) 100vw, 450px\" data-has-transparency=\"false\" data-dominant-color=\"67655b\" style=\"--dominant-color: #67655b;\" \/><\/a>\n\t\t\t<\/div>\n\t\t\t\t<figcaption class='wp-caption-text gallery-caption' id='gallery-2-30645'>\n\t\t\t\tUroczysto\u015bci w J\u00f3zefowie Du\u017cym\n\t\t\t\t<\/figcaption><\/figure><figure class='gallery-item'>\n\t\t\t<div class='gallery-icon landscape'>\n\t\t\t\t<a href='https:\/\/wbp.lublin.pl\/index.php\/2021\/07\/16\/dzien-walki-i-meczenstwa-wsi-polskiej-2021-uroczystosci-w-jozefowie-duzym-gm-serokomla\/5-148\/'><img loading=\"lazy\" decoding=\"async\" width=\"600\" height=\"450\" src=\"https:\/\/wbp.lublin.pl\/wp-content\/uploads\/2021\/07\/5-scaled-600x450.webp\" class=\"attachment-medium size-medium not-transparent\" alt=\"Uroczysto\u015bci w J\u00f3zefowie Du\u017cym\" aria-describedby=\"gallery-2-30644\" srcset=\"https:\/\/wbp.lublin.pl\/wp-content\/uploads\/2021\/07\/5-scaled-600x450.webp 600w, https:\/\/wbp.lublin.pl\/wp-content\/uploads\/2021\/07\/5-scaled-400x300.webp 400w, https:\/\/wbp.lublin.pl\/wp-content\/uploads\/2021\/07\/5-scaled-768x576.webp 768w, https:\/\/wbp.lublin.pl\/wp-content\/uploads\/2021\/07\/5-scaled-947x710.webp 947w, https:\/\/wbp.lublin.pl\/wp-content\/uploads\/2021\/07\/5-scaled-624x468.webp 624w, https:\/\/wbp.lublin.pl\/wp-content\/uploads\/2021\/07\/5-scaled.webp 1440w\" sizes=\"auto, (max-width: 600px) 100vw, 600px\" data-has-transparency=\"false\" data-dominant-color=\"9d877e\" style=\"--dominant-color: #9d877e;\" \/><\/a>\n\t\t\t<\/div>\n\t\t\t\t<figcaption class='wp-caption-text gallery-caption' id='gallery-2-30644'>\n\t\t\t\tUroczysto\u015bci w J\u00f3zefowie Du\u017cym\n\t\t\t\t<\/figcaption><\/figure><figure class='gallery-item'>\n\t\t\t<div class='gallery-icon portrait'>\n\t\t\t\t<a href='https:\/\/wbp.lublin.pl\/index.php\/2021\/07\/16\/dzien-walki-i-meczenstwa-wsi-polskiej-2021-uroczystosci-w-jozefowie-duzym-gm-serokomla\/9-134\/'><img loading=\"lazy\" decoding=\"async\" width=\"450\" height=\"600\" src=\"https:\/\/wbp.lublin.pl\/wp-content\/uploads\/2021\/07\/9-scaled-450x600.webp\" class=\"attachment-medium size-medium not-transparent\" alt=\"Uroczysto\u015bci w J\u00f3zefowie Du\u017cym\" aria-describedby=\"gallery-2-30641\" srcset=\"https:\/\/wbp.lublin.pl\/wp-content\/uploads\/2021\/07\/9-scaled-450x600.webp 450w, https:\/\/wbp.lublin.pl\/wp-content\/uploads\/2021\/07\/9-scaled-300x400.webp 300w, https:\/\/wbp.lublin.pl\/wp-content\/uploads\/2021\/07\/9-scaled-768x1024.webp 768w, https:\/\/wbp.lublin.pl\/wp-content\/uploads\/2021\/07\/9-scaled-624x832.webp 624w, https:\/\/wbp.lublin.pl\/wp-content\/uploads\/2021\/07\/9-scaled.webp 810w\" sizes=\"auto, (max-width: 450px) 100vw, 450px\" data-has-transparency=\"false\" data-dominant-color=\"706e6a\" style=\"--dominant-color: #706e6a;\" \/><\/a>\n\t\t\t<\/div>\n\t\t\t\t<figcaption class='wp-caption-text gallery-caption' id='gallery-2-30641'>\n\t\t\t\tUroczysto\u015bci w J\u00f3zefowie Du\u017cym\n\t\t\t\t<\/figcaption><\/figure><figure class='gallery-item'>\n\t\t\t<div class='gallery-icon portrait'>\n\t\t\t\t<a href='https:\/\/wbp.lublin.pl\/index.php\/2021\/07\/16\/dzien-walki-i-meczenstwa-wsi-polskiej-2021-uroczystosci-w-jozefowie-duzym-gm-serokomla\/10-141\/'><img loading=\"lazy\" decoding=\"async\" width=\"450\" height=\"600\" src=\"https:\/\/wbp.lublin.pl\/wp-content\/uploads\/2021\/07\/10-scaled-450x600.webp\" class=\"attachment-medium size-medium not-transparent\" alt=\"Uroczysto\u015bci w J\u00f3zefowie Du\u017cym\" aria-describedby=\"gallery-2-30642\" srcset=\"https:\/\/wbp.lublin.pl\/wp-content\/uploads\/2021\/07\/10-scaled-450x600.webp 450w, https:\/\/wbp.lublin.pl\/wp-content\/uploads\/2021\/07\/10-scaled-300x400.webp 300w, https:\/\/wbp.lublin.pl\/wp-content\/uploads\/2021\/07\/10-scaled-768x1024.webp 768w, https:\/\/wbp.lublin.pl\/wp-content\/uploads\/2021\/07\/10-scaled-624x832.webp 624w, https:\/\/wbp.lublin.pl\/wp-content\/uploads\/2021\/07\/10-scaled.webp 810w\" sizes=\"auto, (max-width: 450px) 100vw, 450px\" data-has-transparency=\"false\" data-dominant-color=\"7b776f\" style=\"--dominant-color: #7b776f;\" \/><\/a>\n\t\t\t<\/div>\n\t\t\t\t<figcaption class='wp-caption-text gallery-caption' id='gallery-2-30642'>\n\t\t\t\tUroczysto\u015bci w J\u00f3zefowie Du\u017cym\n\t\t\t\t<\/figcaption><\/figure>\n\t\t<\/div>\n\n<p>Fot. <strong>Miroslaw Walicki<\/strong><\/p>\n<p>&nbsp;<\/p>\n<p>Zob. felieton TVP Lublin\u00a0<a href=\"https:\/\/lublin.tvp.pl\/54837490\/81-rocznica-mordu-w-jozefowie-duzym\" target=\"_blank\" rel=\"noopener\">81. rocznica mordu w J\u00f3zefowie Du\u017cym <\/a><\/p>\n","protected":false},"excerpt":{"rendered":"","protected":false},"author":7,"featured_media":30634,"comment_status":"closed","ping_status":"closed","sticky":false,"template":"","format":"standard","meta":{"_tec_requires_first_save":true,"_crdt_document":"","pgc_sgb_lightbox_settings":"","_EventAllDay":false,"_EventTimezone":"","_EventStartDate":"","_EventEndDate":"","_EventStartDateUTC":"","_EventEndDateUTC":"","_EventShowMap":false,"_EventShowMapLink":false,"_EventURL":"","_EventCost":"","_EventCostDescription":"","_EventCurrencySymbol":"","_EventCurrencyCode":"","_EventCurrencyPosition":"","_EventDateTimeSeparator":"","_EventTimeRangeSeparator":"","_EventOrganizerID":[],"_EventVenueID":[],"_OrganizerEmail":"","_OrganizerPhone":"","_OrganizerWebsite":"","_VenueAddress":"","_VenueCity":"","_VenueCountry":"","_VenueProvince":"","_VenueState":"","_VenueZip":"","_VenuePhone":"","_VenueURL":"","_VenueStateProvince":"","_VenueLat":"","_VenueLng":"","_VenueShowMap":false,"_VenueShowMapLink":false,"_tribe_blocks_recurrence_rules":"","_tribe_blocks_recurrence_description":"","_tribe_blocks_recurrence_exclusions":"","footnotes":""},"categories":[641,643,10],"tags":[],"class_list":["post-30628","post","type-post","status-publish","format-standard","has-post-thumbnail","hentry","category-kalendarium-rocznic","category-kalendarium-rocznic-2021","category-aktualnosci"],"publishpress_future_action":{"enabled":false,"date":"2026-05-06 16:01:56","action":"change-status","newStatus":"draft","terms":[],"taxonomy":"category","extraData":[]},"publishpress_future_workflow_manual_trigger":{"enabledWorkflows":[]},"_links":{"self":[{"href":"https:\/\/wbp.lublin.pl\/index.php\/wp-json\/wp\/v2\/posts\/30628","targetHints":{"allow":["GET"]}}],"collection":[{"href":"https:\/\/wbp.lublin.pl\/index.php\/wp-json\/wp\/v2\/posts"}],"about":[{"href":"https:\/\/wbp.lublin.pl\/index.php\/wp-json\/wp\/v2\/types\/post"}],"author":[{"embeddable":true,"href":"https:\/\/wbp.lublin.pl\/index.php\/wp-json\/wp\/v2\/users\/7"}],"replies":[{"embeddable":true,"href":"https:\/\/wbp.lublin.pl\/index.php\/wp-json\/wp\/v2\/comments?post=30628"}],"version-history":[{"count":7,"href":"https:\/\/wbp.lublin.pl\/index.php\/wp-json\/wp\/v2\/posts\/30628\/revisions"}],"predecessor-version":[{"id":30649,"href":"https:\/\/wbp.lublin.pl\/index.php\/wp-json\/wp\/v2\/posts\/30628\/revisions\/30649"}],"wp:featuredmedia":[{"embeddable":true,"href":"https:\/\/wbp.lublin.pl\/index.php\/wp-json\/wp\/v2\/media\/30634"}],"wp:attachment":[{"href":"https:\/\/wbp.lublin.pl\/index.php\/wp-json\/wp\/v2\/media?parent=30628"}],"wp:term":[{"taxonomy":"category","embeddable":true,"href":"https:\/\/wbp.lublin.pl\/index.php\/wp-json\/wp\/v2\/categories?post=30628"},{"taxonomy":"post_tag","embeddable":true,"href":"https:\/\/wbp.lublin.pl\/index.php\/wp-json\/wp\/v2\/tags?post=30628"}],"curies":[{"name":"wp","href":"https:\/\/api.w.org\/{rel}","templated":true}]}}