{"id":30694,"date":"2021-07-23T08:53:04","date_gmt":"2021-07-23T06:53:04","guid":{"rendered":"https:\/\/wbp.lublin.pl\/?p=30694"},"modified":"2021-11-10T14:46:17","modified_gmt":"2021-11-10T13:46:17","slug":"rekopisy-z-kolekcji-hieronima-lopacinskiego-w-narodowym-zasobie-bibliotecznym-digitalizacja-i-ponowne-wykorzystanie","status":"publish","type":"post","link":"https:\/\/wbp.lublin.pl\/index.php\/2021\/07\/23\/rekopisy-z-kolekcji-hieronima-lopacinskiego-w-narodowym-zasobie-bibliotecznym-digitalizacja-i-ponowne-wykorzystanie\/","title":{"rendered":"R\u0119kopisy z kolekcji Hieronima \u0141opaci\u0144skiego w Narodowym Zasobie Bibliotecznym &#8211; digitalizacja i ponowne wykorzystanie"},"content":{"rendered":"<p><span style=\"color: #000000;\"><iframe loading=\"lazy\" class=\"embed-pdf-viewer\" src=\"https:\/\/wbp.lublin.pl\/wp-content\/uploads\/2021\/10\/Rekopisy-z-kolekcji-Hieronima-Lopacinskiego-.pdf\" height=\"600\" width=\"600\" title=\"Rekopisy-z-kolekcji-Hieronima-Lopacinskiego-\"><\/iframe><\/span><\/p>\r\n<p><span style=\"color: #000000;\"><!--more--><\/span><\/p>\r\n<p style=\"text-align: center;\"><span style=\"color: #000000;\"><strong>R\u0119kopisy z kolekcji Hieronima \u0141opaci\u0144skiego w Narodowym Zasobie Bibliotecznym &#8211; <br \/>digitalizacja i ponowne wykorzystanie<\/strong><\/span><\/p>\r\n<p style=\"text-align: center;\"><span style=\"color: #000000;\"><strong>Zadanie zrealizowano ze \u015brodk\u00f3w <\/strong><\/span><br \/><span style=\"color: #000000;\"><strong>Ministerstwa Kultury i Dziedzictwa Narodowego <\/strong><\/span><br \/><span style=\"color: #000000;\"><strong>w ramach programu KULTURA CYFROWA 2021<\/strong><\/span><\/p>\r\n<p style=\"text-align: justify;\"><span style=\"color: #000000;\">R\u0119kopisy z kolekcji Hieronima \u0141opaci\u0144skiego znajduj\u0105ce si\u0119 w Narodowym Zasobie Bibliotecznym nale\u017c\u0105 do najcenniejszych zbior\u00f3w Wojew\u00f3dzkiej Biblioteki Publicznej <\/span><br \/><span style=\"color: #000000;\">w Lublinie. By\u0142y one gromadzone przez patrona Biblioteki Hieronima \u0141opaci\u0144skiego &#8211; j\u0119zykoznawc\u0119, etnografa, historyka i bibliofila. Najwa\u017cniejsze dla \u0141opaci\u0144skiego by\u0142y badania naukowe, kt\u00f3rym po\u015bwi\u0119ca\u0142 sw\u00f3j wolny czas, zapa\u0142 i tw\u00f3rcze si\u0142y. Interesowa\u0142y go przer\u00f3\u017cne zagadnienia, cho\u0107 g\u0142\u00f3wnie koncentrowa\u0142 si\u0119 na j\u0119zykoznawstwie, historii literatury, etnografii, historii Lublina i regionu. Cieszy\u0142 si\u0119 niezwyk\u0142ym powa\u017caniem w polskim \u015bwiecie naukowym, by\u0142 m.in. cz\u0142onkiem korespondentem Akademii Umiej\u0119tno\u015bci. Sporz\u0105dzona w 1957 roku przez profesora Jerzego Starnawskiego bibliografia podmiotowa prac \u0141opaci\u0144skiego obejmuje prawie 600 pozycji.<\/span><br \/><span style=\"color: #000000;\">W kolekcji znajduje si\u0119 437 jednostek r\u0119kopi\u015bmiennych, w tym niezwykle cenne dokumenty i przywileje dotycz\u0105ce miast Lubelszczyzny i cech\u00f3w miejskich, wiele z nich wysz\u0142o z kancelarii kr\u00f3lewskiej. W zbiorze znajduj\u0105 si\u0119 tak\u017ce du\u017ce archiwa znacz\u0105cych rodzin szlacheckich: Suchodolskich i Orzechowskich oraz poka\u017ana spu\u015bcizna odpis\u00f3w dokument\u00f3w, notat i korespondencji Hieronima \u0141opaci\u0144skiego.<\/span><br \/><span style=\"color: #000000;\">W\u015br\u00f3d r\u0119kopis\u00f3w szczeg\u00f3ln\u0105 rol\u0119 odgrywaj\u0105 dokumenty kr\u00f3lewskie dotycz\u0105ce Lublina i dzia\u0142aj\u0105cych w mie\u015bcie cech\u00f3w, m. in.:<\/span><br \/><span style=\"color: #000000;\">Kr\u00f3l Kazimierz IV Jagiello\u0144czyk potwierdza i transumuje [&#8230;] przywilej Kazimierza Wielkiego sprzeda\u017cy w\u00f3jtostwa lubelskiego mieszczaninowi mogunckiemu Franczkowi, w Krakowie, 19 grudnia 1458, pergamin, 66 x 38 cm. Sygn. 44.<\/span><\/p>\r\n<p>&nbsp;<\/p>\r\n<div id='gallery-1' class='gallery galleryid-30694 gallery-columns-1 gallery-size-thumbnail'><figure class='gallery-item'>\n\t\t\t<div class='gallery-icon landscape'>\n\t\t\t\t<a href='https:\/\/wbp.lublin.pl\/index.php\/2021\/07\/23\/rekopisy-z-kolekcji-hieronima-lopacinskiego-w-narodowym-zasobie-bibliotecznym-digitalizacja-i-ponowne-wykorzystanie\/zdjecie-1\/'><img loading=\"lazy\" decoding=\"async\" width=\"400\" height=\"232\" src=\"https:\/\/wbp.lublin.pl\/wp-content\/uploads\/2021\/07\/zdjecie-1-400x232.webp\" class=\"attachment-thumbnail size-thumbnail has-transparency\" alt=\"\" srcset=\"https:\/\/wbp.lublin.pl\/wp-content\/uploads\/2021\/07\/zdjecie-1-400x232.webp 400w, https:\/\/wbp.lublin.pl\/wp-content\/uploads\/2021\/07\/zdjecie-1-600x348.webp 600w, https:\/\/wbp.lublin.pl\/wp-content\/uploads\/2021\/07\/zdjecie-1-768x445.webp 768w, https:\/\/wbp.lublin.pl\/wp-content\/uploads\/2021\/07\/zdjecie-1-947x549.webp 947w, https:\/\/wbp.lublin.pl\/wp-content\/uploads\/2021\/07\/zdjecie-1-624x362.webp 624w, https:\/\/wbp.lublin.pl\/wp-content\/uploads\/2021\/07\/zdjecie-1.webp 1297w\" sizes=\"auto, (max-width: 400px) 100vw, 400px\" data-has-transparency=\"true\" data-dominant-color=\"8a8272\" style=\"--dominant-color: #8a8272;\" \/><\/a>\n\t\t\t<\/div><\/figure>\n\t\t<\/div>\n\r\n<p style=\"text-align: justify;\"><br \/><span style=\"color: #000000;\">Przywilej wystawiony dla Stanis\u0142awa Morsztyna (zm. ok. 1482), w\u00f3jta lubelskiego w latach 1456\u20131482. Jest to potwierdzona i uwierzytelniona przez kr\u00f3la Kazimierza Jagiello\u0144czyka (1427\u20131492) kopia aktu sprzeda\u017cy lubelskiego w\u00f3jtostwa z roku 1342, kt\u00f3ry na d\u0142ugo ustali\u0142 kszta\u0142t ustrojowy miasta Lublina.<\/span><br \/><span style=\"color: #000000;\">Kr\u00f3l Kazimierz IV potwierdza lubelskie prawo sk\u0142adu oraz nadaje miastu przywilej na strygield, w Jedlni, 21 stycznia 1468, pergamin, 39 x 37 cm. Sygn. 48.<\/span><\/p>\r\n<p style=\"text-align: justify;\"><br \/><img data-dominant-color=\"a39782\" data-has-transparency=\"true\" style=\"--dominant-color: #a39782;\" loading=\"lazy\" decoding=\"async\" class=\"alignnone size-medium wp-image-32802 aligncenter has-transparency\" src=\"https:\/\/wbp.lublin.pl\/wp-content\/uploads\/2021\/07\/zdjecie-2-300x162.png\" alt=\"\" width=\"300\" height=\"162\" \/><br \/><span style=\"color: #000000;\">Akt z 21 stycznia 1468 roku jest wa\u017cnym \u015bwiadectwem rozwoju gospodarczego Lublina \u2013 jednego ze \u201es\u0142awniejszych miast\u201d Kr\u00f3lestwa, jak okre\u015blono ten o\u015brodek w dokumencie. Kazimierz Jagiello\u0144czyk (1427\u20131492) potwierdzi\u0142 w nim nadane w roku 1392 prawo sk\u0142adu \u2013 obowi\u0105zku wystawiania tu towar\u00f3w przez przeje\u017cd\u017caj\u0105cych kupc\u00f3w. To w\u0142a\u015bnie ten przywilej w du\u017cej mierze zadecydowa\u0142 o uzyskaniu przez Lublin pozycji wa\u017cnego o\u015brodka handlu mi\u0119dzynarodowego. Moc\u0105 aktu kr\u00f3l udzieli\u0142 radzie miejskiej r\u00f3wnie\u017c prawo strygieldu \u2013 przywileju na kontrol\u0119 i wycen\u0119 przywo\u017conego do miasta sukna. Uwag\u0119 zwraca ozdobny incipit dokumentu.<\/span><br \/><span style=\"color: #000000;\">Potwierdzenie ustawy cechu miechownik\u00f3w lubelskich przez Augusta III, kr\u00f3la Polski, 1746, w Warszawie, pergamin, 41 x 33 cm. Sygn. 18.<\/span><\/p>\r\n<div id='gallery-2' class='gallery galleryid-30694 gallery-columns-1 gallery-size-thumbnail'><figure class='gallery-item'>\n\t\t\t<div class='gallery-icon landscape'>\n\t\t\t\t<a href='https:\/\/wbp.lublin.pl\/index.php\/2021\/07\/23\/rekopisy-z-kolekcji-hieronima-lopacinskiego-w-narodowym-zasobie-bibliotecznym-digitalizacja-i-ponowne-wykorzystanie\/zdjecie-3\/'><img loading=\"lazy\" decoding=\"async\" width=\"400\" height=\"216\" src=\"https:\/\/wbp.lublin.pl\/wp-content\/uploads\/2021\/07\/zdjecie-3-400x216.webp\" class=\"attachment-thumbnail size-thumbnail has-transparency\" alt=\"\" srcset=\"https:\/\/wbp.lublin.pl\/wp-content\/uploads\/2021\/07\/zdjecie-3-400x216.webp 400w, https:\/\/wbp.lublin.pl\/wp-content\/uploads\/2021\/07\/zdjecie-3-600x324.webp 600w, https:\/\/wbp.lublin.pl\/wp-content\/uploads\/2021\/07\/zdjecie-3-768x414.webp 768w, https:\/\/wbp.lublin.pl\/wp-content\/uploads\/2021\/07\/zdjecie-3-947x511.webp 947w, https:\/\/wbp.lublin.pl\/wp-content\/uploads\/2021\/07\/zdjecie-3-624x337.webp 624w, https:\/\/wbp.lublin.pl\/wp-content\/uploads\/2021\/07\/zdjecie-3.webp 1297w\" sizes=\"auto, (max-width: 400px) 100vw, 400px\" data-has-transparency=\"true\" data-dominant-color=\"beb29c\" style=\"--dominant-color: #beb29c;\" \/><\/a>\n\t\t\t<\/div><\/figure>\n\t\t<\/div>\n\r\n<p style=\"text-align: justify;\"><br \/><span style=\"color: #000000;\">Przywilej Augusta III (1696\u20131763) zatwierdzaj\u0105cy, si\u0119gaj\u0105ce czas\u00f3w Zygmunta III Wazy (1566\u20131632), ustawy miechownik\u00f3w. Jest to atrakcyjny wizualnie akt kr\u00f3lewski. Przyczynia si\u0119 do tego pisany z\u0142otym atramentem incipit oraz znajduj\u0105cy si\u0119 pod nim z\u0142oty inicja\u0142 \u201eS\u201d. Szczeg\u00f3ln\u0105 uwag\u0119 zwraca jednak dobrze zachowana piecz\u0119\u0107 wielka koronna Augusta III, chroniona przez puszk\u0119 zdobion\u0105 ciekawym t\u0142oczeniem.<\/span><br \/><span style=\"color: #000000;\">Ustawy cechu krawieckiego w Lublinie, Lublin, po 10 pa\u017adziernika 1583, i po 1703, 27 x 21 cm. Sygn. 260.<\/span><\/p>\r\n<p style=\"text-align: justify;\"><br \/><br \/><span style=\"color: #000000;\">Kopiariusz ustaw krawc\u00f3w lubelskich zawiera pi\u0119knie ilustrowane odpisy dw\u00f3ch zbior\u00f3w praw tego cechu, z kt\u00f3rych jeden zosta\u0142 pierwotnie potwierdzony przez kr\u00f3la Stefana Batorego (1533\u20131586) w roku 1583, natomiast drugi \u2013 przez Augusta II (1670\u20131733) w roku 1703. S\u0105 to dokumenty zawieraj\u0105ce wyczerpuj\u0105ce opisy zasady funkcjonowania stowarzyszenia. Jak si\u0119 okazuje, regulowa\u0142o ono tak\u017ce sprawy obyczajowe, zakazuj\u0105c cho\u0107by \u201eniepoczciwey bia\u0142eyg\u0142owy [&#8230;] brac za \u017bon\u0119, pod wyrzuceniem z Cechu\u201d. Mamy zatem mo\u017cliwo\u015b\u0107 bli\u017cszego spojrzenia na to, w jaki spos\u00f3b cechy organizowa\u0142y i regulowa\u0142y r\u00f3\u017cne sfery \u017cycia cz\u0142onk\u00f3w dawnej lubelskiej spo\u0142eczno\u015bci.<\/span><\/p>\r\n<p style=\"text-align: justify;\"><br \/><span style=\"color: #000000;\">Niezwykle cennymi r\u0119kopisami s\u0105 tzw. Kronika Dzierzwy i Fragment \u0141opaci\u0144skiego:<\/span><br \/><span style=\"color: #000000;\">Kolekcja historyczna zwana Cronica Polonica, pocz\u0105tek XVI wieku, 20 x 15 cm. Sygn. 470.<\/span><\/p>\r\n<div id='gallery-3' class='gallery galleryid-30694 gallery-columns-1 gallery-size-thumbnail'><figure class='gallery-item'>\n\t\t\t<div class='gallery-icon landscape'>\n\t\t\t\t<a href='https:\/\/wbp.lublin.pl\/index.php\/2021\/07\/23\/rekopisy-z-kolekcji-hieronima-lopacinskiego-w-narodowym-zasobie-bibliotecznym-digitalizacja-i-ponowne-wykorzystanie\/zdjecie-5-1\/'><img loading=\"lazy\" decoding=\"async\" width=\"400\" height=\"267\" src=\"https:\/\/wbp.lublin.pl\/wp-content\/uploads\/2021\/07\/zdjecie-5-1-jpg-avif-400x267.jpg\" class=\"attachment-thumbnail size-thumbnail not-transparent\" alt=\"\" srcset=\"https:\/\/wbp.lublin.pl\/wp-content\/uploads\/2021\/07\/zdjecie-5-1-jpg-avif-400x267.jpg 400w, https:\/\/wbp.lublin.pl\/wp-content\/uploads\/2021\/07\/zdjecie-5-1-jpg-avif-600x400.jpg 600w, https:\/\/wbp.lublin.pl\/wp-content\/uploads\/2021\/07\/zdjecie-5-1-jpg-avif-768x512.jpg 768w, https:\/\/wbp.lublin.pl\/wp-content\/uploads\/2021\/07\/zdjecie-5-1-jpg-avif-1536x1025.jpg 1536w, https:\/\/wbp.lublin.pl\/wp-content\/uploads\/2021\/07\/zdjecie-5-1-jpg-avif-947x632.jpg 947w, https:\/\/wbp.lublin.pl\/wp-content\/uploads\/2021\/07\/zdjecie-5-1-jpg-avif-624x416.jpg 624w, https:\/\/wbp.lublin.pl\/wp-content\/uploads\/2021\/07\/zdjecie-5-1-jpg-avif-84x56.jpg 84w, https:\/\/wbp.lublin.pl\/wp-content\/uploads\/2021\/07\/zdjecie-5-1-jpg-avif.avif 1619w\" sizes=\"auto, (max-width: 400px) 100vw, 400px\" data-has-transparency=\"false\" data-dominant-color=\"aa9467\" style=\"--dominant-color: #aa9467;\" \/><\/a>\n\t\t\t<\/div><\/figure>\n\t\t<\/div>\n\r\n<p style=\"text-align: justify;\"><span style=\"color: #000000;\">Kolekcja sk\u0142ada si\u0119 z 53 papierowych kart, wyci\u0119tych z wi\u0119kszego kodeksu r\u0119kopi\u015bmiennego, b\u0119d\u0105cego zbiorem prac historycznych. Pierwszym i najobszerniejszym dzie\u0142em z zachowanej cz\u0119\u015bci r\u0119kopisu jest Kronika Dzierzwy (ok. 1306\u20131320). Jak dowiadujemy si\u0119 z jej explicitu, przepisa\u0142 j\u0105 w roku 1508 Maciej z Grodziska, kopista pracuj\u0105cy w dominika\u0144skim klasztorze \u015bw. Tr\u00f3jcy w Krakowie. Jest to obecnie jeden z czterech r\u0119kopis\u00f3w Kroniki Dzierzwy, w kt\u00f3rych \u00f3w zabytek zachowa\u0142 si\u0119 w ca\u0142o\u015bci, tym bardziej cenny, poniewa\u017c przechowuje tekst kroniki <\/span><br \/><span style=\"color: #000000;\">w wersji bliskiej jej orygina\u0142owi. Prezentowany manuskrypt zawiera r\u00f3wnie\u017c wiersz Nagrobek Boles\u0142awa Chrobrego, wersj\u0119 Pocztu kr\u00f3l\u00f3w Polski (ze znacznie rozszerzonym tekstem <\/span><br \/><span style=\"color: #000000;\">o w\u0142adcach p\u00f3\u017ano\u015bredniowiecznych) oraz Drzewo kr\u00f3l\u00f3w i ksi\u0105\u017c\u0105t Polski. Znalaz\u0142 si\u0119 tu r\u00f3wnie\u017c Katalog biskup\u00f3w krakowskich.<\/span><br \/><span style=\"color: #000000;\">Fragment \u0141opaci\u0144skiego, koniec XIV \u2013 pocz\u0105tek XV w, pergamin, 25 x 11 cm, 11 pask\u00f3w. Sygn. 611.<\/span><\/p>\r\n<div id='gallery-4' class='gallery galleryid-30694 gallery-columns-1 gallery-size-thumbnail'><figure class='gallery-item'>\n\t\t\t<div class='gallery-icon portrait'>\n\t\t\t\t<a href='https:\/\/wbp.lublin.pl\/index.php\/2021\/07\/23\/rekopisy-z-kolekcji-hieronima-lopacinskiego-w-narodowym-zasobie-bibliotecznym-digitalizacja-i-ponowne-wykorzystanie\/zdjecie-6\/'><img loading=\"lazy\" decoding=\"async\" width=\"359\" height=\"400\" src=\"https:\/\/wbp.lublin.pl\/wp-content\/uploads\/2021\/07\/zdjecie-6-359x400.webp\" class=\"attachment-thumbnail size-thumbnail not-transparent\" alt=\"\" srcset=\"https:\/\/wbp.lublin.pl\/wp-content\/uploads\/2021\/07\/zdjecie-6-359x400.webp 359w, https:\/\/wbp.lublin.pl\/wp-content\/uploads\/2021\/07\/zdjecie-6-538x600.webp 538w, https:\/\/wbp.lublin.pl\/wp-content\/uploads\/2021\/07\/zdjecie-6-768x856.webp 768w, https:\/\/wbp.lublin.pl\/wp-content\/uploads\/2021\/07\/zdjecie-6-947x1055.webp 947w, https:\/\/wbp.lublin.pl\/wp-content\/uploads\/2021\/07\/zdjecie-6-624x695.webp 624w, https:\/\/wbp.lublin.pl\/wp-content\/uploads\/2021\/07\/zdjecie-6.webp 969w\" sizes=\"auto, (max-width: 359px) 100vw, 359px\" data-has-transparency=\"false\" data-dominant-color=\"7c6c4e\" style=\"--dominant-color: #7c6c4e;\" \/><\/a>\n\t\t\t<\/div><\/figure>\n\t\t<\/div>\n\r\n<p style=\"text-align: justify;\"><br \/><span style=\"color: #000000;\">Bezcennym r\u0119kopisem ze zbior\u00f3w Biblioteki, jest fragment karty pergaminowej z kodeksu in folio, sk\u0142adaj\u0105cy si\u0119 z 11 pask\u00f3w o szeroko\u015bci od 7 do 12 mm. Zosta\u0142y one u\u017cyte do oprawienia nieznanego obecnie dzie\u0142a. Urywek zawiera fragment komentarza do liturgii \u015bwi\u0119ta Bo\u017cego Narodzenia w j\u0119zyku polskim. Badacze na podstawie cech j\u0119zykowych datuj\u0105 go na koniec XIV, a cechy paleograficzne wskazuj\u0105 na ostatni\u0105 \u0107wier\u0107 XIV b\u0105d\u017a pierwsz\u0105 \u0107wier\u0107 XV wieku. Najprawdopodobniej jest to tylko niewielka cz\u0119\u015b\u0107, kosztownego i wykonanego z du\u017c\u0105 staranno\u015bci\u0105, dzie\u0142a. Mo\u017cliwe, \u017ce nale\u017ca\u0142o ono do zbior\u00f3w biblioteki kr\u00f3lowej Jadwigi (1373\/4\u20131399). W\u0142adczyni ta zgromadzi\u0142a bowiem obszern\u0105 kolekcj\u0119 prac o tematyce religijnej w j\u0119zyku polskim.<\/span><span style=\"color: #000000;\">Dokumenty Hieronima \u0141opaci\u0144skiego \u2013 patrona Biblioteki, to m.in.:\u00a0<br \/><\/span><span style=\"color: #000000;\">Papiery pozosta\u0142e po Hieronimie \u0141opaci\u0144skim, dotycz\u0105ce Wystawy Sztuki i Staro\u017cytno\u015bci <\/span><br \/><span style=\"color: #000000;\">w Lublinie 1901. Sygn. 556.<\/span><br \/><span style=\"color: #000000;\">Papiery po Hieronimie \u0141opaci\u0144skim 1900-1906: r\u0119kopis prac og\u0142oszonych, pami\u0119tniki w\u0142asne, dyplomy, korespondencja. Sygn. 559.<\/span><br \/><span style=\"color: #000000;\">Korespondencya: [Aleksandra] Br\u00fcknera, [Wac\u0142awa] Gembar<\/span><span style=\"color: #000000;\">zewskiego, [Adama Antoniego] Kry\u0144skiego, [Jerzego] Kieszkowskiego i [Antoniego] Osuchowskiego do Hieronima \u0141opaci\u0144skiego 1895-1905. Sygn. 606.<\/span><br \/><span style=\"color: #000000;\">Odpisy H. \u0141opaci\u0144skiego: dokumenty dotycz\u0105ce ko\u015bcio\u0142\u00f3w lubelskich z lat: 1535, 1570, 1585, 1633, 1636, 1647, 1679, 1705, 1765, 1784. Sygn 1444.<\/span><br \/><span style=\"color: #000000;\">Zbi\u00f3r materia\u0142\u00f3w etnograficznych polskich Hieronima \u0141opaci\u0144skiego. Notatki w\u0142asnor\u0119czne i nades\u0142ane przez r\u00f3\u017cne osoby, ok. 1900. Sygn. 1786.<\/span><br \/><br \/><\/p>\r\n<p><span style=\"color: #000000;\">Zdigitalizowane r\u0119kopisy zosta\u0142y bezp\u0142atnie udost\u0119pnione w Bibliotece Cyfrowej WBP <\/span><span style=\"color: #000000;\">w Lublinie oraz Polonie. Ka\u017cdy ze zdigitalizowanych r\u0119kopis\u00f3w zosta\u0142 umieszony <\/span><span style=\"color: #000000;\">w dedykowanych bezkwasowych opakowaniach ochronnych.<\/span><\/p>\r\n<p>&nbsp;<\/p>","protected":false},"excerpt":{"rendered":"<p>R\u0119kopisy z kolekcji Hieronima \u0141opaci\u0144skiego w Narodowym Zasobie Bibliotecznym &#8211; digitalizacja i ponowne wykorzystanie<\/p>\n","protected":false},"author":6,"featured_media":32810,"comment_status":"closed","ping_status":"closed","sticky":false,"template":"","format":"standard","meta":{"_tec_requires_first_save":true,"_crdt_document":"","pgc_sgb_lightbox_settings":"","_EventAllDay":false,"_EventTimezone":"","_EventStartDate":"","_EventEndDate":"","_EventStartDateUTC":"","_EventEndDateUTC":"","_EventShowMap":false,"_EventShowMapLink":false,"_EventURL":"","_EventCost":"","_EventCostDescription":"","_EventCurrencySymbol":"","_EventCurrencyCode":"","_EventCurrencyPosition":"","_EventDateTimeSeparator":"","_EventTimeRangeSeparator":"","_EventOrganizerID":[],"_EventVenueID":[],"_OrganizerEmail":"","_OrganizerPhone":"","_OrganizerWebsite":"","_VenueAddress":"","_VenueCity":"","_VenueCountry":"","_VenueProvince":"","_VenueState":"","_VenueZip":"","_VenuePhone":"","_VenueURL":"","_VenueStateProvince":"","_VenueLat":"","_VenueLng":"","_VenueShowMap":false,"_VenueShowMapLink":false,"_tribe_blocks_recurrence_rules":"","_tribe_blocks_recurrence_description":"","_tribe_blocks_recurrence_exclusions":"","footnotes":""},"categories":[10,53],"tags":[],"class_list":["post-30694","post","type-post","status-publish","format-standard","has-post-thumbnail","hentry","category-aktualnosci","category-komunikaty"],"publishpress_future_action":{"enabled":false,"date":"2026-05-06 15:53:57","action":"change-status","newStatus":"draft","terms":[],"taxonomy":"category","extraData":[]},"publishpress_future_workflow_manual_trigger":{"enabledWorkflows":[]},"_links":{"self":[{"href":"https:\/\/wbp.lublin.pl\/index.php\/wp-json\/wp\/v2\/posts\/30694","targetHints":{"allow":["GET"]}}],"collection":[{"href":"https:\/\/wbp.lublin.pl\/index.php\/wp-json\/wp\/v2\/posts"}],"about":[{"href":"https:\/\/wbp.lublin.pl\/index.php\/wp-json\/wp\/v2\/types\/post"}],"author":[{"embeddable":true,"href":"https:\/\/wbp.lublin.pl\/index.php\/wp-json\/wp\/v2\/users\/6"}],"replies":[{"embeddable":true,"href":"https:\/\/wbp.lublin.pl\/index.php\/wp-json\/wp\/v2\/comments?post=30694"}],"version-history":[{"count":11,"href":"https:\/\/wbp.lublin.pl\/index.php\/wp-json\/wp\/v2\/posts\/30694\/revisions"}],"predecessor-version":[{"id":38972,"href":"https:\/\/wbp.lublin.pl\/index.php\/wp-json\/wp\/v2\/posts\/30694\/revisions\/38972"}],"wp:featuredmedia":[{"embeddable":true,"href":"https:\/\/wbp.lublin.pl\/index.php\/wp-json\/wp\/v2\/media\/32810"}],"wp:attachment":[{"href":"https:\/\/wbp.lublin.pl\/index.php\/wp-json\/wp\/v2\/media?parent=30694"}],"wp:term":[{"taxonomy":"category","embeddable":true,"href":"https:\/\/wbp.lublin.pl\/index.php\/wp-json\/wp\/v2\/categories?post=30694"},{"taxonomy":"post_tag","embeddable":true,"href":"https:\/\/wbp.lublin.pl\/index.php\/wp-json\/wp\/v2\/tags?post=30694"}],"curies":[{"name":"wp","href":"https:\/\/api.w.org\/{rel}","templated":true}]}}