{"id":30763,"date":"2021-07-28T16:06:20","date_gmt":"2021-07-28T14:06:20","guid":{"rendered":"https:\/\/wbp.lublin.pl\/?p=30763"},"modified":"2021-07-31T10:21:35","modified_gmt":"2021-07-31T08:21:35","slug":"kronikarze-w-wbp-powstal-wojewodzki-klub-kronikarza-ochotniczych-strazy-pozarnych-wojewodzwa-lubelskiego","status":"publish","type":"post","link":"https:\/\/wbp.lublin.pl\/index.php\/2021\/07\/28\/kronikarze-w-wbp-powstal-wojewodzki-klub-kronikarza-ochotniczych-strazy-pozarnych-wojewodzwa-lubelskiego\/","title":{"rendered":"Kronikarze w WBP"},"content":{"rendered":"<p><!--more--><\/p>\n<p style=\"text-align: center;\"><strong><span style=\"color: #000000;\">Kronikarze w WBP <\/span><\/strong><br \/>\n<strong><span style=\"color: #000000;\">Powsta\u0142 Wojew\u00f3dzki Klub Kronikarza<br \/>\nOchotniczych Stra\u017cy Po\u017carnych Wojew\u00f3dzwa Lubelskiego<\/span><\/strong><\/p>\n<p style=\"text-align: justify;\"><span style=\"color: #000000;\">27 lipca 2021 roku w Galerii Wojew\u00f3dzkiej Biblioteki Publicznej im. Hieronima \u0141opaci\u0144skiego w Lublinie, po zako\u0144czeniu podsumowania II Wojew\u00f3dzkiego Konkursu Kronik OSP, ZOGm, ZOP, MDP, Orkiestr D\u0119tych OSP wojew\u00f3dztwa lubelskiego, odby\u0142o si\u0119 zebranie za\u0142o\u017cycielskie <strong>Wojew\u00f3dzkiego Klubu Kronikarza OSP Wojew\u00f3dztwa Lubelskiego<\/strong>. Opr\u00f3cz cz\u0142onk\u00f3w \u2013 za\u0142o\u017cycieli Klubu, czyli 21 druhen i druh\u00f3w &#8211; kronikarzy z terenu wojew\u00f3dztwa lubelskiego, w zebraniu udzia\u0142 wzi\u0119li: wiceprezes Zarz\u0105du OW ZOSP RP w Lublinie dh. <strong>Tadeusz S\u0142awecki<\/strong>, dyrektor Zarz\u0105du Wykonawczego OW ZOSP RP woj. lubelskiego dh. <strong>Grzegorz Szyszko<\/strong> wraz z pracownikami Biura oraz przewodnicz\u0105cy Komisji Historycznej OW ZOSP RP w Lublinie dh. <strong>Miros\u0142aw Walicki<\/strong> \u2013 inicjator powstania Wojew\u00f3dzkiego Klubu Kronikarza OSP.<\/span><\/p>\n<p style=\"text-align: justify;\"><span style=\"color: #000000;\">Zebranie za\u0142o\u017cycielskie poprowadzi\u0142 dh. Miros\u0142aw Walicki, kt\u00f3ry nakre\u015bli\u0142 g\u0142\u00f3wne cele dzia\u0142ania Wojew\u00f3dzkiego Klubu Kronikarza OSP. Celem Klubu b\u0119dzie m.in. propagowanie w\u015br\u00f3d spo\u0142ecze\u0144stwa Lubelszczyzny historii dzia\u0142alno\u015bci poszczeg\u00f3lnych Ochotniczych Stra\u017cy Po\u017carnych, M\u0142odzie\u017cowych Dru\u017cyn Po\u017carniczych, orkiestr stra\u017cackich i os\u00f3b niezrzeszonych w OSP, a zwi\u0105zanych z ruchem stra\u017cackim. Nast\u0119pnie dh. Miros\u0142aw Walicki przedstawi\u0142 propozycj\u0119 Regulaminu Wojew\u00f3dzkiego Klubu Kronikarza OSP, kt\u00f3ry po nieznacznych modyfikacjach zosta\u0142 przez cz\u0142onk\u00f3w-za\u0142o\u017cycieli przyj\u0119ty jednog\u0142o\u015bnie. Nast\u0119pnym punktem programu posiedzenia by\u0142o powo\u0142anie przewodnicz\u0105cego Prezydium Wojew\u00f3dzkiego Klubu Kronikarza OSP Wojew\u00f3dztwa Lubelskiego, kt\u00f3rym zosta\u0142 wybrany dh. <strong>Jerzy Brzozowski<\/strong> \u2013 cz\u0142onek Komisji Historycznej OW ZOSP RP w Lublinie, by\u0142y komendant rejonowy i cz\u0142onek Zarz\u0105du G\u0142\u00f3wnego ZEiRP RP. W sk\u0142adzie 6-osobowego Prezydium znale\u017ali si\u0119 tak\u017ce: dh. dh. <strong>Piotr Przygodzki<\/strong> z OSP w Ko\u0144skowoli (wiceprzewodnicz\u0105cy), <strong>Ewa Huzar<\/strong> z OSP w Rudzie (sekretarz), <strong>Piotr Grz\u0105\u015bko<\/strong> z OSP Komar\u00f3w-Osada (cz\u0142onek), \u00a0<strong>Tomasz Bieniek<\/strong> z OSP w \u017berocinie (cz\u0142onek) i <strong>Andrzej Jung<\/strong> z OSP w Urszulinie (cz\u0142onek). Wszyscy powo\u0142ani do Prezydium s\u0105 ekspertami w zakresie kronikarstwa stra\u017cackiego. W najbli\u017cszym czasie zostan\u0105 podj\u0119te dalsze dzia\u0142ania maj\u0105ce na celu pe\u0142ne ukszta\u0142towanie Zarz\u0105du Klubu i nakre\u015blenie planu dzia\u0142ania na najbli\u017cszy okres.<\/span><\/p>\n<p style=\"text-align: justify;\"><span style=\"color: #000000;\">W trakcie spotkania w Wojew\u00f3dzkiej Biblioteki Publicznej im. Hieronima \u0141opaci\u0144skiego w Lublinie odby\u0142o si\u0119 r\u00f3wnie\u017c podsumowanie II Wojew\u00f3dzkiego Konkursu Kronik OSP, ZOGm, ZOP, MDP, Orkiestr D\u0119tych OSP wojew\u00f3dztwa lubelskiego. Organizatorami podsumowania byli: dyrektor WBP, jednocze\u015bnie wiceprezes Zarz\u0105du OW ZOSP RP w Lublinie dh. <strong>Tadeusz S\u0142awecki<\/strong>, dyrektor Zarz\u0105du Wykonawczego OW ZOSP RP woj. lubelskiego dh. Grzegorz Szyszko i przewodnicz\u0105cy Komisji Historycznej OW ZOSP RP w Lublinie dh. <strong>Miros\u0142aw Walicki<\/strong>. Do konkursu zg\u0142oszono 15 kronik i 2 fotokroniki z Ochotniczych Stra\u017cy Po\u017carnych w Brzezinach, Deszkowicach (kronika i fotokronika), Ha\u0144ska, Jeziora (kronika i fotokronika), Kra\u015bnika, Le\u015bnicz\u00f3wki, Radecznicy, Rudy, \u015aniatycz, Urszulina, Wohynia, Zubowic, \u017balina, \u017berocina i Zarz\u0105du Oddzia\u0142u Gminnego w Komarowie Osada. Komisja konkursowa pod przewodnictwem przewodnicz\u0105cego Komisji Historycznej OW ZOSP RP dh. <strong>Miros\u0142awa Walickiego<\/strong> przyzna\u0142a oceny wzorowe kronikom OSP z Brzezin, Deszkowic, Ha\u0144ska, Kra\u015bnika, Le\u015bnicz\u00f3wki, Rudy, \u015aniatycz, Urszulina, Wohynia, Zubowic, \u017balina, \u017berocina i Zarz\u0105du Oddzia\u0142u Gminnego w Komarowie Osada. Oceny wyr\u00f3\u017cniaj\u0105ce otrzyma\u0142y kroniki OSP z Jeziora i Radecznicy. Autor\u00f3w kronik nagrodzono dyplomami uznania oraz nagrodami rzeczowymi. Dyplomy otrzyma\u0142y r\u00f3wnie\u017c Ochotnicze Stra\u017ce Po\u017carne, kt\u00f3re przekaza\u0142y swoje kroniki na II Wojew\u00f3dzki Konkurs Kronik. Dyplomy i nagrody rzeczowe ufundowa\u0142 Zarz\u0105d Oddzia\u0142u Wojew\u00f3dzkiego Zwi\u0105zku Ochotniczych Stra\u017cy Po\u017carnych RP w Lublinie.\u00a0<\/span><span style=\"color: #000000;\">Serdecznie gratulujemy!<\/span><\/p>\n<p style=\"text-align: justify;\"><span style=\"color: #000000;\">W XXVII Og\u00f3lnopolskim Konkursie Kronik OSP, ZOGm, ZOP, MDP, Orkiestr D\u0119tych OSP w Toruniu zaprezentowane zostan\u0105 kroniki OSP w Adamowie, Deszkowicach (kronika i fotokronika), Ha\u0144sku, Kra\u015bniku, Rudzie, \u015aniatyczach, Urszulinie, Wohyniu, Zubowicach oraz Zarz\u0105du Oddzia\u0142u Gminnego w Komarowie Osada.<\/span><\/p>\n<p style=\"text-align: right;\"><span style=\"color: #000000;\"><strong>Miros\u0142aw Walicki<\/strong>,<br \/>\n<\/span><span style=\"color: #000000;\">przewodnicz\u0105cy Komisji Historycznej\u00a0<\/span><span style=\"color: #000000;\">OW ZOSP RP w Lublinie<\/span><\/p>\n<p>&nbsp;<\/p>\n<div id='gallery-1' class='gallery galleryid-30763 gallery-columns-3 gallery-size-medium'><figure class='gallery-item'>\n\t\t\t<div class='gallery-icon landscape'>\n\t\t\t\t<a href='https:\/\/wbp.lublin.pl\/index.php\/2021\/07\/28\/kronikarze-w-wbp-powstal-wojewodzki-klub-kronikarza-ochotniczych-strazy-pozarnych-wojewodzwa-lubelskiego\/img_20210727_105054\/'><img loading=\"lazy\" decoding=\"async\" width=\"600\" height=\"450\" src=\"https:\/\/wbp.lublin.pl\/wp-content\/uploads\/2021\/07\/IMG_20210727_105054-scaled-600x450.webp\" class=\"attachment-medium size-medium not-transparent\" alt=\"Kroniki Ochotniczych Stra\u017cy Po\u017carnych\" aria-describedby=\"gallery-1-30766\" srcset=\"https:\/\/wbp.lublin.pl\/wp-content\/uploads\/2021\/07\/IMG_20210727_105054-scaled-600x450.webp 600w, https:\/\/wbp.lublin.pl\/wp-content\/uploads\/2021\/07\/IMG_20210727_105054-scaled-400x300.webp 400w, https:\/\/wbp.lublin.pl\/wp-content\/uploads\/2021\/07\/IMG_20210727_105054-scaled-768x576.webp 768w, https:\/\/wbp.lublin.pl\/wp-content\/uploads\/2021\/07\/IMG_20210727_105054-scaled-947x710.webp 947w, https:\/\/wbp.lublin.pl\/wp-content\/uploads\/2021\/07\/IMG_20210727_105054-scaled-624x468.webp 624w, https:\/\/wbp.lublin.pl\/wp-content\/uploads\/2021\/07\/IMG_20210727_105054-scaled.webp 1440w\" sizes=\"auto, (max-width: 600px) 100vw, 600px\" data-has-transparency=\"false\" data-dominant-color=\"968b80\" style=\"--dominant-color: #968b80;\" \/><\/a>\n\t\t\t<\/div>\n\t\t\t\t<figcaption class='wp-caption-text gallery-caption' id='gallery-1-30766'>\n\t\t\t\tKroniki Ochotniczych Stra\u017cy Po\u017carnych\n\t\t\t\t<\/figcaption><\/figure><figure class='gallery-item'>\n\t\t\t<div class='gallery-icon portrait'>\n\t\t\t\t<a href='https:\/\/wbp.lublin.pl\/index.php\/2021\/07\/28\/kronikarze-w-wbp-powstal-wojewodzki-klub-kronikarza-ochotniczych-strazy-pozarnych-wojewodzwa-lubelskiego\/img_20210727_105116\/'><img loading=\"lazy\" decoding=\"async\" width=\"450\" height=\"600\" src=\"https:\/\/wbp.lublin.pl\/wp-content\/uploads\/2021\/07\/IMG_20210727_105116-scaled-450x600.webp\" class=\"attachment-medium size-medium not-transparent\" alt=\"Kroniki Ochotniczych Stra\u017cy Po\u017carnych\" aria-describedby=\"gallery-1-30767\" srcset=\"https:\/\/wbp.lublin.pl\/wp-content\/uploads\/2021\/07\/IMG_20210727_105116-scaled-450x600.webp 450w, https:\/\/wbp.lublin.pl\/wp-content\/uploads\/2021\/07\/IMG_20210727_105116-scaled-300x400.webp 300w, https:\/\/wbp.lublin.pl\/wp-content\/uploads\/2021\/07\/IMG_20210727_105116-scaled-768x1024.webp 768w, https:\/\/wbp.lublin.pl\/wp-content\/uploads\/2021\/07\/IMG_20210727_105116-scaled-624x832.webp 624w, https:\/\/wbp.lublin.pl\/wp-content\/uploads\/2021\/07\/IMG_20210727_105116-scaled.webp 810w\" sizes=\"auto, (max-width: 450px) 100vw, 450px\" data-has-transparency=\"false\" data-dominant-color=\"9d9a92\" style=\"--dominant-color: #9d9a92;\" \/><\/a>\n\t\t\t<\/div>\n\t\t\t\t<figcaption class='wp-caption-text gallery-caption' id='gallery-1-30767'>\n\t\t\t\tKroniki Ochotniczych Stra\u017cy Po\u017carnych\n\t\t\t\t<\/figcaption><\/figure><figure class='gallery-item'>\n\t\t\t<div class='gallery-icon landscape'>\n\t\t\t\t<a href='https:\/\/wbp.lublin.pl\/index.php\/2021\/07\/28\/kronikarze-w-wbp-powstal-wojewodzki-klub-kronikarza-ochotniczych-strazy-pozarnych-wojewodzwa-lubelskiego\/img_20210727_105136\/'><img loading=\"lazy\" decoding=\"async\" width=\"600\" height=\"450\" src=\"https:\/\/wbp.lublin.pl\/wp-content\/uploads\/2021\/07\/IMG_20210727_105136-scaled-600x450.webp\" class=\"attachment-medium size-medium not-transparent\" alt=\"Kroniki Ochotniczych Stra\u017cy Po\u017carnych\" aria-describedby=\"gallery-1-30768\" srcset=\"https:\/\/wbp.lublin.pl\/wp-content\/uploads\/2021\/07\/IMG_20210727_105136-scaled-600x450.webp 600w, https:\/\/wbp.lublin.pl\/wp-content\/uploads\/2021\/07\/IMG_20210727_105136-scaled-400x300.webp 400w, https:\/\/wbp.lublin.pl\/wp-content\/uploads\/2021\/07\/IMG_20210727_105136-scaled-768x576.webp 768w, https:\/\/wbp.lublin.pl\/wp-content\/uploads\/2021\/07\/IMG_20210727_105136-scaled-947x710.webp 947w, https:\/\/wbp.lublin.pl\/wp-content\/uploads\/2021\/07\/IMG_20210727_105136-scaled-624x468.webp 624w, https:\/\/wbp.lublin.pl\/wp-content\/uploads\/2021\/07\/IMG_20210727_105136-scaled.webp 1440w\" sizes=\"auto, (max-width: 600px) 100vw, 600px\" data-has-transparency=\"false\" data-dominant-color=\"908781\" style=\"--dominant-color: #908781;\" \/><\/a>\n\t\t\t<\/div>\n\t\t\t\t<figcaption class='wp-caption-text gallery-caption' id='gallery-1-30768'>\n\t\t\t\tKroniki Ochotniczych Stra\u017cy Po\u017carnych\n\t\t\t\t<\/figcaption><\/figure><figure class='gallery-item'>\n\t\t\t<div class='gallery-icon portrait'>\n\t\t\t\t<a href='https:\/\/wbp.lublin.pl\/index.php\/2021\/07\/28\/kronikarze-w-wbp-powstal-wojewodzki-klub-kronikarza-ochotniczych-strazy-pozarnych-wojewodzwa-lubelskiego\/img_20210727_105235\/'><img loading=\"lazy\" decoding=\"async\" width=\"450\" height=\"600\" src=\"https:\/\/wbp.lublin.pl\/wp-content\/uploads\/2021\/07\/IMG_20210727_105235-scaled-450x600.webp\" class=\"attachment-medium size-medium not-transparent\" alt=\"Kroniki Ochotniczych Stra\u017cy Po\u017carnych\" aria-describedby=\"gallery-1-30769\" srcset=\"https:\/\/wbp.lublin.pl\/wp-content\/uploads\/2021\/07\/IMG_20210727_105235-scaled-450x600.webp 450w, https:\/\/wbp.lublin.pl\/wp-content\/uploads\/2021\/07\/IMG_20210727_105235-scaled-300x400.webp 300w, https:\/\/wbp.lublin.pl\/wp-content\/uploads\/2021\/07\/IMG_20210727_105235-scaled-768x1024.webp 768w, https:\/\/wbp.lublin.pl\/wp-content\/uploads\/2021\/07\/IMG_20210727_105235-scaled-624x832.webp 624w, https:\/\/wbp.lublin.pl\/wp-content\/uploads\/2021\/07\/IMG_20210727_105235-scaled.webp 810w\" sizes=\"auto, (max-width: 450px) 100vw, 450px\" data-has-transparency=\"false\" data-dominant-color=\"9b988f\" style=\"--dominant-color: #9b988f;\" \/><\/a>\n\t\t\t<\/div>\n\t\t\t\t<figcaption class='wp-caption-text gallery-caption' id='gallery-1-30769'>\n\t\t\t\tKroniki Ochotniczych Stra\u017cy Po\u017carnych\n\t\t\t\t<\/figcaption><\/figure><figure class='gallery-item'>\n\t\t\t<div class='gallery-icon landscape'>\n\t\t\t\t<a href='https:\/\/wbp.lublin.pl\/index.php\/2021\/07\/28\/kronikarze-w-wbp-powstal-wojewodzki-klub-kronikarza-ochotniczych-strazy-pozarnych-wojewodzwa-lubelskiego\/img_20210727_105432\/'><img loading=\"lazy\" decoding=\"async\" width=\"600\" height=\"450\" src=\"https:\/\/wbp.lublin.pl\/wp-content\/uploads\/2021\/07\/IMG_20210727_105432-scaled-600x450.webp\" class=\"attachment-medium size-medium not-transparent\" alt=\"Kroniki Ochotniczych Stra\u017cy Po\u017carnych\" aria-describedby=\"gallery-1-30770\" srcset=\"https:\/\/wbp.lublin.pl\/wp-content\/uploads\/2021\/07\/IMG_20210727_105432-scaled-600x450.webp 600w, https:\/\/wbp.lublin.pl\/wp-content\/uploads\/2021\/07\/IMG_20210727_105432-scaled-400x300.webp 400w, https:\/\/wbp.lublin.pl\/wp-content\/uploads\/2021\/07\/IMG_20210727_105432-scaled-768x576.webp 768w, https:\/\/wbp.lublin.pl\/wp-content\/uploads\/2021\/07\/IMG_20210727_105432-scaled-947x710.webp 947w, https:\/\/wbp.lublin.pl\/wp-content\/uploads\/2021\/07\/IMG_20210727_105432-scaled-624x468.webp 624w, https:\/\/wbp.lublin.pl\/wp-content\/uploads\/2021\/07\/IMG_20210727_105432-scaled.webp 1440w\" sizes=\"auto, (max-width: 600px) 100vw, 600px\" data-has-transparency=\"false\" data-dominant-color=\"938880\" style=\"--dominant-color: #938880;\" \/><\/a>\n\t\t\t<\/div>\n\t\t\t\t<figcaption class='wp-caption-text gallery-caption' id='gallery-1-30770'>\n\t\t\t\tKroniki Ochotniczych Stra\u017cy Po\u017carnych\n\t\t\t\t<\/figcaption><\/figure><figure class='gallery-item'>\n\t\t\t<div class='gallery-icon portrait'>\n\t\t\t\t<a href='https:\/\/wbp.lublin.pl\/index.php\/2021\/07\/28\/kronikarze-w-wbp-powstal-wojewodzki-klub-kronikarza-ochotniczych-strazy-pozarnych-wojewodzwa-lubelskiego\/img_20210727_111909\/'><img loading=\"lazy\" decoding=\"async\" width=\"450\" height=\"600\" src=\"https:\/\/wbp.lublin.pl\/wp-content\/uploads\/2021\/07\/IMG_20210727_111909-scaled-450x600.webp\" class=\"attachment-medium size-medium not-transparent\" alt=\"Wyst\u0105pienie dr. Grzegorza Szyszki - Dyrektora Oddzia\u0142u Wojew\u00f3dzkiego Zwi\u0105zku Ochotniczych Stra\u017cy Po\u017carnych RP w Lublinie\" aria-describedby=\"gallery-1-30771\" srcset=\"https:\/\/wbp.lublin.pl\/wp-content\/uploads\/2021\/07\/IMG_20210727_111909-scaled-450x600.webp 450w, https:\/\/wbp.lublin.pl\/wp-content\/uploads\/2021\/07\/IMG_20210727_111909-scaled-300x400.webp 300w, https:\/\/wbp.lublin.pl\/wp-content\/uploads\/2021\/07\/IMG_20210727_111909-scaled-768x1024.webp 768w, https:\/\/wbp.lublin.pl\/wp-content\/uploads\/2021\/07\/IMG_20210727_111909-scaled-624x832.webp 624w, https:\/\/wbp.lublin.pl\/wp-content\/uploads\/2021\/07\/IMG_20210727_111909-scaled.webp 810w\" sizes=\"auto, (max-width: 450px) 100vw, 450px\" data-has-transparency=\"false\" data-dominant-color=\"a19483\" style=\"--dominant-color: #a19483;\" \/><\/a>\n\t\t\t<\/div>\n\t\t\t\t<figcaption class='wp-caption-text gallery-caption' id='gallery-1-30771'>\n\t\t\t\tWyst\u0105pienie dr. Grzegorza Szyszki &#8211; Dyrektora Oddzia\u0142u Wojew\u00f3dzkiego Zwi\u0105zku Ochotniczych Stra\u017cy Po\u017carnych RP w Lublinie\n\t\t\t\t<\/figcaption><\/figure><figure class='gallery-item'>\n\t\t\t<div class='gallery-icon portrait'>\n\t\t\t\t<a href='https:\/\/wbp.lublin.pl\/index.php\/2021\/07\/28\/kronikarze-w-wbp-powstal-wojewodzki-klub-kronikarza-ochotniczych-strazy-pozarnych-wojewodzwa-lubelskiego\/img_20210727_112657\/'><img loading=\"lazy\" decoding=\"async\" width=\"450\" height=\"600\" src=\"https:\/\/wbp.lublin.pl\/wp-content\/uploads\/2021\/07\/IMG_20210727_112657-scaled-450x600.webp\" class=\"attachment-medium size-medium not-transparent\" alt=\"Tadeusz S\u0142awecki\" aria-describedby=\"gallery-1-30772\" srcset=\"https:\/\/wbp.lublin.pl\/wp-content\/uploads\/2021\/07\/IMG_20210727_112657-scaled-450x600.webp 450w, https:\/\/wbp.lublin.pl\/wp-content\/uploads\/2021\/07\/IMG_20210727_112657-scaled-300x400.webp 300w, https:\/\/wbp.lublin.pl\/wp-content\/uploads\/2021\/07\/IMG_20210727_112657-scaled-768x1024.webp 768w, https:\/\/wbp.lublin.pl\/wp-content\/uploads\/2021\/07\/IMG_20210727_112657-scaled-624x832.webp 624w, https:\/\/wbp.lublin.pl\/wp-content\/uploads\/2021\/07\/IMG_20210727_112657-scaled.webp 810w\" sizes=\"auto, (max-width: 450px) 100vw, 450px\" data-has-transparency=\"false\" data-dominant-color=\"a59883\" style=\"--dominant-color: #a59883;\" \/><\/a>\n\t\t\t<\/div>\n\t\t\t\t<figcaption class='wp-caption-text gallery-caption' id='gallery-1-30772'>\n\t\t\t\tWyst\u0105pienie Tadeusza S\u0142aweckiego \u2013 Dyrektora Wojew\u00f3dzkiej Biblioteki Publicznej im. H. \u0141opaci\u0144skiego w Lublinie, Wiceprezesa Zarz\u0105du Oddzia\u0142u Wojew\u00f3dzkiego Zwi\u0105zku Ochotniczych Stra\u017cy Po\u017carnych RP w Lublinie i cz\u0142onka Zarz\u0105du G\u0142\u00f3wnego Zwi\u0105zku Ochotniczych Stra\u017cy Po\u017carnych RP\n\t\t\t\t<\/figcaption><\/figure><figure class='gallery-item'>\n\t\t\t<div class='gallery-icon portrait'>\n\t\t\t\t<a href='https:\/\/wbp.lublin.pl\/index.php\/2021\/07\/28\/kronikarze-w-wbp-powstal-wojewodzki-klub-kronikarza-ochotniczych-strazy-pozarnych-wojewodzwa-lubelskiego\/img_20210727_114236\/'><img loading=\"lazy\" decoding=\"async\" width=\"450\" height=\"600\" src=\"https:\/\/wbp.lublin.pl\/wp-content\/uploads\/2021\/07\/IMG_20210727_114236-scaled-450x600.webp\" class=\"attachment-medium size-medium not-transparent\" alt=\"Wyst\u0105pienie m\u0142. bryg. w st. spocz. Miros\u0142awa Walickiego, przewodnicz\u0105cego Komisji Historycznej OW ZOSP RP w Lublinie\" aria-describedby=\"gallery-1-30773\" srcset=\"https:\/\/wbp.lublin.pl\/wp-content\/uploads\/2021\/07\/IMG_20210727_114236-scaled-450x600.webp 450w, https:\/\/wbp.lublin.pl\/wp-content\/uploads\/2021\/07\/IMG_20210727_114236-scaled-300x400.webp 300w, https:\/\/wbp.lublin.pl\/wp-content\/uploads\/2021\/07\/IMG_20210727_114236-scaled-768x1024.webp 768w, https:\/\/wbp.lublin.pl\/wp-content\/uploads\/2021\/07\/IMG_20210727_114236-scaled-624x832.webp 624w, https:\/\/wbp.lublin.pl\/wp-content\/uploads\/2021\/07\/IMG_20210727_114236-scaled.webp 810w\" sizes=\"auto, (max-width: 450px) 100vw, 450px\" data-has-transparency=\"false\" data-dominant-color=\"a29580\" style=\"--dominant-color: #a29580;\" \/><\/a>\n\t\t\t<\/div>\n\t\t\t\t<figcaption class='wp-caption-text gallery-caption' id='gallery-1-30773'>\n\t\t\t\tWyst\u0105pienie m\u0142. bryg. w st. spocz. Miros\u0142awa Walickiego, przewodnicz\u0105cego Komisji Historycznej\u00a0OW ZOSP RP w Lublinie\n\t\t\t\t<\/figcaption><\/figure><figure class='gallery-item'>\n\t\t\t<div class='gallery-icon portrait'>\n\t\t\t\t<a href='https:\/\/wbp.lublin.pl\/index.php\/2021\/07\/28\/kronikarze-w-wbp-powstal-wojewodzki-klub-kronikarza-ochotniczych-strazy-pozarnych-wojewodzwa-lubelskiego\/img_20210727_114415\/'><img loading=\"lazy\" decoding=\"async\" width=\"526\" height=\"600\" src=\"https:\/\/wbp.lublin.pl\/wp-content\/uploads\/2021\/07\/IMG_20210727_114415-scaled-526x600.webp\" class=\"attachment-medium size-medium not-transparent\" alt=\"Podsumowanie II Wojew\u00f3dzkiego Konkursu Kronik OSP, ZOGm, ZOP, MDP, Orkiestr D\u0119tych OSP wojew\u00f3dztwa lubelskiego\" aria-describedby=\"gallery-1-30774\" srcset=\"https:\/\/wbp.lublin.pl\/wp-content\/uploads\/2021\/07\/IMG_20210727_114415-scaled-526x600.webp 526w, https:\/\/wbp.lublin.pl\/wp-content\/uploads\/2021\/07\/IMG_20210727_114415-scaled-350x400.webp 350w, https:\/\/wbp.lublin.pl\/wp-content\/uploads\/2021\/07\/IMG_20210727_114415-scaled-768x877.webp 768w, https:\/\/wbp.lublin.pl\/wp-content\/uploads\/2021\/07\/IMG_20210727_114415-scaled-624x712.webp 624w, https:\/\/wbp.lublin.pl\/wp-content\/uploads\/2021\/07\/IMG_20210727_114415-scaled.webp 946w\" sizes=\"auto, (max-width: 526px) 100vw, 526px\" data-has-transparency=\"false\" data-dominant-color=\"948570\" style=\"--dominant-color: #948570;\" \/><\/a>\n\t\t\t<\/div>\n\t\t\t\t<figcaption class='wp-caption-text gallery-caption' id='gallery-1-30774'>\n\t\t\t\tPodsumowanie II Wojew\u00f3dzkiego Konkursu Kronik OSP, ZOGm, ZOP, MDP, Orkiestr D\u0119tych OSP wojew\u00f3dztwa lubelskiego\n\t\t\t\t<\/figcaption><\/figure><figure class='gallery-item'>\n\t\t\t<div class='gallery-icon landscape'>\n\t\t\t\t<a href='https:\/\/wbp.lublin.pl\/index.php\/2021\/07\/28\/kronikarze-w-wbp-powstal-wojewodzki-klub-kronikarza-ochotniczych-strazy-pozarnych-wojewodzwa-lubelskiego\/img_20210727_114511\/'><img loading=\"lazy\" decoding=\"async\" width=\"600\" height=\"450\" src=\"https:\/\/wbp.lublin.pl\/wp-content\/uploads\/2021\/07\/IMG_20210727_114511-scaled-600x450.webp\" class=\"attachment-medium size-medium not-transparent\" alt=\"Podsumowanie II Wojew\u00f3dzkiego Konkursu Kronik OSP, ZOGm, ZOP, MDP, Orkiestr D\u0119tych OSP wojew\u00f3dztwa lubelskiego\" aria-describedby=\"gallery-1-30775\" srcset=\"https:\/\/wbp.lublin.pl\/wp-content\/uploads\/2021\/07\/IMG_20210727_114511-scaled-600x450.webp 600w, https:\/\/wbp.lublin.pl\/wp-content\/uploads\/2021\/07\/IMG_20210727_114511-scaled-400x300.webp 400w, https:\/\/wbp.lublin.pl\/wp-content\/uploads\/2021\/07\/IMG_20210727_114511-scaled-768x576.webp 768w, https:\/\/wbp.lublin.pl\/wp-content\/uploads\/2021\/07\/IMG_20210727_114511-scaled-947x710.webp 947w, https:\/\/wbp.lublin.pl\/wp-content\/uploads\/2021\/07\/IMG_20210727_114511-scaled-624x468.webp 624w, https:\/\/wbp.lublin.pl\/wp-content\/uploads\/2021\/07\/IMG_20210727_114511-scaled.webp 1440w\" sizes=\"auto, (max-width: 600px) 100vw, 600px\" data-has-transparency=\"false\" data-dominant-color=\"857868\" style=\"--dominant-color: #857868;\" \/><\/a>\n\t\t\t<\/div>\n\t\t\t\t<figcaption class='wp-caption-text gallery-caption' id='gallery-1-30775'>\n\t\t\t\tPodsumowanie II Wojew\u00f3dzkiego Konkursu Kronik OSP, ZOGm, ZOP, MDP, Orkiestr D\u0119tych OSP wojew\u00f3dztwa lubelskiego\n\t\t\t\t<\/figcaption><\/figure><figure class='gallery-item'>\n\t\t\t<div class='gallery-icon landscape'>\n\t\t\t\t<a href='https:\/\/wbp.lublin.pl\/index.php\/2021\/07\/28\/kronikarze-w-wbp-powstal-wojewodzki-klub-kronikarza-ochotniczych-strazy-pozarnych-wojewodzwa-lubelskiego\/img_20210727_114817\/'><img loading=\"lazy\" decoding=\"async\" width=\"600\" height=\"450\" src=\"https:\/\/wbp.lublin.pl\/wp-content\/uploads\/2021\/07\/IMG_20210727_114817-scaled-600x450.webp\" class=\"attachment-medium size-medium not-transparent\" alt=\"Podsumowanie II Wojew\u00f3dzkiego Konkursu Kronik OSP, ZOGm, ZOP, MDP, Orkiestr D\u0119tych OSP wojew\u00f3dztwa lubelskiego\" aria-describedby=\"gallery-1-30776\" srcset=\"https:\/\/wbp.lublin.pl\/wp-content\/uploads\/2021\/07\/IMG_20210727_114817-scaled-600x450.webp 600w, https:\/\/wbp.lublin.pl\/wp-content\/uploads\/2021\/07\/IMG_20210727_114817-scaled-400x300.webp 400w, https:\/\/wbp.lublin.pl\/wp-content\/uploads\/2021\/07\/IMG_20210727_114817-scaled-768x576.webp 768w, https:\/\/wbp.lublin.pl\/wp-content\/uploads\/2021\/07\/IMG_20210727_114817-scaled-947x710.webp 947w, https:\/\/wbp.lublin.pl\/wp-content\/uploads\/2021\/07\/IMG_20210727_114817-scaled-624x468.webp 624w, https:\/\/wbp.lublin.pl\/wp-content\/uploads\/2021\/07\/IMG_20210727_114817-scaled.webp 1440w\" sizes=\"auto, (max-width: 600px) 100vw, 600px\" data-has-transparency=\"false\" data-dominant-color=\"8c8070\" style=\"--dominant-color: #8c8070;\" \/><\/a>\n\t\t\t<\/div>\n\t\t\t\t<figcaption class='wp-caption-text gallery-caption' id='gallery-1-30776'>\n\t\t\t\tPodsumowanie II Wojew\u00f3dzkiego Konkursu Kronik OSP, ZOGm, ZOP, MDP, Orkiestr D\u0119tych OSP wojew\u00f3dztwa lubelskiego\n\t\t\t\t<\/figcaption><\/figure><figure class='gallery-item'>\n\t\t\t<div class='gallery-icon landscape'>\n\t\t\t\t<a href='https:\/\/wbp.lublin.pl\/index.php\/2021\/07\/28\/kronikarze-w-wbp-powstal-wojewodzki-klub-kronikarza-ochotniczych-strazy-pozarnych-wojewodzwa-lubelskiego\/img_20210727_115226\/'><img loading=\"lazy\" decoding=\"async\" width=\"600\" height=\"450\" src=\"https:\/\/wbp.lublin.pl\/wp-content\/uploads\/2021\/07\/IMG_20210727_115226-scaled-600x450.webp\" class=\"attachment-medium size-medium not-transparent\" alt=\"Podsumowanie II Wojew\u00f3dzkiego Konkursu Kronik OSP, ZOGm, ZOP, MDP, Orkiestr D\u0119tych OSP wojew\u00f3dztwa lubelskiego\" aria-describedby=\"gallery-1-30777\" srcset=\"https:\/\/wbp.lublin.pl\/wp-content\/uploads\/2021\/07\/IMG_20210727_115226-scaled-600x450.webp 600w, https:\/\/wbp.lublin.pl\/wp-content\/uploads\/2021\/07\/IMG_20210727_115226-scaled-400x300.webp 400w, https:\/\/wbp.lublin.pl\/wp-content\/uploads\/2021\/07\/IMG_20210727_115226-scaled-768x576.webp 768w, https:\/\/wbp.lublin.pl\/wp-content\/uploads\/2021\/07\/IMG_20210727_115226-scaled-947x710.webp 947w, https:\/\/wbp.lublin.pl\/wp-content\/uploads\/2021\/07\/IMG_20210727_115226-scaled-624x468.webp 624w, https:\/\/wbp.lublin.pl\/wp-content\/uploads\/2021\/07\/IMG_20210727_115226-scaled.webp 1440w\" sizes=\"auto, (max-width: 600px) 100vw, 600px\" data-has-transparency=\"false\" data-dominant-color=\"8d847b\" style=\"--dominant-color: #8d847b;\" \/><\/a>\n\t\t\t<\/div>\n\t\t\t\t<figcaption class='wp-caption-text gallery-caption' id='gallery-1-30777'>\n\t\t\t\tPodsumowanie II Wojew\u00f3dzkiego Konkursu Kronik OSP, ZOGm, ZOP, MDP, Orkiestr D\u0119tych OSP wojew\u00f3dztwa lubelskiego\n\t\t\t\t<\/figcaption><\/figure>\n\t\t<\/div>\n\n<p>&nbsp;<\/p>\n<p style=\"text-align: center;\">Fot. <strong>Mariusz Olejarczyk<\/strong><\/p>\n","protected":false},"excerpt":{"rendered":"<p>Powsta\u0142 Wojew\u00f3dzki Klub Kronikarza Ochotniczych Stra\u017cy Po\u017carnych Wojew\u00f3dzwa Lubelskiego<\/p>\n","protected":false},"author":7,"featured_media":30782,"comment_status":"closed","ping_status":"closed","sticky":false,"template":"","format":"standard","meta":{"_tec_requires_first_save":true,"_crdt_document":"","pgc_sgb_lightbox_settings":"","_EventAllDay":false,"_EventTimezone":"","_EventStartDate":"","_EventEndDate":"","_EventStartDateUTC":"","_EventEndDateUTC":"","_EventShowMap":false,"_EventShowMapLink":false,"_EventURL":"","_EventCost":"","_EventCostDescription":"","_EventCurrencySymbol":"","_EventCurrencyCode":"","_EventCurrencyPosition":"","_EventDateTimeSeparator":"","_EventTimeRangeSeparator":"","_EventOrganizerID":[],"_EventVenueID":[],"_OrganizerEmail":"","_OrganizerPhone":"","_OrganizerWebsite":"","_VenueAddress":"","_VenueCity":"","_VenueCountry":"","_VenueProvince":"","_VenueState":"","_VenueZip":"","_VenuePhone":"","_VenueURL":"","_VenueStateProvince":"","_VenueLat":"","_VenueLng":"","_VenueShowMap":false,"_VenueShowMapLink":false,"_tribe_blocks_recurrence_rules":"","_tribe_blocks_recurrence_description":"","_tribe_blocks_recurrence_exclusions":"","footnotes":""},"categories":[10,53],"tags":[],"class_list":["post-30763","post","type-post","status-publish","format-standard","has-post-thumbnail","hentry","category-aktualnosci","category-komunikaty"],"publishpress_future_action":{"enabled":false,"date":"2026-05-06 15:53:29","action":"change-status","newStatus":"draft","terms":[],"taxonomy":"category","extraData":[]},"publishpress_future_workflow_manual_trigger":{"enabledWorkflows":[]},"_links":{"self":[{"href":"https:\/\/wbp.lublin.pl\/index.php\/wp-json\/wp\/v2\/posts\/30763","targetHints":{"allow":["GET"]}}],"collection":[{"href":"https:\/\/wbp.lublin.pl\/index.php\/wp-json\/wp\/v2\/posts"}],"about":[{"href":"https:\/\/wbp.lublin.pl\/index.php\/wp-json\/wp\/v2\/types\/post"}],"author":[{"embeddable":true,"href":"https:\/\/wbp.lublin.pl\/index.php\/wp-json\/wp\/v2\/users\/7"}],"replies":[{"embeddable":true,"href":"https:\/\/wbp.lublin.pl\/index.php\/wp-json\/wp\/v2\/comments?post=30763"}],"version-history":[{"count":8,"href":"https:\/\/wbp.lublin.pl\/index.php\/wp-json\/wp\/v2\/posts\/30763\/revisions"}],"predecessor-version":[{"id":30784,"href":"https:\/\/wbp.lublin.pl\/index.php\/wp-json\/wp\/v2\/posts\/30763\/revisions\/30784"}],"wp:featuredmedia":[{"embeddable":true,"href":"https:\/\/wbp.lublin.pl\/index.php\/wp-json\/wp\/v2\/media\/30782"}],"wp:attachment":[{"href":"https:\/\/wbp.lublin.pl\/index.php\/wp-json\/wp\/v2\/media?parent=30763"}],"wp:term":[{"taxonomy":"category","embeddable":true,"href":"https:\/\/wbp.lublin.pl\/index.php\/wp-json\/wp\/v2\/categories?post=30763"},{"taxonomy":"post_tag","embeddable":true,"href":"https:\/\/wbp.lublin.pl\/index.php\/wp-json\/wp\/v2\/tags?post=30763"}],"curies":[{"name":"wp","href":"https:\/\/api.w.org\/{rel}","templated":true}]}}