{"id":30810,"date":"2021-08-02T10:43:35","date_gmt":"2021-08-02T08:43:35","guid":{"rendered":"https:\/\/wbp.lublin.pl\/?p=30810"},"modified":"2022-12-13T09:25:37","modified_gmt":"2022-12-13T08:25:37","slug":"nabytki-w-dziale-bibliografii-lubelszczyzny-i-wiedzy-o-regionie-lipiec-2021","status":"publish","type":"post","link":"https:\/\/wbp.lublin.pl\/index.php\/2021\/08\/02\/nabytki-w-dziale-bibliografii-lubelszczyzny-i-wiedzy-o-regionie-lipiec-2021\/","title":{"rendered":"NABYTKI W DZIALE BIBLIOGRAFII LUBELSZCZYZNY  I WIEDZY O REGIONIE Lipiec 2021"},"content":{"rendered":"<p><!--more--><\/p>\n<ol>\n<li><strong>Bartmi\u0144ski Jerzy.<\/strong> <em>Ludzie, kt\u00f3rych spotka\u0142em : sylwetki i wspomnienia,<\/em> Jerzy Bartmi\u0144ski ; redakcja Stanis\u0142awa Niebrzegowska-Bartmi\u0144ska, Maksymilian Piwakowski, Filip Polakowski, Lublin 2021<\/li>\n<li><strong>Bilska Jolanta, Dzida Gra\u017cyna, Manowiec Renata. <\/strong><em>Radzy\u0144skie Stowarzyszenie Inicjatyw\u00a0Edukacyjnych :\u00a0kalendarium dzia\u0142alno\u015bci w latach 2010-2020<\/em>, Radzy\u0144 Podlaski 2020<\/li>\n<li><strong>Borek Pawe\u0142.<\/strong> <em>9 Dywizja Piechoty i Po\u0142udniowe Podlasie\u00a0w wojnie polsko-sowieckiej (1919-1920)<\/em>, Bia\u0142a Podlaska 2021<\/li>\n<li><strong><em>Czy\u015bcie<\/em><\/strong><em> nas radzi, czy\u015bcie nie radzi&#8230; : pie\u015bni ludowe : monografia Zespo\u0142u \u015apiewaczego z Rozkopaczewa<\/em>, [red. Helena Weremczuk ; wyb\u00f3r pie\u015bni oraz zapis melodii i tekst\u00f3w Marian Chy\u017cy\u0144ski], Lublin 2000<\/li>\n<li><strong>D\u0105browski Marcin.<\/strong> <em>Historia\u00a0sztandaru\u00a0NSZZ\u00a0&#8222;Solidarno\u015b\u0107&#8221;\u00a0W\u0119z\u0142a\u00a0PKP Zamo\u015b\u0107<\/em>, [opracowanie Marcin D\u0105browski], Zamo\u015b\u0107 2019<\/li>\n<li><strong><em>Dzieci<\/em><\/strong><em>moje! :\u00a0biskup\u00a0Stefan\u00a0Wyszy\u0144ski ordynariusz lubelski 1946-1949 : pami\u0119tnik wystawy zorganizowanej przez Fundacj\u0119 na Rzecz Rodziny Nasza Tradycja w 70. rocznic\u0119 ingresu do katedry lubelskiej biskupa Stefana Wyszy\u0144skiego<\/em>, [redakcja Piotr Krzysztof Kuty], Lublin 2017<\/li>\n<li><strong><em>Dziedzictwo<\/em><\/strong><em> kulturowe i historia dobrem lokalnym<\/em>, Zamo\u015b\u0107 2015<\/li>\n<li><strong><em>95 lat<\/em><\/strong><em> Szko\u0142y Orl\u0105t : na tle rozwoju lotnictwa polskiego<\/em>, redakcja naukowa Marcin Kruszy\u0144ski, Tomasz Osi\u0144ski, Marcin Paluch, D\u0119blin 2020<\/li>\n<li><strong>Jankowska Magdalena.<\/strong> <em>Teatraln\u0105 serpentyn\u0105 : zapiski z Lublina<\/em>, Lublin 2018<\/li>\n<li><strong>Klej Tadeusz.<\/strong> <em>Spo\u0142ecznik z Zawieprzyc\u00a0:\u00a0brat Stanis\u0142aw Szalast OP &#8211; \u017cycie i dzia\u0142alno\u015b\u0107<\/em>, Lublin 2021<\/li>\n<li><strong>Koper Mariusz.<\/strong> <em>Powiat tomaszowski w pejza\u017cu toponimicznym pogranicza polsko-ukrai\u0144skiego<\/em>, Lublin 2021<\/li>\n<li><strong><em>Krajobrazy<\/em><\/strong><em>Lublina\u00a0:\u00a0rzeki<\/em>,\u00a0redakcja Ewa Trzaskowska, Pawe\u0142 Adamiec, Lublin 2020<\/li>\n<li><strong>Kubiszyn Marta, Kopciowski Adam.<\/strong> <em>\u017bydowski Lublin : \u017ar\u00f3d\u0142a &#8211; obrazy \u2013 narracje<\/em>, Lublin 2021<\/li>\n<li><strong>Lipi\u0144ski Stanis\u0142aw. <\/strong><em>Wybrane dobra ziemia\u0144skie z okolic Sawina\u00a0w XVIII i XIX wieku<\/em>, Rejowiec Fabryczny 2020<\/li>\n<li><strong>Lipi\u0144ski Stanis\u0142aw. <\/strong><em>Zarys dziej\u00f3w parafii w Paw\u0142owie<\/em>, Rejowiec Fabryczny 2021<\/li>\n<li><strong>Lubaszewski Zbigniew<\/strong>. <em>Gmina Che\u0142m : s\u0142ownik biograficzny<\/em>, wybra\u0142 i opracowa\u0142 Zbigniew Lubaszewski, Pokr\u00f3wka 2020<\/li>\n<li><strong><em>Lubelska<\/em><\/strong><em> Ksi\u0119ga Standard\u00f3w\u00a0:\u00a0deptak &#8211; plac Litewski<\/em>, [redakcja Justyna Szurek ; wst\u0119py Aleksandra Koci\u0119ba ; ilustracje Micha\u0142 Bednarski], Lublin 2018<\/li>\n<li><strong><em>Miejska<\/em><\/strong><em> Biblioteka Publiczna w Krasnymstawie\u00a0:\u00a0jednodni\u00f3wka (pa\u017adziernik) 2013<\/em>, [zesp\u00f3\u0142 redakcyjny Ma\u0142gorzata Antoniak i 8 pozosta\u0142ych], Krasnystaw 2013<\/li>\n<li><strong>Nastalska-Wi\u015bnicka Joanna.<\/strong> <em>Biblioteka Uniwersytecka Katolickiego Uniwersytetu Lubelskiego Jana Paw\u0142a II :\u00a0kronika stulecia\u00a0: 1918-2018<\/em>, Lublin 2020<\/li>\n<li><strong>Nied\u017awied\u017a Ewa, Nied\u017awied\u017a J\u00f3zef, Czubaj-Gancarz Marzena.<\/strong> <em>Dzieje miejscowo\u015bci gminy Tomasz\u00f3w\u00a0Lubelski<\/em>, Zamo\u015b\u0107 ; Tomasz\u00f3w Lubelski 2021<\/li>\n<li><strong><em>Nowoczesna<\/em><\/strong><em> szko\u0142a z tradycjami\u00a0:\u00a0monografia Zespo\u0142u Szk\u00f3\u0142 Ponadgimnazjalnych im. Jana Paw\u0142a II w Radzyniu Podlaskim<\/em>, Jolanta Bilska, Gra\u017cyna Dzida, Agnieszka G\u0105tarczyk, Dorota Krasucka, Radzy\u0144 Podlaski [2019]<\/li>\n<li><strong>Pelcowa Halina.<\/strong> <em>S\u0142ownik gwar Lubelszczyzny<\/em>.\u00a0T. 9,\u00a0<em>Przestrze\u0144 wsi, ukszta\u0142towanie powierzchni, \u017cycie spo\u0142eczne i zawodowe<\/em>, Lublin 2021<\/li>\n<li><strong>P\u0119zio\u0142 Jan.<\/strong> <em>W\u0105wolnica Sanktuarium Maryjne<\/em>, Lublin 2008<\/li>\n<li><strong>Rymarz Ferdynand.<\/strong> <em>Dzieje parafii w Kie\u0142czewicach : suplement<\/em>, Lublin 2021<\/li>\n<li><strong><em>S\u0142uga<\/em><\/strong><em> dobry i wierny : \u015bp. Ksi\u0105dz Profesor Andrzej Maryniarczyk SDB we wspomnieniach najbli\u017cszych wsp\u00f3\u0142pracownik\u00f3w<\/em>, u\u0142o\u017cy\u0142 i zredagowa\u0142 Arkadiusz Gudaniec, Lublin 2021<\/li>\n<li><strong>Szewczak-Daniel Mariola<\/strong>.<em> Zarz\u0105d miasta Lublina w latach 1915-1939 : zasady organizacji i funkcjonowania<\/em>, Lublin 2021<\/li>\n<li><strong>Taurogi\u0144ski Waldemar.<\/strong> <em>Arkadiusz Sann : prozaik i poeta 1959-2016 : z wyborem utwor\u00f3w<\/em>, Che\u0142m 2020<\/li>\n<li><strong>Trudzik Jerzy. <\/strong><em>Od\u00a0PWS\u00a0do\u00a0&#8222;Spo\u0142em&#8221; :\u00a090 lat Powszechnej Sp\u00f3\u0142dzielni Spo\u017cywc\u00f3w w Bia\u0142ej Podlaskiej 1931-2021<\/em>, Bia\u0142a Podlaska 2021<\/li>\n<li><strong>Wawryniuk Andrzej Antoni.<\/strong> <em>Droga do chwa\u0142y\u00a0:\u00a0m\u0142odo\u015b\u0107 i kr\u0105g rodzinny Tadeusza Ko\u015bciuszki<\/em>, Che\u0142m 2021<\/li>\n<li><strong>Zugaj Leszek. <\/strong><em>Gmina\u00a0Rokitno\u00a0:\u00a0dzieje\u00a0samorz\u0105du\u00a0i administracji w latach 1807-1990<\/em>, Rokitno 2020<\/li>\n<\/ol>\n<p><!--more--><\/p>\n","protected":false},"excerpt":{"rendered":"","protected":false},"author":5,"featured_media":30812,"comment_status":"closed","ping_status":"closed","sticky":false,"template":"","format":"standard","meta":{"_tec_requires_first_save":true,"_crdt_document":"","pgc_sgb_lightbox_settings":"","_EventAllDay":false,"_EventTimezone":"","_EventStartDate":"","_EventEndDate":"","_EventStartDateUTC":"","_EventEndDateUTC":"","_EventShowMap":false,"_EventShowMapLink":false,"_EventURL":"","_EventCost":"","_EventCostDescription":"","_EventCurrencySymbol":"","_EventCurrencyCode":"","_EventCurrencyPosition":"","_EventDateTimeSeparator":"","_EventTimeRangeSeparator":"","_EventOrganizerID":[],"_EventVenueID":[],"_OrganizerEmail":"","_OrganizerPhone":"","_OrganizerWebsite":"","_VenueAddress":"","_VenueCity":"","_VenueCountry":"","_VenueProvince":"","_VenueState":"","_VenueZip":"","_VenuePhone":"","_VenueURL":"","_VenueStateProvince":"","_VenueLat":"","_VenueLng":"","_VenueShowMap":false,"_VenueShowMapLink":false,"_tribe_blocks_recurrence_rules":"","_tribe_blocks_recurrence_description":"","_tribe_blocks_recurrence_exclusions":"","footnotes":""},"categories":[119,10],"tags":[],"class_list":["post-30810","post","type-post","status-publish","format-standard","has-post-thumbnail","hentry","category-nowoci-w-dziale-bibliografii-lubelszczyzny","category-aktualnosci"],"publishpress_future_action":{"enabled":false,"date":"2026-05-06 12:58:57","action":"change-status","newStatus":"draft","terms":[],"taxonomy":"category","extraData":[]},"publishpress_future_workflow_manual_trigger":{"enabledWorkflows":[]},"_links":{"self":[{"href":"https:\/\/wbp.lublin.pl\/index.php\/wp-json\/wp\/v2\/posts\/30810","targetHints":{"allow":["GET"]}}],"collection":[{"href":"https:\/\/wbp.lublin.pl\/index.php\/wp-json\/wp\/v2\/posts"}],"about":[{"href":"https:\/\/wbp.lublin.pl\/index.php\/wp-json\/wp\/v2\/types\/post"}],"author":[{"embeddable":true,"href":"https:\/\/wbp.lublin.pl\/index.php\/wp-json\/wp\/v2\/users\/5"}],"replies":[{"embeddable":true,"href":"https:\/\/wbp.lublin.pl\/index.php\/wp-json\/wp\/v2\/comments?post=30810"}],"version-history":[{"count":3,"href":"https:\/\/wbp.lublin.pl\/index.php\/wp-json\/wp\/v2\/posts\/30810\/revisions"}],"predecessor-version":[{"id":30815,"href":"https:\/\/wbp.lublin.pl\/index.php\/wp-json\/wp\/v2\/posts\/30810\/revisions\/30815"}],"wp:featuredmedia":[{"embeddable":true,"href":"https:\/\/wbp.lublin.pl\/index.php\/wp-json\/wp\/v2\/media\/30812"}],"wp:attachment":[{"href":"https:\/\/wbp.lublin.pl\/index.php\/wp-json\/wp\/v2\/media?parent=30810"}],"wp:term":[{"taxonomy":"category","embeddable":true,"href":"https:\/\/wbp.lublin.pl\/index.php\/wp-json\/wp\/v2\/categories?post=30810"},{"taxonomy":"post_tag","embeddable":true,"href":"https:\/\/wbp.lublin.pl\/index.php\/wp-json\/wp\/v2\/tags?post=30810"}],"curies":[{"name":"wp","href":"https:\/\/api.w.org\/{rel}","templated":true}]}}