{"id":30989,"date":"2021-08-13T14:59:30","date_gmt":"2021-08-13T12:59:30","guid":{"rendered":"https:\/\/wbp.lublin.pl\/?p=30989"},"modified":"2021-08-18T13:41:35","modified_gmt":"2021-08-18T11:41:35","slug":"paulini-w-wojennym-mariupolu-spotkanie-online-z-o-dr-markiem-kowalskim-osppe-ordo-sancti-pauli-primi-eremitae","status":"publish","type":"post","link":"https:\/\/wbp.lublin.pl\/index.php\/2021\/08\/13\/paulini-w-wojennym-mariupolu-spotkanie-online-z-o-dr-markiem-kowalskim-osppe-ordo-sancti-pauli-primi-eremitae\/","title":{"rendered":"Paulini w wojennym Mariupolu. Spotkanie online z o. dr. Markiem Kowalskim OSPPE (Ordo Sancti Pauli Primi Eremitae)"},"content":{"rendered":"<p><!--more--><\/p>\n<p style=\"text-align: center;\"><span style=\"color: #000000;\"><strong>Paulini w wojennym Mariupolu<\/strong><\/span><\/p>\n<p style=\"text-align: center;\"><span style=\"color: #000000;\"><strong>15 sierpnia 2021, godz. 15.00<br \/>\n<\/strong><strong>wbp.lublin.pl i Facebook WBP (otwarty dla wszystkich)<\/strong><\/span><\/p>\n<p style=\"text-align: justify;\"><span style=\"color: #000000;\">Spotkanie z <strong>o. dr. Markiem Kowalskim<\/strong>, paulinem z Mariupola, kt\u00f3ry go\u015bci\u0142 w Wojew\u00f3dzkiej Bibliotece Publicznej im. Hieronima \u0141opaci\u0144skiego w Lublinie na zaproszenie <strong>Tadeusza S\u0142aweckiego<\/strong>, Dyrektora Biblioteki.<\/span><\/p>\n<p style=\"text-align: justify;\"><span style=\"color: #000000;\">Rozmow\u0119 emitujemy w <strong>\u015awi\u0119to<\/strong> <b>Wojska Polskiego<\/b>\u00a0\u2013\u00a0\u015bwi\u0119to\u00a0<strong>Si\u0142 Zbrojnych Rzeczypospolitej Polskiej<\/strong>, obchodzone 15 sierpnia na pami\u0105tk\u0119 zwyci\u0119skiej Bitwy Warszawskiej w 1920 roku, stoczonej w czasie wojny polsko-bolszewickiej oraz w <strong>Uroczysto\u015b\u0107 Wniebowzi\u0119cia Naj\u015bwi\u0119tszej Maryi Panny.\u00a0<\/strong><\/span><\/p>\n<p>&nbsp;<\/p>\n<div id='gallery-1' class='gallery galleryid-30989 gallery-columns-1 gallery-size-medium'><figure class='gallery-item'>\n\t\t\t<div class='gallery-icon portrait'>\n\t\t\t\t<a href='https:\/\/wbp.lublin.pl\/index.php\/2021\/08\/13\/paulini-w-wojennym-mariupolu-spotkanie-online-z-o-dr-markiem-kowalskim-osppe-ordo-sancti-pauli-primi-eremitae\/herb_zakonu_swietego_pawla_pierwszego_pustelnika_paulinow\/'><img loading=\"lazy\" decoding=\"async\" width=\"482\" height=\"600\" src=\"https:\/\/wbp.lublin.pl\/wp-content\/uploads\/2021\/08\/Herb_Zakonu_Swietego_Pawla_Pierwszego_Pustelnika_Paulinow-png-avif-482x600.jpg\" class=\"attachment-medium size-medium not-transparent\" alt=\"Herb Zakonu \u015awi\u0119tego Paw\u0142a Pierwszego Pustelnika (Ojc\u00f3w Paulin\u00f3w)\" aria-describedby=\"gallery-1-30993\" srcset=\"https:\/\/wbp.lublin.pl\/wp-content\/uploads\/2021\/08\/Herb_Zakonu_Swietego_Pawla_Pierwszego_Pustelnika_Paulinow-png-avif-482x600.jpg 482w, https:\/\/wbp.lublin.pl\/wp-content\/uploads\/2021\/08\/Herb_Zakonu_Swietego_Pawla_Pierwszego_Pustelnika_Paulinow-png-avif-321x400.jpg 321w, https:\/\/wbp.lublin.pl\/wp-content\/uploads\/2021\/08\/Herb_Zakonu_Swietego_Pawla_Pierwszego_Pustelnika_Paulinow-png-avif-624x777.jpg 624w, https:\/\/wbp.lublin.pl\/wp-content\/uploads\/2021\/08\/Herb_Zakonu_Swietego_Pawla_Pierwszego_Pustelnika_Paulinow-png-avif.avif 634w\" sizes=\"auto, (max-width: 482px) 100vw, 482px\" data-has-transparency=\"false\" data-dominant-color=\"838c8b\" style=\"--dominant-color: #838c8b;\" \/><\/a>\n\t\t\t<\/div>\n\t\t\t\t<figcaption class='wp-caption-text gallery-caption' id='gallery-1-30993'>\n\t\t\t\tHerb Zakonu \u015awi\u0119tego Paw\u0142a Pierwszego Pustelnika (Ojc\u00f3w Paulin\u00f3w)\n\t\t\t\t<\/figcaption><\/figure>\n\t\t<\/div>\n\n<p style=\"text-align: justify;\"><span style=\"color: #000000;\">Polscy Ojcowie Paulini pos\u0142uguj\u0105 obecnie w 5 miejscach na Ukrainie. Jest to <strong>Satan\u00f3w<\/strong> \u2013 parafia Matki Bo\u017cej Jasnog\u00f3rskiej, Matki Ko\u015bcio\u0142a; pos\u0142uguj\u0105 tak\u017ce w starym podominika\u0144skim ko\u015bciele i klasztorze &#8211; parafii \u015bw. Miko\u0142aja w <strong>Kamie\u0144cu Podolskim<\/strong>. Kolejne miejsce to <strong>R\u00f3\u017cyn<\/strong>, miasteczko ko\u0142o Berdyczowa; w Berdyczowie znajduje si\u0119 Sanktuarium Matki Bo\u017cej Berdyczowskiej, ojcowie paulini pos\u0142uguj\u0105 nieopodal, w parafii Bo\u017cego Cia\u0142a w R\u00f3\u017cynie. W <strong>Mariupolu<\/strong>, w parafii pw. Matki Bo\u017cej Cz\u0119stochowskiej, pos\u0142uga jest bardzo trudna, poniewa\u017c za Mariupolem jest linia starcia, wojna, ojcowie pracuj\u0105cy tam pe\u0142ni\u0105 nadzwyczaj trudn\u0105 misj\u0119. W <strong>Browarach<\/strong> ko\u0142o Kijowa pos\u0142uguj\u0105 w parafii Matki Bo\u017cej Nieustaj\u0105cej Pomocy, gdzie \u2013 podobnie jak w Mariupolu &#8211; budowany jest ko\u015bci\u00f3\u0142.<\/span><\/p>\n<p style=\"text-align: justify;\"><span style=\"color: #000000;\">Realizacja nagrania &#8211; Studio WBP: <strong>Ewa Hadrian<\/strong>, <strong>Marek Janik<\/strong>, <strong>Dorota Mo\u015bcibrodzka<\/strong>, <strong>Piotr \u015alaski\u00a0<\/strong><\/span><\/p>\n<p>&nbsp;<\/p>\n<p>&nbsp;<\/p>\n","protected":false},"excerpt":{"rendered":"<p>15 sierpnia 2021, godz. 15.00<br \/>\nwbp.lublin.pl i Facebook WBP (otwarty dla wszystkich)<\/p>\n","protected":false},"author":7,"featured_media":30993,"comment_status":"closed","ping_status":"closed","sticky":false,"template":"","format":"standard","meta":{"_tec_requires_first_save":true,"_crdt_document":"","pgc_sgb_lightbox_settings":"","_EventAllDay":false,"_EventTimezone":"","_EventStartDate":"","_EventEndDate":"","_EventStartDateUTC":"","_EventEndDateUTC":"","_EventShowMap":false,"_EventShowMapLink":false,"_EventURL":"","_EventCost":"","_EventCostDescription":"","_EventCurrencySymbol":"","_EventCurrencyCode":"","_EventCurrencyPosition":"","_EventDateTimeSeparator":"","_EventTimeRangeSeparator":"","_EventOrganizerID":[],"_EventVenueID":[],"_OrganizerEmail":"","_OrganizerPhone":"","_OrganizerWebsite":"","_VenueAddress":"","_VenueCity":"","_VenueCountry":"","_VenueProvince":"","_VenueState":"","_VenueZip":"","_VenuePhone":"","_VenueURL":"","_VenueStateProvince":"","_VenueLat":"","_VenueLng":"","_VenueShowMap":false,"_VenueShowMapLink":false,"_tribe_blocks_recurrence_rules":"","_tribe_blocks_recurrence_description":"","_tribe_blocks_recurrence_exclusions":"","footnotes":""},"categories":[10,54],"tags":[],"class_list":["post-30989","post","type-post","status-publish","format-standard","has-post-thumbnail","hentry","category-aktualnosci","category-spotkania"],"publishpress_future_action":{"enabled":false,"date":"2026-05-06 15:55:03","action":"change-status","newStatus":"draft","terms":[],"taxonomy":"category","extraData":[]},"publishpress_future_workflow_manual_trigger":{"enabledWorkflows":[]},"_links":{"self":[{"href":"https:\/\/wbp.lublin.pl\/index.php\/wp-json\/wp\/v2\/posts\/30989","targetHints":{"allow":["GET"]}}],"collection":[{"href":"https:\/\/wbp.lublin.pl\/index.php\/wp-json\/wp\/v2\/posts"}],"about":[{"href":"https:\/\/wbp.lublin.pl\/index.php\/wp-json\/wp\/v2\/types\/post"}],"author":[{"embeddable":true,"href":"https:\/\/wbp.lublin.pl\/index.php\/wp-json\/wp\/v2\/users\/7"}],"replies":[{"embeddable":true,"href":"https:\/\/wbp.lublin.pl\/index.php\/wp-json\/wp\/v2\/comments?post=30989"}],"version-history":[{"count":9,"href":"https:\/\/wbp.lublin.pl\/index.php\/wp-json\/wp\/v2\/posts\/30989\/revisions"}],"predecessor-version":[{"id":30999,"href":"https:\/\/wbp.lublin.pl\/index.php\/wp-json\/wp\/v2\/posts\/30989\/revisions\/30999"}],"wp:featuredmedia":[{"embeddable":true,"href":"https:\/\/wbp.lublin.pl\/index.php\/wp-json\/wp\/v2\/media\/30993"}],"wp:attachment":[{"href":"https:\/\/wbp.lublin.pl\/index.php\/wp-json\/wp\/v2\/media?parent=30989"}],"wp:term":[{"taxonomy":"category","embeddable":true,"href":"https:\/\/wbp.lublin.pl\/index.php\/wp-json\/wp\/v2\/categories?post=30989"},{"taxonomy":"post_tag","embeddable":true,"href":"https:\/\/wbp.lublin.pl\/index.php\/wp-json\/wp\/v2\/tags?post=30989"}],"curies":[{"name":"wp","href":"https:\/\/api.w.org\/{rel}","templated":true}]}}