{"id":31095,"date":"2021-08-24T14:53:47","date_gmt":"2021-08-24T12:53:47","guid":{"rendered":"https:\/\/wbp.lublin.pl\/?p=31095"},"modified":"2021-08-25T19:02:38","modified_gmt":"2021-08-25T17:02:38","slug":"31095","status":"publish","type":"post","link":"https:\/\/wbp.lublin.pl\/index.php\/2021\/08\/24\/31095\/","title":{"rendered":"Spadkobiercy Hieronima \u0141opaci\u0144skiego w \u201ePoranku u Hieronima\u201d"},"content":{"rendered":"<p><!--more--><\/p>\n<div style=\"text-align: center;\"><span style=\"color: #000000;\"><strong>Spadkobiercy Hieronima \u0141opaci\u0144skiego w &#8222;Poranku u Hieronima&#8221;<\/strong><\/span><\/div>\n<div><\/div>\n<div style=\"text-align: center;\"><span style=\"color: #000000;\"><strong>Serdecznie zapraszamy\u00a0<\/strong><strong>na \u201ePoranek u Hieronima\u201d<br \/>\n<\/strong><strong>25 sierpnia 2021, godz. 12.00<br \/>\n<\/strong><strong>wbp.lublin.pl i Facebook WBP (otwarty dla wszystkich)\u00a0<\/strong><\/span><\/div>\n<div><\/div>\n<div><\/div>\n<div>\n<p style=\"text-align: justify;\"><span style=\"color: #000000;\"><strong>25 sierpnia 2021 roku przypada 115. rocznica \u015bmierci Hieronima \u0141opaci\u0144skiego (30 IX 1860 \u2013 25 VIII 1906)<\/strong>, Patrona\u00a0\u00a0<strong>Wojew\u00f3dzkiej<\/strong>\u00a0<strong>Biblioteki Publicznej im. Hieronima \u0141opaci\u0144skiego w Lublinie<\/strong>, kt\u00f3ry zmar\u0142 przedwcze\u015bnie w wyniku obra\u017ce\u0144 odniesionych w nieszcz\u0119\u015bliwym wypadku, kt\u00f3ry mia\u0142 miejsce 24 sierpnia 1906 roku.\u00a0Wybitny lublinianin, j\u0119zykoznawca, etnograf, historyk i\u00a0bibliofil, spoczywa na lubelskiej nekropolii przy ul. Lipowej.<\/span><\/p>\n<p style=\"text-align: justify;\"><span style=\"color: #000000;\">Bogaty i cenny ksi\u0119gozbi\u00f3r Hieronima \u0141opaci\u0144skiego \u2013 odkupiony od rodziny przez ukonstytuowane 27 marca 1907 roku Towarzystwo Biblioteki Publicznej im. Hieronima \u0141opaci\u0144skiego \u2013\u00a0 sta\u0142 si\u0119 podstaw\u0105 utworzenia 26 maja 1907 roku w Lublinie biblioteki publicznej. Biblioteka przyj\u0119\u0142a imi\u0119 Hieronima \u0141opaci\u0144skiego. <strong>W roku 2022 \u015bwi\u0119towa\u0107 b\u0119dziemy 115. rocznic\u0119 jej powstania.<\/strong><\/span><\/p>\n<div id=\"gallery-1\" class=\"gallery galleryid-31095 gallery-columns-3 gallery-size-medium\"><\/div>\n<div id='gallery-1' class='gallery galleryid-31095 gallery-columns-3 gallery-size-medium'><figure class='gallery-item'>\n\t\t\t<div class='gallery-icon portrait'>\n\t\t\t\t<a href='https:\/\/wbp.lublin.pl\/index.php\/2021\/08\/24\/31095\/6-145\/'><img loading=\"lazy\" decoding=\"async\" width=\"367\" height=\"550\" src=\"https:\/\/wbp.lublin.pl\/wp-content\/uploads\/2021\/08\/6-2.webp\" class=\"attachment-medium size-medium not-transparent\" alt=\"\" aria-describedby=\"gallery-1-31102\" srcset=\"https:\/\/wbp.lublin.pl\/wp-content\/uploads\/2021\/08\/6-2.webp 367w, https:\/\/wbp.lublin.pl\/wp-content\/uploads\/2021\/08\/6-2-267x400.webp 267w\" sizes=\"auto, (max-width: 367px) 100vw, 367px\" data-has-transparency=\"false\" data-dominant-color=\"4f5b49\" style=\"--dominant-color: #4f5b49;\" \/><\/a>\n\t\t\t<\/div>\n\t\t\t\t<figcaption class='wp-caption-text gallery-caption' id='gallery-1-31102'>\n\t\t\t\tHieronim \u0141opaci\u0144ski \n\t\t\t\t<\/figcaption><\/figure><figure class='gallery-item'>\n\t\t\t<div class='gallery-icon portrait'>\n\t\t\t\t<a href='https:\/\/wbp.lublin.pl\/index.php\/2021\/08\/24\/31095\/3-149\/'><img loading=\"lazy\" decoding=\"async\" width=\"424\" height=\"600\" src=\"https:\/\/wbp.lublin.pl\/wp-content\/uploads\/2021\/08\/3-2-424x600.webp\" class=\"attachment-medium size-medium not-transparent\" alt=\"Hieronim \u0141opaci\u0144ski\" aria-describedby=\"gallery-1-31100\" srcset=\"https:\/\/wbp.lublin.pl\/wp-content\/uploads\/2021\/08\/3-2-424x600.webp 424w, https:\/\/wbp.lublin.pl\/wp-content\/uploads\/2021\/08\/3-2-283x400.webp 283w, https:\/\/wbp.lublin.pl\/wp-content\/uploads\/2021\/08\/3-2-624x882.webp 624w, https:\/\/wbp.lublin.pl\/wp-content\/uploads\/2021\/08\/3-2.webp 764w\" sizes=\"auto, (max-width: 424px) 100vw, 424px\" data-has-transparency=\"false\" data-dominant-color=\"9e9e9e\" style=\"--dominant-color: #9e9e9e;\" \/><\/a>\n\t\t\t<\/div>\n\t\t\t\t<figcaption class='wp-caption-text gallery-caption' id='gallery-1-31100'>\n\t\t\t\tHieronim \u0141opaci\u0144ski w karykaturze\n\t\t\t\t<\/figcaption><\/figure><figure class='gallery-item'>\n\t\t\t<div class='gallery-icon portrait'>\n\t\t\t\t<a href='https:\/\/wbp.lublin.pl\/index.php\/2021\/08\/24\/31095\/8-148\/'><img loading=\"lazy\" decoding=\"async\" width=\"397\" height=\"600\" src=\"https:\/\/wbp.lublin.pl\/wp-content\/uploads\/2021\/08\/8-2-jpg-avif-397x600.jpg\" class=\"attachment-medium size-medium not-transparent\" alt=\"Hieronim \u0141opaci\u0144ski\" aria-describedby=\"gallery-1-31097\" srcset=\"https:\/\/wbp.lublin.pl\/wp-content\/uploads\/2021\/08\/8-2-jpg-avif-397x600.jpg 397w, https:\/\/wbp.lublin.pl\/wp-content\/uploads\/2021\/08\/8-2-jpg-avif-264x400.jpg 264w, https:\/\/wbp.lublin.pl\/wp-content\/uploads\/2021\/08\/8-2-jpg-avif-624x944.jpg 624w, https:\/\/wbp.lublin.pl\/wp-content\/uploads\/2021\/08\/8-2-jpg-avif.avif 714w\" sizes=\"auto, (max-width: 397px) 100vw, 397px\" data-has-transparency=\"false\" data-dominant-color=\"75643a\" style=\"--dominant-color: #75643a;\" \/><\/a>\n\t\t\t<\/div>\n\t\t\t\t<figcaption class='wp-caption-text gallery-caption' id='gallery-1-31097'>\n\t\t\t\tHieronim \u0141opaci\u0144ski\n\t\t\t\t<\/figcaption><\/figure>\n\t\t<\/div>\n\n<\/div>\n<p style=\"text-align: justify;\"><span style=\"color: #000000;\">O losach <strong>Biblioteki Publicznej im. Hieronima \u0141opaci\u0144skiego<\/strong> opowie dr <strong>Grzegorz Figiel<\/strong> &#8211; Wicedyrektor <strong>Wojew\u00f3dzkiej Biblioteki Publicznej im. Hieronima \u0141opaci\u0144skiego w Lublinie<\/strong>, na wystaw\u0119 <strong>&#8222;<\/strong><em><strong>\u2026jak dobrze by\u0107 po kartach przesz\u0142o\u015bci \u2013 w\u0119drowcem!<\/strong><\/em><strong> Wspomnienie o Hieronimie \u0141opaci\u0144skim&#8221;<\/strong> zaprosi <strong>Katarzyna Stanek<\/strong>, wsp\u00f3\u0142autorka ekspozycji, a tera\u017aniejszo\u015b\u0107 WBP scharakteryzuje oraz zdradzi plany na przysz\u0142o\u015b\u0107 <strong>Tadeusz S\u0142awecki<\/strong> &#8211; Dyrektor <strong>Wojew\u00f3dzkiej<\/strong> <strong>Biblioteki Publicznej im. Hieronima \u0141opaci\u0144skiego<\/strong>.<\/span><\/p>\n<p><span style=\"color: #000000;\">Rozmowy poprowadzi <strong>Ewa Hadrian<\/strong>.<\/span><\/p>\n","protected":false},"excerpt":{"rendered":"<p>25 sierpnia 2021, UWAGA! godz. 12.00<br \/>\nwbp.lublin.pl i Facebook WBP (otwarty dla wszystkich)<\/p>\n","protected":false},"author":7,"featured_media":31097,"comment_status":"closed","ping_status":"closed","sticky":false,"template":"","format":"standard","meta":{"_tec_requires_first_save":true,"_crdt_document":"","pgc_sgb_lightbox_settings":"","_EventAllDay":false,"_EventTimezone":"","_EventStartDate":"","_EventEndDate":"","_EventStartDateUTC":"","_EventEndDateUTC":"","_EventShowMap":false,"_EventShowMapLink":false,"_EventURL":"","_EventCost":"","_EventCostDescription":"","_EventCurrencySymbol":"","_EventCurrencyCode":"","_EventCurrencyPosition":"","_EventDateTimeSeparator":"","_EventTimeRangeSeparator":"","_EventOrganizerID":[],"_EventVenueID":[],"_OrganizerEmail":"","_OrganizerPhone":"","_OrganizerWebsite":"","_VenueAddress":"","_VenueCity":"","_VenueCountry":"","_VenueProvince":"","_VenueState":"","_VenueZip":"","_VenuePhone":"","_VenueURL":"","_VenueStateProvince":"","_VenueLat":"","_VenueLng":"","_VenueShowMap":false,"_VenueShowMapLink":false,"_tribe_blocks_recurrence_rules":"","_tribe_blocks_recurrence_description":"","_tribe_blocks_recurrence_exclusions":"","footnotes":""},"categories":[638,10],"tags":[],"class_list":["post-31095","post","type-post","status-publish","format-standard","has-post-thumbnail","hentry","category-poranek-u-hieronima","category-aktualnosci"],"publishpress_future_action":{"enabled":false,"date":"2026-05-06 15:55:06","action":"change-status","newStatus":"draft","terms":[],"taxonomy":"category","extraData":[]},"publishpress_future_workflow_manual_trigger":{"enabledWorkflows":[]},"_links":{"self":[{"href":"https:\/\/wbp.lublin.pl\/index.php\/wp-json\/wp\/v2\/posts\/31095","targetHints":{"allow":["GET"]}}],"collection":[{"href":"https:\/\/wbp.lublin.pl\/index.php\/wp-json\/wp\/v2\/posts"}],"about":[{"href":"https:\/\/wbp.lublin.pl\/index.php\/wp-json\/wp\/v2\/types\/post"}],"author":[{"embeddable":true,"href":"https:\/\/wbp.lublin.pl\/index.php\/wp-json\/wp\/v2\/users\/7"}],"replies":[{"embeddable":true,"href":"https:\/\/wbp.lublin.pl\/index.php\/wp-json\/wp\/v2\/comments?post=31095"}],"version-history":[{"count":16,"href":"https:\/\/wbp.lublin.pl\/index.php\/wp-json\/wp\/v2\/posts\/31095\/revisions"}],"predecessor-version":[{"id":79015,"href":"https:\/\/wbp.lublin.pl\/index.php\/wp-json\/wp\/v2\/posts\/31095\/revisions\/79015"}],"wp:featuredmedia":[{"embeddable":true,"href":"https:\/\/wbp.lublin.pl\/index.php\/wp-json\/wp\/v2\/media\/31097"}],"wp:attachment":[{"href":"https:\/\/wbp.lublin.pl\/index.php\/wp-json\/wp\/v2\/media?parent=31095"}],"wp:term":[{"taxonomy":"category","embeddable":true,"href":"https:\/\/wbp.lublin.pl\/index.php\/wp-json\/wp\/v2\/categories?post=31095"},{"taxonomy":"post_tag","embeddable":true,"href":"https:\/\/wbp.lublin.pl\/index.php\/wp-json\/wp\/v2\/tags?post=31095"}],"curies":[{"name":"wp","href":"https:\/\/api.w.org\/{rel}","templated":true}]}}