{"id":31483,"date":"2021-09-12T21:54:41","date_gmt":"2021-09-12T19:54:41","guid":{"rendered":"https:\/\/wbp.lublin.pl\/?p=31483"},"modified":"2021-09-28T09:38:27","modified_gmt":"2021-09-28T07:38:27","slug":"narodowe-czytanie-w-wbp-w-teleobiektywie-i-w-mediach","status":"publish","type":"post","link":"https:\/\/wbp.lublin.pl\/index.php\/2021\/09\/12\/narodowe-czytanie-w-wbp-w-teleobiektywie-i-w-mediach\/","title":{"rendered":"Narodowe Czytanie w WBP w teleobiektywie i w mediach"},"content":{"rendered":"<p><!--more--><\/p>\n<div id='gallery-1' class='gallery galleryid-31483 gallery-columns-1 gallery-size-medium'><figure class='gallery-item'>\n\t\t\t<div class='gallery-icon portrait'>\n\t\t\t\t<a href='https:\/\/wbp.lublin.pl\/index.php\/2021\/08\/19\/narodowe-czytanie-2021\/narodowe-czytanie-2021_1\/'><img loading=\"lazy\" decoding=\"async\" width=\"428\" height=\"600\" src=\"https:\/\/wbp.lublin.pl\/wp-content\/uploads\/2021\/08\/Narodowe-Czytanie-2021_1-jpg-avif-428x600.jpg\" class=\"attachment-medium size-medium not-transparent\" alt=\"Narodowe Czytanie 2021\" aria-describedby=\"gallery-1-31061\" srcset=\"https:\/\/wbp.lublin.pl\/wp-content\/uploads\/2021\/08\/Narodowe-Czytanie-2021_1-jpg-avif-428x600.jpg 428w, https:\/\/wbp.lublin.pl\/wp-content\/uploads\/2021\/08\/Narodowe-Czytanie-2021_1-jpg-avif-285x400.jpg 285w, https:\/\/wbp.lublin.pl\/wp-content\/uploads\/2021\/08\/Narodowe-Czytanie-2021_1-jpg-avif-768x1077.jpg 768w, https:\/\/wbp.lublin.pl\/wp-content\/uploads\/2021\/08\/Narodowe-Czytanie-2021_1-jpg-avif-624x875.jpg 624w, https:\/\/wbp.lublin.pl\/wp-content\/uploads\/2021\/08\/Narodowe-Czytanie-2021_1-jpg-avif.avif 770w\" sizes=\"auto, (max-width: 428px) 100vw, 428px\" data-has-transparency=\"false\" data-dominant-color=\"f5f2f1\" style=\"--dominant-color: #f5f2f1;\" \/><\/a>\n\t\t\t<\/div>\n\t\t\t\t<figcaption class='wp-caption-text gallery-caption' id='gallery-1-31061'>\n\t\t\t\tNarodowe Czytanie 2021\n\t\t\t\t<\/figcaption><\/figure><figure class='gallery-item'>\n\t\t\t<div class='gallery-icon portrait'>\n\t\t\t\t<a href='https:\/\/wbp.lublin.pl\/index.php\/2021\/08\/19\/narodowe-czytanie-2021\/narodowe-czytanie-2021_2\/'><img loading=\"lazy\" decoding=\"async\" width=\"428\" height=\"600\" src=\"https:\/\/wbp.lublin.pl\/wp-content\/uploads\/2021\/08\/Narodowe-Czytanie-2021_2-428x600.webp\" class=\"attachment-medium size-medium not-transparent\" alt=\"Narodowe Czytanie 2021\" aria-describedby=\"gallery-1-31062\" srcset=\"https:\/\/wbp.lublin.pl\/wp-content\/uploads\/2021\/08\/Narodowe-Czytanie-2021_2-428x600.webp 428w, https:\/\/wbp.lublin.pl\/wp-content\/uploads\/2021\/08\/Narodowe-Czytanie-2021_2-285x400.webp 285w, https:\/\/wbp.lublin.pl\/wp-content\/uploads\/2021\/08\/Narodowe-Czytanie-2021_2-768x1077.webp 768w, https:\/\/wbp.lublin.pl\/wp-content\/uploads\/2021\/08\/Narodowe-Czytanie-2021_2-624x875.webp 624w, https:\/\/wbp.lublin.pl\/wp-content\/uploads\/2021\/08\/Narodowe-Czytanie-2021_2.webp 770w\" sizes=\"auto, (max-width: 428px) 100vw, 428px\" data-has-transparency=\"false\" data-dominant-color=\"f0f0f0\" style=\"--dominant-color: #f0f0f0;\" \/><\/a>\n\t\t\t<\/div>\n\t\t\t\t<figcaption class='wp-caption-text gallery-caption' id='gallery-1-31062'>\n\t\t\t\tNarodowe Czytanie 2021\n\t\t\t\t<\/figcaption><\/figure>\n\t\t<\/div>\n\n<hr \/>\n<p style=\"text-align: center;\"><span style=\"color: #000000;\"><strong>Narodowe Czytanie 2021<\/strong><\/span><\/p>\n<div id='gallery-2' class='gallery galleryid-31483 gallery-columns-5 gallery-size-thumbnail'><figure class='gallery-item'>\n\t\t\t<div class='gallery-icon landscape'>\n\t\t\t\t<a href='https:\/\/wbp.lublin.pl\/index.php\/2021\/09\/12\/narodowe-czytanie-w-wbp-w-teleobiektywie-i-w-mediach\/img_4522\/'><img loading=\"lazy\" decoding=\"async\" width=\"400\" height=\"267\" src=\"https:\/\/wbp.lublin.pl\/wp-content\/uploads\/2021\/09\/IMG_4522-400x267.webp\" class=\"attachment-thumbnail size-thumbnail not-transparent\" alt=\"\" aria-describedby=\"gallery-2-31706\" srcset=\"https:\/\/wbp.lublin.pl\/wp-content\/uploads\/2021\/09\/IMG_4522-400x267.webp 400w, https:\/\/wbp.lublin.pl\/wp-content\/uploads\/2021\/09\/IMG_4522-600x400.webp 600w, https:\/\/wbp.lublin.pl\/wp-content\/uploads\/2021\/09\/IMG_4522-768x512.webp 768w, https:\/\/wbp.lublin.pl\/wp-content\/uploads\/2021\/09\/IMG_4522-1536x1024.webp 1536w, https:\/\/wbp.lublin.pl\/wp-content\/uploads\/2021\/09\/IMG_4522-947x631.webp 947w, https:\/\/wbp.lublin.pl\/wp-content\/uploads\/2021\/09\/IMG_4522-624x416.webp 624w, https:\/\/wbp.lublin.pl\/wp-content\/uploads\/2021\/09\/IMG_4522-84x56.webp 84w, https:\/\/wbp.lublin.pl\/wp-content\/uploads\/2021\/09\/IMG_4522.webp 1620w\" sizes=\"auto, (max-width: 400px) 100vw, 400px\" data-has-transparency=\"false\" data-dominant-color=\"40463f\" style=\"--dominant-color: #40463f;\" \/><\/a>\n\t\t\t<\/div>\n\t\t\t\t<figcaption class='wp-caption-text gallery-caption' id='gallery-2-31706'>\n\t\t\t\tGo\u015bcie spotkania\n\t\t\t\t<\/figcaption><\/figure><figure class='gallery-item'>\n\t\t\t<div class='gallery-icon portrait'>\n\t\t\t\t<a href='https:\/\/wbp.lublin.pl\/index.php\/2021\/09\/12\/narodowe-czytanie-w-wbp-w-teleobiektywie-i-w-mediach\/img_4481-3\/'><img loading=\"lazy\" decoding=\"async\" width=\"267\" height=\"400\" src=\"https:\/\/wbp.lublin.pl\/wp-content\/uploads\/2021\/09\/IMG_4481-2-rotated-267x400.webp\" class=\"attachment-thumbnail size-thumbnail not-transparent\" alt=\"\" aria-describedby=\"gallery-2-31698\" srcset=\"https:\/\/wbp.lublin.pl\/wp-content\/uploads\/2021\/09\/IMG_4481-2-rotated-267x400.webp 267w, https:\/\/wbp.lublin.pl\/wp-content\/uploads\/2021\/09\/IMG_4481-2-rotated-400x600.webp 400w, https:\/\/wbp.lublin.pl\/wp-content\/uploads\/2021\/09\/IMG_4481-2-rotated-624x936.webp 624w, https:\/\/wbp.lublin.pl\/wp-content\/uploads\/2021\/09\/IMG_4481-2-rotated.webp 720w\" sizes=\"auto, (max-width: 267px) 100vw, 267px\" data-has-transparency=\"false\" data-dominant-color=\"594241\" style=\"--dominant-color: #594241;\" \/><\/a>\n\t\t\t<\/div>\n\t\t\t\t<figcaption class='wp-caption-text gallery-caption' id='gallery-2-31698'>\n\t\t\t\tSpotkanie prowadzi\u0142a Ewa Hadrian\n\t\t\t\t<\/figcaption><\/figure><figure class='gallery-item'>\n\t\t\t<div class='gallery-icon landscape'>\n\t\t\t\t<a href='https:\/\/wbp.lublin.pl\/index.php\/2021\/09\/12\/narodowe-czytanie-w-wbp-w-teleobiektywie-i-w-mediach\/img_4499-2\/'><img loading=\"lazy\" decoding=\"async\" width=\"400\" height=\"267\" src=\"https:\/\/wbp.lublin.pl\/wp-content\/uploads\/2021\/09\/IMG_4499-1-400x267.webp\" class=\"attachment-thumbnail size-thumbnail not-transparent\" alt=\"\" aria-describedby=\"gallery-2-31703\" srcset=\"https:\/\/wbp.lublin.pl\/wp-content\/uploads\/2021\/09\/IMG_4499-1-400x267.webp 400w, https:\/\/wbp.lublin.pl\/wp-content\/uploads\/2021\/09\/IMG_4499-1-600x400.webp 600w, https:\/\/wbp.lublin.pl\/wp-content\/uploads\/2021\/09\/IMG_4499-1-768x512.webp 768w, https:\/\/wbp.lublin.pl\/wp-content\/uploads\/2021\/09\/IMG_4499-1-1536x1024.webp 1536w, https:\/\/wbp.lublin.pl\/wp-content\/uploads\/2021\/09\/IMG_4499-1-947x631.webp 947w, https:\/\/wbp.lublin.pl\/wp-content\/uploads\/2021\/09\/IMG_4499-1-624x416.webp 624w, https:\/\/wbp.lublin.pl\/wp-content\/uploads\/2021\/09\/IMG_4499-1-84x56.webp 84w, https:\/\/wbp.lublin.pl\/wp-content\/uploads\/2021\/09\/IMG_4499-1.webp 1620w\" sizes=\"auto, (max-width: 400px) 100vw, 400px\" data-has-transparency=\"false\" data-dominant-color=\"3a3937\" style=\"--dominant-color: #3a3937;\" \/><\/a>\n\t\t\t<\/div>\n\t\t\t\t<figcaption class='wp-caption-text gallery-caption' id='gallery-2-31703'>\n\t\t\t\tPowitanie &#8211; Tadeusz S\u0142awecki \u2013 Dyrektor Wojew\u00f3dzkiej Bibliotece Publicznej im. H. \u0141opaci\u0144skiego w Lublinie\n\t\t\t\t<\/figcaption><\/figure><figure class='gallery-item'>\n\t\t\t<div class='gallery-icon landscape'>\n\t\t\t\t<a href='https:\/\/wbp.lublin.pl\/index.php\/2021\/09\/12\/narodowe-czytanie-w-wbp-w-teleobiektywie-i-w-mediach\/img_4513\/'><img loading=\"lazy\" decoding=\"async\" width=\"400\" height=\"267\" src=\"https:\/\/wbp.lublin.pl\/wp-content\/uploads\/2021\/09\/IMG_4513-400x267.webp\" class=\"attachment-thumbnail size-thumbnail not-transparent\" alt=\"\" aria-describedby=\"gallery-2-31704\" srcset=\"https:\/\/wbp.lublin.pl\/wp-content\/uploads\/2021\/09\/IMG_4513-400x267.webp 400w, https:\/\/wbp.lublin.pl\/wp-content\/uploads\/2021\/09\/IMG_4513-600x400.webp 600w, https:\/\/wbp.lublin.pl\/wp-content\/uploads\/2021\/09\/IMG_4513-768x512.webp 768w, https:\/\/wbp.lublin.pl\/wp-content\/uploads\/2021\/09\/IMG_4513-1536x1024.webp 1536w, https:\/\/wbp.lublin.pl\/wp-content\/uploads\/2021\/09\/IMG_4513-947x631.webp 947w, https:\/\/wbp.lublin.pl\/wp-content\/uploads\/2021\/09\/IMG_4513-624x416.webp 624w, https:\/\/wbp.lublin.pl\/wp-content\/uploads\/2021\/09\/IMG_4513-84x56.webp 84w, https:\/\/wbp.lublin.pl\/wp-content\/uploads\/2021\/09\/IMG_4513.webp 1620w\" sizes=\"auto, (max-width: 400px) 100vw, 400px\" data-has-transparency=\"false\" data-dominant-color=\"696465\" style=\"--dominant-color: #696465;\" \/><\/a>\n\t\t\t<\/div>\n\t\t\t\t<figcaption class='wp-caption-text gallery-caption' id='gallery-2-31704'>\n\t\t\t\tTadeusz S\u0142awecki \n\t\t\t\t<\/figcaption><\/figure><figure class='gallery-item'>\n\t\t\t<div class='gallery-icon landscape'>\n\t\t\t\t<a href='https:\/\/wbp.lublin.pl\/index.php\/2021\/09\/12\/narodowe-czytanie-w-wbp-w-teleobiektywie-i-w-mediach\/img_4518\/'><img loading=\"lazy\" decoding=\"async\" width=\"400\" height=\"296\" src=\"https:\/\/wbp.lublin.pl\/wp-content\/uploads\/2021\/09\/IMG_4518-400x296.webp\" class=\"attachment-thumbnail size-thumbnail not-transparent\" alt=\"\" aria-describedby=\"gallery-2-31705\" srcset=\"https:\/\/wbp.lublin.pl\/wp-content\/uploads\/2021\/09\/IMG_4518-400x296.webp 400w, https:\/\/wbp.lublin.pl\/wp-content\/uploads\/2021\/09\/IMG_4518-600x444.webp 600w, https:\/\/wbp.lublin.pl\/wp-content\/uploads\/2021\/09\/IMG_4518-768x569.webp 768w, https:\/\/wbp.lublin.pl\/wp-content\/uploads\/2021\/09\/IMG_4518-947x701.webp 947w, https:\/\/wbp.lublin.pl\/wp-content\/uploads\/2021\/09\/IMG_4518-624x462.webp 624w, https:\/\/wbp.lublin.pl\/wp-content\/uploads\/2021\/09\/IMG_4518.webp 1448w\" sizes=\"auto, (max-width: 400px) 100vw, 400px\" data-has-transparency=\"false\" data-dominant-color=\"605e5d\" style=\"--dominant-color: #605e5d;\" \/><\/a>\n\t\t\t<\/div>\n\t\t\t\t<figcaption class='wp-caption-text gallery-caption' id='gallery-2-31705'>\n\t\t\t\tTadeusz S\u0142awecki \n\t\t\t\t<\/figcaption><\/figure><figure class='gallery-item'>\n\t\t\t<div class='gallery-icon landscape'>\n\t\t\t\t<a href='https:\/\/wbp.lublin.pl\/index.php\/2021\/09\/12\/narodowe-czytanie-w-wbp-w-teleobiektywie-i-w-mediach\/img_4494-3\/'><img loading=\"lazy\" decoding=\"async\" width=\"400\" height=\"267\" src=\"https:\/\/wbp.lublin.pl\/wp-content\/uploads\/2021\/09\/IMG_4494-2-400x267.webp\" class=\"attachment-thumbnail size-thumbnail not-transparent\" alt=\"\" aria-describedby=\"gallery-2-31702\" srcset=\"https:\/\/wbp.lublin.pl\/wp-content\/uploads\/2021\/09\/IMG_4494-2-400x267.webp 400w, https:\/\/wbp.lublin.pl\/wp-content\/uploads\/2021\/09\/IMG_4494-2-600x400.webp 600w, https:\/\/wbp.lublin.pl\/wp-content\/uploads\/2021\/09\/IMG_4494-2-768x512.webp 768w, https:\/\/wbp.lublin.pl\/wp-content\/uploads\/2021\/09\/IMG_4494-2-1536x1024.webp 1536w, https:\/\/wbp.lublin.pl\/wp-content\/uploads\/2021\/09\/IMG_4494-2-947x631.webp 947w, https:\/\/wbp.lublin.pl\/wp-content\/uploads\/2021\/09\/IMG_4494-2-624x416.webp 624w, https:\/\/wbp.lublin.pl\/wp-content\/uploads\/2021\/09\/IMG_4494-2-84x56.webp 84w, https:\/\/wbp.lublin.pl\/wp-content\/uploads\/2021\/09\/IMG_4494-2.webp 1620w\" sizes=\"auto, (max-width: 400px) 100vw, 400px\" data-has-transparency=\"false\" data-dominant-color=\"504c4b\" style=\"--dominant-color: #504c4b;\" \/><\/a>\n\t\t\t<\/div>\n\t\t\t\t<figcaption class='wp-caption-text gallery-caption' id='gallery-2-31702'>\n\t\t\t\tTadeusz S\u0142awecki \n\t\t\t\t<\/figcaption><\/figure><figure class='gallery-item'>\n\t\t\t<div class='gallery-icon landscape'>\n\t\t\t\t<a href='https:\/\/wbp.lublin.pl\/index.php\/2021\/09\/12\/narodowe-czytanie-w-wbp-w-teleobiektywie-i-w-mediach\/img_4488\/'><img loading=\"lazy\" decoding=\"async\" width=\"400\" height=\"267\" src=\"https:\/\/wbp.lublin.pl\/wp-content\/uploads\/2021\/09\/IMG_4488-400x267.webp\" class=\"attachment-thumbnail size-thumbnail not-transparent\" alt=\"\" aria-describedby=\"gallery-2-31700\" srcset=\"https:\/\/wbp.lublin.pl\/wp-content\/uploads\/2021\/09\/IMG_4488-400x267.webp 400w, https:\/\/wbp.lublin.pl\/wp-content\/uploads\/2021\/09\/IMG_4488-600x400.webp 600w, https:\/\/wbp.lublin.pl\/wp-content\/uploads\/2021\/09\/IMG_4488-768x512.webp 768w, https:\/\/wbp.lublin.pl\/wp-content\/uploads\/2021\/09\/IMG_4488-1536x1024.webp 1536w, https:\/\/wbp.lublin.pl\/wp-content\/uploads\/2021\/09\/IMG_4488-947x631.webp 947w, https:\/\/wbp.lublin.pl\/wp-content\/uploads\/2021\/09\/IMG_4488-624x416.webp 624w, https:\/\/wbp.lublin.pl\/wp-content\/uploads\/2021\/09\/IMG_4488-84x56.webp 84w, https:\/\/wbp.lublin.pl\/wp-content\/uploads\/2021\/09\/IMG_4488.webp 1620w\" sizes=\"auto, (max-width: 400px) 100vw, 400px\" data-has-transparency=\"false\" data-dominant-color=\"706b6b\" style=\"--dominant-color: #706b6b;\" \/><\/a>\n\t\t\t<\/div>\n\t\t\t\t<figcaption class='wp-caption-text gallery-caption' id='gallery-2-31700'>\n\t\t\t\t Ewa Hadrian\n\t\t\t\t<\/figcaption><\/figure><figure class='gallery-item'>\n\t\t\t<div class='gallery-icon landscape'>\n\t\t\t\t<a href='https:\/\/wbp.lublin.pl\/index.php\/2021\/09\/12\/narodowe-czytanie-w-wbp-w-teleobiektywie-i-w-mediach\/img_4490-2\/'><img loading=\"lazy\" decoding=\"async\" width=\"400\" height=\"267\" src=\"https:\/\/wbp.lublin.pl\/wp-content\/uploads\/2021\/09\/IMG_4490-1-400x267.webp\" class=\"attachment-thumbnail size-thumbnail not-transparent\" alt=\"\" aria-describedby=\"gallery-2-31701\" srcset=\"https:\/\/wbp.lublin.pl\/wp-content\/uploads\/2021\/09\/IMG_4490-1-400x267.webp 400w, https:\/\/wbp.lublin.pl\/wp-content\/uploads\/2021\/09\/IMG_4490-1-600x400.webp 600w, https:\/\/wbp.lublin.pl\/wp-content\/uploads\/2021\/09\/IMG_4490-1-768x512.webp 768w, https:\/\/wbp.lublin.pl\/wp-content\/uploads\/2021\/09\/IMG_4490-1-1536x1024.webp 1536w, https:\/\/wbp.lublin.pl\/wp-content\/uploads\/2021\/09\/IMG_4490-1-947x631.webp 947w, https:\/\/wbp.lublin.pl\/wp-content\/uploads\/2021\/09\/IMG_4490-1-624x416.webp 624w, https:\/\/wbp.lublin.pl\/wp-content\/uploads\/2021\/09\/IMG_4490-1-84x56.webp 84w, https:\/\/wbp.lublin.pl\/wp-content\/uploads\/2021\/09\/IMG_4490-1.webp 1620w\" sizes=\"auto, (max-width: 400px) 100vw, 400px\" data-has-transparency=\"false\" data-dominant-color=\"606360\" style=\"--dominant-color: #606360;\" \/><\/a>\n\t\t\t<\/div>\n\t\t\t\t<figcaption class='wp-caption-text gallery-caption' id='gallery-2-31701'>\n\t\t\t\tGo\u015bcie spotkania\n\t\t\t\t<\/figcaption><\/figure><figure class='gallery-item'>\n\t\t\t<div class='gallery-icon landscape'>\n\t\t\t\t<a href='https:\/\/wbp.lublin.pl\/index.php\/2021\/09\/12\/narodowe-czytanie-w-wbp-w-teleobiektywie-i-w-mediach\/img_4594\/'><img loading=\"lazy\" decoding=\"async\" width=\"400\" height=\"267\" src=\"https:\/\/wbp.lublin.pl\/wp-content\/uploads\/2021\/09\/IMG_4594-400x267.webp\" class=\"attachment-thumbnail size-thumbnail not-transparent\" alt=\"\" aria-describedby=\"gallery-2-31711\" srcset=\"https:\/\/wbp.lublin.pl\/wp-content\/uploads\/2021\/09\/IMG_4594-400x267.webp 400w, https:\/\/wbp.lublin.pl\/wp-content\/uploads\/2021\/09\/IMG_4594-600x400.webp 600w, https:\/\/wbp.lublin.pl\/wp-content\/uploads\/2021\/09\/IMG_4594-768x512.webp 768w, https:\/\/wbp.lublin.pl\/wp-content\/uploads\/2021\/09\/IMG_4594-1536x1024.webp 1536w, https:\/\/wbp.lublin.pl\/wp-content\/uploads\/2021\/09\/IMG_4594-947x631.webp 947w, https:\/\/wbp.lublin.pl\/wp-content\/uploads\/2021\/09\/IMG_4594-624x416.webp 624w, https:\/\/wbp.lublin.pl\/wp-content\/uploads\/2021\/09\/IMG_4594-84x56.webp 84w, https:\/\/wbp.lublin.pl\/wp-content\/uploads\/2021\/09\/IMG_4594.webp 1620w\" sizes=\"auto, (max-width: 400px) 100vw, 400px\" data-has-transparency=\"false\" data-dominant-color=\"5d605c\" style=\"--dominant-color: #5d605c;\" \/><\/a>\n\t\t\t<\/div>\n\t\t\t\t<figcaption class='wp-caption-text gallery-caption' id='gallery-2-31711'>\n\t\t\t\tWywiad dla Panoramy Lubelskiej TVP Lublin\n\t\t\t\t<\/figcaption><\/figure><figure class='gallery-item'>\n\t\t\t<div class='gallery-icon landscape'>\n\t\t\t\t<a href='https:\/\/wbp.lublin.pl\/index.php\/2021\/09\/12\/narodowe-czytanie-w-wbp-w-teleobiektywie-i-w-mediach\/img_4595-4\/'><img loading=\"lazy\" decoding=\"async\" width=\"400\" height=\"267\" src=\"https:\/\/wbp.lublin.pl\/wp-content\/uploads\/2021\/09\/IMG_4595-3-400x267.webp\" class=\"attachment-thumbnail size-thumbnail not-transparent\" alt=\"\" aria-describedby=\"gallery-2-31712\" srcset=\"https:\/\/wbp.lublin.pl\/wp-content\/uploads\/2021\/09\/IMG_4595-3-400x267.webp 400w, https:\/\/wbp.lublin.pl\/wp-content\/uploads\/2021\/09\/IMG_4595-3-600x400.webp 600w, https:\/\/wbp.lublin.pl\/wp-content\/uploads\/2021\/09\/IMG_4595-3-768x512.webp 768w, https:\/\/wbp.lublin.pl\/wp-content\/uploads\/2021\/09\/IMG_4595-3-1536x1024.webp 1536w, https:\/\/wbp.lublin.pl\/wp-content\/uploads\/2021\/09\/IMG_4595-3-947x631.webp 947w, https:\/\/wbp.lublin.pl\/wp-content\/uploads\/2021\/09\/IMG_4595-3-624x416.webp 624w, https:\/\/wbp.lublin.pl\/wp-content\/uploads\/2021\/09\/IMG_4595-3-84x56.webp 84w, https:\/\/wbp.lublin.pl\/wp-content\/uploads\/2021\/09\/IMG_4595-3.webp 1620w\" sizes=\"auto, (max-width: 400px) 100vw, 400px\" data-has-transparency=\"false\" data-dominant-color=\"555755\" style=\"--dominant-color: #555755;\" \/><\/a>\n\t\t\t<\/div>\n\t\t\t\t<figcaption class='wp-caption-text gallery-caption' id='gallery-2-31712'>\n\t\t\t\tWywiad dla Panoramy Lubelskiej TVP Lublin\n\t\t\t\t<\/figcaption><\/figure>\n\t\t<\/div>\n\n<p><span style=\"color: #000000;\"><strong>Zaproszenie do czytania przyj\u0119li:<\/strong><\/span><\/p>\n<div id='gallery-3' class='gallery galleryid-31483 gallery-columns-4 gallery-size-medium'><figure class='gallery-item'>\n\t\t\t<div class='gallery-icon landscape'>\n\t\t\t\t<a href='https:\/\/wbp.lublin.pl\/index.php\/2021\/09\/12\/narodowe-czytanie-w-wbp-w-teleobiektywie-i-w-mediach\/img_4530\/'><img loading=\"lazy\" decoding=\"async\" width=\"600\" height=\"400\" src=\"https:\/\/wbp.lublin.pl\/wp-content\/uploads\/2021\/09\/IMG_4530-600x400.webp\" class=\"attachment-medium size-medium not-transparent\" alt=\"\" aria-describedby=\"gallery-3-31521\" srcset=\"https:\/\/wbp.lublin.pl\/wp-content\/uploads\/2021\/09\/IMG_4530-600x400.webp 600w, https:\/\/wbp.lublin.pl\/wp-content\/uploads\/2021\/09\/IMG_4530-400x267.webp 400w, https:\/\/wbp.lublin.pl\/wp-content\/uploads\/2021\/09\/IMG_4530-768x512.webp 768w, https:\/\/wbp.lublin.pl\/wp-content\/uploads\/2021\/09\/IMG_4530-1536x1024.webp 1536w, https:\/\/wbp.lublin.pl\/wp-content\/uploads\/2021\/09\/IMG_4530-947x631.webp 947w, https:\/\/wbp.lublin.pl\/wp-content\/uploads\/2021\/09\/IMG_4530-624x416.webp 624w, https:\/\/wbp.lublin.pl\/wp-content\/uploads\/2021\/09\/IMG_4530-84x56.webp 84w, https:\/\/wbp.lublin.pl\/wp-content\/uploads\/2021\/09\/IMG_4530.webp 1620w\" sizes=\"auto, (max-width: 600px) 100vw, 600px\" data-has-transparency=\"false\" data-dominant-color=\"43413e\" style=\"--dominant-color: #43413e;\" \/><\/a>\n\t\t\t<\/div>\n\t\t\t\t<figcaption class='wp-caption-text gallery-caption' id='gallery-3-31521'>\n\t\t\t\tBo\u017cena \u0106wiek &#8211; Dyrektor Departamentu Kultury, Edukacji i Dziedzictwa Narodowego Urz\u0119du Marsza\u0142kowskiego w Lublinie\n\t\t\t\t<\/figcaption><\/figure><figure class='gallery-item'>\n\t\t\t<div class='gallery-icon landscape'>\n\t\t\t\t<a href='https:\/\/wbp.lublin.pl\/index.php\/2021\/09\/12\/narodowe-czytanie-w-wbp-w-teleobiektywie-i-w-mediach\/img_4558\/'><img loading=\"lazy\" decoding=\"async\" width=\"600\" height=\"400\" src=\"https:\/\/wbp.lublin.pl\/wp-content\/uploads\/2021\/09\/IMG_4558-600x400.webp\" class=\"attachment-medium size-medium not-transparent\" alt=\"\" aria-describedby=\"gallery-3-31524\" srcset=\"https:\/\/wbp.lublin.pl\/wp-content\/uploads\/2021\/09\/IMG_4558-600x400.webp 600w, https:\/\/wbp.lublin.pl\/wp-content\/uploads\/2021\/09\/IMG_4558-400x267.webp 400w, https:\/\/wbp.lublin.pl\/wp-content\/uploads\/2021\/09\/IMG_4558-768x512.webp 768w, https:\/\/wbp.lublin.pl\/wp-content\/uploads\/2021\/09\/IMG_4558-1536x1024.webp 1536w, https:\/\/wbp.lublin.pl\/wp-content\/uploads\/2021\/09\/IMG_4558-947x631.webp 947w, https:\/\/wbp.lublin.pl\/wp-content\/uploads\/2021\/09\/IMG_4558-624x416.webp 624w, https:\/\/wbp.lublin.pl\/wp-content\/uploads\/2021\/09\/IMG_4558-84x56.webp 84w, https:\/\/wbp.lublin.pl\/wp-content\/uploads\/2021\/09\/IMG_4558.webp 1620w\" sizes=\"auto, (max-width: 600px) 100vw, 600px\" data-has-transparency=\"false\" data-dominant-color=\"6c6a6c\" style=\"--dominant-color: #6c6a6c;\" \/><\/a>\n\t\t\t<\/div>\n\t\t\t\t<figcaption class='wp-caption-text gallery-caption' id='gallery-3-31524'>\n\t\t\t\tBo\u017cena \u0106wiek \n\t\t\t\t<\/figcaption><\/figure><figure class='gallery-item'>\n\t\t\t<div class='gallery-icon landscape'>\n\t\t\t\t<a href='https:\/\/wbp.lublin.pl\/index.php\/2021\/09\/12\/narodowe-czytanie-w-wbp-w-teleobiektywie-i-w-mediach\/img_4549\/'><img loading=\"lazy\" decoding=\"async\" width=\"600\" height=\"400\" src=\"https:\/\/wbp.lublin.pl\/wp-content\/uploads\/2021\/09\/IMG_4549-600x400.webp\" class=\"attachment-medium size-medium not-transparent\" alt=\"\" aria-describedby=\"gallery-3-31523\" srcset=\"https:\/\/wbp.lublin.pl\/wp-content\/uploads\/2021\/09\/IMG_4549-600x400.webp 600w, https:\/\/wbp.lublin.pl\/wp-content\/uploads\/2021\/09\/IMG_4549-400x267.webp 400w, https:\/\/wbp.lublin.pl\/wp-content\/uploads\/2021\/09\/IMG_4549-768x512.webp 768w, https:\/\/wbp.lublin.pl\/wp-content\/uploads\/2021\/09\/IMG_4549-1536x1024.webp 1536w, https:\/\/wbp.lublin.pl\/wp-content\/uploads\/2021\/09\/IMG_4549-947x631.webp 947w, https:\/\/wbp.lublin.pl\/wp-content\/uploads\/2021\/09\/IMG_4549-624x416.webp 624w, https:\/\/wbp.lublin.pl\/wp-content\/uploads\/2021\/09\/IMG_4549-84x56.webp 84w, https:\/\/wbp.lublin.pl\/wp-content\/uploads\/2021\/09\/IMG_4549.webp 1620w\" sizes=\"auto, (max-width: 600px) 100vw, 600px\" data-has-transparency=\"false\" data-dominant-color=\"656466\" style=\"--dominant-color: #656466;\" \/><\/a>\n\t\t\t<\/div>\n\t\t\t\t<figcaption class='wp-caption-text gallery-caption' id='gallery-3-31523'>\n\t\t\t\tBo\u017cena \u0106wiek \n\t\t\t\t<\/figcaption><\/figure><figure class='gallery-item'>\n\t\t\t<div class='gallery-icon landscape'>\n\t\t\t\t<a href='https:\/\/wbp.lublin.pl\/index.php\/2021\/09\/12\/narodowe-czytanie-w-wbp-w-teleobiektywie-i-w-mediach\/img_4534\/'><img loading=\"lazy\" decoding=\"async\" width=\"600\" height=\"400\" src=\"https:\/\/wbp.lublin.pl\/wp-content\/uploads\/2021\/09\/IMG_4534-600x400.webp\" class=\"attachment-medium size-medium not-transparent\" alt=\"\" aria-describedby=\"gallery-3-31522\" srcset=\"https:\/\/wbp.lublin.pl\/wp-content\/uploads\/2021\/09\/IMG_4534-600x400.webp 600w, https:\/\/wbp.lublin.pl\/wp-content\/uploads\/2021\/09\/IMG_4534-400x267.webp 400w, https:\/\/wbp.lublin.pl\/wp-content\/uploads\/2021\/09\/IMG_4534-768x512.webp 768w, https:\/\/wbp.lublin.pl\/wp-content\/uploads\/2021\/09\/IMG_4534-1536x1024.webp 1536w, https:\/\/wbp.lublin.pl\/wp-content\/uploads\/2021\/09\/IMG_4534-947x631.webp 947w, https:\/\/wbp.lublin.pl\/wp-content\/uploads\/2021\/09\/IMG_4534-624x416.webp 624w, https:\/\/wbp.lublin.pl\/wp-content\/uploads\/2021\/09\/IMG_4534-84x56.webp 84w, https:\/\/wbp.lublin.pl\/wp-content\/uploads\/2021\/09\/IMG_4534.webp 1620w\" sizes=\"auto, (max-width: 600px) 100vw, 600px\" data-has-transparency=\"false\" data-dominant-color=\"4b4949\" style=\"--dominant-color: #4b4949;\" \/><\/a>\n\t\t\t<\/div>\n\t\t\t\t<figcaption class='wp-caption-text gallery-caption' id='gallery-3-31522'>\n\t\t\t\tBo\u017cena \u0106wiek \n\t\t\t\t<\/figcaption><\/figure>\n\t\t<\/div>\n\n<div id='gallery-4' class='gallery galleryid-31483 gallery-columns-4 gallery-size-medium'><figure class='gallery-item'>\n\t\t\t<div class='gallery-icon portrait'>\n\t\t\t\t<a href='https:\/\/wbp.lublin.pl\/index.php\/2021\/09\/12\/narodowe-czytanie-w-wbp-w-teleobiektywie-i-w-mediach\/img_4713\/'><img loading=\"lazy\" decoding=\"async\" width=\"400\" height=\"600\" src=\"https:\/\/wbp.lublin.pl\/wp-content\/uploads\/2021\/09\/IMG_4713-rotated-400x600.webp\" class=\"attachment-medium size-medium not-transparent\" alt=\"\" aria-describedby=\"gallery-4-31668\" srcset=\"https:\/\/wbp.lublin.pl\/wp-content\/uploads\/2021\/09\/IMG_4713-rotated-400x600.webp 400w, https:\/\/wbp.lublin.pl\/wp-content\/uploads\/2021\/09\/IMG_4713-rotated-267x400.webp 267w, https:\/\/wbp.lublin.pl\/wp-content\/uploads\/2021\/09\/IMG_4713-rotated-624x936.webp 624w, https:\/\/wbp.lublin.pl\/wp-content\/uploads\/2021\/09\/IMG_4713-rotated.webp 720w\" sizes=\"auto, (max-width: 400px) 100vw, 400px\" data-has-transparency=\"false\" data-dominant-color=\"593f3a\" style=\"--dominant-color: #593f3a;\" \/><\/a>\n\t\t\t<\/div>\n\t\t\t\t<figcaption class='wp-caption-text gallery-caption' id='gallery-4-31668'>\n\t\t\t\thm. Stanis\u0142aw Jan D\u0105browski \u2013 samorz\u0105dowiec, historyk lubelskiego harcerstwa, aktor, redaktor\n\t\t\t\t<\/figcaption><\/figure><figure class='gallery-item'>\n\t\t\t<div class='gallery-icon landscape'>\n\t\t\t\t<a href='https:\/\/wbp.lublin.pl\/index.php\/2021\/09\/12\/narodowe-czytanie-w-wbp-w-teleobiektywie-i-w-mediach\/img_4721\/'><img loading=\"lazy\" decoding=\"async\" width=\"600\" height=\"400\" src=\"https:\/\/wbp.lublin.pl\/wp-content\/uploads\/2021\/09\/IMG_4721-600x400.webp\" class=\"attachment-medium size-medium not-transparent\" alt=\"\" aria-describedby=\"gallery-4-31535\" srcset=\"https:\/\/wbp.lublin.pl\/wp-content\/uploads\/2021\/09\/IMG_4721-600x400.webp 600w, https:\/\/wbp.lublin.pl\/wp-content\/uploads\/2021\/09\/IMG_4721-400x267.webp 400w, https:\/\/wbp.lublin.pl\/wp-content\/uploads\/2021\/09\/IMG_4721-768x512.webp 768w, https:\/\/wbp.lublin.pl\/wp-content\/uploads\/2021\/09\/IMG_4721-1536x1024.webp 1536w, https:\/\/wbp.lublin.pl\/wp-content\/uploads\/2021\/09\/IMG_4721-947x631.webp 947w, https:\/\/wbp.lublin.pl\/wp-content\/uploads\/2021\/09\/IMG_4721-624x416.webp 624w, https:\/\/wbp.lublin.pl\/wp-content\/uploads\/2021\/09\/IMG_4721-84x56.webp 84w, https:\/\/wbp.lublin.pl\/wp-content\/uploads\/2021\/09\/IMG_4721.webp 1620w\" sizes=\"auto, (max-width: 600px) 100vw, 600px\" data-has-transparency=\"false\" data-dominant-color=\"49433d\" style=\"--dominant-color: #49433d;\" \/><\/a>\n\t\t\t<\/div>\n\t\t\t\t<figcaption class='wp-caption-text gallery-caption' id='gallery-4-31535'>\n\t\t\t\t hm. Stanis\u0142aw Jan D\u0105browski \u2013 samorz\u0105dowiec, historyk lubelskiego harcerstwa, aktor, redaktor\n\t\t\t\t<\/figcaption><\/figure><figure class='gallery-item'>\n\t\t\t<div class='gallery-icon landscape'>\n\t\t\t\t<a href='https:\/\/wbp.lublin.pl\/index.php\/2021\/09\/12\/narodowe-czytanie-w-wbp-w-teleobiektywie-i-w-mediach\/img_4710\/'><img loading=\"lazy\" decoding=\"async\" width=\"600\" height=\"400\" src=\"https:\/\/wbp.lublin.pl\/wp-content\/uploads\/2021\/09\/IMG_4710-600x400.webp\" class=\"attachment-medium size-medium not-transparent\" alt=\"\" aria-describedby=\"gallery-4-31534\" srcset=\"https:\/\/wbp.lublin.pl\/wp-content\/uploads\/2021\/09\/IMG_4710-600x400.webp 600w, https:\/\/wbp.lublin.pl\/wp-content\/uploads\/2021\/09\/IMG_4710-400x267.webp 400w, https:\/\/wbp.lublin.pl\/wp-content\/uploads\/2021\/09\/IMG_4710-768x512.webp 768w, https:\/\/wbp.lublin.pl\/wp-content\/uploads\/2021\/09\/IMG_4710-1536x1024.webp 1536w, https:\/\/wbp.lublin.pl\/wp-content\/uploads\/2021\/09\/IMG_4710-947x631.webp 947w, https:\/\/wbp.lublin.pl\/wp-content\/uploads\/2021\/09\/IMG_4710-624x416.webp 624w, https:\/\/wbp.lublin.pl\/wp-content\/uploads\/2021\/09\/IMG_4710-84x56.webp 84w, https:\/\/wbp.lublin.pl\/wp-content\/uploads\/2021\/09\/IMG_4710.webp 1620w\" sizes=\"auto, (max-width: 600px) 100vw, 600px\" data-has-transparency=\"false\" data-dominant-color=\"746360\" style=\"--dominant-color: #746360;\" \/><\/a>\n\t\t\t<\/div>\n\t\t\t\t<figcaption class='wp-caption-text gallery-caption' id='gallery-4-31534'>\n\t\t\t\t hm. Stanis\u0142aw D\u0105browski\n\t\t\t\t<\/figcaption><\/figure><figure class='gallery-item'>\n\t\t\t<div class='gallery-icon landscape'>\n\t\t\t\t<a href='https:\/\/wbp.lublin.pl\/index.php\/2021\/09\/12\/narodowe-czytanie-w-wbp-w-teleobiektywie-i-w-mediach\/img_4721-2\/'><img loading=\"lazy\" decoding=\"async\" width=\"600\" height=\"400\" src=\"https:\/\/wbp.lublin.pl\/wp-content\/uploads\/2021\/09\/IMG_4721-1-600x400.webp\" class=\"attachment-medium size-medium not-transparent\" alt=\"\" aria-describedby=\"gallery-4-31666\" srcset=\"https:\/\/wbp.lublin.pl\/wp-content\/uploads\/2021\/09\/IMG_4721-1-600x400.webp 600w, https:\/\/wbp.lublin.pl\/wp-content\/uploads\/2021\/09\/IMG_4721-1-400x267.webp 400w, https:\/\/wbp.lublin.pl\/wp-content\/uploads\/2021\/09\/IMG_4721-1-768x512.webp 768w, https:\/\/wbp.lublin.pl\/wp-content\/uploads\/2021\/09\/IMG_4721-1-1536x1024.webp 1536w, https:\/\/wbp.lublin.pl\/wp-content\/uploads\/2021\/09\/IMG_4721-1-947x631.webp 947w, https:\/\/wbp.lublin.pl\/wp-content\/uploads\/2021\/09\/IMG_4721-1-624x416.webp 624w, https:\/\/wbp.lublin.pl\/wp-content\/uploads\/2021\/09\/IMG_4721-1-84x56.webp 84w, https:\/\/wbp.lublin.pl\/wp-content\/uploads\/2021\/09\/IMG_4721-1.webp 1620w\" sizes=\"auto, (max-width: 600px) 100vw, 600px\" data-has-transparency=\"false\" data-dominant-color=\"49433d\" style=\"--dominant-color: #49433d;\" \/><\/a>\n\t\t\t<\/div>\n\t\t\t\t<figcaption class='wp-caption-text gallery-caption' id='gallery-4-31666'>\n\t\t\t\thm. Stanis\u0142aw D\u0105browski\n\t\t\t\t<\/figcaption><\/figure>\n\t\t<\/div>\n\n<p><span style=\"color: #000000;\">\u00a0<\/span><\/p>\n<div id='gallery-5' class='gallery galleryid-31483 gallery-columns-4 gallery-size-medium'><figure class='gallery-item'>\n\t\t\t<div class='gallery-icon portrait'>\n\t\t\t\t<a href='https:\/\/wbp.lublin.pl\/index.php\/2021\/09\/12\/narodowe-czytanie-w-wbp-w-teleobiektywie-i-w-mediach\/img_4583\/'><img loading=\"lazy\" decoding=\"async\" width=\"400\" height=\"600\" src=\"https:\/\/wbp.lublin.pl\/wp-content\/uploads\/2021\/09\/IMG_4583-rotated-400x600.webp\" class=\"attachment-medium size-medium not-transparent\" alt=\"\" aria-describedby=\"gallery-5-31501\" srcset=\"https:\/\/wbp.lublin.pl\/wp-content\/uploads\/2021\/09\/IMG_4583-rotated-400x600.webp 400w, https:\/\/wbp.lublin.pl\/wp-content\/uploads\/2021\/09\/IMG_4583-rotated-267x400.webp 267w, https:\/\/wbp.lublin.pl\/wp-content\/uploads\/2021\/09\/IMG_4583-rotated-624x936.webp 624w, https:\/\/wbp.lublin.pl\/wp-content\/uploads\/2021\/09\/IMG_4583-rotated.webp 720w\" sizes=\"auto, (max-width: 400px) 100vw, 400px\" data-has-transparency=\"false\" data-dominant-color=\"5b5e5b\" style=\"--dominant-color: #5b5e5b;\" \/><\/a>\n\t\t\t<\/div>\n\t\t\t\t<figcaption class='wp-caption-text gallery-caption' id='gallery-5-31501'>\n\t\t\t\tZdzis\u0142aw Niedba\u0142a \u2013 samorz\u0105dowiec, przedstawiciel Prezydenta Miasta Lublin\n\t\t\t\t<\/figcaption><\/figure><figure class='gallery-item'>\n\t\t\t<div class='gallery-icon landscape'>\n\t\t\t\t<a href='https:\/\/wbp.lublin.pl\/index.php\/2021\/09\/12\/narodowe-czytanie-w-wbp-w-teleobiektywie-i-w-mediach\/img_4580\/'><img loading=\"lazy\" decoding=\"async\" width=\"600\" height=\"400\" src=\"https:\/\/wbp.lublin.pl\/wp-content\/uploads\/2021\/09\/IMG_4580-600x400.webp\" class=\"attachment-medium size-medium not-transparent\" alt=\"\" aria-describedby=\"gallery-5-31672\" srcset=\"https:\/\/wbp.lublin.pl\/wp-content\/uploads\/2021\/09\/IMG_4580-600x400.webp 600w, https:\/\/wbp.lublin.pl\/wp-content\/uploads\/2021\/09\/IMG_4580-400x267.webp 400w, https:\/\/wbp.lublin.pl\/wp-content\/uploads\/2021\/09\/IMG_4580-768x512.webp 768w, https:\/\/wbp.lublin.pl\/wp-content\/uploads\/2021\/09\/IMG_4580-1536x1024.webp 1536w, https:\/\/wbp.lublin.pl\/wp-content\/uploads\/2021\/09\/IMG_4580-947x631.webp 947w, https:\/\/wbp.lublin.pl\/wp-content\/uploads\/2021\/09\/IMG_4580-624x416.webp 624w, https:\/\/wbp.lublin.pl\/wp-content\/uploads\/2021\/09\/IMG_4580-84x56.webp 84w, https:\/\/wbp.lublin.pl\/wp-content\/uploads\/2021\/09\/IMG_4580.webp 1620w\" sizes=\"auto, (max-width: 600px) 100vw, 600px\" data-has-transparency=\"false\" data-dominant-color=\"696663\" style=\"--dominant-color: #696663;\" \/><\/a>\n\t\t\t<\/div>\n\t\t\t\t<figcaption class='wp-caption-text gallery-caption' id='gallery-5-31672'>\n\t\t\t\tZdzis\u0142aw Niedba\u0142a\n\t\t\t\t<\/figcaption><\/figure><figure class='gallery-item'>\n\t\t\t<div class='gallery-icon landscape'>\n\t\t\t\t<a href='https:\/\/wbp.lublin.pl\/index.php\/2021\/09\/12\/narodowe-czytanie-w-wbp-w-teleobiektywie-i-w-mediach\/img_4587-2\/'><img loading=\"lazy\" decoding=\"async\" width=\"600\" height=\"400\" src=\"https:\/\/wbp.lublin.pl\/wp-content\/uploads\/2021\/09\/IMG_4587-1-600x400.webp\" class=\"attachment-medium size-medium not-transparent\" alt=\"\" aria-describedby=\"gallery-5-31673\" srcset=\"https:\/\/wbp.lublin.pl\/wp-content\/uploads\/2021\/09\/IMG_4587-1-600x400.webp 600w, https:\/\/wbp.lublin.pl\/wp-content\/uploads\/2021\/09\/IMG_4587-1-400x267.webp 400w, https:\/\/wbp.lublin.pl\/wp-content\/uploads\/2021\/09\/IMG_4587-1-768x512.webp 768w, https:\/\/wbp.lublin.pl\/wp-content\/uploads\/2021\/09\/IMG_4587-1-1536x1024.webp 1536w, https:\/\/wbp.lublin.pl\/wp-content\/uploads\/2021\/09\/IMG_4587-1-947x631.webp 947w, https:\/\/wbp.lublin.pl\/wp-content\/uploads\/2021\/09\/IMG_4587-1-624x416.webp 624w, https:\/\/wbp.lublin.pl\/wp-content\/uploads\/2021\/09\/IMG_4587-1-84x56.webp 84w, https:\/\/wbp.lublin.pl\/wp-content\/uploads\/2021\/09\/IMG_4587-1.webp 1620w\" sizes=\"auto, (max-width: 600px) 100vw, 600px\" data-has-transparency=\"false\" data-dominant-color=\"716a6b\" style=\"--dominant-color: #716a6b;\" \/><\/a>\n\t\t\t<\/div>\n\t\t\t\t<figcaption class='wp-caption-text gallery-caption' id='gallery-5-31673'>\n\t\t\t\tZdzis\u0142aw Niedba\u0142a\n\t\t\t\t<\/figcaption><\/figure><figure class='gallery-item'>\n\t\t\t<div class='gallery-icon landscape'>\n\t\t\t\t<a href='https:\/\/wbp.lublin.pl\/index.php\/2021\/09\/12\/narodowe-czytanie-w-wbp-w-teleobiektywie-i-w-mediach\/img_4599-2\/'><img loading=\"lazy\" decoding=\"async\" width=\"600\" height=\"400\" src=\"https:\/\/wbp.lublin.pl\/wp-content\/uploads\/2021\/09\/IMG_4599-600x400.webp\" class=\"attachment-medium size-medium not-transparent\" alt=\"\" aria-describedby=\"gallery-5-31674\" srcset=\"https:\/\/wbp.lublin.pl\/wp-content\/uploads\/2021\/09\/IMG_4599-600x400.webp 600w, https:\/\/wbp.lublin.pl\/wp-content\/uploads\/2021\/09\/IMG_4599-400x267.webp 400w, https:\/\/wbp.lublin.pl\/wp-content\/uploads\/2021\/09\/IMG_4599-768x512.webp 768w, https:\/\/wbp.lublin.pl\/wp-content\/uploads\/2021\/09\/IMG_4599-1536x1024.webp 1536w, https:\/\/wbp.lublin.pl\/wp-content\/uploads\/2021\/09\/IMG_4599-947x631.webp 947w, https:\/\/wbp.lublin.pl\/wp-content\/uploads\/2021\/09\/IMG_4599-624x416.webp 624w, https:\/\/wbp.lublin.pl\/wp-content\/uploads\/2021\/09\/IMG_4599-84x56.webp 84w, https:\/\/wbp.lublin.pl\/wp-content\/uploads\/2021\/09\/IMG_4599.webp 1620w\" sizes=\"auto, (max-width: 600px) 100vw, 600px\" data-has-transparency=\"false\" data-dominant-color=\"5b595a\" style=\"--dominant-color: #5b595a;\" \/><\/a>\n\t\t\t<\/div>\n\t\t\t\t<figcaption class='wp-caption-text gallery-caption' id='gallery-5-31674'>\n\t\t\t\tZdzis\u0142aw Niedba\u0142a\n\t\t\t\t<\/figcaption><\/figure>\n\t\t<\/div>\n\n<div id='gallery-6' class='gallery galleryid-31483 gallery-columns-4 gallery-size-medium'><figure class='gallery-item'>\n\t\t\t<div class='gallery-icon landscape'>\n\t\t\t\t<a href='https:\/\/wbp.lublin.pl\/index.php\/2021\/09\/12\/narodowe-czytanie-w-wbp-w-teleobiektywie-i-w-mediach\/img_4619\/'><img loading=\"lazy\" decoding=\"async\" width=\"600\" height=\"400\" src=\"https:\/\/wbp.lublin.pl\/wp-content\/uploads\/2021\/09\/IMG_4619-600x400.webp\" class=\"attachment-medium size-medium not-transparent\" alt=\"\" aria-describedby=\"gallery-6-31526\" srcset=\"https:\/\/wbp.lublin.pl\/wp-content\/uploads\/2021\/09\/IMG_4619-600x400.webp 600w, https:\/\/wbp.lublin.pl\/wp-content\/uploads\/2021\/09\/IMG_4619-400x267.webp 400w, https:\/\/wbp.lublin.pl\/wp-content\/uploads\/2021\/09\/IMG_4619-768x512.webp 768w, https:\/\/wbp.lublin.pl\/wp-content\/uploads\/2021\/09\/IMG_4619-1536x1024.webp 1536w, https:\/\/wbp.lublin.pl\/wp-content\/uploads\/2021\/09\/IMG_4619-947x631.webp 947w, https:\/\/wbp.lublin.pl\/wp-content\/uploads\/2021\/09\/IMG_4619-624x416.webp 624w, https:\/\/wbp.lublin.pl\/wp-content\/uploads\/2021\/09\/IMG_4619-84x56.webp 84w, https:\/\/wbp.lublin.pl\/wp-content\/uploads\/2021\/09\/IMG_4619.webp 1620w\" sizes=\"auto, (max-width: 600px) 100vw, 600px\" data-has-transparency=\"false\" data-dominant-color=\"655d5b\" style=\"--dominant-color: #655d5b;\" \/><\/a>\n\t\t\t<\/div>\n\t\t\t\t<figcaption class='wp-caption-text gallery-caption' id='gallery-6-31526'>\n\t\t\t\tMagdalena i Andrzej Pomara\u0144scy &#8211; w\u0142a\u015bciciele firmy Pomarex\n\t\t\t\t<\/figcaption><\/figure><figure class='gallery-item'>\n\t\t\t<div class='gallery-icon landscape'>\n\t\t\t\t<a href='https:\/\/wbp.lublin.pl\/index.php\/2021\/09\/12\/narodowe-czytanie-w-wbp-w-teleobiektywie-i-w-mediach\/img_4629-2\/'><img loading=\"lazy\" decoding=\"async\" width=\"600\" height=\"400\" src=\"https:\/\/wbp.lublin.pl\/wp-content\/uploads\/2021\/09\/IMG_4629-1-600x400.webp\" class=\"attachment-medium size-medium not-transparent\" alt=\"\" aria-describedby=\"gallery-6-31680\" srcset=\"https:\/\/wbp.lublin.pl\/wp-content\/uploads\/2021\/09\/IMG_4629-1-600x400.webp 600w, https:\/\/wbp.lublin.pl\/wp-content\/uploads\/2021\/09\/IMG_4629-1-400x267.webp 400w, https:\/\/wbp.lublin.pl\/wp-content\/uploads\/2021\/09\/IMG_4629-1-768x512.webp 768w, https:\/\/wbp.lublin.pl\/wp-content\/uploads\/2021\/09\/IMG_4629-1-1536x1024.webp 1536w, https:\/\/wbp.lublin.pl\/wp-content\/uploads\/2021\/09\/IMG_4629-1-947x631.webp 947w, https:\/\/wbp.lublin.pl\/wp-content\/uploads\/2021\/09\/IMG_4629-1-624x416.webp 624w, https:\/\/wbp.lublin.pl\/wp-content\/uploads\/2021\/09\/IMG_4629-1-84x56.webp 84w, https:\/\/wbp.lublin.pl\/wp-content\/uploads\/2021\/09\/IMG_4629-1.webp 1620w\" sizes=\"auto, (max-width: 600px) 100vw, 600px\" data-has-transparency=\"false\" data-dominant-color=\"524c48\" style=\"--dominant-color: #524c48;\" \/><\/a>\n\t\t\t<\/div>\n\t\t\t\t<figcaption class='wp-caption-text gallery-caption' id='gallery-6-31680'>\n\t\t\t\tAndrzej Pomara\u0144ski\n\t\t\t\t<\/figcaption><\/figure><figure class='gallery-item'>\n\t\t\t<div class='gallery-icon landscape'>\n\t\t\t\t<a href='https:\/\/wbp.lublin.pl\/index.php\/2021\/09\/12\/narodowe-czytanie-w-wbp-w-teleobiektywie-i-w-mediach\/img_4628-2\/'><img loading=\"lazy\" decoding=\"async\" width=\"600\" height=\"400\" src=\"https:\/\/wbp.lublin.pl\/wp-content\/uploads\/2021\/09\/IMG_4628-1-600x400.webp\" class=\"attachment-medium size-medium not-transparent\" alt=\"\" aria-describedby=\"gallery-6-31679\" srcset=\"https:\/\/wbp.lublin.pl\/wp-content\/uploads\/2021\/09\/IMG_4628-1-600x400.webp 600w, https:\/\/wbp.lublin.pl\/wp-content\/uploads\/2021\/09\/IMG_4628-1-400x267.webp 400w, https:\/\/wbp.lublin.pl\/wp-content\/uploads\/2021\/09\/IMG_4628-1-768x512.webp 768w, https:\/\/wbp.lublin.pl\/wp-content\/uploads\/2021\/09\/IMG_4628-1-1536x1024.webp 1536w, https:\/\/wbp.lublin.pl\/wp-content\/uploads\/2021\/09\/IMG_4628-1-947x631.webp 947w, https:\/\/wbp.lublin.pl\/wp-content\/uploads\/2021\/09\/IMG_4628-1-624x416.webp 624w, https:\/\/wbp.lublin.pl\/wp-content\/uploads\/2021\/09\/IMG_4628-1-84x56.webp 84w, https:\/\/wbp.lublin.pl\/wp-content\/uploads\/2021\/09\/IMG_4628-1.webp 1620w\" sizes=\"auto, (max-width: 600px) 100vw, 600px\" data-has-transparency=\"false\" data-dominant-color=\"625f5b\" style=\"--dominant-color: #625f5b;\" \/><\/a>\n\t\t\t<\/div>\n\t\t\t\t<figcaption class='wp-caption-text gallery-caption' id='gallery-6-31679'>\n\t\t\t\tMagdalena Pomara\u0144ska\n\t\t\t\t<\/figcaption><\/figure><figure class='gallery-item'>\n\t\t\t<div class='gallery-icon landscape'>\n\t\t\t\t<a href='https:\/\/wbp.lublin.pl\/index.php\/2021\/09\/12\/narodowe-czytanie-w-wbp-w-teleobiektywie-i-w-mediach\/img_4645-2\/'><img loading=\"lazy\" decoding=\"async\" width=\"600\" height=\"400\" src=\"https:\/\/wbp.lublin.pl\/wp-content\/uploads\/2021\/09\/IMG_4645-1-600x400.webp\" class=\"attachment-medium size-medium not-transparent\" alt=\"\" aria-describedby=\"gallery-6-31682\" srcset=\"https:\/\/wbp.lublin.pl\/wp-content\/uploads\/2021\/09\/IMG_4645-1-600x400.webp 600w, https:\/\/wbp.lublin.pl\/wp-content\/uploads\/2021\/09\/IMG_4645-1-400x267.webp 400w, https:\/\/wbp.lublin.pl\/wp-content\/uploads\/2021\/09\/IMG_4645-1-768x512.webp 768w, https:\/\/wbp.lublin.pl\/wp-content\/uploads\/2021\/09\/IMG_4645-1-1536x1024.webp 1536w, https:\/\/wbp.lublin.pl\/wp-content\/uploads\/2021\/09\/IMG_4645-1-947x631.webp 947w, https:\/\/wbp.lublin.pl\/wp-content\/uploads\/2021\/09\/IMG_4645-1-624x416.webp 624w, https:\/\/wbp.lublin.pl\/wp-content\/uploads\/2021\/09\/IMG_4645-1-84x56.webp 84w, https:\/\/wbp.lublin.pl\/wp-content\/uploads\/2021\/09\/IMG_4645-1.webp 1620w\" sizes=\"auto, (max-width: 600px) 100vw, 600px\" data-has-transparency=\"false\" data-dominant-color=\"605a58\" style=\"--dominant-color: #605a58;\" \/><\/a>\n\t\t\t<\/div>\n\t\t\t\t<figcaption class='wp-caption-text gallery-caption' id='gallery-6-31682'>\n\t\t\t\tMagdalena i Andrzej Pomara\u0144scy \n\t\t\t\t<\/figcaption><\/figure>\n\t\t<\/div>\n\n<div id='gallery-7' class='gallery galleryid-31483 gallery-columns-3 gallery-size-medium'><figure class='gallery-item'>\n\t\t\t<div class='gallery-icon landscape'>\n\t\t\t\t<a href='https:\/\/wbp.lublin.pl\/index.php\/2021\/09\/12\/narodowe-czytanie-w-wbp-w-teleobiektywie-i-w-mediach\/img_4756-2\/'><img loading=\"lazy\" decoding=\"async\" width=\"600\" height=\"400\" src=\"https:\/\/wbp.lublin.pl\/wp-content\/uploads\/2021\/09\/IMG_4756-1-600x400.webp\" class=\"attachment-medium size-medium not-transparent\" alt=\"\" aria-describedby=\"gallery-7-31538\" srcset=\"https:\/\/wbp.lublin.pl\/wp-content\/uploads\/2021\/09\/IMG_4756-1-600x400.webp 600w, https:\/\/wbp.lublin.pl\/wp-content\/uploads\/2021\/09\/IMG_4756-1-400x267.webp 400w, https:\/\/wbp.lublin.pl\/wp-content\/uploads\/2021\/09\/IMG_4756-1-768x512.webp 768w, https:\/\/wbp.lublin.pl\/wp-content\/uploads\/2021\/09\/IMG_4756-1-947x632.webp 947w, https:\/\/wbp.lublin.pl\/wp-content\/uploads\/2021\/09\/IMG_4756-1-624x416.webp 624w, https:\/\/wbp.lublin.pl\/wp-content\/uploads\/2021\/09\/IMG_4756-1-84x56.webp 84w, https:\/\/wbp.lublin.pl\/wp-content\/uploads\/2021\/09\/IMG_4756-1.webp 1534w\" sizes=\"auto, (max-width: 600px) 100vw, 600px\" data-has-transparency=\"false\" data-dominant-color=\"716d70\" style=\"--dominant-color: #716d70;\" \/><\/a>\n\t\t\t<\/div>\n\t\t\t\t<figcaption class='wp-caption-text gallery-caption' id='gallery-7-31538'>\n\t\t\t\tTadeusz S\u0142awecki \u2013 Dyrektor Wojew\u00f3dzkiej Bibliotece Publicznej im. H. \u0141opaci\u0144skiego w Lublinie, dwukrotny wiceminister edukacji, regionalista\n\t\t\t\t<\/figcaption><\/figure><figure class='gallery-item'>\n\t\t\t<div class='gallery-icon landscape'>\n\t\t\t\t<a href='https:\/\/wbp.lublin.pl\/index.php\/2021\/09\/12\/narodowe-czytanie-w-wbp-w-teleobiektywie-i-w-mediach\/img_4753-2\/'><img loading=\"lazy\" decoding=\"async\" width=\"600\" height=\"400\" src=\"https:\/\/wbp.lublin.pl\/wp-content\/uploads\/2021\/09\/IMG_4753-1-600x400.webp\" class=\"attachment-medium size-medium not-transparent\" alt=\"\" aria-describedby=\"gallery-7-31684\" srcset=\"https:\/\/wbp.lublin.pl\/wp-content\/uploads\/2021\/09\/IMG_4753-1-600x400.webp 600w, https:\/\/wbp.lublin.pl\/wp-content\/uploads\/2021\/09\/IMG_4753-1-400x267.webp 400w, https:\/\/wbp.lublin.pl\/wp-content\/uploads\/2021\/09\/IMG_4753-1-768x512.webp 768w, https:\/\/wbp.lublin.pl\/wp-content\/uploads\/2021\/09\/IMG_4753-1-1536x1024.webp 1536w, https:\/\/wbp.lublin.pl\/wp-content\/uploads\/2021\/09\/IMG_4753-1-947x631.webp 947w, https:\/\/wbp.lublin.pl\/wp-content\/uploads\/2021\/09\/IMG_4753-1-624x416.webp 624w, https:\/\/wbp.lublin.pl\/wp-content\/uploads\/2021\/09\/IMG_4753-1-84x56.webp 84w, https:\/\/wbp.lublin.pl\/wp-content\/uploads\/2021\/09\/IMG_4753-1.webp 1620w\" sizes=\"auto, (max-width: 600px) 100vw, 600px\" data-has-transparency=\"false\" data-dominant-color=\"7e7b7e\" style=\"--dominant-color: #7e7b7e;\" \/><\/a>\n\t\t\t<\/div>\n\t\t\t\t<figcaption class='wp-caption-text gallery-caption' id='gallery-7-31684'>\n\t\t\t\tTadeusz S\u0142awecki\n\t\t\t\t<\/figcaption><\/figure><figure class='gallery-item'>\n\t\t\t<div class='gallery-icon landscape'>\n\t\t\t\t<a href='https:\/\/wbp.lublin.pl\/index.php\/2021\/09\/12\/narodowe-czytanie-w-wbp-w-teleobiektywie-i-w-mediach\/img_4761-2\/'><img loading=\"lazy\" decoding=\"async\" width=\"600\" height=\"400\" src=\"https:\/\/wbp.lublin.pl\/wp-content\/uploads\/2021\/09\/IMG_4761-1-600x400.webp\" class=\"attachment-medium size-medium not-transparent\" alt=\"\" aria-describedby=\"gallery-7-31686\" srcset=\"https:\/\/wbp.lublin.pl\/wp-content\/uploads\/2021\/09\/IMG_4761-1-600x400.webp 600w, https:\/\/wbp.lublin.pl\/wp-content\/uploads\/2021\/09\/IMG_4761-1-400x267.webp 400w, https:\/\/wbp.lublin.pl\/wp-content\/uploads\/2021\/09\/IMG_4761-1-768x512.webp 768w, https:\/\/wbp.lublin.pl\/wp-content\/uploads\/2021\/09\/IMG_4761-1-1536x1024.webp 1536w, https:\/\/wbp.lublin.pl\/wp-content\/uploads\/2021\/09\/IMG_4761-1-947x631.webp 947w, https:\/\/wbp.lublin.pl\/wp-content\/uploads\/2021\/09\/IMG_4761-1-624x416.webp 624w, https:\/\/wbp.lublin.pl\/wp-content\/uploads\/2021\/09\/IMG_4761-1-84x56.webp 84w, https:\/\/wbp.lublin.pl\/wp-content\/uploads\/2021\/09\/IMG_4761-1.webp 1620w\" sizes=\"auto, (max-width: 600px) 100vw, 600px\" data-has-transparency=\"false\" data-dominant-color=\"78777a\" style=\"--dominant-color: #78777a;\" \/><\/a>\n\t\t\t<\/div>\n\t\t\t\t<figcaption class='wp-caption-text gallery-caption' id='gallery-7-31686'>\n\t\t\t\tTadeusz S\u0142awecki\n\t\t\t\t<\/figcaption><\/figure>\n\t\t<\/div>\n\n<div id='gallery-8' class='gallery galleryid-31483 gallery-columns-5 gallery-size-medium'><figure class='gallery-item'>\n\t\t\t<div class='gallery-icon landscape'>\n\t\t\t\t<a href='https:\/\/wbp.lublin.pl\/index.php\/2021\/09\/12\/narodowe-czytanie-w-wbp-w-teleobiektywie-i-w-mediach\/img_4683-2\/'><img loading=\"lazy\" decoding=\"async\" width=\"600\" height=\"400\" src=\"https:\/\/wbp.lublin.pl\/wp-content\/uploads\/2021\/09\/IMG_4683-600x400.webp\" class=\"attachment-medium size-medium not-transparent\" alt=\"\" aria-describedby=\"gallery-8-31531\" srcset=\"https:\/\/wbp.lublin.pl\/wp-content\/uploads\/2021\/09\/IMG_4683-600x400.webp 600w, https:\/\/wbp.lublin.pl\/wp-content\/uploads\/2021\/09\/IMG_4683-400x267.webp 400w, https:\/\/wbp.lublin.pl\/wp-content\/uploads\/2021\/09\/IMG_4683-768x512.webp 768w, https:\/\/wbp.lublin.pl\/wp-content\/uploads\/2021\/09\/IMG_4683-1536x1024.webp 1536w, https:\/\/wbp.lublin.pl\/wp-content\/uploads\/2021\/09\/IMG_4683-947x631.webp 947w, https:\/\/wbp.lublin.pl\/wp-content\/uploads\/2021\/09\/IMG_4683-624x416.webp 624w, https:\/\/wbp.lublin.pl\/wp-content\/uploads\/2021\/09\/IMG_4683-84x56.webp 84w, https:\/\/wbp.lublin.pl\/wp-content\/uploads\/2021\/09\/IMG_4683.webp 1620w\" sizes=\"auto, (max-width: 600px) 100vw, 600px\" data-has-transparency=\"false\" data-dominant-color=\"615f5c\" style=\"--dominant-color: #615f5c;\" \/><\/a>\n\t\t\t<\/div>\n\t\t\t\t<figcaption class='wp-caption-text gallery-caption' id='gallery-8-31531'>\n\t\t\t\tMagdalena Zab\u0142ocka \u2013 prawniczka, iberystka, lingwistka, Dyrektor ds. Programowych Izby Rzemios\u0142a i Przedsi\u0119biorczo\u015bci w Lublinie\n\t\t\t\t<\/figcaption><\/figure><figure class='gallery-item'>\n\t\t\t<div class='gallery-icon landscape'>\n\t\t\t\t<a href='https:\/\/wbp.lublin.pl\/index.php\/2021\/09\/12\/narodowe-czytanie-w-wbp-w-teleobiektywie-i-w-mediach\/img_4699\/'><img loading=\"lazy\" decoding=\"async\" width=\"600\" height=\"400\" src=\"https:\/\/wbp.lublin.pl\/wp-content\/uploads\/2021\/09\/IMG_4699-600x400.webp\" class=\"attachment-medium size-medium not-transparent\" alt=\"&quot;Trupa z szafy bibliotecznej&quot; wystawia &quot;Moralno\u015b\u0107 pani Dulskiej&quot; Gabrieli Zapolskiej\" aria-describedby=\"gallery-8-31691\" srcset=\"https:\/\/wbp.lublin.pl\/wp-content\/uploads\/2021\/09\/IMG_4699-600x400.webp 600w, https:\/\/wbp.lublin.pl\/wp-content\/uploads\/2021\/09\/IMG_4699-400x267.webp 400w, https:\/\/wbp.lublin.pl\/wp-content\/uploads\/2021\/09\/IMG_4699-768x512.webp 768w, https:\/\/wbp.lublin.pl\/wp-content\/uploads\/2021\/09\/IMG_4699-1536x1024.webp 1536w, https:\/\/wbp.lublin.pl\/wp-content\/uploads\/2021\/09\/IMG_4699-947x631.webp 947w, https:\/\/wbp.lublin.pl\/wp-content\/uploads\/2021\/09\/IMG_4699-624x416.webp 624w, https:\/\/wbp.lublin.pl\/wp-content\/uploads\/2021\/09\/IMG_4699-84x56.webp 84w, https:\/\/wbp.lublin.pl\/wp-content\/uploads\/2021\/09\/IMG_4699.webp 1620w\" sizes=\"auto, (max-width: 600px) 100vw, 600px\" data-has-transparency=\"false\" data-dominant-color=\"716463\" style=\"--dominant-color: #716463;\" \/><\/a>\n\t\t\t<\/div>\n\t\t\t\t<figcaption class='wp-caption-text gallery-caption' id='gallery-8-31691'>\n\t\t\t\tMagdalena Zab\u0142ocka\n\t\t\t\t<\/figcaption><\/figure><figure class='gallery-item'>\n\t\t\t<div class='gallery-icon landscape'>\n\t\t\t\t<a href='https:\/\/wbp.lublin.pl\/index.php\/2021\/09\/12\/narodowe-czytanie-w-wbp-w-teleobiektywie-i-w-mediach\/img_4695\/'><img loading=\"lazy\" decoding=\"async\" width=\"600\" height=\"400\" src=\"https:\/\/wbp.lublin.pl\/wp-content\/uploads\/2021\/09\/IMG_4695-600x400.webp\" class=\"attachment-medium size-medium not-transparent\" alt=\"&quot;Trupa z szafy bibliotecznej&quot; wystawia &quot;Moralno\u015b\u0107 pani Dulskiej&quot; Gabrieli Zapolskiej\" aria-describedby=\"gallery-8-31693\" srcset=\"https:\/\/wbp.lublin.pl\/wp-content\/uploads\/2021\/09\/IMG_4695-600x400.webp 600w, https:\/\/wbp.lublin.pl\/wp-content\/uploads\/2021\/09\/IMG_4695-400x267.webp 400w, https:\/\/wbp.lublin.pl\/wp-content\/uploads\/2021\/09\/IMG_4695-768x512.webp 768w, https:\/\/wbp.lublin.pl\/wp-content\/uploads\/2021\/09\/IMG_4695-1536x1024.webp 1536w, https:\/\/wbp.lublin.pl\/wp-content\/uploads\/2021\/09\/IMG_4695-947x631.webp 947w, https:\/\/wbp.lublin.pl\/wp-content\/uploads\/2021\/09\/IMG_4695-624x416.webp 624w, https:\/\/wbp.lublin.pl\/wp-content\/uploads\/2021\/09\/IMG_4695-84x56.webp 84w, https:\/\/wbp.lublin.pl\/wp-content\/uploads\/2021\/09\/IMG_4695.webp 1620w\" sizes=\"auto, (max-width: 600px) 100vw, 600px\" data-has-transparency=\"false\" data-dominant-color=\"575857\" style=\"--dominant-color: #575857;\" \/><\/a>\n\t\t\t<\/div>\n\t\t\t\t<figcaption class='wp-caption-text gallery-caption' id='gallery-8-31693'>\n\t\t\t\tMagdalena Zab\u0142ocka\n\t\t\t\t<\/figcaption><\/figure><figure class='gallery-item'>\n\t\t\t<div class='gallery-icon landscape'>\n\t\t\t\t<a href='https:\/\/wbp.lublin.pl\/index.php\/2021\/09\/12\/narodowe-czytanie-w-wbp-w-teleobiektywie-i-w-mediach\/img_4693-3\/'><img loading=\"lazy\" decoding=\"async\" width=\"600\" height=\"400\" src=\"https:\/\/wbp.lublin.pl\/wp-content\/uploads\/2021\/09\/IMG_4693-1-600x400.webp\" class=\"attachment-medium size-medium not-transparent\" alt=\"&quot;Trupa z szafy bibliotecznej&quot; wystawia &quot;Moralno\u015b\u0107 pani Dulskiej&quot; Gabrieli Zapolskiej\" aria-describedby=\"gallery-8-31690\" srcset=\"https:\/\/wbp.lublin.pl\/wp-content\/uploads\/2021\/09\/IMG_4693-1-600x400.webp 600w, https:\/\/wbp.lublin.pl\/wp-content\/uploads\/2021\/09\/IMG_4693-1-400x267.webp 400w, https:\/\/wbp.lublin.pl\/wp-content\/uploads\/2021\/09\/IMG_4693-1-768x512.webp 768w, https:\/\/wbp.lublin.pl\/wp-content\/uploads\/2021\/09\/IMG_4693-1-1536x1024.webp 1536w, https:\/\/wbp.lublin.pl\/wp-content\/uploads\/2021\/09\/IMG_4693-1-947x631.webp 947w, https:\/\/wbp.lublin.pl\/wp-content\/uploads\/2021\/09\/IMG_4693-1-624x416.webp 624w, https:\/\/wbp.lublin.pl\/wp-content\/uploads\/2021\/09\/IMG_4693-1-84x56.webp 84w, https:\/\/wbp.lublin.pl\/wp-content\/uploads\/2021\/09\/IMG_4693-1.webp 1620w\" sizes=\"auto, (max-width: 600px) 100vw, 600px\" data-has-transparency=\"false\" data-dominant-color=\"6b6060\" style=\"--dominant-color: #6b6060;\" \/><\/a>\n\t\t\t<\/div>\n\t\t\t\t<figcaption class='wp-caption-text gallery-caption' id='gallery-8-31690'>\n\t\t\t\tMagdalena Zab\u0142ocka\n\t\t\t\t<\/figcaption><\/figure><figure class='gallery-item'>\n\t\t\t<div class='gallery-icon landscape'>\n\t\t\t\t<a href='https:\/\/wbp.lublin.pl\/index.php\/2021\/09\/12\/narodowe-czytanie-w-wbp-w-teleobiektywie-i-w-mediach\/img_4688-3\/'><img loading=\"lazy\" decoding=\"async\" width=\"600\" height=\"400\" src=\"https:\/\/wbp.lublin.pl\/wp-content\/uploads\/2021\/09\/IMG_4688-1-600x400.webp\" class=\"attachment-medium size-medium not-transparent\" alt=\"&quot;Trupa z szafy bibliotecznej&quot; wystawia &quot;Moralno\u015b\u0107 pani Dulskiej&quot; Gabrieli Zapolskiej\" aria-describedby=\"gallery-8-31688\" srcset=\"https:\/\/wbp.lublin.pl\/wp-content\/uploads\/2021\/09\/IMG_4688-1-600x400.webp 600w, https:\/\/wbp.lublin.pl\/wp-content\/uploads\/2021\/09\/IMG_4688-1-400x267.webp 400w, https:\/\/wbp.lublin.pl\/wp-content\/uploads\/2021\/09\/IMG_4688-1-768x512.webp 768w, https:\/\/wbp.lublin.pl\/wp-content\/uploads\/2021\/09\/IMG_4688-1-1536x1024.webp 1536w, https:\/\/wbp.lublin.pl\/wp-content\/uploads\/2021\/09\/IMG_4688-1-947x631.webp 947w, https:\/\/wbp.lublin.pl\/wp-content\/uploads\/2021\/09\/IMG_4688-1-624x416.webp 624w, https:\/\/wbp.lublin.pl\/wp-content\/uploads\/2021\/09\/IMG_4688-1-84x56.webp 84w, https:\/\/wbp.lublin.pl\/wp-content\/uploads\/2021\/09\/IMG_4688-1.webp 1620w\" sizes=\"auto, (max-width: 600px) 100vw, 600px\" data-has-transparency=\"false\" data-dominant-color=\"686662\" style=\"--dominant-color: #686662;\" \/><\/a>\n\t\t\t<\/div>\n\t\t\t\t<figcaption class='wp-caption-text gallery-caption' id='gallery-8-31688'>\n\t\t\t\tMagdalena Zab\u0142ocka\n\t\t\t\t<\/figcaption><\/figure>\n\t\t<\/div>\n\n<div id='gallery-9' class='gallery galleryid-31483 gallery-columns-2 gallery-size-medium'><figure class='gallery-item'>\n\t\t\t<div class='gallery-icon landscape'>\n\t\t\t\t<a href='https:\/\/wbp.lublin.pl\/index.php\/2021\/09\/12\/narodowe-czytanie-w-wbp-w-teleobiektywie-i-w-mediach\/img_4673-2\/'><img loading=\"lazy\" decoding=\"async\" width=\"600\" height=\"400\" src=\"https:\/\/wbp.lublin.pl\/wp-content\/uploads\/2021\/09\/IMG_4673-600x400.webp\" class=\"attachment-medium size-medium not-transparent\" alt=\"\" aria-describedby=\"gallery-9-31529\" srcset=\"https:\/\/wbp.lublin.pl\/wp-content\/uploads\/2021\/09\/IMG_4673-600x400.webp 600w, https:\/\/wbp.lublin.pl\/wp-content\/uploads\/2021\/09\/IMG_4673-400x267.webp 400w, https:\/\/wbp.lublin.pl\/wp-content\/uploads\/2021\/09\/IMG_4673-768x512.webp 768w, https:\/\/wbp.lublin.pl\/wp-content\/uploads\/2021\/09\/IMG_4673-1536x1024.webp 1536w, https:\/\/wbp.lublin.pl\/wp-content\/uploads\/2021\/09\/IMG_4673-947x631.webp 947w, https:\/\/wbp.lublin.pl\/wp-content\/uploads\/2021\/09\/IMG_4673-624x416.webp 624w, https:\/\/wbp.lublin.pl\/wp-content\/uploads\/2021\/09\/IMG_4673-84x56.webp 84w, https:\/\/wbp.lublin.pl\/wp-content\/uploads\/2021\/09\/IMG_4673.webp 1620w\" sizes=\"auto, (max-width: 600px) 100vw, 600px\" data-has-transparency=\"false\" data-dominant-color=\"4b4844\" style=\"--dominant-color: #4b4844;\" \/><\/a>\n\t\t\t<\/div>\n\t\t\t\t<figcaption class='wp-caption-text gallery-caption' id='gallery-9-31529'>\n\t\t\t\tred. Jaros\u0142aw Zo\u0144 \u2013 dziennikarz Radia Lublin, recytator\n\t\t\t\t<\/figcaption><\/figure><figure class='gallery-item'>\n\t\t\t<div class='gallery-icon landscape'>\n\t\t\t\t<a href='https:\/\/wbp.lublin.pl\/index.php\/2021\/09\/12\/narodowe-czytanie-w-wbp-w-teleobiektywie-i-w-mediach\/img_4649-2\/'><img loading=\"lazy\" decoding=\"async\" width=\"600\" height=\"400\" src=\"https:\/\/wbp.lublin.pl\/wp-content\/uploads\/2021\/09\/IMG_4649-1-600x400.webp\" class=\"attachment-medium size-medium not-transparent\" alt=\"\" aria-describedby=\"gallery-9-31694\" srcset=\"https:\/\/wbp.lublin.pl\/wp-content\/uploads\/2021\/09\/IMG_4649-1-600x400.webp 600w, https:\/\/wbp.lublin.pl\/wp-content\/uploads\/2021\/09\/IMG_4649-1-400x267.webp 400w, https:\/\/wbp.lublin.pl\/wp-content\/uploads\/2021\/09\/IMG_4649-1-768x512.webp 768w, https:\/\/wbp.lublin.pl\/wp-content\/uploads\/2021\/09\/IMG_4649-1-1536x1024.webp 1536w, https:\/\/wbp.lublin.pl\/wp-content\/uploads\/2021\/09\/IMG_4649-1-947x631.webp 947w, https:\/\/wbp.lublin.pl\/wp-content\/uploads\/2021\/09\/IMG_4649-1-624x416.webp 624w, https:\/\/wbp.lublin.pl\/wp-content\/uploads\/2021\/09\/IMG_4649-1-84x56.webp 84w, https:\/\/wbp.lublin.pl\/wp-content\/uploads\/2021\/09\/IMG_4649-1.webp 1620w\" sizes=\"auto, (max-width: 600px) 100vw, 600px\" data-has-transparency=\"false\" data-dominant-color=\"4f4741\" style=\"--dominant-color: #4f4741;\" \/><\/a>\n\t\t\t<\/div>\n\t\t\t\t<figcaption class='wp-caption-text gallery-caption' id='gallery-9-31694'>\n\t\t\t\tred. Jaros\u0142aw Zo\u0144\n\t\t\t\t<\/figcaption><\/figure>\n\t\t<\/div>\n\n<hr \/>\n<p style=\"text-align: center;\"><span style=\"color: #000000;\"><strong>\u201eTrupa z szafy bibliotecznej\u201d<\/strong><\/span><\/p>\n<p style=\"text-align: center;\"><span style=\"color: #000000;\"><strong>Obsada spektaklu \u201eMoralno\u015b\u0107 pani Dulskiej\u201d Gabrieli Zapolskiej<\/strong><\/span><\/p>\n<div id='gallery-10' class='gallery galleryid-31483 gallery-columns-2 gallery-size-medium'><figure class='gallery-item'>\n\t\t\t<div class='gallery-icon landscape'>\n\t\t\t\t<a href='https:\/\/wbp.lublin.pl\/index.php\/2021\/09\/12\/narodowe-czytanie-w-wbp-w-teleobiektywie-i-w-mediach\/img_4949\/'><img loading=\"lazy\" decoding=\"async\" width=\"600\" height=\"400\" src=\"https:\/\/wbp.lublin.pl\/wp-content\/uploads\/2021\/09\/IMG_4949-600x400.webp\" class=\"attachment-medium size-medium not-transparent\" alt=\"\" aria-describedby=\"gallery-10-31491\" srcset=\"https:\/\/wbp.lublin.pl\/wp-content\/uploads\/2021\/09\/IMG_4949-600x400.webp 600w, https:\/\/wbp.lublin.pl\/wp-content\/uploads\/2021\/09\/IMG_4949-400x267.webp 400w, https:\/\/wbp.lublin.pl\/wp-content\/uploads\/2021\/09\/IMG_4949-768x512.webp 768w, https:\/\/wbp.lublin.pl\/wp-content\/uploads\/2021\/09\/IMG_4949-1536x1024.webp 1536w, https:\/\/wbp.lublin.pl\/wp-content\/uploads\/2021\/09\/IMG_4949-947x631.webp 947w, https:\/\/wbp.lublin.pl\/wp-content\/uploads\/2021\/09\/IMG_4949-624x416.webp 624w, https:\/\/wbp.lublin.pl\/wp-content\/uploads\/2021\/09\/IMG_4949-84x56.webp 84w, https:\/\/wbp.lublin.pl\/wp-content\/uploads\/2021\/09\/IMG_4949.webp 1620w\" sizes=\"auto, (max-width: 600px) 100vw, 600px\" data-has-transparency=\"false\" data-dominant-color=\"585a5c\" style=\"--dominant-color: #585a5c;\" \/><\/a>\n\t\t\t<\/div>\n\t\t\t\t<figcaption class='wp-caption-text gallery-caption' id='gallery-10-31491'>\n\t\t\t\tAniela Dulska &#8211; Patrycja P\u0142o\u0144ska\n\t\t\t\t<\/figcaption><\/figure><figure class='gallery-item'>\n\t\t\t<div class='gallery-icon landscape'>\n\t\t\t\t<a href='https:\/\/wbp.lublin.pl\/index.php\/2021\/09\/12\/narodowe-czytanie-w-wbp-w-teleobiektywie-i-w-mediach\/img_4824\/'><img loading=\"lazy\" decoding=\"async\" width=\"600\" height=\"400\" src=\"https:\/\/wbp.lublin.pl\/wp-content\/uploads\/2021\/09\/IMG_4824-600x400.webp\" class=\"attachment-medium size-medium not-transparent\" alt=\"\" aria-describedby=\"gallery-10-31551\" srcset=\"https:\/\/wbp.lublin.pl\/wp-content\/uploads\/2021\/09\/IMG_4824-600x400.webp 600w, https:\/\/wbp.lublin.pl\/wp-content\/uploads\/2021\/09\/IMG_4824-400x267.webp 400w, https:\/\/wbp.lublin.pl\/wp-content\/uploads\/2021\/09\/IMG_4824-768x512.webp 768w, https:\/\/wbp.lublin.pl\/wp-content\/uploads\/2021\/09\/IMG_4824-1536x1024.webp 1536w, https:\/\/wbp.lublin.pl\/wp-content\/uploads\/2021\/09\/IMG_4824-947x631.webp 947w, https:\/\/wbp.lublin.pl\/wp-content\/uploads\/2021\/09\/IMG_4824-624x416.webp 624w, https:\/\/wbp.lublin.pl\/wp-content\/uploads\/2021\/09\/IMG_4824-84x56.webp 84w, https:\/\/wbp.lublin.pl\/wp-content\/uploads\/2021\/09\/IMG_4824.webp 1620w\" sizes=\"auto, (max-width: 600px) 100vw, 600px\" data-has-transparency=\"false\" data-dominant-color=\"4e524d\" style=\"--dominant-color: #4e524d;\" \/><\/a>\n\t\t\t<\/div>\n\t\t\t\t<figcaption class='wp-caption-text gallery-caption' id='gallery-10-31551'>\n\t\t\t\tFelicjan Dulski &#8211; Piotr Mikulec\n\t\t\t\t<\/figcaption><\/figure>\n\t\t<\/div>\n\n<div id='gallery-11' class='gallery galleryid-31483 gallery-columns-1 gallery-size-medium'><figure class='gallery-item'>\n\t\t\t<div class='gallery-icon landscape'>\n\t\t\t\t<a href='https:\/\/wbp.lublin.pl\/index.php\/2021\/09\/12\/narodowe-czytanie-w-wbp-w-teleobiektywie-i-w-mediach\/img_4862-3\/'><img loading=\"lazy\" decoding=\"async\" width=\"600\" height=\"400\" src=\"https:\/\/wbp.lublin.pl\/wp-content\/uploads\/2021\/09\/IMG_4862-2-600x400.webp\" class=\"attachment-medium size-medium not-transparent\" alt=\"Hanka - Anna Biegalska i Zbyszko - Mariusz Olejarczyk\" aria-describedby=\"gallery-11-31660\" srcset=\"https:\/\/wbp.lublin.pl\/wp-content\/uploads\/2021\/09\/IMG_4862-2-600x400.webp 600w, https:\/\/wbp.lublin.pl\/wp-content\/uploads\/2021\/09\/IMG_4862-2-400x267.webp 400w, https:\/\/wbp.lublin.pl\/wp-content\/uploads\/2021\/09\/IMG_4862-2-768x512.webp 768w, https:\/\/wbp.lublin.pl\/wp-content\/uploads\/2021\/09\/IMG_4862-2-1536x1024.webp 1536w, https:\/\/wbp.lublin.pl\/wp-content\/uploads\/2021\/09\/IMG_4862-2-947x631.webp 947w, https:\/\/wbp.lublin.pl\/wp-content\/uploads\/2021\/09\/IMG_4862-2-624x416.webp 624w, https:\/\/wbp.lublin.pl\/wp-content\/uploads\/2021\/09\/IMG_4862-2-84x56.webp 84w, https:\/\/wbp.lublin.pl\/wp-content\/uploads\/2021\/09\/IMG_4862-2.webp 1620w\" sizes=\"auto, (max-width: 600px) 100vw, 600px\" data-has-transparency=\"false\" data-dominant-color=\"514741\" style=\"--dominant-color: #514741;\" \/><\/a>\n\t\t\t<\/div>\n\t\t\t\t<figcaption class='wp-caption-text gallery-caption' id='gallery-11-31660'>\n\t\t\t\tHanka &#8211; Anna Biegalska i Zbyszko &#8211; Mariusz Olejarczyk\n\t\t\t\t<\/figcaption><\/figure>\n\t\t<\/div>\n\n<div id='gallery-12' class='gallery galleryid-31483 gallery-columns-1 gallery-size-medium'><figure class='gallery-item'>\n\t\t\t<div class='gallery-icon landscape'>\n\t\t\t\t<a href='https:\/\/wbp.lublin.pl\/index.php\/2021\/09\/12\/narodowe-czytanie-w-wbp-w-teleobiektywie-i-w-mediach\/img_4793-2\/'><img loading=\"lazy\" decoding=\"async\" width=\"600\" height=\"400\" src=\"https:\/\/wbp.lublin.pl\/wp-content\/uploads\/2021\/09\/IMG_4793-1-600x400.webp\" class=\"attachment-medium size-medium not-transparent\" alt=\"Narodowe Czytanie w WBP\" aria-describedby=\"gallery-12-31495\" srcset=\"https:\/\/wbp.lublin.pl\/wp-content\/uploads\/2021\/09\/IMG_4793-1-600x400.webp 600w, https:\/\/wbp.lublin.pl\/wp-content\/uploads\/2021\/09\/IMG_4793-1-400x267.webp 400w, https:\/\/wbp.lublin.pl\/wp-content\/uploads\/2021\/09\/IMG_4793-1-768x512.webp 768w, https:\/\/wbp.lublin.pl\/wp-content\/uploads\/2021\/09\/IMG_4793-1-1536x1024.webp 1536w, https:\/\/wbp.lublin.pl\/wp-content\/uploads\/2021\/09\/IMG_4793-1-947x631.webp 947w, https:\/\/wbp.lublin.pl\/wp-content\/uploads\/2021\/09\/IMG_4793-1-624x416.webp 624w, https:\/\/wbp.lublin.pl\/wp-content\/uploads\/2021\/09\/IMG_4793-1-84x56.webp 84w, https:\/\/wbp.lublin.pl\/wp-content\/uploads\/2021\/09\/IMG_4793-1.webp 1620w\" sizes=\"auto, (max-width: 600px) 100vw, 600px\" data-has-transparency=\"false\" data-dominant-color=\"534c44\" style=\"--dominant-color: #534c44;\" \/><\/a>\n\t\t\t<\/div>\n\t\t\t\t<figcaption class='wp-caption-text gallery-caption' id='gallery-12-31495'>\n\t\t\t\tNarodowe Czytanie w WBP\n\t\t\t\t<\/figcaption><\/figure>\n\t\t<\/div>\n\n<div id='gallery-13' class='gallery galleryid-31483 gallery-columns-1 gallery-size-large'><figure class='gallery-item'>\n\t\t\t<div class='gallery-icon portrait'>\n\t\t\t\t<a href='https:\/\/wbp.lublin.pl\/wp-content\/uploads\/2021\/09\/Tadrachowa-ciotka-Hanki.webp'><img loading=\"lazy\" decoding=\"async\" width=\"694\" height=\"1080\" src=\"https:\/\/wbp.lublin.pl\/wp-content\/uploads\/2021\/09\/Tadrachowa-ciotka-Hanki.webp\" class=\"attachment-large size-large not-transparent\" alt=\"Tadrachowa, ciotka Hanki\" aria-describedby=\"gallery-13-31635\" srcset=\"https:\/\/wbp.lublin.pl\/wp-content\/uploads\/2021\/09\/Tadrachowa-ciotka-Hanki.webp 694w, https:\/\/wbp.lublin.pl\/wp-content\/uploads\/2021\/09\/Tadrachowa-ciotka-Hanki-386x600.webp 386w, https:\/\/wbp.lublin.pl\/wp-content\/uploads\/2021\/09\/Tadrachowa-ciotka-Hanki-257x400.webp 257w, https:\/\/wbp.lublin.pl\/wp-content\/uploads\/2021\/09\/Tadrachowa-ciotka-Hanki-624x971.webp 624w\" sizes=\"auto, (max-width: 694px) 100vw, 694px\" data-has-transparency=\"false\" data-dominant-color=\"54362c\" style=\"--dominant-color: #54362c;\" \/><\/a>\n\t\t\t<\/div>\n\t\t\t\t<figcaption class='wp-caption-text gallery-caption' id='gallery-13-31635'>\n\t\t\t\tTadrachowa, ciotka Hanki &#8211; Kamil Izdebski\n\t\t\t\t<\/figcaption><\/figure>\n\t\t<\/div>\n\n<div id='gallery-14' class='gallery galleryid-31483 gallery-columns-1 gallery-size-medium'><figure class='gallery-item'>\n\t\t\t<div class='gallery-icon landscape'>\n\t\t\t\t<a href='https:\/\/wbp.lublin.pl\/index.php\/2021\/09\/12\/narodowe-czytanie-w-wbp-w-teleobiektywie-i-w-mediach\/img_4950\/'><img loading=\"lazy\" decoding=\"async\" width=\"600\" height=\"400\" src=\"https:\/\/wbp.lublin.pl\/wp-content\/uploads\/2021\/09\/IMG_4950-600x400.webp\" class=\"attachment-medium size-medium not-transparent\" alt=\"\" aria-describedby=\"gallery-14-31492\" srcset=\"https:\/\/wbp.lublin.pl\/wp-content\/uploads\/2021\/09\/IMG_4950-600x400.webp 600w, https:\/\/wbp.lublin.pl\/wp-content\/uploads\/2021\/09\/IMG_4950-400x267.webp 400w, https:\/\/wbp.lublin.pl\/wp-content\/uploads\/2021\/09\/IMG_4950-768x512.webp 768w, https:\/\/wbp.lublin.pl\/wp-content\/uploads\/2021\/09\/IMG_4950-1536x1024.webp 1536w, https:\/\/wbp.lublin.pl\/wp-content\/uploads\/2021\/09\/IMG_4950-947x631.webp 947w, https:\/\/wbp.lublin.pl\/wp-content\/uploads\/2021\/09\/IMG_4950-624x416.webp 624w, https:\/\/wbp.lublin.pl\/wp-content\/uploads\/2021\/09\/IMG_4950-84x56.webp 84w, https:\/\/wbp.lublin.pl\/wp-content\/uploads\/2021\/09\/IMG_4950.webp 1620w\" sizes=\"auto, (max-width: 600px) 100vw, 600px\" data-has-transparency=\"false\" data-dominant-color=\"5d5d5b\" style=\"--dominant-color: #5d5d5b;\" \/><\/a>\n\t\t\t<\/div>\n\t\t\t\t<figcaption class='wp-caption-text gallery-caption' id='gallery-14-31492'>\n\t\t\t\tMania Juliasiewiczowa  z Dulskich &#8211; Joanna \u017belazowska\n\t\t\t\t<\/figcaption><\/figure>\n\t\t<\/div>\n\n<div id='gallery-15' class='gallery galleryid-31483 gallery-columns-1 gallery-size-medium'><figure class='gallery-item'>\n\t\t\t<div class='gallery-icon portrait'>\n\t\t\t\t<a href='https:\/\/wbp.lublin.pl\/lokatorka\/'><img loading=\"lazy\" decoding=\"async\" width=\"400\" height=\"600\" src=\"https:\/\/wbp.lublin.pl\/wp-content\/uploads\/2021\/09\/Lokatorka-400x600.webp\" class=\"attachment-medium size-medium not-transparent\" alt=\"Lokatorka - Ma\u0142gorzata \u015acirka\" aria-describedby=\"gallery-15-31636\" srcset=\"https:\/\/wbp.lublin.pl\/wp-content\/uploads\/2021\/09\/Lokatorka-400x600.webp 400w, https:\/\/wbp.lublin.pl\/wp-content\/uploads\/2021\/09\/Lokatorka-267x400.webp 267w, https:\/\/wbp.lublin.pl\/wp-content\/uploads\/2021\/09\/Lokatorka-624x936.webp 624w, https:\/\/wbp.lublin.pl\/wp-content\/uploads\/2021\/09\/Lokatorka.webp 720w\" sizes=\"auto, (max-width: 400px) 100vw, 400px\" data-has-transparency=\"false\" data-dominant-color=\"494a4b\" style=\"--dominant-color: #494a4b;\" \/><\/a>\n\t\t\t<\/div>\n\t\t\t\t<figcaption class='wp-caption-text gallery-caption' id='gallery-15-31636'>\n\t\t\t\tLokatorka &#8211; Ma\u0142gorzata \u015acirka\n\t\t\t\t<\/figcaption><\/figure>\n\t\t<\/div>\n\n<hr \/>\n<p><span style=\"color: #000000;\"><strong>Pe\u0142na obsada spektaklu \u201eMoralno\u015b\u0107 pani Dulskiej\u201d Gabrieli Zapolskiej oraz realizatorzy spektaklu<\/strong><\/span><\/p>\n<p><span style=\"color: #000000;\">Aniela\u00a0 Dulska \u2013<strong> Patrycja P\u0142o\u0144ska<\/strong><\/span><\/p>\n<p><span style=\"color: #000000;\">Felicjan\u00a0 Dulski \u2013<strong> Piotr Mikulec<\/strong><\/span><\/p>\n<p><span style=\"color: #000000;\">Zbyszko Dulski \u2013<strong> Mariusz Olejarczyk<\/strong><\/span><\/p>\n<p><span style=\"color: #000000;\">Hesia Dulska \u2013<strong> Adelina Gierszon<\/strong><\/span><\/p>\n<p><span style=\"color: #000000;\">Mela Dulska \u2013<strong> Anna Czajkowska <\/strong><\/span><\/p>\n<p><span style=\"color: #000000;\">Mania Juliasiewiczowa z Dulskich<strong> \u2013 Joanna \u017belazowska<\/strong><\/span><\/p>\n<p><span style=\"color: #000000;\">Hanka \u2013<strong> Anna Biegalska<\/strong><\/span><\/p>\n<p><span style=\"color: #000000;\">Tadrachowa, ciotka Hanki<strong> \u2013 Kamil Izdebski<\/strong><\/span><\/p>\n<p><span style=\"color: #000000;\">Lokatorka \u2013<strong> Ma\u0142gorzata \u015acirka<\/strong><\/span><\/p>\n<div id='gallery-16' class='gallery galleryid-31483 gallery-columns-1 gallery-size-medium'><figure class='gallery-item'>\n\t\t\t<div class='gallery-icon landscape'>\n\t\t\t\t<a href='https:\/\/wbp.lublin.pl\/index.php\/homepage-3\/img_4365-2\/'><img loading=\"lazy\" decoding=\"async\" width=\"600\" height=\"400\" src=\"https:\/\/wbp.lublin.pl\/wp-content\/uploads\/2021\/09\/IMG_4365-600x400.webp\" class=\"attachment-medium size-medium not-transparent\" alt=\"Beta Januszek i Anna Mikos\" aria-describedby=\"gallery-16-31340\" srcset=\"https:\/\/wbp.lublin.pl\/wp-content\/uploads\/2021\/09\/IMG_4365-600x400.webp 600w, https:\/\/wbp.lublin.pl\/wp-content\/uploads\/2021\/09\/IMG_4365-400x267.webp 400w, https:\/\/wbp.lublin.pl\/wp-content\/uploads\/2021\/09\/IMG_4365-768x512.webp 768w, https:\/\/wbp.lublin.pl\/wp-content\/uploads\/2021\/09\/IMG_4365-1536x1024.webp 1536w, https:\/\/wbp.lublin.pl\/wp-content\/uploads\/2021\/09\/IMG_4365-947x631.webp 947w, https:\/\/wbp.lublin.pl\/wp-content\/uploads\/2021\/09\/IMG_4365-624x416.webp 624w, https:\/\/wbp.lublin.pl\/wp-content\/uploads\/2021\/09\/IMG_4365-84x56.webp 84w, https:\/\/wbp.lublin.pl\/wp-content\/uploads\/2021\/09\/IMG_4365.webp 1620w\" sizes=\"auto, (max-width: 600px) 100vw, 600px\" data-has-transparency=\"false\" data-dominant-color=\"727c77\" style=\"--dominant-color: #727c77;\" \/><\/a>\n\t\t\t<\/div>\n\t\t\t\t<figcaption class='wp-caption-text gallery-caption' id='gallery-16-31340'>\n\t\t\t\tBeta Januszek i Anna Mikos &#8211; adaptatorki tekstu i re\u017cyserki\n\t\t\t\t<\/figcaption><\/figure>\n\t\t<\/div>\n\n<p><span style=\"color: #000000;\">Adaptacja tekstu, re\u017cyseria, opracowanie scenografii &#8211; <strong>Beata Januszek <\/strong>i<strong> Anna Mikos<\/strong><\/span><\/p>\n<p><span style=\"color: #000000;\">Kostiumy, rekwizyty, przygotowanie scenografii, ruch sceniczny &#8211;\u00a0<\/span><span style=\"color: #000000;\"><strong>Anna Biegalska, Anna Czajkowska, Adelina Gierszon<\/strong>,<strong> Beata Januszek<\/strong>,<strong> Anna Mikos<em>,<\/em><\/strong> <strong>Patrycja P\u0142o\u0144ska, Katarzyna Podkowi\u0144ska, Katarzyna Zarucka, Joanna \u017belazowska <\/strong><\/span><\/p>\n<p><span style=\"color: #000000;\">Oprawa muzyczna \u2013 <strong>\u0141ukasz J\u00f3\u017awiak <\/strong><\/span><\/p>\n<p><span style=\"color: #000000;\">Ud\u017awi\u0119kowienie \u2013 <strong>Marek Janik <\/strong><\/span><\/p>\n<p><span style=\"color: #000000;\">Operator kamery \u2013 <strong>Anna Mikos<\/strong><\/span><\/p>\n<p><span style=\"color: #000000;\">Transmisja online \u2013 <strong>Marek Semeniuk<\/strong><\/span><\/p>\n<p><span style=\"color: #000000;\">Fotosy \u2013 <strong>Dorota Mo\u015bcibrodzka<\/strong><\/span><\/p>\n<p><span style=\"color: #000000;\">Projekt zak\u0142adki \u2013 <strong>Piotr Mikulec<\/strong><\/span><\/p>\n<p><span style=\"color: #000000;\">Projekt plakatu \u2013 <strong>Mariusz Olejarczyk<\/strong><\/span><\/p>\n<p><span style=\"color: #000000;\">Piecz\u0119tarz \u2013 <strong>Dariusz Chr\u00f3\u015bcik<\/strong><\/span><\/p>\n<p><span style=\"color: #000000;\">Przygotowanie okoliczno\u015bciowej wystawy <strong>\u00a0<\/strong>\u2013 <strong>Beata Januszek <\/strong>i<strong> Anna Mikos\u00a0 <\/strong><\/span><\/p>\n<div id='gallery-17' class='gallery galleryid-31483 gallery-columns-1 gallery-size-medium'><figure class='gallery-item'>\n\t\t\t<div class='gallery-icon portrait'>\n\t\t\t\t<a href='https:\/\/wbp.lublin.pl\/index.php\/2021\/09\/12\/narodowe-czytanie-w-wbp-w-teleobiektywie-i-w-mediach\/img_44711\/'><img loading=\"lazy\" decoding=\"async\" width=\"400\" height=\"600\" src=\"https:\/\/wbp.lublin.pl\/wp-content\/uploads\/2021\/09\/IMG_44711-rotated-400x600.webp\" class=\"attachment-medium size-medium not-transparent\" alt=\"Dzwonnik z WBP - Marek Bunia\" aria-describedby=\"gallery-17-31658\" srcset=\"https:\/\/wbp.lublin.pl\/wp-content\/uploads\/2021\/09\/IMG_44711-rotated-400x600.webp 400w, https:\/\/wbp.lublin.pl\/wp-content\/uploads\/2021\/09\/IMG_44711-rotated-267x400.webp 267w, https:\/\/wbp.lublin.pl\/wp-content\/uploads\/2021\/09\/IMG_44711-rotated-624x936.webp 624w, https:\/\/wbp.lublin.pl\/wp-content\/uploads\/2021\/09\/IMG_44711-rotated.webp 720w\" sizes=\"auto, (max-width: 400px) 100vw, 400px\" data-has-transparency=\"false\" data-dominant-color=\"807f78\" style=\"--dominant-color: #807f78;\" \/><\/a>\n\t\t\t<\/div>\n\t\t\t\t<figcaption class='wp-caption-text gallery-caption' id='gallery-17-31658'>\n\t\t\t\tDzwonnik z WBP &#8211; Marek Bunia\n\t\t\t\t<\/figcaption><\/figure>\n\t\t<\/div>\n\n<p><span style=\"color: #000000;\">Operator gongu<strong> \u2013 Marek Bunia\u00a0<\/strong><\/span><\/p>\n<p style=\"text-align: center;\"><span style=\"color: #000000;\"><strong>&#8222;Trupa z szafy bibliotecznej wystawia &#8222;Moralno\u015b\u0107 pani Dulskiej&#8221; Gabrieli Zapolskiej<\/strong><\/span><\/p>\n<div id='gallery-18' class='gallery galleryid-31483 gallery-columns-3 gallery-size-medium'><figure class='gallery-item'>\n\t\t\t<div class='gallery-icon landscape'>\n\t\t\t\t<a href='https:\/\/wbp.lublin.pl\/index.php\/2021\/09\/12\/narodowe-czytanie-w-wbp-w-teleobiektywie-i-w-mediach\/img_4776\/'><img loading=\"lazy\" decoding=\"async\" width=\"600\" height=\"400\" src=\"https:\/\/wbp.lublin.pl\/wp-content\/uploads\/2021\/09\/IMG_4776-600x400.webp\" class=\"attachment-medium size-medium not-transparent\" alt=\"\" aria-describedby=\"gallery-18-31539\" srcset=\"https:\/\/wbp.lublin.pl\/wp-content\/uploads\/2021\/09\/IMG_4776-600x400.webp 600w, https:\/\/wbp.lublin.pl\/wp-content\/uploads\/2021\/09\/IMG_4776-400x267.webp 400w, https:\/\/wbp.lublin.pl\/wp-content\/uploads\/2021\/09\/IMG_4776-768x512.webp 768w, https:\/\/wbp.lublin.pl\/wp-content\/uploads\/2021\/09\/IMG_4776-1536x1024.webp 1536w, https:\/\/wbp.lublin.pl\/wp-content\/uploads\/2021\/09\/IMG_4776-947x631.webp 947w, https:\/\/wbp.lublin.pl\/wp-content\/uploads\/2021\/09\/IMG_4776-624x416.webp 624w, https:\/\/wbp.lublin.pl\/wp-content\/uploads\/2021\/09\/IMG_4776-84x56.webp 84w, https:\/\/wbp.lublin.pl\/wp-content\/uploads\/2021\/09\/IMG_4776.webp 1620w\" sizes=\"auto, (max-width: 600px) 100vw, 600px\" data-has-transparency=\"false\" data-dominant-color=\"605e58\" style=\"--dominant-color: #605e58;\" \/><\/a>\n\t\t\t<\/div>\n\t\t\t\t<figcaption class='wp-caption-text gallery-caption' id='gallery-18-31539'>\n\t\t\t\tDulska &#8211; Patrycja P\u0142o\u0144ska i Hanka &#8211; Anna Biegalska\n\t\t\t\t<\/figcaption><\/figure><figure class='gallery-item'>\n\t\t\t<div class='gallery-icon landscape'>\n\t\t\t\t<a href='https:\/\/wbp.lublin.pl\/index.php\/2021\/09\/12\/narodowe-czytanie-w-wbp-w-teleobiektywie-i-w-mediach\/img_4780\/'><img loading=\"lazy\" decoding=\"async\" width=\"600\" height=\"400\" src=\"https:\/\/wbp.lublin.pl\/wp-content\/uploads\/2021\/09\/IMG_4780-600x400.webp\" class=\"attachment-medium size-medium not-transparent\" alt=\"\" aria-describedby=\"gallery-18-31540\" srcset=\"https:\/\/wbp.lublin.pl\/wp-content\/uploads\/2021\/09\/IMG_4780-600x400.webp 600w, https:\/\/wbp.lublin.pl\/wp-content\/uploads\/2021\/09\/IMG_4780-400x267.webp 400w, https:\/\/wbp.lublin.pl\/wp-content\/uploads\/2021\/09\/IMG_4780-768x512.webp 768w, https:\/\/wbp.lublin.pl\/wp-content\/uploads\/2021\/09\/IMG_4780-1536x1024.webp 1536w, https:\/\/wbp.lublin.pl\/wp-content\/uploads\/2021\/09\/IMG_4780-947x631.webp 947w, https:\/\/wbp.lublin.pl\/wp-content\/uploads\/2021\/09\/IMG_4780-624x416.webp 624w, https:\/\/wbp.lublin.pl\/wp-content\/uploads\/2021\/09\/IMG_4780-84x56.webp 84w, https:\/\/wbp.lublin.pl\/wp-content\/uploads\/2021\/09\/IMG_4780.webp 1620w\" sizes=\"auto, (max-width: 600px) 100vw, 600px\" data-has-transparency=\"false\" data-dominant-color=\"4f4b47\" style=\"--dominant-color: #4f4b47;\" \/><\/a>\n\t\t\t<\/div>\n\t\t\t\t<figcaption class='wp-caption-text gallery-caption' id='gallery-18-31540'>\n\t\t\t\tDulska &#8211; Patrycja P\u0142o\u0144ska i Hanka &#8211; Anna Biegalska\n\t\t\t\t<\/figcaption><\/figure><figure class='gallery-item'>\n\t\t\t<div class='gallery-icon landscape'>\n\t\t\t\t<a href='https:\/\/wbp.lublin.pl\/index.php\/2021\/09\/12\/narodowe-czytanie-w-wbp-w-teleobiektywie-i-w-mediach\/img_4783\/'><img loading=\"lazy\" decoding=\"async\" width=\"600\" height=\"400\" src=\"https:\/\/wbp.lublin.pl\/wp-content\/uploads\/2021\/09\/IMG_4783-600x400.webp\" class=\"attachment-medium size-medium not-transparent\" alt=\"\" aria-describedby=\"gallery-18-31541\" srcset=\"https:\/\/wbp.lublin.pl\/wp-content\/uploads\/2021\/09\/IMG_4783-600x400.webp 600w, https:\/\/wbp.lublin.pl\/wp-content\/uploads\/2021\/09\/IMG_4783-400x267.webp 400w, https:\/\/wbp.lublin.pl\/wp-content\/uploads\/2021\/09\/IMG_4783-768x512.webp 768w, https:\/\/wbp.lublin.pl\/wp-content\/uploads\/2021\/09\/IMG_4783-1536x1024.webp 1536w, https:\/\/wbp.lublin.pl\/wp-content\/uploads\/2021\/09\/IMG_4783-947x631.webp 947w, https:\/\/wbp.lublin.pl\/wp-content\/uploads\/2021\/09\/IMG_4783-624x416.webp 624w, https:\/\/wbp.lublin.pl\/wp-content\/uploads\/2021\/09\/IMG_4783-84x56.webp 84w, https:\/\/wbp.lublin.pl\/wp-content\/uploads\/2021\/09\/IMG_4783.webp 1620w\" sizes=\"auto, (max-width: 600px) 100vw, 600px\" data-has-transparency=\"false\" data-dominant-color=\"6d605d\" style=\"--dominant-color: #6d605d;\" \/><\/a>\n\t\t\t<\/div>\n\t\t\t\t<figcaption class='wp-caption-text gallery-caption' id='gallery-18-31541'>\n\t\t\t\tDulska &#8211; Patrycja P\u0142o\u0144ska i Hanka &#8211; Anna Biegalska\n\t\t\t\t<\/figcaption><\/figure><figure class='gallery-item'>\n\t\t\t<div class='gallery-icon landscape'>\n\t\t\t\t<a href='https:\/\/wbp.lublin.pl\/index.php\/2021\/09\/12\/narodowe-czytanie-w-wbp-w-teleobiektywie-i-w-mediach\/img_4786\/'><img loading=\"lazy\" decoding=\"async\" width=\"600\" height=\"400\" src=\"https:\/\/wbp.lublin.pl\/wp-content\/uploads\/2021\/09\/IMG_4786-600x400.webp\" class=\"attachment-medium size-medium not-transparent\" alt=\"Narodowe Czytanie w WBP\" aria-describedby=\"gallery-18-31717\" srcset=\"https:\/\/wbp.lublin.pl\/wp-content\/uploads\/2021\/09\/IMG_4786-600x400.webp 600w, https:\/\/wbp.lublin.pl\/wp-content\/uploads\/2021\/09\/IMG_4786-400x267.webp 400w, https:\/\/wbp.lublin.pl\/wp-content\/uploads\/2021\/09\/IMG_4786-768x512.webp 768w, https:\/\/wbp.lublin.pl\/wp-content\/uploads\/2021\/09\/IMG_4786-1536x1024.webp 1536w, https:\/\/wbp.lublin.pl\/wp-content\/uploads\/2021\/09\/IMG_4786-947x631.webp 947w, https:\/\/wbp.lublin.pl\/wp-content\/uploads\/2021\/09\/IMG_4786-624x416.webp 624w, https:\/\/wbp.lublin.pl\/wp-content\/uploads\/2021\/09\/IMG_4786-84x56.webp 84w, https:\/\/wbp.lublin.pl\/wp-content\/uploads\/2021\/09\/IMG_4786.webp 1620w\" sizes=\"auto, (max-width: 600px) 100vw, 600px\" data-has-transparency=\"false\" data-dominant-color=\"6e655c\" style=\"--dominant-color: #6e655c;\" \/><\/a>\n\t\t\t<\/div>\n\t\t\t\t<figcaption class='wp-caption-text gallery-caption' id='gallery-18-31717'>\n\t\t\t\tNarodowe Czytanie w WBP\n\t\t\t\t<\/figcaption><\/figure><figure class='gallery-item'>\n\t\t\t<div class='gallery-icon landscape'>\n\t\t\t\t<a href='https:\/\/wbp.lublin.pl\/index.php\/2021\/09\/12\/narodowe-czytanie-w-wbp-w-teleobiektywie-i-w-mediach\/img_4790\/'><img loading=\"lazy\" decoding=\"async\" width=\"600\" height=\"400\" src=\"https:\/\/wbp.lublin.pl\/wp-content\/uploads\/2021\/09\/IMG_4790-600x400.webp\" class=\"attachment-medium size-medium not-transparent\" alt=\"Narodowe Czytanie w WBP\" aria-describedby=\"gallery-18-31542\" srcset=\"https:\/\/wbp.lublin.pl\/wp-content\/uploads\/2021\/09\/IMG_4790-600x400.webp 600w, https:\/\/wbp.lublin.pl\/wp-content\/uploads\/2021\/09\/IMG_4790-400x267.webp 400w, https:\/\/wbp.lublin.pl\/wp-content\/uploads\/2021\/09\/IMG_4790-768x512.webp 768w, https:\/\/wbp.lublin.pl\/wp-content\/uploads\/2021\/09\/IMG_4790-1536x1024.webp 1536w, https:\/\/wbp.lublin.pl\/wp-content\/uploads\/2021\/09\/IMG_4790-947x631.webp 947w, https:\/\/wbp.lublin.pl\/wp-content\/uploads\/2021\/09\/IMG_4790-624x416.webp 624w, https:\/\/wbp.lublin.pl\/wp-content\/uploads\/2021\/09\/IMG_4790-84x56.webp 84w, https:\/\/wbp.lublin.pl\/wp-content\/uploads\/2021\/09\/IMG_4790.webp 1620w\" sizes=\"auto, (max-width: 600px) 100vw, 600px\" data-has-transparency=\"false\" data-dominant-color=\"675f57\" style=\"--dominant-color: #675f57;\" \/><\/a>\n\t\t\t<\/div>\n\t\t\t\t<figcaption class='wp-caption-text gallery-caption' id='gallery-18-31542'>\n\t\t\t\tNarodowe Czytanie w WBP\n\t\t\t\t<\/figcaption><\/figure><figure class='gallery-item'>\n\t\t\t<div class='gallery-icon landscape'>\n\t\t\t\t<a href='https:\/\/wbp.lublin.pl\/index.php\/2021\/09\/12\/narodowe-czytanie-w-wbp-w-teleobiektywie-i-w-mediach\/img_4793-2\/'><img loading=\"lazy\" decoding=\"async\" width=\"600\" height=\"400\" src=\"https:\/\/wbp.lublin.pl\/wp-content\/uploads\/2021\/09\/IMG_4793-1-600x400.webp\" class=\"attachment-medium size-medium not-transparent\" alt=\"Narodowe Czytanie w WBP\" aria-describedby=\"gallery-18-31495\" srcset=\"https:\/\/wbp.lublin.pl\/wp-content\/uploads\/2021\/09\/IMG_4793-1-600x400.webp 600w, https:\/\/wbp.lublin.pl\/wp-content\/uploads\/2021\/09\/IMG_4793-1-400x267.webp 400w, https:\/\/wbp.lublin.pl\/wp-content\/uploads\/2021\/09\/IMG_4793-1-768x512.webp 768w, https:\/\/wbp.lublin.pl\/wp-content\/uploads\/2021\/09\/IMG_4793-1-1536x1024.webp 1536w, https:\/\/wbp.lublin.pl\/wp-content\/uploads\/2021\/09\/IMG_4793-1-947x631.webp 947w, https:\/\/wbp.lublin.pl\/wp-content\/uploads\/2021\/09\/IMG_4793-1-624x416.webp 624w, https:\/\/wbp.lublin.pl\/wp-content\/uploads\/2021\/09\/IMG_4793-1-84x56.webp 84w, https:\/\/wbp.lublin.pl\/wp-content\/uploads\/2021\/09\/IMG_4793-1.webp 1620w\" sizes=\"auto, (max-width: 600px) 100vw, 600px\" data-has-transparency=\"false\" data-dominant-color=\"534c44\" style=\"--dominant-color: #534c44;\" \/><\/a>\n\t\t\t<\/div>\n\t\t\t\t<figcaption class='wp-caption-text gallery-caption' id='gallery-18-31495'>\n\t\t\t\tNarodowe Czytanie w WBP\n\t\t\t\t<\/figcaption><\/figure><figure class='gallery-item'>\n\t\t\t<div class='gallery-icon landscape'>\n\t\t\t\t<a href='https:\/\/wbp.lublin.pl\/index.php\/2021\/09\/12\/narodowe-czytanie-w-wbp-w-teleobiektywie-i-w-mediach\/img_4798\/'><img loading=\"lazy\" decoding=\"async\" width=\"600\" height=\"400\" src=\"https:\/\/wbp.lublin.pl\/wp-content\/uploads\/2021\/09\/IMG_4798-600x400.webp\" class=\"attachment-medium size-medium not-transparent\" alt=\"Narodowe Czytanie w WBP\" aria-describedby=\"gallery-18-31543\" srcset=\"https:\/\/wbp.lublin.pl\/wp-content\/uploads\/2021\/09\/IMG_4798-600x400.webp 600w, https:\/\/wbp.lublin.pl\/wp-content\/uploads\/2021\/09\/IMG_4798-400x267.webp 400w, https:\/\/wbp.lublin.pl\/wp-content\/uploads\/2021\/09\/IMG_4798-768x512.webp 768w, https:\/\/wbp.lublin.pl\/wp-content\/uploads\/2021\/09\/IMG_4798-1536x1024.webp 1536w, https:\/\/wbp.lublin.pl\/wp-content\/uploads\/2021\/09\/IMG_4798-947x631.webp 947w, https:\/\/wbp.lublin.pl\/wp-content\/uploads\/2021\/09\/IMG_4798-624x416.webp 624w, https:\/\/wbp.lublin.pl\/wp-content\/uploads\/2021\/09\/IMG_4798-84x56.webp 84w, https:\/\/wbp.lublin.pl\/wp-content\/uploads\/2021\/09\/IMG_4798.webp 1620w\" sizes=\"auto, (max-width: 600px) 100vw, 600px\" data-has-transparency=\"false\" data-dominant-color=\"534942\" style=\"--dominant-color: #534942;\" \/><\/a>\n\t\t\t<\/div>\n\t\t\t\t<figcaption class='wp-caption-text gallery-caption' id='gallery-18-31543'>\n\t\t\t\tNarodowe Czytanie w WBP\n\t\t\t\t<\/figcaption><\/figure><figure class='gallery-item'>\n\t\t\t<div class='gallery-icon landscape'>\n\t\t\t\t<a href='https:\/\/wbp.lublin.pl\/index.php\/2021\/09\/12\/narodowe-czytanie-w-wbp-w-teleobiektywie-i-w-mediach\/img_4802\/'><img loading=\"lazy\" decoding=\"async\" width=\"600\" height=\"400\" src=\"https:\/\/wbp.lublin.pl\/wp-content\/uploads\/2021\/09\/IMG_4802-600x400.webp\" class=\"attachment-medium size-medium not-transparent\" alt=\"Narodowe Czytanie w WBP\" aria-describedby=\"gallery-18-31720\" srcset=\"https:\/\/wbp.lublin.pl\/wp-content\/uploads\/2021\/09\/IMG_4802-600x400.webp 600w, https:\/\/wbp.lublin.pl\/wp-content\/uploads\/2021\/09\/IMG_4802-400x267.webp 400w, https:\/\/wbp.lublin.pl\/wp-content\/uploads\/2021\/09\/IMG_4802-768x512.webp 768w, https:\/\/wbp.lublin.pl\/wp-content\/uploads\/2021\/09\/IMG_4802-1536x1024.webp 1536w, https:\/\/wbp.lublin.pl\/wp-content\/uploads\/2021\/09\/IMG_4802-947x631.webp 947w, https:\/\/wbp.lublin.pl\/wp-content\/uploads\/2021\/09\/IMG_4802-624x416.webp 624w, https:\/\/wbp.lublin.pl\/wp-content\/uploads\/2021\/09\/IMG_4802-84x56.webp 84w, https:\/\/wbp.lublin.pl\/wp-content\/uploads\/2021\/09\/IMG_4802.webp 1620w\" sizes=\"auto, (max-width: 600px) 100vw, 600px\" data-has-transparency=\"false\" data-dominant-color=\"5e5955\" style=\"--dominant-color: #5e5955;\" \/><\/a>\n\t\t\t<\/div>\n\t\t\t\t<figcaption class='wp-caption-text gallery-caption' id='gallery-18-31720'>\n\t\t\t\tNarodowe Czytanie w WBP\n\t\t\t\t<\/figcaption><\/figure><figure class='gallery-item'>\n\t\t\t<div class='gallery-icon landscape'>\n\t\t\t\t<a href='https:\/\/wbp.lublin.pl\/index.php\/2021\/09\/12\/narodowe-czytanie-w-wbp-w-teleobiektywie-i-w-mediach\/img_4804\/'><img loading=\"lazy\" decoding=\"async\" width=\"600\" height=\"400\" src=\"https:\/\/wbp.lublin.pl\/wp-content\/uploads\/2021\/09\/IMG_4804-600x400.webp\" class=\"attachment-medium size-medium not-transparent\" alt=\"\" aria-describedby=\"gallery-18-31545\" srcset=\"https:\/\/wbp.lublin.pl\/wp-content\/uploads\/2021\/09\/IMG_4804-600x400.webp 600w, https:\/\/wbp.lublin.pl\/wp-content\/uploads\/2021\/09\/IMG_4804-400x267.webp 400w, https:\/\/wbp.lublin.pl\/wp-content\/uploads\/2021\/09\/IMG_4804-768x512.webp 768w, https:\/\/wbp.lublin.pl\/wp-content\/uploads\/2021\/09\/IMG_4804-1536x1024.webp 1536w, https:\/\/wbp.lublin.pl\/wp-content\/uploads\/2021\/09\/IMG_4804-947x631.webp 947w, https:\/\/wbp.lublin.pl\/wp-content\/uploads\/2021\/09\/IMG_4804-624x416.webp 624w, https:\/\/wbp.lublin.pl\/wp-content\/uploads\/2021\/09\/IMG_4804-84x56.webp 84w, https:\/\/wbp.lublin.pl\/wp-content\/uploads\/2021\/09\/IMG_4804.webp 1620w\" sizes=\"auto, (max-width: 600px) 100vw, 600px\" data-has-transparency=\"false\" data-dominant-color=\"656362\" style=\"--dominant-color: #656362;\" \/><\/a>\n\t\t\t<\/div>\n\t\t\t\t<figcaption class='wp-caption-text gallery-caption' id='gallery-18-31545'>\n\t\t\t\t&#8222;Trupa z szafy bibliotecznej&#8221; wystawia &#8222;Moralno\u015b\u0107 pani Dulskiej&#8221; Gabrieli Zapolskiej\n\t\t\t\t<\/figcaption><\/figure><figure class='gallery-item'>\n\t\t\t<div class='gallery-icon landscape'>\n\t\t\t\t<a href='https:\/\/wbp.lublin.pl\/index.php\/2021\/09\/12\/narodowe-czytanie-w-wbp-w-teleobiektywie-i-w-mediach\/img_4807\/'><img loading=\"lazy\" decoding=\"async\" width=\"600\" height=\"400\" src=\"https:\/\/wbp.lublin.pl\/wp-content\/uploads\/2021\/09\/IMG_4807-600x400.webp\" class=\"attachment-medium size-medium not-transparent\" alt=\"\" aria-describedby=\"gallery-18-31546\" srcset=\"https:\/\/wbp.lublin.pl\/wp-content\/uploads\/2021\/09\/IMG_4807-600x400.webp 600w, https:\/\/wbp.lublin.pl\/wp-content\/uploads\/2021\/09\/IMG_4807-400x267.webp 400w, https:\/\/wbp.lublin.pl\/wp-content\/uploads\/2021\/09\/IMG_4807-768x512.webp 768w, https:\/\/wbp.lublin.pl\/wp-content\/uploads\/2021\/09\/IMG_4807-1536x1024.webp 1536w, https:\/\/wbp.lublin.pl\/wp-content\/uploads\/2021\/09\/IMG_4807-947x631.webp 947w, https:\/\/wbp.lublin.pl\/wp-content\/uploads\/2021\/09\/IMG_4807-624x416.webp 624w, https:\/\/wbp.lublin.pl\/wp-content\/uploads\/2021\/09\/IMG_4807-84x56.webp 84w, https:\/\/wbp.lublin.pl\/wp-content\/uploads\/2021\/09\/IMG_4807.webp 1620w\" sizes=\"auto, (max-width: 600px) 100vw, 600px\" data-has-transparency=\"false\" data-dominant-color=\"4f4a45\" style=\"--dominant-color: #4f4a45;\" \/><\/a>\n\t\t\t<\/div>\n\t\t\t\t<figcaption class='wp-caption-text gallery-caption' id='gallery-18-31546'>\n\t\t\t\tFelicjan Dulski &#8211; Piotr Mikulec\n\t\t\t\t<\/figcaption><\/figure><figure class='gallery-item'>\n\t\t\t<div class='gallery-icon landscape'>\n\t\t\t\t<a href='https:\/\/wbp.lublin.pl\/index.php\/2021\/09\/12\/narodowe-czytanie-w-wbp-w-teleobiektywie-i-w-mediach\/img_4811\/'><img loading=\"lazy\" decoding=\"async\" width=\"600\" height=\"400\" src=\"https:\/\/wbp.lublin.pl\/wp-content\/uploads\/2021\/09\/IMG_4811-600x400.webp\" class=\"attachment-medium size-medium not-transparent\" alt=\"&quot;Trupa z szafy bibliotecznej&quot; wystawia &quot;Moralno\u015b\u0107 pani Dulskiej&quot; Gabrieli Zapolskiej\" aria-describedby=\"gallery-18-31723\" srcset=\"https:\/\/wbp.lublin.pl\/wp-content\/uploads\/2021\/09\/IMG_4811-600x400.webp 600w, https:\/\/wbp.lublin.pl\/wp-content\/uploads\/2021\/09\/IMG_4811-400x267.webp 400w, https:\/\/wbp.lublin.pl\/wp-content\/uploads\/2021\/09\/IMG_4811-768x512.webp 768w, https:\/\/wbp.lublin.pl\/wp-content\/uploads\/2021\/09\/IMG_4811-1536x1024.webp 1536w, https:\/\/wbp.lublin.pl\/wp-content\/uploads\/2021\/09\/IMG_4811-947x631.webp 947w, https:\/\/wbp.lublin.pl\/wp-content\/uploads\/2021\/09\/IMG_4811-624x416.webp 624w, https:\/\/wbp.lublin.pl\/wp-content\/uploads\/2021\/09\/IMG_4811-84x56.webp 84w, https:\/\/wbp.lublin.pl\/wp-content\/uploads\/2021\/09\/IMG_4811.webp 1620w\" sizes=\"auto, (max-width: 600px) 100vw, 600px\" data-has-transparency=\"false\" data-dominant-color=\"5b5858\" style=\"--dominant-color: #5b5858;\" \/><\/a>\n\t\t\t<\/div>\n\t\t\t\t<figcaption class='wp-caption-text gallery-caption' id='gallery-18-31723'>\n\t\t\t\t&#8222;Trupa z szafy bibliotecznej&#8221; wystawia &#8222;Moralno\u015b\u0107 pani Dulskiej&#8221; Gabrieli Zapolskiej\n\t\t\t\t<\/figcaption><\/figure><figure class='gallery-item'>\n\t\t\t<div class='gallery-icon landscape'>\n\t\t\t\t<a href='https:\/\/wbp.lublin.pl\/index.php\/2021\/09\/12\/narodowe-czytanie-w-wbp-w-teleobiektywie-i-w-mediach\/img_4814\/'><img loading=\"lazy\" decoding=\"async\" width=\"600\" height=\"400\" src=\"https:\/\/wbp.lublin.pl\/wp-content\/uploads\/2021\/09\/IMG_4814-600x400.webp\" class=\"attachment-medium size-medium not-transparent\" alt=\"Narodowe Czytanie w WBP\" aria-describedby=\"gallery-18-31549\" srcset=\"https:\/\/wbp.lublin.pl\/wp-content\/uploads\/2021\/09\/IMG_4814-600x400.webp 600w, https:\/\/wbp.lublin.pl\/wp-content\/uploads\/2021\/09\/IMG_4814-400x267.webp 400w, https:\/\/wbp.lublin.pl\/wp-content\/uploads\/2021\/09\/IMG_4814-768x512.webp 768w, https:\/\/wbp.lublin.pl\/wp-content\/uploads\/2021\/09\/IMG_4814-1536x1024.webp 1536w, https:\/\/wbp.lublin.pl\/wp-content\/uploads\/2021\/09\/IMG_4814-947x631.webp 947w, https:\/\/wbp.lublin.pl\/wp-content\/uploads\/2021\/09\/IMG_4814-624x416.webp 624w, https:\/\/wbp.lublin.pl\/wp-content\/uploads\/2021\/09\/IMG_4814-84x56.webp 84w, https:\/\/wbp.lublin.pl\/wp-content\/uploads\/2021\/09\/IMG_4814.webp 1620w\" sizes=\"auto, (max-width: 600px) 100vw, 600px\" data-has-transparency=\"false\" data-dominant-color=\"4b4a4a\" style=\"--dominant-color: #4b4a4a;\" \/><\/a>\n\t\t\t<\/div>\n\t\t\t\t<figcaption class='wp-caption-text gallery-caption' id='gallery-18-31549'>\n\t\t\t\tNarodowe Czytanie w WBP\n\t\t\t\t<\/figcaption><\/figure><figure class='gallery-item'>\n\t\t\t<div class='gallery-icon landscape'>\n\t\t\t\t<a href='https:\/\/wbp.lublin.pl\/index.php\/2021\/09\/12\/narodowe-czytanie-w-wbp-w-teleobiektywie-i-w-mediach\/img_4820\/'><img loading=\"lazy\" decoding=\"async\" width=\"600\" height=\"400\" src=\"https:\/\/wbp.lublin.pl\/wp-content\/uploads\/2021\/09\/IMG_4820-600x400.webp\" class=\"attachment-medium size-medium not-transparent\" alt=\"Narodowe Czytanie w WBP\" aria-describedby=\"gallery-18-31550\" srcset=\"https:\/\/wbp.lublin.pl\/wp-content\/uploads\/2021\/09\/IMG_4820-600x400.webp 600w, https:\/\/wbp.lublin.pl\/wp-content\/uploads\/2021\/09\/IMG_4820-400x267.webp 400w, https:\/\/wbp.lublin.pl\/wp-content\/uploads\/2021\/09\/IMG_4820-768x512.webp 768w, https:\/\/wbp.lublin.pl\/wp-content\/uploads\/2021\/09\/IMG_4820-1536x1024.webp 1536w, https:\/\/wbp.lublin.pl\/wp-content\/uploads\/2021\/09\/IMG_4820-947x631.webp 947w, https:\/\/wbp.lublin.pl\/wp-content\/uploads\/2021\/09\/IMG_4820-624x416.webp 624w, https:\/\/wbp.lublin.pl\/wp-content\/uploads\/2021\/09\/IMG_4820-84x56.webp 84w, https:\/\/wbp.lublin.pl\/wp-content\/uploads\/2021\/09\/IMG_4820.webp 1620w\" sizes=\"auto, (max-width: 600px) 100vw, 600px\" data-has-transparency=\"false\" data-dominant-color=\"6c6666\" style=\"--dominant-color: #6c6666;\" \/><\/a>\n\t\t\t<\/div>\n\t\t\t\t<figcaption class='wp-caption-text gallery-caption' id='gallery-18-31550'>\n\t\t\t\tNarodowe Czytanie w WBP\n\t\t\t\t<\/figcaption><\/figure><figure class='gallery-item'>\n\t\t\t<div class='gallery-icon landscape'>\n\t\t\t\t<a href='https:\/\/wbp.lublin.pl\/index.php\/2021\/09\/12\/narodowe-czytanie-w-wbp-w-teleobiektywie-i-w-mediach\/img_4824\/'><img loading=\"lazy\" decoding=\"async\" width=\"600\" height=\"400\" src=\"https:\/\/wbp.lublin.pl\/wp-content\/uploads\/2021\/09\/IMG_4824-600x400.webp\" class=\"attachment-medium size-medium not-transparent\" alt=\"\" aria-describedby=\"gallery-18-31551\" srcset=\"https:\/\/wbp.lublin.pl\/wp-content\/uploads\/2021\/09\/IMG_4824-600x400.webp 600w, https:\/\/wbp.lublin.pl\/wp-content\/uploads\/2021\/09\/IMG_4824-400x267.webp 400w, https:\/\/wbp.lublin.pl\/wp-content\/uploads\/2021\/09\/IMG_4824-768x512.webp 768w, https:\/\/wbp.lublin.pl\/wp-content\/uploads\/2021\/09\/IMG_4824-1536x1024.webp 1536w, https:\/\/wbp.lublin.pl\/wp-content\/uploads\/2021\/09\/IMG_4824-947x631.webp 947w, https:\/\/wbp.lublin.pl\/wp-content\/uploads\/2021\/09\/IMG_4824-624x416.webp 624w, https:\/\/wbp.lublin.pl\/wp-content\/uploads\/2021\/09\/IMG_4824-84x56.webp 84w, https:\/\/wbp.lublin.pl\/wp-content\/uploads\/2021\/09\/IMG_4824.webp 1620w\" sizes=\"auto, (max-width: 600px) 100vw, 600px\" data-has-transparency=\"false\" data-dominant-color=\"4e524d\" style=\"--dominant-color: #4e524d;\" \/><\/a>\n\t\t\t<\/div>\n\t\t\t\t<figcaption class='wp-caption-text gallery-caption' id='gallery-18-31551'>\n\t\t\t\tFelicjan Dulski &#8211; Piotr Mikulec\n\t\t\t\t<\/figcaption><\/figure><figure class='gallery-item'>\n\t\t\t<div class='gallery-icon landscape'>\n\t\t\t\t<a href='https:\/\/wbp.lublin.pl\/index.php\/2021\/09\/12\/narodowe-czytanie-w-wbp-w-teleobiektywie-i-w-mediach\/img_4827\/'><img loading=\"lazy\" decoding=\"async\" width=\"600\" height=\"400\" src=\"https:\/\/wbp.lublin.pl\/wp-content\/uploads\/2021\/09\/IMG_4827-600x400.webp\" class=\"attachment-medium size-medium not-transparent\" alt=\"\" aria-describedby=\"gallery-18-31497\" srcset=\"https:\/\/wbp.lublin.pl\/wp-content\/uploads\/2021\/09\/IMG_4827-600x400.webp 600w, https:\/\/wbp.lublin.pl\/wp-content\/uploads\/2021\/09\/IMG_4827-400x267.webp 400w, https:\/\/wbp.lublin.pl\/wp-content\/uploads\/2021\/09\/IMG_4827-768x512.webp 768w, https:\/\/wbp.lublin.pl\/wp-content\/uploads\/2021\/09\/IMG_4827-1536x1024.webp 1536w, https:\/\/wbp.lublin.pl\/wp-content\/uploads\/2021\/09\/IMG_4827-947x631.webp 947w, https:\/\/wbp.lublin.pl\/wp-content\/uploads\/2021\/09\/IMG_4827-624x416.webp 624w, https:\/\/wbp.lublin.pl\/wp-content\/uploads\/2021\/09\/IMG_4827-84x56.webp 84w, https:\/\/wbp.lublin.pl\/wp-content\/uploads\/2021\/09\/IMG_4827.webp 1620w\" sizes=\"auto, (max-width: 600px) 100vw, 600px\" data-has-transparency=\"false\" data-dominant-color=\"877f7f\" style=\"--dominant-color: #877f7f;\" \/><\/a>\n\t\t\t<\/div>\n\t\t\t\t<figcaption class='wp-caption-text gallery-caption' id='gallery-18-31497'>\n\t\t\t\t&#8222;Trupa z szafy bibliotecznej&#8221; wystawia &#8222;Moralno\u015b\u0107 pani Dulskiej&#8221; Gabrieli Zapolskiej\n\t\t\t\t<\/figcaption><\/figure><figure class='gallery-item'>\n\t\t\t<div class='gallery-icon landscape'>\n\t\t\t\t<a href='https:\/\/wbp.lublin.pl\/index.php\/2021\/09\/12\/narodowe-czytanie-w-wbp-w-teleobiektywie-i-w-mediach\/img_4830\/'><img loading=\"lazy\" decoding=\"async\" width=\"600\" height=\"400\" src=\"https:\/\/wbp.lublin.pl\/wp-content\/uploads\/2021\/09\/IMG_4830-600x400.webp\" class=\"attachment-medium size-medium not-transparent\" alt=\"\" aria-describedby=\"gallery-18-31724\" srcset=\"https:\/\/wbp.lublin.pl\/wp-content\/uploads\/2021\/09\/IMG_4830-600x400.webp 600w, https:\/\/wbp.lublin.pl\/wp-content\/uploads\/2021\/09\/IMG_4830-400x267.webp 400w, https:\/\/wbp.lublin.pl\/wp-content\/uploads\/2021\/09\/IMG_4830-768x512.webp 768w, https:\/\/wbp.lublin.pl\/wp-content\/uploads\/2021\/09\/IMG_4830-1536x1024.webp 1536w, https:\/\/wbp.lublin.pl\/wp-content\/uploads\/2021\/09\/IMG_4830-947x631.webp 947w, https:\/\/wbp.lublin.pl\/wp-content\/uploads\/2021\/09\/IMG_4830-624x416.webp 624w, https:\/\/wbp.lublin.pl\/wp-content\/uploads\/2021\/09\/IMG_4830-84x56.webp 84w, https:\/\/wbp.lublin.pl\/wp-content\/uploads\/2021\/09\/IMG_4830.webp 1620w\" sizes=\"auto, (max-width: 600px) 100vw, 600px\" data-has-transparency=\"false\" data-dominant-color=\"696765\" style=\"--dominant-color: #696765;\" \/><\/a>\n\t\t\t<\/div>\n\t\t\t\t<figcaption class='wp-caption-text gallery-caption' id='gallery-18-31724'>\n\t\t\t\tDulska &#8211; Patrycja P\u0142o\u0144ska i Zbyszko &#8211; Mariusz Olejarczyk\n\t\t\t\t<\/figcaption><\/figure><figure class='gallery-item'>\n\t\t\t<div class='gallery-icon landscape'>\n\t\t\t\t<a href='https:\/\/wbp.lublin.pl\/index.php\/2021\/09\/12\/narodowe-czytanie-w-wbp-w-teleobiektywie-i-w-mediach\/img_4843\/'><img loading=\"lazy\" decoding=\"async\" width=\"600\" height=\"400\" src=\"https:\/\/wbp.lublin.pl\/wp-content\/uploads\/2021\/09\/IMG_4843-600x400.webp\" class=\"attachment-medium size-medium not-transparent\" alt=\"&quot;Trupa z szafy bibliotecznej&quot; wystawia &quot;Moralno\u015b\u0107 pani Dulskiej&quot; Gabrieli Zapolskiej\" aria-describedby=\"gallery-18-31725\" srcset=\"https:\/\/wbp.lublin.pl\/wp-content\/uploads\/2021\/09\/IMG_4843-600x400.webp 600w, https:\/\/wbp.lublin.pl\/wp-content\/uploads\/2021\/09\/IMG_4843-400x267.webp 400w, https:\/\/wbp.lublin.pl\/wp-content\/uploads\/2021\/09\/IMG_4843-768x512.webp 768w, https:\/\/wbp.lublin.pl\/wp-content\/uploads\/2021\/09\/IMG_4843-947x632.webp 947w, https:\/\/wbp.lublin.pl\/wp-content\/uploads\/2021\/09\/IMG_4843-624x416.webp 624w, https:\/\/wbp.lublin.pl\/wp-content\/uploads\/2021\/09\/IMG_4843-84x56.webp 84w, https:\/\/wbp.lublin.pl\/wp-content\/uploads\/2021\/09\/IMG_4843.webp 1534w\" sizes=\"auto, (max-width: 600px) 100vw, 600px\" data-has-transparency=\"false\" data-dominant-color=\"706161\" style=\"--dominant-color: #706161;\" \/><\/a>\n\t\t\t<\/div>\n\t\t\t\t<figcaption class='wp-caption-text gallery-caption' id='gallery-18-31725'>\n\t\t\t\t&#8222;Trupa z szafy bibliotecznej&#8221; wystawia &#8222;Moralno\u015b\u0107 pani Dulskiej&#8221; Gabrieli Zapolskiej\n\t\t\t\t<\/figcaption><\/figure><figure class='gallery-item'>\n\t\t\t<div class='gallery-icon portrait'>\n\t\t\t\t<a href='https:\/\/wbp.lublin.pl\/index.php\/2021\/09\/12\/narodowe-czytanie-w-wbp-w-teleobiektywie-i-w-mediach\/img_4844\/'><img loading=\"lazy\" decoding=\"async\" width=\"525\" height=\"600\" src=\"https:\/\/wbp.lublin.pl\/wp-content\/uploads\/2021\/09\/IMG_4844-525x600.webp\" class=\"attachment-medium size-medium not-transparent\" alt=\"\" aria-describedby=\"gallery-18-31552\" srcset=\"https:\/\/wbp.lublin.pl\/wp-content\/uploads\/2021\/09\/IMG_4844-525x600.webp 525w, https:\/\/wbp.lublin.pl\/wp-content\/uploads\/2021\/09\/IMG_4844-350x400.webp 350w, https:\/\/wbp.lublin.pl\/wp-content\/uploads\/2021\/09\/IMG_4844-768x878.webp 768w, https:\/\/wbp.lublin.pl\/wp-content\/uploads\/2021\/09\/IMG_4844-624x713.webp 624w, https:\/\/wbp.lublin.pl\/wp-content\/uploads\/2021\/09\/IMG_4844.webp 895w\" sizes=\"auto, (max-width: 525px) 100vw, 525px\" data-has-transparency=\"false\" data-dominant-color=\"574341\" style=\"--dominant-color: #574341;\" \/><\/a>\n\t\t\t<\/div>\n\t\t\t\t<figcaption class='wp-caption-text gallery-caption' id='gallery-18-31552'>\n\t\t\t\tZbyszko &#8211; Mariusz Olejarczyk i Dulski &#8211; Piotr Mikulec\n\t\t\t\t<\/figcaption><\/figure><figure class='gallery-item'>\n\t\t\t<div class='gallery-icon landscape'>\n\t\t\t\t<a href='https:\/\/wbp.lublin.pl\/index.php\/2021\/09\/12\/narodowe-czytanie-w-wbp-w-teleobiektywie-i-w-mediach\/img_4848\/'><img loading=\"lazy\" decoding=\"async\" width=\"600\" height=\"400\" src=\"https:\/\/wbp.lublin.pl\/wp-content\/uploads\/2021\/09\/IMG_4848-600x400.webp\" class=\"attachment-medium size-medium not-transparent\" alt=\"\" aria-describedby=\"gallery-18-31553\" srcset=\"https:\/\/wbp.lublin.pl\/wp-content\/uploads\/2021\/09\/IMG_4848-600x400.webp 600w, https:\/\/wbp.lublin.pl\/wp-content\/uploads\/2021\/09\/IMG_4848-400x267.webp 400w, https:\/\/wbp.lublin.pl\/wp-content\/uploads\/2021\/09\/IMG_4848-768x512.webp 768w, https:\/\/wbp.lublin.pl\/wp-content\/uploads\/2021\/09\/IMG_4848-947x632.webp 947w, https:\/\/wbp.lublin.pl\/wp-content\/uploads\/2021\/09\/IMG_4848-624x416.webp 624w, https:\/\/wbp.lublin.pl\/wp-content\/uploads\/2021\/09\/IMG_4848-84x56.webp 84w, https:\/\/wbp.lublin.pl\/wp-content\/uploads\/2021\/09\/IMG_4848.webp 1534w\" sizes=\"auto, (max-width: 600px) 100vw, 600px\" data-has-transparency=\"false\" data-dominant-color=\"6f5f5d\" style=\"--dominant-color: #6f5f5d;\" \/><\/a>\n\t\t\t<\/div>\n\t\t\t\t<figcaption class='wp-caption-text gallery-caption' id='gallery-18-31553'>\n\t\t\t\tFelicjan Dulski &#8211; Piotr Mikulec\n\t\t\t\t<\/figcaption><\/figure><figure class='gallery-item'>\n\t\t\t<div class='gallery-icon landscape'>\n\t\t\t\t<a href='https:\/\/wbp.lublin.pl\/index.php\/2021\/09\/12\/narodowe-czytanie-w-wbp-w-teleobiektywie-i-w-mediach\/img_4850\/'><img loading=\"lazy\" decoding=\"async\" width=\"600\" height=\"400\" src=\"https:\/\/wbp.lublin.pl\/wp-content\/uploads\/2021\/09\/IMG_4850-600x400.webp\" class=\"attachment-medium size-medium not-transparent\" alt=\"\" aria-describedby=\"gallery-18-31726\" srcset=\"https:\/\/wbp.lublin.pl\/wp-content\/uploads\/2021\/09\/IMG_4850-600x400.webp 600w, https:\/\/wbp.lublin.pl\/wp-content\/uploads\/2021\/09\/IMG_4850-400x267.webp 400w, https:\/\/wbp.lublin.pl\/wp-content\/uploads\/2021\/09\/IMG_4850-768x512.webp 768w, https:\/\/wbp.lublin.pl\/wp-content\/uploads\/2021\/09\/IMG_4850-1536x1024.webp 1536w, https:\/\/wbp.lublin.pl\/wp-content\/uploads\/2021\/09\/IMG_4850-947x631.webp 947w, https:\/\/wbp.lublin.pl\/wp-content\/uploads\/2021\/09\/IMG_4850-624x416.webp 624w, https:\/\/wbp.lublin.pl\/wp-content\/uploads\/2021\/09\/IMG_4850-84x56.webp 84w, https:\/\/wbp.lublin.pl\/wp-content\/uploads\/2021\/09\/IMG_4850.webp 1620w\" sizes=\"auto, (max-width: 600px) 100vw, 600px\" data-has-transparency=\"false\" data-dominant-color=\"7d7070\" style=\"--dominant-color: #7d7070;\" \/><\/a>\n\t\t\t<\/div>\n\t\t\t\t<figcaption class='wp-caption-text gallery-caption' id='gallery-18-31726'>\n\t\t\t\tFelicjan Dulski &#8211; Piotr Mikulec\n\t\t\t\t<\/figcaption><\/figure><figure class='gallery-item'>\n\t\t\t<div class='gallery-icon landscape'>\n\t\t\t\t<a href='https:\/\/wbp.lublin.pl\/index.php\/2021\/09\/12\/narodowe-czytanie-w-wbp-w-teleobiektywie-i-w-mediach\/img_4854\/'><img loading=\"lazy\" decoding=\"async\" width=\"600\" height=\"400\" src=\"https:\/\/wbp.lublin.pl\/wp-content\/uploads\/2021\/09\/IMG_4854-600x400.webp\" class=\"attachment-medium size-medium not-transparent\" alt=\"\" aria-describedby=\"gallery-18-31555\" srcset=\"https:\/\/wbp.lublin.pl\/wp-content\/uploads\/2021\/09\/IMG_4854-600x400.webp 600w, https:\/\/wbp.lublin.pl\/wp-content\/uploads\/2021\/09\/IMG_4854-400x267.webp 400w, https:\/\/wbp.lublin.pl\/wp-content\/uploads\/2021\/09\/IMG_4854-768x512.webp 768w, https:\/\/wbp.lublin.pl\/wp-content\/uploads\/2021\/09\/IMG_4854-1536x1024.webp 1536w, https:\/\/wbp.lublin.pl\/wp-content\/uploads\/2021\/09\/IMG_4854-947x631.webp 947w, https:\/\/wbp.lublin.pl\/wp-content\/uploads\/2021\/09\/IMG_4854-624x416.webp 624w, https:\/\/wbp.lublin.pl\/wp-content\/uploads\/2021\/09\/IMG_4854-84x56.webp 84w, https:\/\/wbp.lublin.pl\/wp-content\/uploads\/2021\/09\/IMG_4854.webp 1620w\" sizes=\"auto, (max-width: 600px) 100vw, 600px\" data-has-transparency=\"false\" data-dominant-color=\"5a504d\" style=\"--dominant-color: #5a504d;\" \/><\/a>\n\t\t\t<\/div>\n\t\t\t\t<figcaption class='wp-caption-text gallery-caption' id='gallery-18-31555'>\n\t\t\t\tHanka &#8211; Anna Biegalska\n\t\t\t\t<\/figcaption><\/figure><figure class='gallery-item'>\n\t\t\t<div class='gallery-icon landscape'>\n\t\t\t\t<a href='https:\/\/wbp.lublin.pl\/index.php\/2021\/09\/12\/narodowe-czytanie-w-wbp-w-teleobiektywie-i-w-mediach\/img_4856\/'><img loading=\"lazy\" decoding=\"async\" width=\"600\" height=\"400\" src=\"https:\/\/wbp.lublin.pl\/wp-content\/uploads\/2021\/09\/IMG_4856-600x400.webp\" class=\"attachment-medium size-medium not-transparent\" alt=\"\" aria-describedby=\"gallery-18-31727\" srcset=\"https:\/\/wbp.lublin.pl\/wp-content\/uploads\/2021\/09\/IMG_4856-600x400.webp 600w, https:\/\/wbp.lublin.pl\/wp-content\/uploads\/2021\/09\/IMG_4856-400x267.webp 400w, https:\/\/wbp.lublin.pl\/wp-content\/uploads\/2021\/09\/IMG_4856-768x512.webp 768w, https:\/\/wbp.lublin.pl\/wp-content\/uploads\/2021\/09\/IMG_4856-1536x1024.webp 1536w, https:\/\/wbp.lublin.pl\/wp-content\/uploads\/2021\/09\/IMG_4856-947x631.webp 947w, https:\/\/wbp.lublin.pl\/wp-content\/uploads\/2021\/09\/IMG_4856-624x416.webp 624w, https:\/\/wbp.lublin.pl\/wp-content\/uploads\/2021\/09\/IMG_4856-84x56.webp 84w, https:\/\/wbp.lublin.pl\/wp-content\/uploads\/2021\/09\/IMG_4856.webp 1620w\" sizes=\"auto, (max-width: 600px) 100vw, 600px\" data-has-transparency=\"false\" data-dominant-color=\"4b413b\" style=\"--dominant-color: #4b413b;\" \/><\/a>\n\t\t\t<\/div>\n\t\t\t\t<figcaption class='wp-caption-text gallery-caption' id='gallery-18-31727'>\n\t\t\t\tHanka &#8211; Anna Biegalska i Zbyszko &#8211; Mariusz Olejarczyk\n\t\t\t\t<\/figcaption><\/figure><figure class='gallery-item'>\n\t\t\t<div class='gallery-icon landscape'>\n\t\t\t\t<a href='https:\/\/wbp.lublin.pl\/index.php\/2021\/09\/12\/narodowe-czytanie-w-wbp-w-teleobiektywie-i-w-mediach\/img_4862\/'><img loading=\"lazy\" decoding=\"async\" width=\"600\" height=\"400\" src=\"https:\/\/wbp.lublin.pl\/wp-content\/uploads\/2021\/09\/IMG_4862-600x400.webp\" class=\"attachment-medium size-medium not-transparent\" alt=\"\" aria-describedby=\"gallery-18-31556\" srcset=\"https:\/\/wbp.lublin.pl\/wp-content\/uploads\/2021\/09\/IMG_4862-600x400.webp 600w, https:\/\/wbp.lublin.pl\/wp-content\/uploads\/2021\/09\/IMG_4862-400x267.webp 400w, https:\/\/wbp.lublin.pl\/wp-content\/uploads\/2021\/09\/IMG_4862-768x512.webp 768w, https:\/\/wbp.lublin.pl\/wp-content\/uploads\/2021\/09\/IMG_4862-1536x1024.webp 1536w, https:\/\/wbp.lublin.pl\/wp-content\/uploads\/2021\/09\/IMG_4862-947x631.webp 947w, https:\/\/wbp.lublin.pl\/wp-content\/uploads\/2021\/09\/IMG_4862-624x416.webp 624w, https:\/\/wbp.lublin.pl\/wp-content\/uploads\/2021\/09\/IMG_4862-84x56.webp 84w, https:\/\/wbp.lublin.pl\/wp-content\/uploads\/2021\/09\/IMG_4862.webp 1620w\" sizes=\"auto, (max-width: 600px) 100vw, 600px\" data-has-transparency=\"false\" data-dominant-color=\"514741\" style=\"--dominant-color: #514741;\" \/><\/a>\n\t\t\t<\/div>\n\t\t\t\t<figcaption class='wp-caption-text gallery-caption' id='gallery-18-31556'>\n\t\t\t\tHanka &#8211; Anna Biegalska i Zbyszko &#8211; Mariusz Olejarczyk\n\t\t\t\t<\/figcaption><\/figure><figure class='gallery-item'>\n\t\t\t<div class='gallery-icon landscape'>\n\t\t\t\t<a href='https:\/\/wbp.lublin.pl\/index.php\/2021\/09\/12\/narodowe-czytanie-w-wbp-w-teleobiektywie-i-w-mediach\/img_4867\/'><img loading=\"lazy\" decoding=\"async\" width=\"600\" height=\"400\" src=\"https:\/\/wbp.lublin.pl\/wp-content\/uploads\/2021\/09\/IMG_4867-600x400.webp\" class=\"attachment-medium size-medium not-transparent\" alt=\"\" aria-describedby=\"gallery-18-31729\" srcset=\"https:\/\/wbp.lublin.pl\/wp-content\/uploads\/2021\/09\/IMG_4867-600x400.webp 600w, https:\/\/wbp.lublin.pl\/wp-content\/uploads\/2021\/09\/IMG_4867-400x267.webp 400w, https:\/\/wbp.lublin.pl\/wp-content\/uploads\/2021\/09\/IMG_4867-768x512.webp 768w, https:\/\/wbp.lublin.pl\/wp-content\/uploads\/2021\/09\/IMG_4867-1536x1024.webp 1536w, https:\/\/wbp.lublin.pl\/wp-content\/uploads\/2021\/09\/IMG_4867-947x631.webp 947w, https:\/\/wbp.lublin.pl\/wp-content\/uploads\/2021\/09\/IMG_4867-624x416.webp 624w, https:\/\/wbp.lublin.pl\/wp-content\/uploads\/2021\/09\/IMG_4867-84x56.webp 84w, https:\/\/wbp.lublin.pl\/wp-content\/uploads\/2021\/09\/IMG_4867.webp 1620w\" sizes=\"auto, (max-width: 600px) 100vw, 600px\" data-has-transparency=\"false\" data-dominant-color=\"665b5a\" style=\"--dominant-color: #665b5a;\" \/><\/a>\n\t\t\t<\/div>\n\t\t\t\t<figcaption class='wp-caption-text gallery-caption' id='gallery-18-31729'>\n\t\t\t\tDulska &#8211; Patrycja P\u0142o\u0144ska i Zbyszko &#8211; Mariusz Olejarczyk\n\t\t\t\t<\/figcaption><\/figure><figure class='gallery-item'>\n\t\t\t<div class='gallery-icon landscape'>\n\t\t\t\t<a href='https:\/\/wbp.lublin.pl\/index.php\/2021\/09\/12\/narodowe-czytanie-w-wbp-w-teleobiektywie-i-w-mediach\/img_4870\/'><img loading=\"lazy\" decoding=\"async\" width=\"600\" height=\"400\" src=\"https:\/\/wbp.lublin.pl\/wp-content\/uploads\/2021\/09\/IMG_4870-600x400.webp\" class=\"attachment-medium size-medium not-transparent\" alt=\"\" aria-describedby=\"gallery-18-31559\" srcset=\"https:\/\/wbp.lublin.pl\/wp-content\/uploads\/2021\/09\/IMG_4870-600x400.webp 600w, https:\/\/wbp.lublin.pl\/wp-content\/uploads\/2021\/09\/IMG_4870-400x267.webp 400w, https:\/\/wbp.lublin.pl\/wp-content\/uploads\/2021\/09\/IMG_4870-768x512.webp 768w, https:\/\/wbp.lublin.pl\/wp-content\/uploads\/2021\/09\/IMG_4870-1536x1024.webp 1536w, https:\/\/wbp.lublin.pl\/wp-content\/uploads\/2021\/09\/IMG_4870-947x631.webp 947w, https:\/\/wbp.lublin.pl\/wp-content\/uploads\/2021\/09\/IMG_4870-624x416.webp 624w, https:\/\/wbp.lublin.pl\/wp-content\/uploads\/2021\/09\/IMG_4870-84x56.webp 84w, https:\/\/wbp.lublin.pl\/wp-content\/uploads\/2021\/09\/IMG_4870.webp 1620w\" sizes=\"auto, (max-width: 600px) 100vw, 600px\" data-has-transparency=\"false\" data-dominant-color=\"6d605f\" style=\"--dominant-color: #6d605f;\" \/><\/a>\n\t\t\t<\/div>\n\t\t\t\t<figcaption class='wp-caption-text gallery-caption' id='gallery-18-31559'>\n\t\t\t\t&#8222;Trupa z szafy bibliotecznej&#8221; wystawia &#8222;Moralno\u015b\u0107 pani Dulskiej&#8221; Gabrieli Zapolskiej\n\t\t\t\t<\/figcaption><\/figure><figure class='gallery-item'>\n\t\t\t<div class='gallery-icon landscape'>\n\t\t\t\t<a href='https:\/\/wbp.lublin.pl\/index.php\/2021\/09\/12\/narodowe-czytanie-w-wbp-w-teleobiektywie-i-w-mediach\/img_4873\/'><img loading=\"lazy\" decoding=\"async\" width=\"600\" height=\"400\" src=\"https:\/\/wbp.lublin.pl\/wp-content\/uploads\/2021\/09\/IMG_4873-600x400.webp\" class=\"attachment-medium size-medium not-transparent\" alt=\"\" aria-describedby=\"gallery-18-31560\" srcset=\"https:\/\/wbp.lublin.pl\/wp-content\/uploads\/2021\/09\/IMG_4873-600x400.webp 600w, https:\/\/wbp.lublin.pl\/wp-content\/uploads\/2021\/09\/IMG_4873-400x267.webp 400w, https:\/\/wbp.lublin.pl\/wp-content\/uploads\/2021\/09\/IMG_4873-768x512.webp 768w, https:\/\/wbp.lublin.pl\/wp-content\/uploads\/2021\/09\/IMG_4873-1536x1024.webp 1536w, https:\/\/wbp.lublin.pl\/wp-content\/uploads\/2021\/09\/IMG_4873-947x631.webp 947w, https:\/\/wbp.lublin.pl\/wp-content\/uploads\/2021\/09\/IMG_4873-624x416.webp 624w, https:\/\/wbp.lublin.pl\/wp-content\/uploads\/2021\/09\/IMG_4873-84x56.webp 84w, https:\/\/wbp.lublin.pl\/wp-content\/uploads\/2021\/09\/IMG_4873.webp 1620w\" sizes=\"auto, (max-width: 600px) 100vw, 600px\" data-has-transparency=\"false\" data-dominant-color=\"51514e\" style=\"--dominant-color: #51514e;\" \/><\/a>\n\t\t\t<\/div>\n\t\t\t\t<figcaption class='wp-caption-text gallery-caption' id='gallery-18-31560'>\n\t\t\t\tDulska &#8211; Patrycja P\u0142o\u0144ska i Zbyszko &#8211; Mariusz Olejarczyk\n\t\t\t\t<\/figcaption><\/figure><figure class='gallery-item'>\n\t\t\t<div class='gallery-icon landscape'>\n\t\t\t\t<a href='https:\/\/wbp.lublin.pl\/index.php\/2021\/09\/12\/narodowe-czytanie-w-wbp-w-teleobiektywie-i-w-mediach\/img_4877\/'><img loading=\"lazy\" decoding=\"async\" width=\"600\" height=\"400\" src=\"https:\/\/wbp.lublin.pl\/wp-content\/uploads\/2021\/09\/IMG_4877-600x400.webp\" class=\"attachment-medium size-medium not-transparent\" alt=\"Narodowe Czytanie w WBP\" aria-describedby=\"gallery-18-31730\" srcset=\"https:\/\/wbp.lublin.pl\/wp-content\/uploads\/2021\/09\/IMG_4877-600x400.webp 600w, https:\/\/wbp.lublin.pl\/wp-content\/uploads\/2021\/09\/IMG_4877-400x267.webp 400w, https:\/\/wbp.lublin.pl\/wp-content\/uploads\/2021\/09\/IMG_4877-768x512.webp 768w, https:\/\/wbp.lublin.pl\/wp-content\/uploads\/2021\/09\/IMG_4877-1536x1024.webp 1536w, https:\/\/wbp.lublin.pl\/wp-content\/uploads\/2021\/09\/IMG_4877-947x631.webp 947w, https:\/\/wbp.lublin.pl\/wp-content\/uploads\/2021\/09\/IMG_4877-624x416.webp 624w, https:\/\/wbp.lublin.pl\/wp-content\/uploads\/2021\/09\/IMG_4877-84x56.webp 84w, https:\/\/wbp.lublin.pl\/wp-content\/uploads\/2021\/09\/IMG_4877.webp 1620w\" sizes=\"auto, (max-width: 600px) 100vw, 600px\" data-has-transparency=\"false\" data-dominant-color=\"5c5655\" style=\"--dominant-color: #5c5655;\" \/><\/a>\n\t\t\t<\/div>\n\t\t\t\t<figcaption class='wp-caption-text gallery-caption' id='gallery-18-31730'>\n\t\t\t\tNarodowe Czytanie w WBP\n\t\t\t\t<\/figcaption><\/figure><figure class='gallery-item'>\n\t\t\t<div class='gallery-icon landscape'>\n\t\t\t\t<a href='https:\/\/wbp.lublin.pl\/index.php\/2021\/09\/12\/narodowe-czytanie-w-wbp-w-teleobiektywie-i-w-mediach\/img_4880\/'><img loading=\"lazy\" decoding=\"async\" width=\"600\" height=\"400\" src=\"https:\/\/wbp.lublin.pl\/wp-content\/uploads\/2021\/09\/IMG_4880-600x400.webp\" class=\"attachment-medium size-medium not-transparent\" alt=\"Narodowe Czytanie w WBP\" aria-describedby=\"gallery-18-31561\" srcset=\"https:\/\/wbp.lublin.pl\/wp-content\/uploads\/2021\/09\/IMG_4880-600x400.webp 600w, https:\/\/wbp.lublin.pl\/wp-content\/uploads\/2021\/09\/IMG_4880-400x267.webp 400w, https:\/\/wbp.lublin.pl\/wp-content\/uploads\/2021\/09\/IMG_4880-768x512.webp 768w, https:\/\/wbp.lublin.pl\/wp-content\/uploads\/2021\/09\/IMG_4880-1536x1024.webp 1536w, https:\/\/wbp.lublin.pl\/wp-content\/uploads\/2021\/09\/IMG_4880-947x631.webp 947w, https:\/\/wbp.lublin.pl\/wp-content\/uploads\/2021\/09\/IMG_4880-624x416.webp 624w, https:\/\/wbp.lublin.pl\/wp-content\/uploads\/2021\/09\/IMG_4880-84x56.webp 84w, https:\/\/wbp.lublin.pl\/wp-content\/uploads\/2021\/09\/IMG_4880.webp 1620w\" sizes=\"auto, (max-width: 600px) 100vw, 600px\" data-has-transparency=\"false\" data-dominant-color=\"615e5c\" style=\"--dominant-color: #615e5c;\" \/><\/a>\n\t\t\t<\/div>\n\t\t\t\t<figcaption class='wp-caption-text gallery-caption' id='gallery-18-31561'>\n\t\t\t\tNarodowe Czytanie w WBP\n\t\t\t\t<\/figcaption><\/figure><figure class='gallery-item'>\n\t\t\t<div class='gallery-icon landscape'>\n\t\t\t\t<a href='https:\/\/wbp.lublin.pl\/index.php\/2021\/09\/12\/narodowe-czytanie-w-wbp-w-teleobiektywie-i-w-mediach\/img_4881\/'><img loading=\"lazy\" decoding=\"async\" width=\"600\" height=\"400\" src=\"https:\/\/wbp.lublin.pl\/wp-content\/uploads\/2021\/09\/IMG_4881-600x400.webp\" class=\"attachment-medium size-medium not-transparent\" alt=\"\" aria-describedby=\"gallery-18-31731\" srcset=\"https:\/\/wbp.lublin.pl\/wp-content\/uploads\/2021\/09\/IMG_4881-600x400.webp 600w, https:\/\/wbp.lublin.pl\/wp-content\/uploads\/2021\/09\/IMG_4881-400x267.webp 400w, https:\/\/wbp.lublin.pl\/wp-content\/uploads\/2021\/09\/IMG_4881-768x512.webp 768w, https:\/\/wbp.lublin.pl\/wp-content\/uploads\/2021\/09\/IMG_4881-1536x1024.webp 1536w, https:\/\/wbp.lublin.pl\/wp-content\/uploads\/2021\/09\/IMG_4881-947x631.webp 947w, https:\/\/wbp.lublin.pl\/wp-content\/uploads\/2021\/09\/IMG_4881-624x416.webp 624w, https:\/\/wbp.lublin.pl\/wp-content\/uploads\/2021\/09\/IMG_4881-84x56.webp 84w, https:\/\/wbp.lublin.pl\/wp-content\/uploads\/2021\/09\/IMG_4881.webp 1620w\" sizes=\"auto, (max-width: 600px) 100vw, 600px\" data-has-transparency=\"false\" data-dominant-color=\"43403e\" style=\"--dominant-color: #43403e;\" \/><\/a>\n\t\t\t<\/div>\n\t\t\t\t<figcaption class='wp-caption-text gallery-caption' id='gallery-18-31731'>\n\t\t\t\tHanka &#8211; Anna Biegalska i Zbyszko &#8211; Mariusz Olejarczyk\n\t\t\t\t<\/figcaption><\/figure><figure class='gallery-item'>\n\t\t\t<div class='gallery-icon landscape'>\n\t\t\t\t<a href='https:\/\/wbp.lublin.pl\/index.php\/2021\/09\/12\/narodowe-czytanie-w-wbp-w-teleobiektywie-i-w-mediach\/img_4884\/'><img loading=\"lazy\" decoding=\"async\" width=\"600\" height=\"400\" src=\"https:\/\/wbp.lublin.pl\/wp-content\/uploads\/2021\/09\/IMG_4884-600x400.webp\" class=\"attachment-medium size-medium not-transparent\" alt=\"\" aria-describedby=\"gallery-18-31732\" srcset=\"https:\/\/wbp.lublin.pl\/wp-content\/uploads\/2021\/09\/IMG_4884-600x400.webp 600w, https:\/\/wbp.lublin.pl\/wp-content\/uploads\/2021\/09\/IMG_4884-400x267.webp 400w, https:\/\/wbp.lublin.pl\/wp-content\/uploads\/2021\/09\/IMG_4884-768x512.webp 768w, https:\/\/wbp.lublin.pl\/wp-content\/uploads\/2021\/09\/IMG_4884-1536x1024.webp 1536w, https:\/\/wbp.lublin.pl\/wp-content\/uploads\/2021\/09\/IMG_4884-947x631.webp 947w, https:\/\/wbp.lublin.pl\/wp-content\/uploads\/2021\/09\/IMG_4884-624x416.webp 624w, https:\/\/wbp.lublin.pl\/wp-content\/uploads\/2021\/09\/IMG_4884-84x56.webp 84w, https:\/\/wbp.lublin.pl\/wp-content\/uploads\/2021\/09\/IMG_4884.webp 1620w\" sizes=\"auto, (max-width: 600px) 100vw, 600px\" data-has-transparency=\"false\" data-dominant-color=\"464341\" style=\"--dominant-color: #464341;\" \/><\/a>\n\t\t\t<\/div>\n\t\t\t\t<figcaption class='wp-caption-text gallery-caption' id='gallery-18-31732'>\n\t\t\t\tHanka &#8211; Anna Biegalska i Zbyszko &#8211; Mariusz Olejarczyk\n\t\t\t\t<\/figcaption><\/figure><figure class='gallery-item'>\n\t\t\t<div class='gallery-icon landscape'>\n\t\t\t\t<a href='https:\/\/wbp.lublin.pl\/index.php\/2021\/09\/12\/narodowe-czytanie-w-wbp-w-teleobiektywie-i-w-mediach\/img_4889\/'><img loading=\"lazy\" decoding=\"async\" width=\"600\" height=\"400\" src=\"https:\/\/wbp.lublin.pl\/wp-content\/uploads\/2021\/09\/IMG_4889-600x400.webp\" class=\"attachment-medium size-medium not-transparent\" alt=\"\" aria-describedby=\"gallery-18-31733\" srcset=\"https:\/\/wbp.lublin.pl\/wp-content\/uploads\/2021\/09\/IMG_4889-600x400.webp 600w, https:\/\/wbp.lublin.pl\/wp-content\/uploads\/2021\/09\/IMG_4889-400x267.webp 400w, https:\/\/wbp.lublin.pl\/wp-content\/uploads\/2021\/09\/IMG_4889-768x512.webp 768w, https:\/\/wbp.lublin.pl\/wp-content\/uploads\/2021\/09\/IMG_4889-1536x1024.webp 1536w, https:\/\/wbp.lublin.pl\/wp-content\/uploads\/2021\/09\/IMG_4889-947x631.webp 947w, https:\/\/wbp.lublin.pl\/wp-content\/uploads\/2021\/09\/IMG_4889-624x416.webp 624w, https:\/\/wbp.lublin.pl\/wp-content\/uploads\/2021\/09\/IMG_4889-84x56.webp 84w, https:\/\/wbp.lublin.pl\/wp-content\/uploads\/2021\/09\/IMG_4889.webp 1620w\" sizes=\"auto, (max-width: 600px) 100vw, 600px\" data-has-transparency=\"false\" data-dominant-color=\"55504d\" style=\"--dominant-color: #55504d;\" \/><\/a>\n\t\t\t<\/div>\n\t\t\t\t<figcaption class='wp-caption-text gallery-caption' id='gallery-18-31733'>\n\t\t\t\tHanka &#8211; Anna Biegalska i Zbyszko &#8211; Mariusz Olejarczyk\n\t\t\t\t<\/figcaption><\/figure><figure class='gallery-item'>\n\t\t\t<div class='gallery-icon landscape'>\n\t\t\t\t<a href='https:\/\/wbp.lublin.pl\/index.php\/2021\/09\/12\/narodowe-czytanie-w-wbp-w-teleobiektywie-i-w-mediach\/img_4903\/'><img loading=\"lazy\" decoding=\"async\" width=\"600\" height=\"400\" src=\"https:\/\/wbp.lublin.pl\/wp-content\/uploads\/2021\/09\/IMG_4903-600x400.webp\" class=\"attachment-medium size-medium not-transparent\" alt=\"\" aria-describedby=\"gallery-18-31563\" srcset=\"https:\/\/wbp.lublin.pl\/wp-content\/uploads\/2021\/09\/IMG_4903-600x400.webp 600w, https:\/\/wbp.lublin.pl\/wp-content\/uploads\/2021\/09\/IMG_4903-400x267.webp 400w, https:\/\/wbp.lublin.pl\/wp-content\/uploads\/2021\/09\/IMG_4903-768x512.webp 768w, https:\/\/wbp.lublin.pl\/wp-content\/uploads\/2021\/09\/IMG_4903-1536x1024.webp 1536w, https:\/\/wbp.lublin.pl\/wp-content\/uploads\/2021\/09\/IMG_4903-947x631.webp 947w, https:\/\/wbp.lublin.pl\/wp-content\/uploads\/2021\/09\/IMG_4903-624x416.webp 624w, https:\/\/wbp.lublin.pl\/wp-content\/uploads\/2021\/09\/IMG_4903-84x56.webp 84w, https:\/\/wbp.lublin.pl\/wp-content\/uploads\/2021\/09\/IMG_4903.webp 1620w\" sizes=\"auto, (max-width: 600px) 100vw, 600px\" data-has-transparency=\"false\" data-dominant-color=\"494646\" style=\"--dominant-color: #494646;\" \/><\/a>\n\t\t\t<\/div>\n\t\t\t\t<figcaption class='wp-caption-text gallery-caption' id='gallery-18-31563'>\n\t\t\t\t&#8222;Trupa z szafy bibliotecznej&#8221; wystawia &#8222;Moralno\u015b\u0107 pani Dulskiej&#8221; Gabrieli Zapolskiej\n\t\t\t\t<\/figcaption><\/figure><figure class='gallery-item'>\n\t\t\t<div class='gallery-icon landscape'>\n\t\t\t\t<a href='https:\/\/wbp.lublin.pl\/index.php\/2021\/09\/12\/narodowe-czytanie-w-wbp-w-teleobiektywie-i-w-mediach\/img_4906\/'><img loading=\"lazy\" decoding=\"async\" width=\"600\" height=\"400\" src=\"https:\/\/wbp.lublin.pl\/wp-content\/uploads\/2021\/09\/IMG_4906-600x400.webp\" class=\"attachment-medium size-medium not-transparent\" alt=\"\" aria-describedby=\"gallery-18-31734\" srcset=\"https:\/\/wbp.lublin.pl\/wp-content\/uploads\/2021\/09\/IMG_4906-600x400.webp 600w, https:\/\/wbp.lublin.pl\/wp-content\/uploads\/2021\/09\/IMG_4906-400x267.webp 400w, https:\/\/wbp.lublin.pl\/wp-content\/uploads\/2021\/09\/IMG_4906-768x512.webp 768w, https:\/\/wbp.lublin.pl\/wp-content\/uploads\/2021\/09\/IMG_4906-1536x1024.webp 1536w, https:\/\/wbp.lublin.pl\/wp-content\/uploads\/2021\/09\/IMG_4906-947x631.webp 947w, https:\/\/wbp.lublin.pl\/wp-content\/uploads\/2021\/09\/IMG_4906-624x416.webp 624w, https:\/\/wbp.lublin.pl\/wp-content\/uploads\/2021\/09\/IMG_4906-84x56.webp 84w, https:\/\/wbp.lublin.pl\/wp-content\/uploads\/2021\/09\/IMG_4906.webp 1620w\" sizes=\"auto, (max-width: 600px) 100vw, 600px\" data-has-transparency=\"false\" data-dominant-color=\"4f4f4e\" style=\"--dominant-color: #4f4f4e;\" \/><\/a>\n\t\t\t<\/div>\n\t\t\t\t<figcaption class='wp-caption-text gallery-caption' id='gallery-18-31734'>\n\t\t\t\tDulska &#8211; Patrycja P\u0142o\u0144ska i Juliasiewiczowa &#8211; Joanna \u017belazowska\n\t\t\t\t<\/figcaption><\/figure><figure class='gallery-item'>\n\t\t\t<div class='gallery-icon landscape'>\n\t\t\t\t<a href='https:\/\/wbp.lublin.pl\/index.php\/2021\/09\/12\/narodowe-czytanie-w-wbp-w-teleobiektywie-i-w-mediach\/img_4910\/'><img loading=\"lazy\" decoding=\"async\" width=\"600\" height=\"400\" src=\"https:\/\/wbp.lublin.pl\/wp-content\/uploads\/2021\/09\/IMG_4910-600x400.webp\" class=\"attachment-medium size-medium not-transparent\" alt=\"Narodowe Czytanie w WBP\" aria-describedby=\"gallery-18-31735\" srcset=\"https:\/\/wbp.lublin.pl\/wp-content\/uploads\/2021\/09\/IMG_4910-600x400.webp 600w, https:\/\/wbp.lublin.pl\/wp-content\/uploads\/2021\/09\/IMG_4910-400x267.webp 400w, https:\/\/wbp.lublin.pl\/wp-content\/uploads\/2021\/09\/IMG_4910-768x512.webp 768w, https:\/\/wbp.lublin.pl\/wp-content\/uploads\/2021\/09\/IMG_4910-1536x1024.webp 1536w, https:\/\/wbp.lublin.pl\/wp-content\/uploads\/2021\/09\/IMG_4910-947x631.webp 947w, https:\/\/wbp.lublin.pl\/wp-content\/uploads\/2021\/09\/IMG_4910-624x416.webp 624w, https:\/\/wbp.lublin.pl\/wp-content\/uploads\/2021\/09\/IMG_4910-84x56.webp 84w, https:\/\/wbp.lublin.pl\/wp-content\/uploads\/2021\/09\/IMG_4910.webp 1620w\" sizes=\"auto, (max-width: 600px) 100vw, 600px\" data-has-transparency=\"false\" data-dominant-color=\"6b6d6a\" style=\"--dominant-color: #6b6d6a;\" \/><\/a>\n\t\t\t<\/div>\n\t\t\t\t<figcaption class='wp-caption-text gallery-caption' id='gallery-18-31735'>\n\t\t\t\tNarodowe Czytanie w WBP\n\t\t\t\t<\/figcaption><\/figure><figure class='gallery-item'>\n\t\t\t<div class='gallery-icon landscape'>\n\t\t\t\t<a href='https:\/\/wbp.lublin.pl\/index.php\/2021\/09\/12\/narodowe-czytanie-w-wbp-w-teleobiektywie-i-w-mediach\/img_4914\/'><img loading=\"lazy\" decoding=\"async\" width=\"600\" height=\"400\" src=\"https:\/\/wbp.lublin.pl\/wp-content\/uploads\/2021\/09\/IMG_4914-600x400.webp\" class=\"attachment-medium size-medium not-transparent\" alt=\"\" aria-describedby=\"gallery-18-31564\" srcset=\"https:\/\/wbp.lublin.pl\/wp-content\/uploads\/2021\/09\/IMG_4914-600x400.webp 600w, https:\/\/wbp.lublin.pl\/wp-content\/uploads\/2021\/09\/IMG_4914-400x267.webp 400w, https:\/\/wbp.lublin.pl\/wp-content\/uploads\/2021\/09\/IMG_4914-768x512.webp 768w, https:\/\/wbp.lublin.pl\/wp-content\/uploads\/2021\/09\/IMG_4914-1536x1024.webp 1536w, https:\/\/wbp.lublin.pl\/wp-content\/uploads\/2021\/09\/IMG_4914-947x631.webp 947w, https:\/\/wbp.lublin.pl\/wp-content\/uploads\/2021\/09\/IMG_4914-624x416.webp 624w, https:\/\/wbp.lublin.pl\/wp-content\/uploads\/2021\/09\/IMG_4914-84x56.webp 84w, https:\/\/wbp.lublin.pl\/wp-content\/uploads\/2021\/09\/IMG_4914.webp 1620w\" sizes=\"auto, (max-width: 600px) 100vw, 600px\" data-has-transparency=\"false\" data-dominant-color=\"4d4e51\" style=\"--dominant-color: #4d4e51;\" \/><\/a>\n\t\t\t<\/div>\n\t\t\t\t<figcaption class='wp-caption-text gallery-caption' id='gallery-18-31564'>\n\t\t\t\t&#8222;Trupa z szafy bibliotecznej&#8221; wystawia &#8222;Moralno\u015b\u0107 pani Dulskiej&#8221; Gabrieli Zapolskiej\n\t\t\t\t<\/figcaption><\/figure><figure class='gallery-item'>\n\t\t\t<div class='gallery-icon landscape'>\n\t\t\t\t<a href='https:\/\/wbp.lublin.pl\/index.php\/2021\/09\/12\/narodowe-czytanie-w-wbp-w-teleobiektywie-i-w-mediach\/img_4918\/'><img loading=\"lazy\" decoding=\"async\" width=\"600\" height=\"400\" src=\"https:\/\/wbp.lublin.pl\/wp-content\/uploads\/2021\/09\/IMG_4918-600x400.webp\" class=\"attachment-medium size-medium not-transparent\" alt=\"\" aria-describedby=\"gallery-18-31736\" srcset=\"https:\/\/wbp.lublin.pl\/wp-content\/uploads\/2021\/09\/IMG_4918-600x400.webp 600w, https:\/\/wbp.lublin.pl\/wp-content\/uploads\/2021\/09\/IMG_4918-400x267.webp 400w, https:\/\/wbp.lublin.pl\/wp-content\/uploads\/2021\/09\/IMG_4918-768x512.webp 768w, https:\/\/wbp.lublin.pl\/wp-content\/uploads\/2021\/09\/IMG_4918-1536x1024.webp 1536w, https:\/\/wbp.lublin.pl\/wp-content\/uploads\/2021\/09\/IMG_4918-947x631.webp 947w, https:\/\/wbp.lublin.pl\/wp-content\/uploads\/2021\/09\/IMG_4918-624x416.webp 624w, https:\/\/wbp.lublin.pl\/wp-content\/uploads\/2021\/09\/IMG_4918-84x56.webp 84w, https:\/\/wbp.lublin.pl\/wp-content\/uploads\/2021\/09\/IMG_4918.webp 1620w\" sizes=\"auto, (max-width: 600px) 100vw, 600px\" data-has-transparency=\"false\" data-dominant-color=\"5e5b5c\" style=\"--dominant-color: #5e5b5c;\" \/><\/a>\n\t\t\t<\/div>\n\t\t\t\t<figcaption class='wp-caption-text gallery-caption' id='gallery-18-31736'>\n\t\t\t\t&#8222;Trupa z szafy bibliotecznej&#8221; wystawia &#8222;Moralno\u015b\u0107 pani Dulskiej&#8221; Gabrieli Zapolskiej\n\t\t\t\t<\/figcaption><\/figure><figure class='gallery-item'>\n\t\t\t<div class='gallery-icon landscape'>\n\t\t\t\t<a href='https:\/\/wbp.lublin.pl\/index.php\/2021\/09\/12\/narodowe-czytanie-w-wbp-w-teleobiektywie-i-w-mediach\/img_4922\/'><img loading=\"lazy\" decoding=\"async\" width=\"600\" height=\"400\" src=\"https:\/\/wbp.lublin.pl\/wp-content\/uploads\/2021\/09\/IMG_4922-600x400.webp\" class=\"attachment-medium size-medium not-transparent\" alt=\"\" aria-describedby=\"gallery-18-31565\" srcset=\"https:\/\/wbp.lublin.pl\/wp-content\/uploads\/2021\/09\/IMG_4922-600x400.webp 600w, https:\/\/wbp.lublin.pl\/wp-content\/uploads\/2021\/09\/IMG_4922-400x267.webp 400w, https:\/\/wbp.lublin.pl\/wp-content\/uploads\/2021\/09\/IMG_4922-768x512.webp 768w, https:\/\/wbp.lublin.pl\/wp-content\/uploads\/2021\/09\/IMG_4922-1536x1024.webp 1536w, https:\/\/wbp.lublin.pl\/wp-content\/uploads\/2021\/09\/IMG_4922-947x631.webp 947w, https:\/\/wbp.lublin.pl\/wp-content\/uploads\/2021\/09\/IMG_4922-624x416.webp 624w, https:\/\/wbp.lublin.pl\/wp-content\/uploads\/2021\/09\/IMG_4922-84x56.webp 84w, https:\/\/wbp.lublin.pl\/wp-content\/uploads\/2021\/09\/IMG_4922.webp 1620w\" sizes=\"auto, (max-width: 600px) 100vw, 600px\" data-has-transparency=\"false\" data-dominant-color=\"605c5d\" style=\"--dominant-color: #605c5d;\" \/><\/a>\n\t\t\t<\/div>\n\t\t\t\t<figcaption class='wp-caption-text gallery-caption' id='gallery-18-31565'>\n\t\t\t\t&#8222;Trupa z szafy bibliotecznej&#8221; wystawia &#8222;Moralno\u015b\u0107 pani Dulskiej&#8221; Gabrieli Zapolskiej\n\t\t\t\t<\/figcaption><\/figure><figure class='gallery-item'>\n\t\t\t<div class='gallery-icon landscape'>\n\t\t\t\t<a href='https:\/\/wbp.lublin.pl\/index.php\/2021\/09\/12\/narodowe-czytanie-w-wbp-w-teleobiektywie-i-w-mediach\/img_4923\/'><img loading=\"lazy\" decoding=\"async\" width=\"600\" height=\"400\" src=\"https:\/\/wbp.lublin.pl\/wp-content\/uploads\/2021\/09\/IMG_4923-600x400.webp\" class=\"attachment-medium size-medium not-transparent\" alt=\"Narodowe Czytanie w WBP\" aria-describedby=\"gallery-18-31737\" srcset=\"https:\/\/wbp.lublin.pl\/wp-content\/uploads\/2021\/09\/IMG_4923-600x400.webp 600w, https:\/\/wbp.lublin.pl\/wp-content\/uploads\/2021\/09\/IMG_4923-400x267.webp 400w, https:\/\/wbp.lublin.pl\/wp-content\/uploads\/2021\/09\/IMG_4923-768x512.webp 768w, https:\/\/wbp.lublin.pl\/wp-content\/uploads\/2021\/09\/IMG_4923-1536x1024.webp 1536w, https:\/\/wbp.lublin.pl\/wp-content\/uploads\/2021\/09\/IMG_4923-947x631.webp 947w, https:\/\/wbp.lublin.pl\/wp-content\/uploads\/2021\/09\/IMG_4923-624x416.webp 624w, https:\/\/wbp.lublin.pl\/wp-content\/uploads\/2021\/09\/IMG_4923-84x56.webp 84w, https:\/\/wbp.lublin.pl\/wp-content\/uploads\/2021\/09\/IMG_4923.webp 1620w\" sizes=\"auto, (max-width: 600px) 100vw, 600px\" data-has-transparency=\"false\" data-dominant-color=\"676a68\" style=\"--dominant-color: #676a68;\" \/><\/a>\n\t\t\t<\/div>\n\t\t\t\t<figcaption class='wp-caption-text gallery-caption' id='gallery-18-31737'>\n\t\t\t\tNarodowe Czytanie w WBP\n\t\t\t\t<\/figcaption><\/figure><figure class='gallery-item'>\n\t\t\t<div class='gallery-icon landscape'>\n\t\t\t\t<a href='https:\/\/wbp.lublin.pl\/index.php\/2021\/09\/12\/narodowe-czytanie-w-wbp-w-teleobiektywie-i-w-mediach\/img_4925-2\/'><img loading=\"lazy\" decoding=\"async\" width=\"600\" height=\"400\" src=\"https:\/\/wbp.lublin.pl\/wp-content\/uploads\/2021\/09\/IMG_4925-1-600x400.webp\" class=\"attachment-medium size-medium not-transparent\" alt=\"Narodowe Czytanie w WBP\" aria-describedby=\"gallery-18-31738\" srcset=\"https:\/\/wbp.lublin.pl\/wp-content\/uploads\/2021\/09\/IMG_4925-1-600x400.webp 600w, https:\/\/wbp.lublin.pl\/wp-content\/uploads\/2021\/09\/IMG_4925-1-400x267.webp 400w, https:\/\/wbp.lublin.pl\/wp-content\/uploads\/2021\/09\/IMG_4925-1-768x512.webp 768w, https:\/\/wbp.lublin.pl\/wp-content\/uploads\/2021\/09\/IMG_4925-1-1536x1024.webp 1536w, https:\/\/wbp.lublin.pl\/wp-content\/uploads\/2021\/09\/IMG_4925-1-947x631.webp 947w, https:\/\/wbp.lublin.pl\/wp-content\/uploads\/2021\/09\/IMG_4925-1-624x416.webp 624w, https:\/\/wbp.lublin.pl\/wp-content\/uploads\/2021\/09\/IMG_4925-1-84x56.webp 84w, https:\/\/wbp.lublin.pl\/wp-content\/uploads\/2021\/09\/IMG_4925-1.webp 1620w\" sizes=\"auto, (max-width: 600px) 100vw, 600px\" data-has-transparency=\"false\" data-dominant-color=\"6e6e6c\" style=\"--dominant-color: #6e6e6c;\" \/><\/a>\n\t\t\t<\/div>\n\t\t\t\t<figcaption class='wp-caption-text gallery-caption' id='gallery-18-31738'>\n\t\t\t\tNarodowe Czytanie w WBP\n\t\t\t\t<\/figcaption><\/figure><figure class='gallery-item'>\n\t\t\t<div class='gallery-icon landscape'>\n\t\t\t\t<a href='https:\/\/wbp.lublin.pl\/index.php\/2021\/09\/12\/narodowe-czytanie-w-wbp-w-teleobiektywie-i-w-mediach\/img_4928\/'><img loading=\"lazy\" decoding=\"async\" width=\"600\" height=\"400\" src=\"https:\/\/wbp.lublin.pl\/wp-content\/uploads\/2021\/09\/IMG_4928-600x400.webp\" class=\"attachment-medium size-medium not-transparent\" alt=\"\" aria-describedby=\"gallery-18-31566\" srcset=\"https:\/\/wbp.lublin.pl\/wp-content\/uploads\/2021\/09\/IMG_4928-600x400.webp 600w, https:\/\/wbp.lublin.pl\/wp-content\/uploads\/2021\/09\/IMG_4928-400x267.webp 400w, https:\/\/wbp.lublin.pl\/wp-content\/uploads\/2021\/09\/IMG_4928-768x512.webp 768w, https:\/\/wbp.lublin.pl\/wp-content\/uploads\/2021\/09\/IMG_4928-1536x1024.webp 1536w, https:\/\/wbp.lublin.pl\/wp-content\/uploads\/2021\/09\/IMG_4928-947x631.webp 947w, https:\/\/wbp.lublin.pl\/wp-content\/uploads\/2021\/09\/IMG_4928-624x416.webp 624w, https:\/\/wbp.lublin.pl\/wp-content\/uploads\/2021\/09\/IMG_4928-84x56.webp 84w, https:\/\/wbp.lublin.pl\/wp-content\/uploads\/2021\/09\/IMG_4928.webp 1620w\" sizes=\"auto, (max-width: 600px) 100vw, 600px\" data-has-transparency=\"false\" data-dominant-color=\"656360\" style=\"--dominant-color: #656360;\" \/><\/a>\n\t\t\t<\/div>\n\t\t\t\t<figcaption class='wp-caption-text gallery-caption' id='gallery-18-31566'>\n\t\t\t\tDulska &#8211; Patrycja P\u0142o\u0144ska i Juliasiewiczowa &#8211; Joanna \u017belazowska\n\t\t\t\t<\/figcaption><\/figure><figure class='gallery-item'>\n\t\t\t<div class='gallery-icon landscape'>\n\t\t\t\t<a href='https:\/\/wbp.lublin.pl\/index.php\/2021\/09\/12\/narodowe-czytanie-w-wbp-w-teleobiektywie-i-w-mediach\/img_4930\/'><img loading=\"lazy\" decoding=\"async\" width=\"600\" height=\"400\" src=\"https:\/\/wbp.lublin.pl\/wp-content\/uploads\/2021\/09\/IMG_4930-600x400.webp\" class=\"attachment-medium size-medium not-transparent\" alt=\"\" aria-describedby=\"gallery-18-31739\" srcset=\"https:\/\/wbp.lublin.pl\/wp-content\/uploads\/2021\/09\/IMG_4930-600x400.webp 600w, https:\/\/wbp.lublin.pl\/wp-content\/uploads\/2021\/09\/IMG_4930-400x267.webp 400w, https:\/\/wbp.lublin.pl\/wp-content\/uploads\/2021\/09\/IMG_4930-768x512.webp 768w, https:\/\/wbp.lublin.pl\/wp-content\/uploads\/2021\/09\/IMG_4930-1536x1024.webp 1536w, https:\/\/wbp.lublin.pl\/wp-content\/uploads\/2021\/09\/IMG_4930-947x631.webp 947w, https:\/\/wbp.lublin.pl\/wp-content\/uploads\/2021\/09\/IMG_4930-624x416.webp 624w, https:\/\/wbp.lublin.pl\/wp-content\/uploads\/2021\/09\/IMG_4930-84x56.webp 84w, https:\/\/wbp.lublin.pl\/wp-content\/uploads\/2021\/09\/IMG_4930.webp 1620w\" sizes=\"auto, (max-width: 600px) 100vw, 600px\" data-has-transparency=\"false\" data-dominant-color=\"464444\" style=\"--dominant-color: #464444;\" \/><\/a>\n\t\t\t<\/div>\n\t\t\t\t<figcaption class='wp-caption-text gallery-caption' id='gallery-18-31739'>\n\t\t\t\tDulska &#8211; Patrycja P\u0142o\u0144ska i Hanka &#8211; Anna Biegalska\n\t\t\t\t<\/figcaption><\/figure><figure class='gallery-item'>\n\t\t\t<div class='gallery-icon landscape'>\n\t\t\t\t<a href='https:\/\/wbp.lublin.pl\/index.php\/2021\/09\/12\/narodowe-czytanie-w-wbp-w-teleobiektywie-i-w-mediach\/img_4959\/'><img loading=\"lazy\" decoding=\"async\" width=\"600\" height=\"400\" src=\"https:\/\/wbp.lublin.pl\/wp-content\/uploads\/2021\/09\/IMG_4959-600x400.webp\" class=\"attachment-medium size-medium not-transparent\" alt=\"\" aria-describedby=\"gallery-18-31557\" srcset=\"https:\/\/wbp.lublin.pl\/wp-content\/uploads\/2021\/09\/IMG_4959-600x400.webp 600w, https:\/\/wbp.lublin.pl\/wp-content\/uploads\/2021\/09\/IMG_4959-400x267.webp 400w, https:\/\/wbp.lublin.pl\/wp-content\/uploads\/2021\/09\/IMG_4959-768x512.webp 768w, https:\/\/wbp.lublin.pl\/wp-content\/uploads\/2021\/09\/IMG_4959-1536x1024.webp 1536w, https:\/\/wbp.lublin.pl\/wp-content\/uploads\/2021\/09\/IMG_4959-947x631.webp 947w, https:\/\/wbp.lublin.pl\/wp-content\/uploads\/2021\/09\/IMG_4959-624x416.webp 624w, https:\/\/wbp.lublin.pl\/wp-content\/uploads\/2021\/09\/IMG_4959-84x56.webp 84w, https:\/\/wbp.lublin.pl\/wp-content\/uploads\/2021\/09\/IMG_4959.webp 1620w\" sizes=\"auto, (max-width: 600px) 100vw, 600px\" data-has-transparency=\"false\" data-dominant-color=\"5f5756\" style=\"--dominant-color: #5f5756;\" \/><\/a>\n\t\t\t<\/div>\n\t\t\t\t<figcaption class='wp-caption-text gallery-caption' id='gallery-18-31557'>\n\t\t\t\t&#8222;Trupa z szafy bibliotecznej&#8221; wystawia &#8222;Moralno\u015b\u0107 pani Dulskiej&#8221; Gabrieli Zapolskiej\n\t\t\t\t<\/figcaption><\/figure><figure class='gallery-item'>\n\t\t\t<div class='gallery-icon landscape'>\n\t\t\t\t<a href='https:\/\/wbp.lublin.pl\/index.php\/2021\/09\/12\/narodowe-czytanie-w-wbp-w-teleobiektywie-i-w-mediach\/img_4991\/'><img loading=\"lazy\" decoding=\"async\" width=\"600\" height=\"400\" src=\"https:\/\/wbp.lublin.pl\/wp-content\/uploads\/2021\/09\/IMG_4991-600x400.webp\" class=\"attachment-medium size-medium not-transparent\" alt=\"&quot;Trupa z szafy bibliotecznej&quot; wystawia &quot;Moralno\u015b\u0107 pani Dulskiej&quot; Gabrieli Zapolskiej\" aria-describedby=\"gallery-18-31769\" srcset=\"https:\/\/wbp.lublin.pl\/wp-content\/uploads\/2021\/09\/IMG_4991-600x400.webp 600w, https:\/\/wbp.lublin.pl\/wp-content\/uploads\/2021\/09\/IMG_4991-400x267.webp 400w, https:\/\/wbp.lublin.pl\/wp-content\/uploads\/2021\/09\/IMG_4991-768x512.webp 768w, https:\/\/wbp.lublin.pl\/wp-content\/uploads\/2021\/09\/IMG_4991-1536x1024.webp 1536w, https:\/\/wbp.lublin.pl\/wp-content\/uploads\/2021\/09\/IMG_4991-947x631.webp 947w, https:\/\/wbp.lublin.pl\/wp-content\/uploads\/2021\/09\/IMG_4991-624x416.webp 624w, https:\/\/wbp.lublin.pl\/wp-content\/uploads\/2021\/09\/IMG_4991-84x56.webp 84w, https:\/\/wbp.lublin.pl\/wp-content\/uploads\/2021\/09\/IMG_4991.webp 1620w\" sizes=\"auto, (max-width: 600px) 100vw, 600px\" data-has-transparency=\"false\" data-dominant-color=\"6d6a6a\" style=\"--dominant-color: #6d6a6a;\" \/><\/a>\n\t\t\t<\/div>\n\t\t\t\t<figcaption class='wp-caption-text gallery-caption' id='gallery-18-31769'>\n\t\t\t\t&#8222;Trupa z szafy bibliotecznej&#8221; wystawia &#8222;Moralno\u015b\u0107 pani Dulskiej&#8221; Gabrieli Zapolskiej\n\t\t\t\t<\/figcaption><\/figure><figure class='gallery-item'>\n\t\t\t<div class='gallery-icon landscape'>\n\t\t\t\t<a href='https:\/\/wbp.lublin.pl\/index.php\/2021\/09\/12\/narodowe-czytanie-w-wbp-w-teleobiektywie-i-w-mediach\/img_4999\/'><img loading=\"lazy\" decoding=\"async\" width=\"600\" height=\"400\" src=\"https:\/\/wbp.lublin.pl\/wp-content\/uploads\/2021\/09\/IMG_4999-600x400.webp\" class=\"attachment-medium size-medium not-transparent\" alt=\"\" aria-describedby=\"gallery-18-31567\" srcset=\"https:\/\/wbp.lublin.pl\/wp-content\/uploads\/2021\/09\/IMG_4999-600x400.webp 600w, https:\/\/wbp.lublin.pl\/wp-content\/uploads\/2021\/09\/IMG_4999-400x267.webp 400w, https:\/\/wbp.lublin.pl\/wp-content\/uploads\/2021\/09\/IMG_4999-768x512.webp 768w, https:\/\/wbp.lublin.pl\/wp-content\/uploads\/2021\/09\/IMG_4999-1536x1024.webp 1536w, https:\/\/wbp.lublin.pl\/wp-content\/uploads\/2021\/09\/IMG_4999-947x631.webp 947w, https:\/\/wbp.lublin.pl\/wp-content\/uploads\/2021\/09\/IMG_4999-624x416.webp 624w, https:\/\/wbp.lublin.pl\/wp-content\/uploads\/2021\/09\/IMG_4999-84x56.webp 84w, https:\/\/wbp.lublin.pl\/wp-content\/uploads\/2021\/09\/IMG_4999.webp 1620w\" sizes=\"auto, (max-width: 600px) 100vw, 600px\" data-has-transparency=\"false\" data-dominant-color=\"58514b\" style=\"--dominant-color: #58514b;\" \/><\/a>\n\t\t\t<\/div>\n\t\t\t\t<figcaption class='wp-caption-text gallery-caption' id='gallery-18-31567'>\n\t\t\t\t&#8222;Trupa z szafy bibliotecznej&#8221; wystawia &#8222;Moralno\u015b\u0107 pani Dulskiej&#8221; Gabrieli Zapolskiej\n\t\t\t\t<\/figcaption><\/figure><figure class='gallery-item'>\n\t\t\t<div class='gallery-icon landscape'>\n\t\t\t\t<a href='https:\/\/wbp.lublin.pl\/index.php\/2021\/09\/12\/narodowe-czytanie-w-wbp-w-teleobiektywie-i-w-mediach\/img_5004\/'><img loading=\"lazy\" decoding=\"async\" width=\"600\" height=\"400\" src=\"https:\/\/wbp.lublin.pl\/wp-content\/uploads\/2021\/09\/IMG_5004-600x400.webp\" class=\"attachment-medium size-medium not-transparent\" alt=\"\" aria-describedby=\"gallery-18-31568\" srcset=\"https:\/\/wbp.lublin.pl\/wp-content\/uploads\/2021\/09\/IMG_5004-600x400.webp 600w, https:\/\/wbp.lublin.pl\/wp-content\/uploads\/2021\/09\/IMG_5004-400x267.webp 400w, https:\/\/wbp.lublin.pl\/wp-content\/uploads\/2021\/09\/IMG_5004-768x512.webp 768w, https:\/\/wbp.lublin.pl\/wp-content\/uploads\/2021\/09\/IMG_5004-1536x1024.webp 1536w, https:\/\/wbp.lublin.pl\/wp-content\/uploads\/2021\/09\/IMG_5004-947x631.webp 947w, https:\/\/wbp.lublin.pl\/wp-content\/uploads\/2021\/09\/IMG_5004-624x416.webp 624w, https:\/\/wbp.lublin.pl\/wp-content\/uploads\/2021\/09\/IMG_5004-84x56.webp 84w, https:\/\/wbp.lublin.pl\/wp-content\/uploads\/2021\/09\/IMG_5004.webp 1620w\" sizes=\"auto, (max-width: 600px) 100vw, 600px\" data-has-transparency=\"false\" data-dominant-color=\"7d6f70\" style=\"--dominant-color: #7d6f70;\" \/><\/a>\n\t\t\t<\/div>\n\t\t\t\t<figcaption class='wp-caption-text gallery-caption' id='gallery-18-31568'>\n\t\t\t\t&#8222;Trupa z szafy bibliotecznej&#8221; wystawia &#8222;Moralno\u015b\u0107 pani Dulskiej&#8221; Gabrieli Zapolskiej\n\t\t\t\t<\/figcaption><\/figure><figure class='gallery-item'>\n\t\t\t<div class='gallery-icon landscape'>\n\t\t\t\t<a href='https:\/\/wbp.lublin.pl\/index.php\/2021\/09\/12\/narodowe-czytanie-w-wbp-w-teleobiektywie-i-w-mediach\/img_5008\/'><img loading=\"lazy\" decoding=\"async\" width=\"600\" height=\"400\" src=\"https:\/\/wbp.lublin.pl\/wp-content\/uploads\/2021\/09\/IMG_5008-600x400.webp\" class=\"attachment-medium size-medium not-transparent\" alt=\"\" aria-describedby=\"gallery-18-31767\" srcset=\"https:\/\/wbp.lublin.pl\/wp-content\/uploads\/2021\/09\/IMG_5008-600x400.webp 600w, https:\/\/wbp.lublin.pl\/wp-content\/uploads\/2021\/09\/IMG_5008-400x267.webp 400w, https:\/\/wbp.lublin.pl\/wp-content\/uploads\/2021\/09\/IMG_5008-768x512.webp 768w, https:\/\/wbp.lublin.pl\/wp-content\/uploads\/2021\/09\/IMG_5008-1536x1024.webp 1536w, https:\/\/wbp.lublin.pl\/wp-content\/uploads\/2021\/09\/IMG_5008-947x631.webp 947w, https:\/\/wbp.lublin.pl\/wp-content\/uploads\/2021\/09\/IMG_5008-624x416.webp 624w, https:\/\/wbp.lublin.pl\/wp-content\/uploads\/2021\/09\/IMG_5008-84x56.webp 84w, https:\/\/wbp.lublin.pl\/wp-content\/uploads\/2021\/09\/IMG_5008.webp 1620w\" sizes=\"auto, (max-width: 600px) 100vw, 600px\" data-has-transparency=\"false\" data-dominant-color=\"756359\" style=\"--dominant-color: #756359;\" \/><\/a>\n\t\t\t<\/div>\n\t\t\t\t<figcaption class='wp-caption-text gallery-caption' id='gallery-18-31767'>\n\t\t\t\tTadrachowa &#8211; Kamil Izdebski\n\t\t\t\t<\/figcaption><\/figure><figure class='gallery-item'>\n\t\t\t<div class='gallery-icon landscape'>\n\t\t\t\t<a href='https:\/\/wbp.lublin.pl\/index.php\/2021\/09\/12\/narodowe-czytanie-w-wbp-w-teleobiektywie-i-w-mediach\/img_5011\/'><img loading=\"lazy\" decoding=\"async\" width=\"600\" height=\"400\" src=\"https:\/\/wbp.lublin.pl\/wp-content\/uploads\/2021\/09\/IMG_5011-600x400.webp\" class=\"attachment-medium size-medium not-transparent\" alt=\"\" aria-describedby=\"gallery-18-31766\" srcset=\"https:\/\/wbp.lublin.pl\/wp-content\/uploads\/2021\/09\/IMG_5011-600x400.webp 600w, https:\/\/wbp.lublin.pl\/wp-content\/uploads\/2021\/09\/IMG_5011-400x267.webp 400w, https:\/\/wbp.lublin.pl\/wp-content\/uploads\/2021\/09\/IMG_5011-768x512.webp 768w, https:\/\/wbp.lublin.pl\/wp-content\/uploads\/2021\/09\/IMG_5011-1536x1024.webp 1536w, https:\/\/wbp.lublin.pl\/wp-content\/uploads\/2021\/09\/IMG_5011-947x631.webp 947w, https:\/\/wbp.lublin.pl\/wp-content\/uploads\/2021\/09\/IMG_5011-624x416.webp 624w, https:\/\/wbp.lublin.pl\/wp-content\/uploads\/2021\/09\/IMG_5011-84x56.webp 84w, https:\/\/wbp.lublin.pl\/wp-content\/uploads\/2021\/09\/IMG_5011.webp 1620w\" sizes=\"auto, (max-width: 600px) 100vw, 600px\" data-has-transparency=\"false\" data-dominant-color=\"6c5c57\" style=\"--dominant-color: #6c5c57;\" \/><\/a>\n\t\t\t<\/div>\n\t\t\t\t<figcaption class='wp-caption-text gallery-caption' id='gallery-18-31766'>\n\t\t\t\tJuliasiewiczowa- Joanna \u017belazowska ii Tadrachowa &#8211; Kamil Izdebski\n\t\t\t\t<\/figcaption><\/figure><figure class='gallery-item'>\n\t\t\t<div class='gallery-icon landscape'>\n\t\t\t\t<a href='https:\/\/wbp.lublin.pl\/index.php\/2021\/09\/12\/narodowe-czytanie-w-wbp-w-teleobiektywie-i-w-mediach\/img_5014\/'><img loading=\"lazy\" decoding=\"async\" width=\"600\" height=\"400\" src=\"https:\/\/wbp.lublin.pl\/wp-content\/uploads\/2021\/09\/IMG_5014-600x400.webp\" class=\"attachment-medium size-medium not-transparent\" alt=\"\" aria-describedby=\"gallery-18-31570\" srcset=\"https:\/\/wbp.lublin.pl\/wp-content\/uploads\/2021\/09\/IMG_5014-600x400.webp 600w, https:\/\/wbp.lublin.pl\/wp-content\/uploads\/2021\/09\/IMG_5014-400x267.webp 400w, https:\/\/wbp.lublin.pl\/wp-content\/uploads\/2021\/09\/IMG_5014-768x512.webp 768w, https:\/\/wbp.lublin.pl\/wp-content\/uploads\/2021\/09\/IMG_5014-1536x1024.webp 1536w, https:\/\/wbp.lublin.pl\/wp-content\/uploads\/2021\/09\/IMG_5014-947x631.webp 947w, https:\/\/wbp.lublin.pl\/wp-content\/uploads\/2021\/09\/IMG_5014-624x416.webp 624w, https:\/\/wbp.lublin.pl\/wp-content\/uploads\/2021\/09\/IMG_5014-84x56.webp 84w, https:\/\/wbp.lublin.pl\/wp-content\/uploads\/2021\/09\/IMG_5014.webp 1620w\" sizes=\"auto, (max-width: 600px) 100vw, 600px\" data-has-transparency=\"false\" data-dominant-color=\"57504a\" style=\"--dominant-color: #57504a;\" \/><\/a>\n\t\t\t<\/div>\n\t\t\t\t<figcaption class='wp-caption-text gallery-caption' id='gallery-18-31570'>\n\t\t\t\tJuliasiewiczowa- Joanna \u017belazowska ii Tadrachowa &#8211; Kamil Izdebski\n\t\t\t\t<\/figcaption><\/figure><figure class='gallery-item'>\n\t\t\t<div class='gallery-icon landscape'>\n\t\t\t\t<a href='https:\/\/wbp.lublin.pl\/index.php\/2021\/09\/12\/narodowe-czytanie-w-wbp-w-teleobiektywie-i-w-mediach\/img_5021-2\/'><img loading=\"lazy\" decoding=\"async\" width=\"600\" height=\"400\" src=\"https:\/\/wbp.lublin.pl\/wp-content\/uploads\/2021\/09\/IMG_5021-1-600x400.webp\" class=\"attachment-medium size-medium not-transparent\" alt=\"&quot;Trupa z szafy bibliotecznej&quot; wystawia &quot;Moralno\u015b\u0107 pani Dulskiej&quot; Gabrieli Zapolskiej\" aria-describedby=\"gallery-18-31765\" srcset=\"https:\/\/wbp.lublin.pl\/wp-content\/uploads\/2021\/09\/IMG_5021-1-600x400.webp 600w, https:\/\/wbp.lublin.pl\/wp-content\/uploads\/2021\/09\/IMG_5021-1-400x267.webp 400w, https:\/\/wbp.lublin.pl\/wp-content\/uploads\/2021\/09\/IMG_5021-1-768x512.webp 768w, https:\/\/wbp.lublin.pl\/wp-content\/uploads\/2021\/09\/IMG_5021-1-1536x1024.webp 1536w, https:\/\/wbp.lublin.pl\/wp-content\/uploads\/2021\/09\/IMG_5021-1-947x631.webp 947w, https:\/\/wbp.lublin.pl\/wp-content\/uploads\/2021\/09\/IMG_5021-1-624x416.webp 624w, https:\/\/wbp.lublin.pl\/wp-content\/uploads\/2021\/09\/IMG_5021-1-84x56.webp 84w, https:\/\/wbp.lublin.pl\/wp-content\/uploads\/2021\/09\/IMG_5021-1.webp 1620w\" sizes=\"auto, (max-width: 600px) 100vw, 600px\" data-has-transparency=\"false\" data-dominant-color=\"7b6864\" style=\"--dominant-color: #7b6864;\" \/><\/a>\n\t\t\t<\/div>\n\t\t\t\t<figcaption class='wp-caption-text gallery-caption' id='gallery-18-31765'>\n\t\t\t\t&#8222;Trupa z szafy bibliotecznej&#8221; wystawia &#8222;Moralno\u015b\u0107 pani Dulskiej&#8221; Gabrieli Zapolskiej\n\t\t\t\t<\/figcaption><\/figure><figure class='gallery-item'>\n\t\t\t<div class='gallery-icon landscape'>\n\t\t\t\t<a href='https:\/\/wbp.lublin.pl\/index.php\/2021\/09\/12\/narodowe-czytanie-w-wbp-w-teleobiektywie-i-w-mediach\/img_5026-2\/'><img loading=\"lazy\" decoding=\"async\" width=\"600\" height=\"400\" src=\"https:\/\/wbp.lublin.pl\/wp-content\/uploads\/2021\/09\/IMG_5026-1-600x400.webp\" class=\"attachment-medium size-medium not-transparent\" alt=\"\" aria-describedby=\"gallery-18-31571\" srcset=\"https:\/\/wbp.lublin.pl\/wp-content\/uploads\/2021\/09\/IMG_5026-1-600x400.webp 600w, https:\/\/wbp.lublin.pl\/wp-content\/uploads\/2021\/09\/IMG_5026-1-400x267.webp 400w, https:\/\/wbp.lublin.pl\/wp-content\/uploads\/2021\/09\/IMG_5026-1-768x512.webp 768w, https:\/\/wbp.lublin.pl\/wp-content\/uploads\/2021\/09\/IMG_5026-1-1536x1024.webp 1536w, https:\/\/wbp.lublin.pl\/wp-content\/uploads\/2021\/09\/IMG_5026-1-947x631.webp 947w, https:\/\/wbp.lublin.pl\/wp-content\/uploads\/2021\/09\/IMG_5026-1-624x416.webp 624w, https:\/\/wbp.lublin.pl\/wp-content\/uploads\/2021\/09\/IMG_5026-1-84x56.webp 84w, https:\/\/wbp.lublin.pl\/wp-content\/uploads\/2021\/09\/IMG_5026-1.webp 1620w\" sizes=\"auto, (max-width: 600px) 100vw, 600px\" data-has-transparency=\"false\" data-dominant-color=\"877877\" style=\"--dominant-color: #877877;\" \/><\/a>\n\t\t\t<\/div>\n\t\t\t\t<figcaption class='wp-caption-text gallery-caption' id='gallery-18-31571'>\n\t\t\t\t&#8222;Trupa z szafy bibliotecznej&#8221; wystawia &#8222;Moralno\u015b\u0107 pani Dulskiej&#8221; Gabrieli Zapolskiej\n\t\t\t\t<\/figcaption><\/figure><figure class='gallery-item'>\n\t\t\t<div class='gallery-icon landscape'>\n\t\t\t\t<a href='https:\/\/wbp.lublin.pl\/index.php\/2021\/09\/12\/narodowe-czytanie-w-wbp-w-teleobiektywie-i-w-mediach\/img_5028\/'><img loading=\"lazy\" decoding=\"async\" width=\"600\" height=\"400\" src=\"https:\/\/wbp.lublin.pl\/wp-content\/uploads\/2021\/09\/IMG_5028-600x400.webp\" class=\"attachment-medium size-medium not-transparent\" alt=\"\" aria-describedby=\"gallery-18-31573\" srcset=\"https:\/\/wbp.lublin.pl\/wp-content\/uploads\/2021\/09\/IMG_5028-600x400.webp 600w, https:\/\/wbp.lublin.pl\/wp-content\/uploads\/2021\/09\/IMG_5028-400x267.webp 400w, https:\/\/wbp.lublin.pl\/wp-content\/uploads\/2021\/09\/IMG_5028-768x512.webp 768w, https:\/\/wbp.lublin.pl\/wp-content\/uploads\/2021\/09\/IMG_5028-947x631.webp 947w, https:\/\/wbp.lublin.pl\/wp-content\/uploads\/2021\/09\/IMG_5028-624x416.webp 624w, https:\/\/wbp.lublin.pl\/wp-content\/uploads\/2021\/09\/IMG_5028-84x56.webp 84w, https:\/\/wbp.lublin.pl\/wp-content\/uploads\/2021\/09\/IMG_5028.webp 1496w\" sizes=\"auto, (max-width: 600px) 100vw, 600px\" data-has-transparency=\"false\" data-dominant-color=\"4a4140\" style=\"--dominant-color: #4a4140;\" \/><\/a>\n\t\t\t<\/div>\n\t\t\t\t<figcaption class='wp-caption-text gallery-caption' id='gallery-18-31573'>\n\t\t\t\t&#8222;Trupa z szafy bibliotecznej&#8221; wystawia &#8222;Moralno\u015b\u0107 pani Dulskiej&#8221; Gabrieli Zapolskiej\n\t\t\t\t<\/figcaption><\/figure><figure class='gallery-item'>\n\t\t\t<div class='gallery-icon landscape'>\n\t\t\t\t<a href='https:\/\/wbp.lublin.pl\/index.php\/2021\/09\/12\/narodowe-czytanie-w-wbp-w-teleobiektywie-i-w-mediach\/img_4800-2\/'><img loading=\"lazy\" decoding=\"async\" width=\"600\" height=\"400\" src=\"https:\/\/wbp.lublin.pl\/wp-content\/uploads\/2021\/09\/IMG_4800-1-600x400.webp\" class=\"attachment-medium size-medium not-transparent\" alt=\"&quot;Trupa z szafy bibliotecznej&quot; wystawia &quot;Moralno\u015b\u0107 pani Dulskiej&quot; Gabrieli Zapolskiej\" aria-describedby=\"gallery-18-31719\" srcset=\"https:\/\/wbp.lublin.pl\/wp-content\/uploads\/2021\/09\/IMG_4800-1-600x400.webp 600w, https:\/\/wbp.lublin.pl\/wp-content\/uploads\/2021\/09\/IMG_4800-1-400x267.webp 400w, https:\/\/wbp.lublin.pl\/wp-content\/uploads\/2021\/09\/IMG_4800-1-768x512.webp 768w, https:\/\/wbp.lublin.pl\/wp-content\/uploads\/2021\/09\/IMG_4800-1-1536x1024.webp 1536w, https:\/\/wbp.lublin.pl\/wp-content\/uploads\/2021\/09\/IMG_4800-1-947x631.webp 947w, https:\/\/wbp.lublin.pl\/wp-content\/uploads\/2021\/09\/IMG_4800-1-624x416.webp 624w, https:\/\/wbp.lublin.pl\/wp-content\/uploads\/2021\/09\/IMG_4800-1-84x56.webp 84w, https:\/\/wbp.lublin.pl\/wp-content\/uploads\/2021\/09\/IMG_4800-1.webp 1620w\" sizes=\"auto, (max-width: 600px) 100vw, 600px\" data-has-transparency=\"false\" data-dominant-color=\"5b5853\" style=\"--dominant-color: #5b5853;\" \/><\/a>\n\t\t\t<\/div>\n\t\t\t\t<figcaption class='wp-caption-text gallery-caption' id='gallery-18-31719'>\n\t\t\t\t&#8222;Trupa z szafy bibliotecznej&#8221; wystawia &#8222;Moralno\u015b\u0107 pani Dulskiej&#8221; Gabrieli Zapolskiej\n\t\t\t\t<\/figcaption><\/figure><figure class='gallery-item'>\n\t\t\t<div class='gallery-icon landscape'>\n\t\t\t\t<a href='https:\/\/wbp.lublin.pl\/index.php\/2021\/09\/12\/narodowe-czytanie-w-wbp-w-teleobiektywie-i-w-mediach\/img_5044\/'><img loading=\"lazy\" decoding=\"async\" width=\"600\" height=\"400\" src=\"https:\/\/wbp.lublin.pl\/wp-content\/uploads\/2021\/09\/IMG_5044-600x400.webp\" class=\"attachment-medium size-medium not-transparent\" alt=\"Podzi\u0119kowania dla &quot;Trupy z szafy bibliotecznej&quot;\" aria-describedby=\"gallery-18-31762\" srcset=\"https:\/\/wbp.lublin.pl\/wp-content\/uploads\/2021\/09\/IMG_5044-600x400.webp 600w, https:\/\/wbp.lublin.pl\/wp-content\/uploads\/2021\/09\/IMG_5044-400x267.webp 400w, https:\/\/wbp.lublin.pl\/wp-content\/uploads\/2021\/09\/IMG_5044-768x512.webp 768w, https:\/\/wbp.lublin.pl\/wp-content\/uploads\/2021\/09\/IMG_5044-1536x1024.webp 1536w, https:\/\/wbp.lublin.pl\/wp-content\/uploads\/2021\/09\/IMG_5044-947x631.webp 947w, https:\/\/wbp.lublin.pl\/wp-content\/uploads\/2021\/09\/IMG_5044-624x416.webp 624w, https:\/\/wbp.lublin.pl\/wp-content\/uploads\/2021\/09\/IMG_5044-84x56.webp 84w, https:\/\/wbp.lublin.pl\/wp-content\/uploads\/2021\/09\/IMG_5044.webp 1620w\" sizes=\"auto, (max-width: 600px) 100vw, 600px\" data-has-transparency=\"false\" data-dominant-color=\"766a6b\" style=\"--dominant-color: #766a6b;\" \/><\/a>\n\t\t\t<\/div>\n\t\t\t\t<figcaption class='wp-caption-text gallery-caption' id='gallery-18-31762'>\n\t\t\t\tPodzi\u0119kowania dla &#8222;Trupy z szafy bibliotecznej&#8221;\n\t\t\t\t<\/figcaption><\/figure><figure class='gallery-item'>\n\t\t\t<div class='gallery-icon landscape'>\n\t\t\t\t<a href='https:\/\/wbp.lublin.pl\/index.php\/2021\/09\/12\/narodowe-czytanie-w-wbp-w-teleobiektywie-i-w-mediach\/img_5056\/'><img loading=\"lazy\" decoding=\"async\" width=\"600\" height=\"400\" src=\"https:\/\/wbp.lublin.pl\/wp-content\/uploads\/2021\/09\/IMG_5056-600x400.webp\" class=\"attachment-medium size-medium not-transparent\" alt=\"\" aria-describedby=\"gallery-18-31574\" srcset=\"https:\/\/wbp.lublin.pl\/wp-content\/uploads\/2021\/09\/IMG_5056-600x400.webp 600w, https:\/\/wbp.lublin.pl\/wp-content\/uploads\/2021\/09\/IMG_5056-400x267.webp 400w, https:\/\/wbp.lublin.pl\/wp-content\/uploads\/2021\/09\/IMG_5056-768x512.webp 768w, https:\/\/wbp.lublin.pl\/wp-content\/uploads\/2021\/09\/IMG_5056-1536x1024.webp 1536w, https:\/\/wbp.lublin.pl\/wp-content\/uploads\/2021\/09\/IMG_5056-947x631.webp 947w, https:\/\/wbp.lublin.pl\/wp-content\/uploads\/2021\/09\/IMG_5056-624x416.webp 624w, https:\/\/wbp.lublin.pl\/wp-content\/uploads\/2021\/09\/IMG_5056-84x56.webp 84w, https:\/\/wbp.lublin.pl\/wp-content\/uploads\/2021\/09\/IMG_5056.webp 1620w\" sizes=\"auto, (max-width: 600px) 100vw, 600px\" data-has-transparency=\"false\" data-dominant-color=\"66635f\" style=\"--dominant-color: #66635f;\" \/><\/a>\n\t\t\t<\/div>\n\t\t\t\t<figcaption class='wp-caption-text gallery-caption' id='gallery-18-31574'>\n\t\t\t\t&#8222;Trupa z szafy bibliotecznej&#8221; wystawia &#8222;Moralno\u015b\u0107 pani Dulskiej&#8221; Gabrieli Zapolskiej\n\t\t\t\t<\/figcaption><\/figure><figure class='gallery-item'>\n\t\t\t<div class='gallery-icon landscape'>\n\t\t\t\t<a href='https:\/\/wbp.lublin.pl\/index.php\/2021\/09\/12\/narodowe-czytanie-w-wbp-w-teleobiektywie-i-w-mediach\/img_5063\/'><img loading=\"lazy\" decoding=\"async\" width=\"600\" height=\"400\" src=\"https:\/\/wbp.lublin.pl\/wp-content\/uploads\/2021\/09\/IMG_5063-600x400.webp\" class=\"attachment-medium size-medium not-transparent\" alt=\"Podzi\u0119kowania dla &quot;Trupy z szafy bibliotecznej&quot;\" aria-describedby=\"gallery-18-31760\" srcset=\"https:\/\/wbp.lublin.pl\/wp-content\/uploads\/2021\/09\/IMG_5063-600x400.webp 600w, https:\/\/wbp.lublin.pl\/wp-content\/uploads\/2021\/09\/IMG_5063-400x267.webp 400w, https:\/\/wbp.lublin.pl\/wp-content\/uploads\/2021\/09\/IMG_5063-768x512.webp 768w, https:\/\/wbp.lublin.pl\/wp-content\/uploads\/2021\/09\/IMG_5063-1536x1024.webp 1536w, https:\/\/wbp.lublin.pl\/wp-content\/uploads\/2021\/09\/IMG_5063-947x631.webp 947w, https:\/\/wbp.lublin.pl\/wp-content\/uploads\/2021\/09\/IMG_5063-624x416.webp 624w, https:\/\/wbp.lublin.pl\/wp-content\/uploads\/2021\/09\/IMG_5063-84x56.webp 84w, https:\/\/wbp.lublin.pl\/wp-content\/uploads\/2021\/09\/IMG_5063.webp 1620w\" sizes=\"auto, (max-width: 600px) 100vw, 600px\" data-has-transparency=\"false\" data-dominant-color=\"685d5c\" style=\"--dominant-color: #685d5c;\" \/><\/a>\n\t\t\t<\/div>\n\t\t\t\t<figcaption class='wp-caption-text gallery-caption' id='gallery-18-31760'>\n\t\t\t\tPodzi\u0119kowania dla &#8222;Trupy z szafy bibliotecznej&#8221;\n\t\t\t\t<\/figcaption><\/figure><figure class='gallery-item'>\n\t\t\t<div class='gallery-icon landscape'>\n\t\t\t\t<a href='https:\/\/wbp.lublin.pl\/index.php\/2021\/09\/12\/narodowe-czytanie-w-wbp-w-teleobiektywie-i-w-mediach\/img_5069\/'><img loading=\"lazy\" decoding=\"async\" width=\"600\" height=\"400\" src=\"https:\/\/wbp.lublin.pl\/wp-content\/uploads\/2021\/09\/IMG_5069-600x400.webp\" class=\"attachment-medium size-medium not-transparent\" alt=\"Podzi\u0119kowania dla &quot;Trupy z szafy bibliotecznej&quot;\" aria-describedby=\"gallery-18-31757\" srcset=\"https:\/\/wbp.lublin.pl\/wp-content\/uploads\/2021\/09\/IMG_5069-600x400.webp 600w, https:\/\/wbp.lublin.pl\/wp-content\/uploads\/2021\/09\/IMG_5069-400x267.webp 400w, https:\/\/wbp.lublin.pl\/wp-content\/uploads\/2021\/09\/IMG_5069-768x512.webp 768w, https:\/\/wbp.lublin.pl\/wp-content\/uploads\/2021\/09\/IMG_5069-1536x1024.webp 1536w, https:\/\/wbp.lublin.pl\/wp-content\/uploads\/2021\/09\/IMG_5069-947x631.webp 947w, https:\/\/wbp.lublin.pl\/wp-content\/uploads\/2021\/09\/IMG_5069-624x416.webp 624w, https:\/\/wbp.lublin.pl\/wp-content\/uploads\/2021\/09\/IMG_5069-84x56.webp 84w, https:\/\/wbp.lublin.pl\/wp-content\/uploads\/2021\/09\/IMG_5069.webp 1620w\" sizes=\"auto, (max-width: 600px) 100vw, 600px\" data-has-transparency=\"false\" data-dominant-color=\"535151\" style=\"--dominant-color: #535151;\" \/><\/a>\n\t\t\t<\/div>\n\t\t\t\t<figcaption class='wp-caption-text gallery-caption' id='gallery-18-31757'>\n\t\t\t\tPodzi\u0119kowania dla &#8222;Trupy z szafy bibliotecznej&#8221;\n\t\t\t\t<\/figcaption><\/figure><figure class='gallery-item'>\n\t\t\t<div class='gallery-icon landscape'>\n\t\t\t\t<a href='https:\/\/wbp.lublin.pl\/index.php\/2021\/09\/12\/narodowe-czytanie-w-wbp-w-teleobiektywie-i-w-mediach\/img_5075\/'><img loading=\"lazy\" decoding=\"async\" width=\"600\" height=\"400\" src=\"https:\/\/wbp.lublin.pl\/wp-content\/uploads\/2021\/09\/IMG_5075-600x400.webp\" class=\"attachment-medium size-medium not-transparent\" alt=\"Podzi\u0119kowania dla &quot;Trupy z szafy bibliotecznej&quot;\" aria-describedby=\"gallery-18-31756\" srcset=\"https:\/\/wbp.lublin.pl\/wp-content\/uploads\/2021\/09\/IMG_5075-600x400.webp 600w, https:\/\/wbp.lublin.pl\/wp-content\/uploads\/2021\/09\/IMG_5075-400x267.webp 400w, https:\/\/wbp.lublin.pl\/wp-content\/uploads\/2021\/09\/IMG_5075-768x512.webp 768w, https:\/\/wbp.lublin.pl\/wp-content\/uploads\/2021\/09\/IMG_5075-1536x1024.webp 1536w, https:\/\/wbp.lublin.pl\/wp-content\/uploads\/2021\/09\/IMG_5075-947x631.webp 947w, https:\/\/wbp.lublin.pl\/wp-content\/uploads\/2021\/09\/IMG_5075-624x416.webp 624w, https:\/\/wbp.lublin.pl\/wp-content\/uploads\/2021\/09\/IMG_5075-84x56.webp 84w, https:\/\/wbp.lublin.pl\/wp-content\/uploads\/2021\/09\/IMG_5075.webp 1620w\" sizes=\"auto, (max-width: 600px) 100vw, 600px\" data-has-transparency=\"false\" data-dominant-color=\"606062\" style=\"--dominant-color: #606062;\" \/><\/a>\n\t\t\t<\/div>\n\t\t\t\t<figcaption class='wp-caption-text gallery-caption' id='gallery-18-31756'>\n\t\t\t\tPodzi\u0119kowania dla &#8222;Trupy z szafy bibliotecznej&#8221;\n\t\t\t\t<\/figcaption><\/figure><figure class='gallery-item'>\n\t\t\t<div class='gallery-icon landscape'>\n\t\t\t\t<a href='https:\/\/wbp.lublin.pl\/index.php\/2021\/09\/12\/narodowe-czytanie-w-wbp-w-teleobiektywie-i-w-mediach\/img_5077\/'><img loading=\"lazy\" decoding=\"async\" width=\"600\" height=\"400\" src=\"https:\/\/wbp.lublin.pl\/wp-content\/uploads\/2021\/09\/IMG_5077-600x400.webp\" class=\"attachment-medium size-medium not-transparent\" alt=\"Podzi\u0119kowania dla &quot;Trupy z szafy bibliotecznej&quot;\" aria-describedby=\"gallery-18-31755\" srcset=\"https:\/\/wbp.lublin.pl\/wp-content\/uploads\/2021\/09\/IMG_5077-600x400.webp 600w, https:\/\/wbp.lublin.pl\/wp-content\/uploads\/2021\/09\/IMG_5077-400x267.webp 400w, https:\/\/wbp.lublin.pl\/wp-content\/uploads\/2021\/09\/IMG_5077-768x512.webp 768w, https:\/\/wbp.lublin.pl\/wp-content\/uploads\/2021\/09\/IMG_5077-1536x1024.webp 1536w, https:\/\/wbp.lublin.pl\/wp-content\/uploads\/2021\/09\/IMG_5077-947x631.webp 947w, https:\/\/wbp.lublin.pl\/wp-content\/uploads\/2021\/09\/IMG_5077-624x416.webp 624w, https:\/\/wbp.lublin.pl\/wp-content\/uploads\/2021\/09\/IMG_5077-84x56.webp 84w, https:\/\/wbp.lublin.pl\/wp-content\/uploads\/2021\/09\/IMG_5077.webp 1620w\" sizes=\"auto, (max-width: 600px) 100vw, 600px\" data-has-transparency=\"false\" data-dominant-color=\"3b383c\" style=\"--dominant-color: #3b383c;\" \/><\/a>\n\t\t\t<\/div>\n\t\t\t\t<figcaption class='wp-caption-text gallery-caption' id='gallery-18-31755'>\n\t\t\t\tPodzi\u0119kowania dla &#8222;Trupy z szafy bibliotecznej&#8221;\n\t\t\t\t<\/figcaption><\/figure><figure class='gallery-item'>\n\t\t\t<div class='gallery-icon landscape'>\n\t\t\t\t<a href='https:\/\/wbp.lublin.pl\/index.php\/2021\/09\/12\/narodowe-czytanie-w-wbp-w-teleobiektywie-i-w-mediach\/img_5086\/'><img loading=\"lazy\" decoding=\"async\" width=\"600\" height=\"400\" src=\"https:\/\/wbp.lublin.pl\/wp-content\/uploads\/2021\/09\/IMG_5086-600x400.webp\" class=\"attachment-medium size-medium not-transparent\" alt=\"Podzi\u0119kowania dla &quot;Trupy z szafy bibliotecznej&quot;\" aria-describedby=\"gallery-18-31753\" srcset=\"https:\/\/wbp.lublin.pl\/wp-content\/uploads\/2021\/09\/IMG_5086-600x400.webp 600w, https:\/\/wbp.lublin.pl\/wp-content\/uploads\/2021\/09\/IMG_5086-400x267.webp 400w, https:\/\/wbp.lublin.pl\/wp-content\/uploads\/2021\/09\/IMG_5086-768x512.webp 768w, https:\/\/wbp.lublin.pl\/wp-content\/uploads\/2021\/09\/IMG_5086-1536x1024.webp 1536w, https:\/\/wbp.lublin.pl\/wp-content\/uploads\/2021\/09\/IMG_5086-947x631.webp 947w, https:\/\/wbp.lublin.pl\/wp-content\/uploads\/2021\/09\/IMG_5086-624x416.webp 624w, https:\/\/wbp.lublin.pl\/wp-content\/uploads\/2021\/09\/IMG_5086-84x56.webp 84w, https:\/\/wbp.lublin.pl\/wp-content\/uploads\/2021\/09\/IMG_5086.webp 1620w\" sizes=\"auto, (max-width: 600px) 100vw, 600px\" data-has-transparency=\"false\" data-dominant-color=\"474140\" style=\"--dominant-color: #474140;\" \/><\/a>\n\t\t\t<\/div>\n\t\t\t\t<figcaption class='wp-caption-text gallery-caption' id='gallery-18-31753'>\n\t\t\t\tPodzi\u0119kowania dla &#8222;Trupy z szafy bibliotecznej&#8221;\n\t\t\t\t<\/figcaption><\/figure><figure class='gallery-item'>\n\t\t\t<div class='gallery-icon landscape'>\n\t\t\t\t<a href='https:\/\/wbp.lublin.pl\/index.php\/2021\/09\/12\/narodowe-czytanie-w-wbp-w-teleobiektywie-i-w-mediach\/img_5089\/'><img loading=\"lazy\" decoding=\"async\" width=\"600\" height=\"400\" src=\"https:\/\/wbp.lublin.pl\/wp-content\/uploads\/2021\/09\/IMG_5089-600x400.webp\" class=\"attachment-medium size-medium not-transparent\" alt=\"Podzi\u0119kowania dla &quot;Trupy z szafy bibliotecznej&quot;\" aria-describedby=\"gallery-18-31751\" srcset=\"https:\/\/wbp.lublin.pl\/wp-content\/uploads\/2021\/09\/IMG_5089-600x400.webp 600w, https:\/\/wbp.lublin.pl\/wp-content\/uploads\/2021\/09\/IMG_5089-400x267.webp 400w, https:\/\/wbp.lublin.pl\/wp-content\/uploads\/2021\/09\/IMG_5089-768x512.webp 768w, https:\/\/wbp.lublin.pl\/wp-content\/uploads\/2021\/09\/IMG_5089-1536x1024.webp 1536w, https:\/\/wbp.lublin.pl\/wp-content\/uploads\/2021\/09\/IMG_5089-947x631.webp 947w, https:\/\/wbp.lublin.pl\/wp-content\/uploads\/2021\/09\/IMG_5089-624x416.webp 624w, https:\/\/wbp.lublin.pl\/wp-content\/uploads\/2021\/09\/IMG_5089-84x56.webp 84w, https:\/\/wbp.lublin.pl\/wp-content\/uploads\/2021\/09\/IMG_5089.webp 1620w\" sizes=\"auto, (max-width: 600px) 100vw, 600px\" data-has-transparency=\"false\" data-dominant-color=\"464040\" style=\"--dominant-color: #464040;\" \/><\/a>\n\t\t\t<\/div>\n\t\t\t\t<figcaption class='wp-caption-text gallery-caption' id='gallery-18-31751'>\n\t\t\t\tPodzi\u0119kowania dla &#8222;Trupy z szafy bibliotecznej&#8221;\n\t\t\t\t<\/figcaption><\/figure><figure class='gallery-item'>\n\t\t\t<div class='gallery-icon landscape'>\n\t\t\t\t<a href='https:\/\/wbp.lublin.pl\/index.php\/2021\/09\/12\/narodowe-czytanie-w-wbp-w-teleobiektywie-i-w-mediach\/img_5094-3\/'><img loading=\"lazy\" decoding=\"async\" width=\"600\" height=\"400\" src=\"https:\/\/wbp.lublin.pl\/wp-content\/uploads\/2021\/09\/IMG_5094-2-600x400.webp\" class=\"attachment-medium size-medium not-transparent\" alt=\"Podzi\u0119kowania dla &quot;Trupy z szafy bibliotecznej&quot;\" aria-describedby=\"gallery-18-31750\" srcset=\"https:\/\/wbp.lublin.pl\/wp-content\/uploads\/2021\/09\/IMG_5094-2-600x400.webp 600w, https:\/\/wbp.lublin.pl\/wp-content\/uploads\/2021\/09\/IMG_5094-2-400x267.webp 400w, https:\/\/wbp.lublin.pl\/wp-content\/uploads\/2021\/09\/IMG_5094-2-768x512.webp 768w, https:\/\/wbp.lublin.pl\/wp-content\/uploads\/2021\/09\/IMG_5094-2-1536x1024.webp 1536w, https:\/\/wbp.lublin.pl\/wp-content\/uploads\/2021\/09\/IMG_5094-2-947x631.webp 947w, https:\/\/wbp.lublin.pl\/wp-content\/uploads\/2021\/09\/IMG_5094-2-624x416.webp 624w, https:\/\/wbp.lublin.pl\/wp-content\/uploads\/2021\/09\/IMG_5094-2-84x56.webp 84w, https:\/\/wbp.lublin.pl\/wp-content\/uploads\/2021\/09\/IMG_5094-2.webp 1620w\" sizes=\"auto, (max-width: 600px) 100vw, 600px\" data-has-transparency=\"false\" data-dominant-color=\"736b6d\" style=\"--dominant-color: #736b6d;\" \/><\/a>\n\t\t\t<\/div>\n\t\t\t\t<figcaption class='wp-caption-text gallery-caption' id='gallery-18-31750'>\n\t\t\t\tPodzi\u0119kowania dla &#8222;Trupy z szafy bibliotecznej&#8221;\n\t\t\t\t<\/figcaption><\/figure><figure class='gallery-item'>\n\t\t\t<div class='gallery-icon landscape'>\n\t\t\t\t<a href='https:\/\/wbp.lublin.pl\/index.php\/2021\/09\/12\/narodowe-czytanie-w-wbp-w-teleobiektywie-i-w-mediach\/img_5099\/'><img loading=\"lazy\" decoding=\"async\" width=\"600\" height=\"400\" src=\"https:\/\/wbp.lublin.pl\/wp-content\/uploads\/2021\/09\/IMG_5099-600x400.webp\" class=\"attachment-medium size-medium not-transparent\" alt=\"Pami\u0105tkowe fotografie\" aria-describedby=\"gallery-18-31747\" srcset=\"https:\/\/wbp.lublin.pl\/wp-content\/uploads\/2021\/09\/IMG_5099-600x400.webp 600w, https:\/\/wbp.lublin.pl\/wp-content\/uploads\/2021\/09\/IMG_5099-400x267.webp 400w, https:\/\/wbp.lublin.pl\/wp-content\/uploads\/2021\/09\/IMG_5099-768x512.webp 768w, https:\/\/wbp.lublin.pl\/wp-content\/uploads\/2021\/09\/IMG_5099-1536x1024.webp 1536w, https:\/\/wbp.lublin.pl\/wp-content\/uploads\/2021\/09\/IMG_5099-947x631.webp 947w, https:\/\/wbp.lublin.pl\/wp-content\/uploads\/2021\/09\/IMG_5099-624x416.webp 624w, https:\/\/wbp.lublin.pl\/wp-content\/uploads\/2021\/09\/IMG_5099-84x56.webp 84w, https:\/\/wbp.lublin.pl\/wp-content\/uploads\/2021\/09\/IMG_5099.webp 1620w\" sizes=\"auto, (max-width: 600px) 100vw, 600px\" data-has-transparency=\"false\" data-dominant-color=\"594f53\" style=\"--dominant-color: #594f53;\" \/><\/a>\n\t\t\t<\/div>\n\t\t\t\t<figcaption class='wp-caption-text gallery-caption' id='gallery-18-31747'>\n\t\t\t\tPami\u0105tkowe fotografie\n\t\t\t\t<\/figcaption><\/figure><figure class='gallery-item'>\n\t\t\t<div class='gallery-icon landscape'>\n\t\t\t\t<a href='https:\/\/wbp.lublin.pl\/index.php\/2021\/09\/12\/narodowe-czytanie-w-wbp-w-teleobiektywie-i-w-mediach\/img_5105\/'><img loading=\"lazy\" decoding=\"async\" width=\"600\" height=\"400\" src=\"https:\/\/wbp.lublin.pl\/wp-content\/uploads\/2021\/09\/IMG_5105-600x400.webp\" class=\"attachment-medium size-medium not-transparent\" alt=\"Pami\u0105tkowe fotografie\" aria-describedby=\"gallery-18-31746\" srcset=\"https:\/\/wbp.lublin.pl\/wp-content\/uploads\/2021\/09\/IMG_5105-600x400.webp 600w, https:\/\/wbp.lublin.pl\/wp-content\/uploads\/2021\/09\/IMG_5105-400x267.webp 400w, https:\/\/wbp.lublin.pl\/wp-content\/uploads\/2021\/09\/IMG_5105-768x512.webp 768w, https:\/\/wbp.lublin.pl\/wp-content\/uploads\/2021\/09\/IMG_5105-1536x1024.webp 1536w, https:\/\/wbp.lublin.pl\/wp-content\/uploads\/2021\/09\/IMG_5105-947x631.webp 947w, https:\/\/wbp.lublin.pl\/wp-content\/uploads\/2021\/09\/IMG_5105-624x416.webp 624w, https:\/\/wbp.lublin.pl\/wp-content\/uploads\/2021\/09\/IMG_5105-84x56.webp 84w, https:\/\/wbp.lublin.pl\/wp-content\/uploads\/2021\/09\/IMG_5105.webp 1620w\" sizes=\"auto, (max-width: 600px) 100vw, 600px\" data-has-transparency=\"false\" data-dominant-color=\"534a4e\" style=\"--dominant-color: #534a4e;\" \/><\/a>\n\t\t\t<\/div>\n\t\t\t\t<figcaption class='wp-caption-text gallery-caption' id='gallery-18-31746'>\n\t\t\t\tPami\u0105tkowe fotografie\n\t\t\t\t<\/figcaption><\/figure><figure class='gallery-item'>\n\t\t\t<div class='gallery-icon landscape'>\n\t\t\t\t<a href='https:\/\/wbp.lublin.pl\/index.php\/2021\/09\/12\/narodowe-czytanie-w-wbp-w-teleobiektywie-i-w-mediach\/img_5116\/'><img loading=\"lazy\" decoding=\"async\" width=\"600\" height=\"400\" src=\"https:\/\/wbp.lublin.pl\/wp-content\/uploads\/2021\/09\/IMG_5116-600x400.webp\" class=\"attachment-medium size-medium not-transparent\" alt=\"Pami\u0105tkowe fotografie\" aria-describedby=\"gallery-18-31745\" srcset=\"https:\/\/wbp.lublin.pl\/wp-content\/uploads\/2021\/09\/IMG_5116-600x400.webp 600w, https:\/\/wbp.lublin.pl\/wp-content\/uploads\/2021\/09\/IMG_5116-400x267.webp 400w, https:\/\/wbp.lublin.pl\/wp-content\/uploads\/2021\/09\/IMG_5116-768x512.webp 768w, https:\/\/wbp.lublin.pl\/wp-content\/uploads\/2021\/09\/IMG_5116-1536x1024.webp 1536w, https:\/\/wbp.lublin.pl\/wp-content\/uploads\/2021\/09\/IMG_5116-947x631.webp 947w, https:\/\/wbp.lublin.pl\/wp-content\/uploads\/2021\/09\/IMG_5116-624x416.webp 624w, https:\/\/wbp.lublin.pl\/wp-content\/uploads\/2021\/09\/IMG_5116-84x56.webp 84w, https:\/\/wbp.lublin.pl\/wp-content\/uploads\/2021\/09\/IMG_5116.webp 1620w\" sizes=\"auto, (max-width: 600px) 100vw, 600px\" data-has-transparency=\"false\" data-dominant-color=\"594f52\" style=\"--dominant-color: #594f52;\" \/><\/a>\n\t\t\t<\/div>\n\t\t\t\t<figcaption class='wp-caption-text gallery-caption' id='gallery-18-31745'>\n\t\t\t\tPami\u0105tkowe fotografie\n\t\t\t\t<\/figcaption><\/figure><figure class='gallery-item'>\n\t\t\t<div class='gallery-icon landscape'>\n\t\t\t\t<a href='https:\/\/wbp.lublin.pl\/index.php\/2021\/09\/12\/narodowe-czytanie-w-wbp-w-teleobiektywie-i-w-mediach\/img_5119\/'><img loading=\"lazy\" decoding=\"async\" width=\"600\" height=\"400\" src=\"https:\/\/wbp.lublin.pl\/wp-content\/uploads\/2021\/09\/IMG_5119-600x400.webp\" class=\"attachment-medium size-medium not-transparent\" alt=\"Pami\u0105tkowe fotografie\" aria-describedby=\"gallery-18-31744\" srcset=\"https:\/\/wbp.lublin.pl\/wp-content\/uploads\/2021\/09\/IMG_5119-600x400.webp 600w, https:\/\/wbp.lublin.pl\/wp-content\/uploads\/2021\/09\/IMG_5119-400x267.webp 400w, https:\/\/wbp.lublin.pl\/wp-content\/uploads\/2021\/09\/IMG_5119-768x512.webp 768w, https:\/\/wbp.lublin.pl\/wp-content\/uploads\/2021\/09\/IMG_5119-1536x1024.webp 1536w, https:\/\/wbp.lublin.pl\/wp-content\/uploads\/2021\/09\/IMG_5119-947x631.webp 947w, https:\/\/wbp.lublin.pl\/wp-content\/uploads\/2021\/09\/IMG_5119-624x416.webp 624w, https:\/\/wbp.lublin.pl\/wp-content\/uploads\/2021\/09\/IMG_5119-84x56.webp 84w, https:\/\/wbp.lublin.pl\/wp-content\/uploads\/2021\/09\/IMG_5119.webp 1620w\" sizes=\"auto, (max-width: 600px) 100vw, 600px\" data-has-transparency=\"false\" data-dominant-color=\"5f5557\" style=\"--dominant-color: #5f5557;\" \/><\/a>\n\t\t\t<\/div>\n\t\t\t\t<figcaption class='wp-caption-text gallery-caption' id='gallery-18-31744'>\n\t\t\t\tPami\u0105tkowe fotografie\n\t\t\t\t<\/figcaption><\/figure>\n\t\t<\/div>\n\n<p>Fot. <strong>Dorota Mo\u015bcibrodzka<\/strong><\/p>\n<p><a href=\"https:\/\/www.facebook.com\/wbplublin\/videos\/1157136868108853\" target=\"_blank\" rel=\"noopener\">Narodowe Czytanie 2021 w WBP &#8211; film <\/a><\/p>\n<hr \/>\n<p><strong>Narodowe Czytanie 2021 w WBP w mediach:<\/strong><\/p>\n<p><a href=\"https:\/\/radio.lublin.pl\/2021\/09\/moralnosc-pani-dulskiej-wg-trupy-z-szafy-bibliotecznej\/\" target=\"_blank\" rel=\"noopener\">Radio Lublin<\/a><\/p>\n<p><a href=\"https:\/\/lublin.tvp.pl\/55696791\/narodowe-czytanie-pani-dulskiej\" target=\"_blank\" rel=\"noopener\">TVP Lublin<\/a><\/p>\n<p><a href=\"https:\/\/www.dziennikwschodni.pl\/lublin\/wszyscy-czytaja-moralnosc-pani-dulskiej,n,1000294892.html\" target=\"_blank\" rel=\"noopener\">&#8222;Dziennik Wschodni&#8221;<\/a><\/p>\n<p><a href=\"https:\/\/kurierlubelski.pl\/wielkie-narodowe-czytanie-moralnosci-pani-dulskiej-gabrieli-zapolskiej-zobacz-zdjecia\/ga\/c13-15787362\/zd\/51616122\" target=\"_blank\" rel=\"noopener\">&#8222;Kurier Lubelski&#8221;<\/a><\/p>\n<p><a href=\"https:\/\/lubelski.pl\/narodowe-czytanie-w-lublinie-tym-razem-moralnosc-pani-dulskiej-zdjecia\/\" target=\"_blank\" rel=\"noopener\">lubelski.pl<\/a><\/p>\n<hr \/>\n<div id='gallery-19' class='gallery galleryid-31483 gallery-columns-4 gallery-size-medium'><figure class='gallery-item'>\n\t\t\t<div class='gallery-icon landscape'>\n\t\t\t\t<a href='https:\/\/wbp.lublin.pl\/index.php\/homepage-3\/img_4327\/'><img loading=\"lazy\" decoding=\"async\" width=\"600\" height=\"400\" src=\"https:\/\/wbp.lublin.pl\/wp-content\/uploads\/2021\/09\/IMG_4327-600x400.webp\" class=\"attachment-medium size-medium not-transparent\" alt=\"Pr\u00f3ba generalna i prapremiera &quot;Moralno\u015bci pani Dulskiej&quot;\" aria-describedby=\"gallery-19-31324\" srcset=\"https:\/\/wbp.lublin.pl\/wp-content\/uploads\/2021\/09\/IMG_4327-600x400.webp 600w, https:\/\/wbp.lublin.pl\/wp-content\/uploads\/2021\/09\/IMG_4327-400x267.webp 400w, https:\/\/wbp.lublin.pl\/wp-content\/uploads\/2021\/09\/IMG_4327-768x512.webp 768w, https:\/\/wbp.lublin.pl\/wp-content\/uploads\/2021\/09\/IMG_4327-1536x1024.webp 1536w, https:\/\/wbp.lublin.pl\/wp-content\/uploads\/2021\/09\/IMG_4327-947x631.webp 947w, https:\/\/wbp.lublin.pl\/wp-content\/uploads\/2021\/09\/IMG_4327-624x416.webp 624w, https:\/\/wbp.lublin.pl\/wp-content\/uploads\/2021\/09\/IMG_4327-84x56.webp 84w, https:\/\/wbp.lublin.pl\/wp-content\/uploads\/2021\/09\/IMG_4327.webp 1620w\" sizes=\"auto, (max-width: 600px) 100vw, 600px\" data-has-transparency=\"false\" data-dominant-color=\"5a7395\" style=\"--dominant-color: #5a7395;\" \/><\/a>\n\t\t\t<\/div>\n\t\t\t\t<figcaption class='wp-caption-text gallery-caption' id='gallery-19-31324'>\n\t\t\t\tAdaptacja tekstu\n\t\t\t\t<\/figcaption><\/figure><figure class='gallery-item'>\n\t\t\t<div class='gallery-icon landscape'>\n\t\t\t\t<a href='https:\/\/wbp.lublin.pl\/index.php\/2021\/09\/12\/narodowe-czytanie-w-wbp-w-teleobiektywie-i-w-mediach\/img_4514\/'><img loading=\"lazy\" decoding=\"async\" width=\"600\" height=\"400\" src=\"https:\/\/wbp.lublin.pl\/wp-content\/uploads\/2021\/09\/IMG_4514-600x400.webp\" class=\"attachment-medium size-medium not-transparent\" alt=\"\" aria-describedby=\"gallery-19-31498\" srcset=\"https:\/\/wbp.lublin.pl\/wp-content\/uploads\/2021\/09\/IMG_4514-600x400.webp 600w, https:\/\/wbp.lublin.pl\/wp-content\/uploads\/2021\/09\/IMG_4514-400x267.webp 400w, https:\/\/wbp.lublin.pl\/wp-content\/uploads\/2021\/09\/IMG_4514-768x512.webp 768w, https:\/\/wbp.lublin.pl\/wp-content\/uploads\/2021\/09\/IMG_4514-1536x1024.webp 1536w, https:\/\/wbp.lublin.pl\/wp-content\/uploads\/2021\/09\/IMG_4514-947x631.webp 947w, https:\/\/wbp.lublin.pl\/wp-content\/uploads\/2021\/09\/IMG_4514-624x416.webp 624w, https:\/\/wbp.lublin.pl\/wp-content\/uploads\/2021\/09\/IMG_4514-84x56.webp 84w, https:\/\/wbp.lublin.pl\/wp-content\/uploads\/2021\/09\/IMG_4514.webp 1620w\" sizes=\"auto, (max-width: 600px) 100vw, 600px\" data-has-transparency=\"false\" data-dominant-color=\"a79482\" style=\"--dominant-color: #a79482;\" \/><\/a>\n\t\t\t<\/div>\n\t\t\t\t<figcaption class='wp-caption-text gallery-caption' id='gallery-19-31498'>\n\t\t\t\t&#8222;Ksi\u0105\u017cka nie od Dulskiej&#8221; &#8211; ksi\u0105\u017cki dla uczestnik\u00f3w spotkania z Dyskusyjnych Klub\u00f3w Ksi\u0105\u017cki\n\t\t\t\t<\/figcaption><\/figure><figure class='gallery-item'>\n\t\t\t<div class='gallery-icon landscape'>\n\t\t\t\t<a href='https:\/\/wbp.lublin.pl\/index.php\/2021\/09\/12\/narodowe-czytanie-w-wbp-w-teleobiektywie-i-w-mediach\/img_4516\/'><img loading=\"lazy\" decoding=\"async\" width=\"600\" height=\"400\" src=\"https:\/\/wbp.lublin.pl\/wp-content\/uploads\/2021\/09\/IMG_4516-600x400.webp\" class=\"attachment-medium size-medium not-transparent\" alt=\"\" aria-describedby=\"gallery-19-31499\" srcset=\"https:\/\/wbp.lublin.pl\/wp-content\/uploads\/2021\/09\/IMG_4516-600x400.webp 600w, https:\/\/wbp.lublin.pl\/wp-content\/uploads\/2021\/09\/IMG_4516-400x267.webp 400w, https:\/\/wbp.lublin.pl\/wp-content\/uploads\/2021\/09\/IMG_4516-768x512.webp 768w, https:\/\/wbp.lublin.pl\/wp-content\/uploads\/2021\/09\/IMG_4516-1536x1024.webp 1536w, https:\/\/wbp.lublin.pl\/wp-content\/uploads\/2021\/09\/IMG_4516-947x631.webp 947w, https:\/\/wbp.lublin.pl\/wp-content\/uploads\/2021\/09\/IMG_4516-624x416.webp 624w, https:\/\/wbp.lublin.pl\/wp-content\/uploads\/2021\/09\/IMG_4516-84x56.webp 84w, https:\/\/wbp.lublin.pl\/wp-content\/uploads\/2021\/09\/IMG_4516.webp 1620w\" sizes=\"auto, (max-width: 600px) 100vw, 600px\" data-has-transparency=\"false\" data-dominant-color=\"90798d\" style=\"--dominant-color: #90798d;\" \/><\/a>\n\t\t\t<\/div>\n\t\t\t\t<figcaption class='wp-caption-text gallery-caption' id='gallery-19-31499'>\n\t\t\t\tTegoroczne zak\u0142adki okoliczno\u015bciowe\n\t\t\t\t<\/figcaption><\/figure><figure class='gallery-item'>\n\t\t\t<div class='gallery-icon landscape'>\n\t\t\t\t<a href='https:\/\/wbp.lublin.pl\/index.php\/2021\/09\/12\/narodowe-czytanie-w-wbp-w-teleobiektywie-i-w-mediach\/img_4517\/'><img loading=\"lazy\" decoding=\"async\" width=\"600\" height=\"400\" src=\"https:\/\/wbp.lublin.pl\/wp-content\/uploads\/2021\/09\/IMG_4517-600x400.webp\" class=\"attachment-medium size-medium not-transparent\" alt=\"\" aria-describedby=\"gallery-19-31520\" srcset=\"https:\/\/wbp.lublin.pl\/wp-content\/uploads\/2021\/09\/IMG_4517-600x400.webp 600w, https:\/\/wbp.lublin.pl\/wp-content\/uploads\/2021\/09\/IMG_4517-400x267.webp 400w, https:\/\/wbp.lublin.pl\/wp-content\/uploads\/2021\/09\/IMG_4517-768x512.webp 768w, https:\/\/wbp.lublin.pl\/wp-content\/uploads\/2021\/09\/IMG_4517-1536x1024.webp 1536w, https:\/\/wbp.lublin.pl\/wp-content\/uploads\/2021\/09\/IMG_4517-947x631.webp 947w, https:\/\/wbp.lublin.pl\/wp-content\/uploads\/2021\/09\/IMG_4517-624x416.webp 624w, https:\/\/wbp.lublin.pl\/wp-content\/uploads\/2021\/09\/IMG_4517-84x56.webp 84w, https:\/\/wbp.lublin.pl\/wp-content\/uploads\/2021\/09\/IMG_4517.webp 1620w\" sizes=\"auto, (max-width: 600px) 100vw, 600px\" data-has-transparency=\"false\" data-dominant-color=\"9f3c3a\" style=\"--dominant-color: #9f3c3a;\" \/><\/a>\n\t\t\t<\/div>\n\t\t\t\t<figcaption class='wp-caption-text gallery-caption' id='gallery-19-31520'>\n\t\t\t\tTegoroczne zak\u0142adki okoliczno\u015bciowe\n\t\t\t\t<\/figcaption><\/figure>\n\t\t<\/div>\n\n","protected":false},"excerpt":{"rendered":"<p>4 wrze\u015bnia 2021 roku czytali\u015bmy i wystawiali\u015bmy &#8222;Moralno\u015b\u0107 pani Dulskiej&#8221; Gabrieli Zapolskiej<\/p>\n","protected":false},"author":7,"featured_media":31856,"comment_status":"closed","ping_status":"closed","sticky":false,"template":"","format":"standard","meta":{"_tec_requires_first_save":true,"_crdt_document":"","pgc_sgb_lightbox_settings":"","_EventAllDay":false,"_EventTimezone":"","_EventStartDate":"","_EventEndDate":"","_EventStartDateUTC":"","_EventEndDateUTC":"","_EventShowMap":false,"_EventShowMapLink":false,"_EventURL":"","_EventCost":"","_EventCostDescription":"","_EventCurrencySymbol":"","_EventCurrencyCode":"","_EventCurrencyPosition":"","_EventDateTimeSeparator":"","_EventTimeRangeSeparator":"","_EventOrganizerID":[],"_EventVenueID":[],"_OrganizerEmail":"","_OrganizerPhone":"","_OrganizerWebsite":"","_VenueAddress":"","_VenueCity":"","_VenueCountry":"","_VenueProvince":"","_VenueState":"","_VenueZip":"","_VenuePhone":"","_VenueURL":"","_VenueStateProvince":"","_VenueLat":"","_VenueLng":"","_VenueShowMap":false,"_VenueShowMapLink":false,"_tribe_blocks_recurrence_rules":"","_tribe_blocks_recurrence_description":"","_tribe_blocks_recurrence_exclusions":"","footnotes":""},"categories":[10,90],"tags":[],"class_list":["post-31483","post","type-post","status-publish","format-standard","has-post-thumbnail","hentry","category-aktualnosci","category-imprezy"],"publishpress_future_action":{"enabled":false,"date":"2026-05-08 20:12:55","action":"change-status","newStatus":"draft","terms":[],"taxonomy":"category","extraData":[]},"publishpress_future_workflow_manual_trigger":{"enabledWorkflows":[]},"_links":{"self":[{"href":"https:\/\/wbp.lublin.pl\/index.php\/wp-json\/wp\/v2\/posts\/31483","targetHints":{"allow":["GET"]}}],"collection":[{"href":"https:\/\/wbp.lublin.pl\/index.php\/wp-json\/wp\/v2\/posts"}],"about":[{"href":"https:\/\/wbp.lublin.pl\/index.php\/wp-json\/wp\/v2\/types\/post"}],"author":[{"embeddable":true,"href":"https:\/\/wbp.lublin.pl\/index.php\/wp-json\/wp\/v2\/users\/7"}],"replies":[{"embeddable":true,"href":"https:\/\/wbp.lublin.pl\/index.php\/wp-json\/wp\/v2\/comments?post=31483"}],"version-history":[{"count":39,"href":"https:\/\/wbp.lublin.pl\/index.php\/wp-json\/wp\/v2\/posts\/31483\/revisions"}],"predecessor-version":[{"id":36527,"href":"https:\/\/wbp.lublin.pl\/index.php\/wp-json\/wp\/v2\/posts\/31483\/revisions\/36527"}],"wp:featuredmedia":[{"embeddable":true,"href":"https:\/\/wbp.lublin.pl\/index.php\/wp-json\/wp\/v2\/media\/31856"}],"wp:attachment":[{"href":"https:\/\/wbp.lublin.pl\/index.php\/wp-json\/wp\/v2\/media?parent=31483"}],"wp:term":[{"taxonomy":"category","embeddable":true,"href":"https:\/\/wbp.lublin.pl\/index.php\/wp-json\/wp\/v2\/categories?post=31483"},{"taxonomy":"post_tag","embeddable":true,"href":"https:\/\/wbp.lublin.pl\/index.php\/wp-json\/wp\/v2\/tags?post=31483"}],"curies":[{"name":"wp","href":"https:\/\/api.w.org\/{rel}","templated":true}]}}