{"id":31821,"date":"2021-09-13T18:08:04","date_gmt":"2021-09-13T16:08:04","guid":{"rendered":"https:\/\/wbp.lublin.pl\/?p=31821"},"modified":"2021-09-21T01:10:39","modified_gmt":"2021-09-20T23:10:39","slug":"wystawa-lubelskie-ze-smakiem","status":"publish","type":"post","link":"https:\/\/wbp.lublin.pl\/index.php\/2021\/09\/13\/wystawa-lubelskie-ze-smakiem\/","title":{"rendered":"Wystawa &#8222;Lubelskie ze smakiem&#8221;"},"content":{"rendered":"<p><!--more--><\/p>\n<p style=\"text-align: center;\"><span style=\"color: #000000;\"><em>Wystawa<\/em><strong><em> Lubelskie ze smakiem<\/em><\/strong><\/span><\/p>\n<div id='gallery-1' class='gallery galleryid-31821 gallery-columns-1 gallery-size-medium'><figure class='gallery-item'>\n\t\t\t<div class='gallery-icon landscape'>\n\t\t\t\t<a href='https:\/\/wbp.lublin.pl\/index.php\/2021\/09\/13\/wystawa-lubelskie-ze-smakiem\/sad-jablkowy\/'><img loading=\"lazy\" decoding=\"async\" width=\"600\" height=\"400\" src=\"https:\/\/wbp.lublin.pl\/wp-content\/uploads\/2021\/09\/Sad-jablkowy-jpg-avif-600x400.jpg\" class=\"attachment-medium size-medium not-transparent\" alt=\"\" aria-describedby=\"gallery-1-31825\" srcset=\"https:\/\/wbp.lublin.pl\/wp-content\/uploads\/2021\/09\/Sad-jablkowy-jpg-avif-600x400.jpg 600w, https:\/\/wbp.lublin.pl\/wp-content\/uploads\/2021\/09\/Sad-jablkowy-jpg-avif-400x267.jpg 400w, https:\/\/wbp.lublin.pl\/wp-content\/uploads\/2021\/09\/Sad-jablkowy-jpg-avif-768x512.jpg 768w, https:\/\/wbp.lublin.pl\/wp-content\/uploads\/2021\/09\/Sad-jablkowy-jpg-avif-1536x1024.jpg 1536w, https:\/\/wbp.lublin.pl\/wp-content\/uploads\/2021\/09\/Sad-jablkowy-jpg-avif-947x631.jpg 947w, https:\/\/wbp.lublin.pl\/wp-content\/uploads\/2021\/09\/Sad-jablkowy-jpg-avif-624x416.jpg 624w, https:\/\/wbp.lublin.pl\/wp-content\/uploads\/2021\/09\/Sad-jablkowy-jpg-avif-84x56.jpg 84w, https:\/\/wbp.lublin.pl\/wp-content\/uploads\/2021\/09\/Sad-jablkowy-jpg-avif.avif 1620w\" sizes=\"auto, (max-width: 600px) 100vw, 600px\" data-has-transparency=\"false\" data-dominant-color=\"73593b\" style=\"--dominant-color: #73593b;\" \/><\/a>\n\t\t\t<\/div>\n\t\t\t\t<figcaption class='wp-caption-text gallery-caption' id='gallery-1-31825'>\n\t\t\t\tSad owocowy. fot. pixabay\n\t\t\t\t<\/figcaption><\/figure>\n\t\t<\/div>\n\n<p style=\"text-align: justify;\"><span style=\"color: #000000;\">Wystawa stacjonarna <strong><em>Lubelskie ze smakiem<\/em> <\/strong>prezentuje publikacje, dotycz\u0105ce kulinarnego dziedzictwa i kultury sto\u0142u Lubelszczyzny oraz przypomina tradycyjne produkty regionalne oraz wydarzenia kulturalne, promuj\u0105ce kulinarne dziedzictwo regionu. Zosta\u0142a opracowana na podstawie zbior\u00f3w Wojew\u00f3dzkiej Biblioteki Publicznej im. Hieronima \u0141opaci\u0144skiego w Lublinie. Wyeksponowano wybrane ksi\u0105\u017cki, foldery, broszury, z kt\u00f3rych zainteresowani czytelnicy mog\u0105 skorzysta\u0107 w czytelniach lub Wypo\u017cyczalni. Wystawa zach\u0119ca do zapoznania si\u0119 z przebogatymi \u201ekulinarnymi\u201d zbiorami Biblioteki poprzez spis ksi\u0105\u017cek i artyku\u0142\u00f3w na temat kuchni regionalnej i kultury sto\u0142u. <strong>Spis zamieszczono w e-booku <em>Lubelskie ze smakiem. Produkty regionalne i tradycyjne<\/em>, do kt\u00f3rego \u0142atwo dotrze\u0107 \u2013 wystarczy zeskanowa\u0107 kod QR lub odnale\u017a\u0107 e-book na stronie domowej Biblioteki.<\/strong><\/span><\/p>\n<figure id=\"attachment_31824\" aria-describedby=\"caption-attachment-31824\" style=\"width: 298px\" class=\"wp-caption aligncenter\"><img data-dominant-color=\"9f9e9f\" data-has-transparency=\"false\" style=\"--dominant-color: #9f9e9f;\" loading=\"lazy\" decoding=\"async\" class=\"wp-image-31824 size-medium not-transparent\" src=\"https:\/\/wbp.lublin.pl\/wp-content\/uploads\/2021\/09\/QR-298x300.jpg\" alt=\"Kod QR\" width=\"298\" height=\"300\" \/><figcaption id=\"caption-attachment-31824\" class=\"wp-caption-text\">Kod QR do pobrania<\/figcaption><\/figure>\n<p style=\"text-align: justify;\"><span style=\"color: #000000;\">Na wystaw\u0119, eksponowan\u0105 w westybulu Wojew\u00f3dzkiej Biblioteki Publicznej im. Hieronima \u0141opaci\u0144skiego w Lublinie (ul. Narutowicza 4), zapraszamy wszystkich czytelnik\u00f3w, uczestnik\u00f3w wydarze\u0144 kulturalnych i go\u015bci, odwiedzaj\u0105cych Bibliotek\u0119. <strong>Wystawa b\u0119dzie czynna do 18 wrze\u015bnia w godzinach pracy Biblioteki. Zapraszamy!\u00a0<\/strong><\/span><\/p>\n<div id='gallery-2' class='gallery galleryid-31821 gallery-columns-1 gallery-size-medium'><figure class='gallery-item'>\n\t\t\t<div class='gallery-icon landscape'>\n\t\t\t\t<a href='https:\/\/wbp.lublin.pl\/index.php\/2021\/09\/13\/wystawa-lubelskie-ze-smakiem\/dynie-fot-pixabay\/'><img loading=\"lazy\" decoding=\"async\" width=\"600\" height=\"384\" src=\"https:\/\/wbp.lublin.pl\/wp-content\/uploads\/2021\/09\/Dynie.-fot.-pixabay-600x384.webp\" class=\"attachment-medium size-medium not-transparent\" alt=\"Dynie. fot. pixabay\" aria-describedby=\"gallery-2-31826\" srcset=\"https:\/\/wbp.lublin.pl\/wp-content\/uploads\/2021\/09\/Dynie.-fot.-pixabay-600x384.webp 600w, https:\/\/wbp.lublin.pl\/wp-content\/uploads\/2021\/09\/Dynie.-fot.-pixabay-400x256.webp 400w, https:\/\/wbp.lublin.pl\/wp-content\/uploads\/2021\/09\/Dynie.-fot.-pixabay-768x492.webp 768w, https:\/\/wbp.lublin.pl\/wp-content\/uploads\/2021\/09\/Dynie.-fot.-pixabay-1536x984.webp 1536w, https:\/\/wbp.lublin.pl\/wp-content\/uploads\/2021\/09\/Dynie.-fot.-pixabay-947x607.webp 947w, https:\/\/wbp.lublin.pl\/wp-content\/uploads\/2021\/09\/Dynie.-fot.-pixabay-624x400.webp 624w, https:\/\/wbp.lublin.pl\/wp-content\/uploads\/2021\/09\/Dynie.-fot.-pixabay.webp 1686w\" sizes=\"auto, (max-width: 600px) 100vw, 600px\" data-has-transparency=\"false\" data-dominant-color=\"6b571a\" style=\"--dominant-color: #6b571a;\" \/><\/a>\n\t\t\t<\/div>\n\t\t\t\t<figcaption class='wp-caption-text gallery-caption' id='gallery-2-31826'>\n\t\t\t\tDynie. Fot. pixabay\n\t\t\t\t<\/figcaption><\/figure>\n\t\t<\/div>\n\n","protected":false},"excerpt":{"rendered":"<p>Wystawa b\u0119dzie czynna do 18 wrze\u015bnia w godzinach pracy Biblioteki. Zapraszamy!\u00a0<\/p>\n","protected":false},"author":7,"featured_media":31825,"comment_status":"closed","ping_status":"closed","sticky":false,"template":"","format":"standard","meta":{"_tec_requires_first_save":true,"_crdt_document":"","pgc_sgb_lightbox_settings":"","_EventAllDay":false,"_EventTimezone":"","_EventStartDate":"","_EventEndDate":"","_EventStartDateUTC":"","_EventEndDateUTC":"","_EventShowMap":false,"_EventShowMapLink":false,"_EventURL":"","_EventCost":"","_EventCostDescription":"","_EventCurrencySymbol":"","_EventCurrencyCode":"","_EventCurrencyPosition":"","_EventDateTimeSeparator":"","_EventTimeRangeSeparator":"","_EventOrganizerID":[],"_EventVenueID":[],"_OrganizerEmail":"","_OrganizerPhone":"","_OrganizerWebsite":"","_VenueAddress":"","_VenueCity":"","_VenueCountry":"","_VenueProvince":"","_VenueState":"","_VenueZip":"","_VenuePhone":"","_VenueURL":"","_VenueStateProvince":"","_VenueLat":"","_VenueLng":"","_VenueShowMap":false,"_VenueShowMapLink":false,"_tribe_blocks_recurrence_rules":"","_tribe_blocks_recurrence_description":"","_tribe_blocks_recurrence_exclusions":"","footnotes":""},"categories":[10,90,55],"tags":[],"class_list":["post-31821","post","type-post","status-publish","format-standard","has-post-thumbnail","hentry","category-aktualnosci","category-imprezy","category-wystawy"],"publishpress_future_action":{"enabled":false,"date":"2026-05-06 15:55:05","action":"change-status","newStatus":"draft","terms":[],"taxonomy":"category","extraData":[]},"publishpress_future_workflow_manual_trigger":{"enabledWorkflows":[]},"_links":{"self":[{"href":"https:\/\/wbp.lublin.pl\/index.php\/wp-json\/wp\/v2\/posts\/31821","targetHints":{"allow":["GET"]}}],"collection":[{"href":"https:\/\/wbp.lublin.pl\/index.php\/wp-json\/wp\/v2\/posts"}],"about":[{"href":"https:\/\/wbp.lublin.pl\/index.php\/wp-json\/wp\/v2\/types\/post"}],"author":[{"embeddable":true,"href":"https:\/\/wbp.lublin.pl\/index.php\/wp-json\/wp\/v2\/users\/7"}],"replies":[{"embeddable":true,"href":"https:\/\/wbp.lublin.pl\/index.php\/wp-json\/wp\/v2\/comments?post=31821"}],"version-history":[{"count":4,"href":"https:\/\/wbp.lublin.pl\/index.php\/wp-json\/wp\/v2\/posts\/31821\/revisions"}],"predecessor-version":[{"id":31830,"href":"https:\/\/wbp.lublin.pl\/index.php\/wp-json\/wp\/v2\/posts\/31821\/revisions\/31830"}],"wp:featuredmedia":[{"embeddable":true,"href":"https:\/\/wbp.lublin.pl\/index.php\/wp-json\/wp\/v2\/media\/31825"}],"wp:attachment":[{"href":"https:\/\/wbp.lublin.pl\/index.php\/wp-json\/wp\/v2\/media?parent=31821"}],"wp:term":[{"taxonomy":"category","embeddable":true,"href":"https:\/\/wbp.lublin.pl\/index.php\/wp-json\/wp\/v2\/categories?post=31821"},{"taxonomy":"post_tag","embeddable":true,"href":"https:\/\/wbp.lublin.pl\/index.php\/wp-json\/wp\/v2\/tags?post=31821"}],"curies":[{"name":"wp","href":"https:\/\/api.w.org\/{rel}","templated":true}]}}