{"id":31929,"date":"2021-09-23T12:44:44","date_gmt":"2021-09-23T10:44:44","guid":{"rendered":"https:\/\/wbp.lublin.pl\/?p=31929"},"modified":"2021-09-28T09:37:57","modified_gmt":"2021-09-28T07:37:57","slug":"spotkanie-autorskie-online-stefan-darda","status":"publish","type":"post","link":"https:\/\/wbp.lublin.pl\/index.php\/2021\/09\/23\/spotkanie-autorskie-online-stefan-darda\/","title":{"rendered":"Spotkanie autorskie online &#8211; Stefan Darda"},"content":{"rendered":"<p><!--more--><\/p>\n<div id='gallery-1' class='gallery galleryid-31929 gallery-columns-1 gallery-size-medium'><figure class='gallery-item'>\n\t\t\t<div class='gallery-icon landscape'>\n\t\t\t\t<a href='https:\/\/wbp.lublin.pl\/index.php\/2021\/05\/27\/dzien-dziecka-w-wyjatkowym-poranku-u-hieronima-zapraszamy-do-broniszewic\/belka-nowa-dkk\/'><img loading=\"lazy\" decoding=\"async\" width=\"600\" height=\"111\" src=\"https:\/\/wbp.lublin.pl\/wp-content\/uploads\/2021\/05\/belka-nowa-DKK-scaled-600x111.webp\" class=\"attachment-medium size-medium not-transparent\" alt=\"belka nowa DKK\" aria-describedby=\"gallery-1-30171\" srcset=\"https:\/\/wbp.lublin.pl\/wp-content\/uploads\/2021\/05\/belka-nowa-DKK-scaled-600x111.webp 600w, https:\/\/wbp.lublin.pl\/wp-content\/uploads\/2021\/05\/belka-nowa-DKK-scaled-400x74.webp 400w, https:\/\/wbp.lublin.pl\/wp-content\/uploads\/2021\/05\/belka-nowa-DKK-scaled-768x142.webp 768w, https:\/\/wbp.lublin.pl\/wp-content\/uploads\/2021\/05\/belka-nowa-DKK-scaled-1536x285.webp 1536w, https:\/\/wbp.lublin.pl\/wp-content\/uploads\/2021\/05\/belka-nowa-DKK-scaled-947x176.webp 947w, https:\/\/wbp.lublin.pl\/wp-content\/uploads\/2021\/05\/belka-nowa-DKK-scaled-624x116.webp 624w, https:\/\/wbp.lublin.pl\/wp-content\/uploads\/2021\/05\/belka-nowa-DKK-scaled.webp 1920w\" sizes=\"auto, (max-width: 600px) 100vw, 600px\" data-has-transparency=\"false\" data-dominant-color=\"eedee1\" style=\"--dominant-color: #eedee1;\" \/><\/a>\n\t\t\t<\/div>\n\t\t\t\t<figcaption class='wp-caption-text gallery-caption' id='gallery-1-30171'>\n\t\t\t\tLogo programu Dyskusyjne Kluby Ksi\u0105\u017cki\n\t\t\t\t<\/figcaption><\/figure>\n\t\t<\/div>\n\n<p style=\"text-align: center;\"><span style=\"color: #000000;\"><strong>Wojew\u00f3dzka Biblioteka Publiczna im. Hieronima \u0141opaci\u0144skiego w Lublinie<\/strong><\/span><\/p>\n<p style=\"text-align: center;\"><span style=\"color: #000000;\">oraz <strong>Dyskusyjny Klub Ksi\u0105\u017cki<\/strong> zapraszaj\u0105 na spotkanie autorskie online<\/span><\/p>\n<p style=\"text-align: center;\"><span style=\"color: #000000; font-size: 14pt;\">Go\u015bciem spotkania b\u0119dzie <strong>Stefan Darda<\/strong><\/span><\/p>\n<div id='gallery-2' class='gallery galleryid-31929 gallery-columns-1 gallery-size-medium'><figure class='gallery-item'>\n\t\t\t<div class='gallery-icon landscape'>\n\t\t\t\t<a href='https:\/\/wbp.lublin.pl\/index.php\/2021\/09\/23\/spotkanie-autorskie-online-stefan-darda\/stefan-darda\/'><img loading=\"lazy\" decoding=\"async\" width=\"600\" height=\"600\" src=\"https:\/\/wbp.lublin.pl\/wp-content\/uploads\/2021\/09\/Stefan-Darda-jpg-avif-600x600.jpg\" class=\"attachment-medium size-medium not-transparent\" alt=\"\" aria-describedby=\"gallery-2-31955\" srcset=\"https:\/\/wbp.lublin.pl\/wp-content\/uploads\/2021\/09\/Stefan-Darda-jpg-avif-600x600.jpg 600w, https:\/\/wbp.lublin.pl\/wp-content\/uploads\/2021\/09\/Stefan-Darda-jpg-avif-400x400.jpg 400w, https:\/\/wbp.lublin.pl\/wp-content\/uploads\/2021\/09\/Stefan-Darda-jpg-avif-624x624.jpg 624w, https:\/\/wbp.lublin.pl\/wp-content\/uploads\/2021\/09\/Stefan-Darda-jpg-avif.avif 720w\" sizes=\"auto, (max-width: 600px) 100vw, 600px\" data-has-transparency=\"false\" data-dominant-color=\"575756\" style=\"--dominant-color: #575756;\" \/><\/a>\n\t\t\t<\/div>\n\t\t\t\t<figcaption class='wp-caption-text gallery-caption' id='gallery-2-31955'>\n\t\t\t\tStefan Darda (\u017cr\u00f3d\u0142o:  stefandarda.pl)\n\t\t\t\t<\/figcaption><\/figure>\n\t\t<\/div>\n\n<p style=\"text-align: center;\"><strong><span style=\"color: #000000;\">24 wrze\u015bnia (pi\u0105tek) 2021 r. o godz. 13.00.<\/span><\/strong><\/p>\n<p style=\"text-align: center;\"><strong><span style=\"color: #000000;\">Spotkanie b\u0119dzie transmitowane na Facebooku (otwartym) Biblioteki<\/span><\/strong><\/p>\n<p style=\"text-align: center;\"><span style=\"color: #000000;\">Spotkanie poprowadzi <strong>Lidia G\u0142\u0119bicka<\/strong><\/span><\/p>\n<p style=\"text-align: justify;\"><span style=\"color: #000000;\"><strong>Stefan Darda<\/strong>\u00a0(ur. 1972) \u2014 jest jednym z najpopularniejszych polskich autor\u00f3w literatury grozy. Debiutowa\u0142 w 2008 roku entuzjastycznie przyj\u0119t\u0105 przez czytelnik\u00f3w powie\u015bci\u0105\u00a0<strong><em><a style=\"color: #000000;\" href=\"https:\/\/videograf.pl\/pl\/p\/Dom-na-Wyrebach-wydanie-3\/2402\">Dom na wyr\u0119bach<\/a><\/em><\/strong>, kt\u00f3ra doczeka\u0142a si\u0119 dwutomowej kontynuacji \u2014\u00a0<em><strong><a style=\"color: #000000;\" href=\"https:\/\/videograf.pl\/pl\/p\/Nowy-dom-na-Wyrebach\/2288\">Nowy dom na wyr\u0119bach\u00a0<\/a><\/strong><\/em>(2017) oraz\u00a0<strong><em><a style=\"color: #000000;\" href=\"https:\/\/videograf.pl\/pl\/p\/Nowy-dom-na-Wyrebach-2\/2322\">Nowy dom na wyr\u0119bach II<\/a><\/em><\/strong>\u00a0(2018). W latach 2010\u20142020 ukaza\u0142y si\u0119: czterotomowy cykl powie\u015bciowy\u00a0<em><strong><a style=\"color: #000000;\" href=\"https:\/\/videograf.pl\/pl\/p\/Pakiet-promocyjny-Cykl-Czarny-Wygon\/2669\">Czarny Wygon<\/a><\/strong><\/em>, antologia\u00a0<strong><em><a style=\"color: #000000;\" href=\"https:\/\/videograf.pl\/pl\/p\/Opowiem-ci-mroczna-historie.-Zbior-opowiadan-grozy\/2113\">Opowiem ci mroczn\u0105 histori\u0119<\/a><\/em><\/strong>, a tak\u017ce powie\u015b\u0107\u00a0<strong><em><a style=\"color: #000000;\" href=\"https:\/\/videograf.pl\/pl\/p\/Jedna-krew\/2415\">Jedna krew<\/a><\/em><\/strong>. Utwory Stefana Dardy charakteryzuj\u0105 si\u0119 realizmem umiej\u0119tnie \u0142\u0105czonym z wierzeniami ludowymi, a ich odbiorcy wysoko ceni\u0105 sobie wiarygodne w\u0105tki obyczajowe, zaskakuj\u0105ce i emocjonuj\u0105ce rozwi\u0105zania fabularne, a tak\u017ce budowanie niepowtarzalnego nastroju. Autor jest laureatem Nagrody Polskiej Literatury Grozy im. Stefana Grabi\u0144skiego i Nagrody Nautilus oraz zdobywc\u0105 Z\u0142otego Ko\u015bcieja; by\u0142 tak\u017ce wielokrotnie nominowany do Nagrody Fandomu Polskiego im. Janusza A. Zajdla.\u00a0<\/span><\/p>\n<p style=\"text-align: right;\">(\u017ar\u00f3d\u0142o: videograf.pl)<\/p>\n<p style=\"text-align: justify;\"><span style=\"color: #000000;\"><a style=\"color: #000000;\" href=\"https:\/\/stefandarda.pl\/\">https:\/\/stefandarda.pl\/<\/a><\/span><\/p>\n<p style=\"text-align: center;\"><strong><span style=\"color: #000000;\">Spotkanie b\u0119dzie t\u0142umaczone na PJM (Polski J\u0119zyk Migowy)<\/span><\/strong><\/p>\n<div id='gallery-3' class='gallery galleryid-31929 gallery-columns-1 gallery-size-thumbnail'><figure class='gallery-item'>\n\t\t\t<div class='gallery-icon landscape'>\n\t\t\t\t<a href='https:\/\/wbp.lublin.pl\/index.php\/2021\/04\/22\/swiatowy-dzien-ksiazki-i-praw-autorskich-w-wbp-spotkanie-online\/pikto\/'><img loading=\"lazy\" decoding=\"async\" width=\"254\" height=\"246\" src=\"https:\/\/wbp.lublin.pl\/wp-content\/uploads\/2021\/04\/pikto.webp\" class=\"attachment-thumbnail size-thumbnail not-transparent\" alt=\"Piktogram PJM\" aria-describedby=\"gallery-3-29202\" data-has-transparency=\"false\" data-dominant-color=\"4d71a3\" style=\"--dominant-color: #4d71a3;\" \/><\/a>\n\t\t\t<\/div>\n\t\t\t\t<figcaption class='wp-caption-text gallery-caption' id='gallery-3-29202'>\n\t\t\t\tLogo Polskiego J\u0119zyka Migowego\n\t\t\t\t<\/figcaption><\/figure>\n\t\t<\/div>\n\n<p style=\"text-align: center;\">T\u0142umacz &#8211; <span style=\"color: #000000;\"><strong>\u0141ukasz Grzesiuk<\/strong><\/span><\/p>\n<p style=\"text-align: center;\"><span style=\"color: #000000;\">\u00a0<\/span><\/p>\n<p style=\"text-align: center;\">\n","protected":false},"excerpt":{"rendered":"<p>24 wrze\u015bnia (pi\u0105tek) 2021 r. o godz. 13.00<br \/>\nSpotkanie b\u0119dzie transmitowane na Facebooku (otwartym) Biblioteki<\/p>\n","protected":false},"author":7,"featured_media":31955,"comment_status":"closed","ping_status":"closed","sticky":false,"template":"","format":"standard","meta":{"_tec_requires_first_save":true,"_crdt_document":"","pgc_sgb_lightbox_settings":"","_EventAllDay":false,"_EventTimezone":"","_EventStartDate":"","_EventEndDate":"","_EventStartDateUTC":"","_EventEndDateUTC":"","_EventShowMap":false,"_EventShowMapLink":false,"_EventURL":"","_EventCost":"","_EventCostDescription":"","_EventCurrencySymbol":"","_EventCurrencyCode":"","_EventCurrencyPosition":"","_EventDateTimeSeparator":"","_EventTimeRangeSeparator":"","_EventOrganizerID":[],"_EventVenueID":[],"_OrganizerEmail":"","_OrganizerPhone":"","_OrganizerWebsite":"","_VenueAddress":"","_VenueCity":"","_VenueCountry":"","_VenueProvince":"","_VenueState":"","_VenueZip":"","_VenuePhone":"","_VenueURL":"","_VenueStateProvince":"","_VenueLat":"","_VenueLng":"","_VenueShowMap":false,"_VenueShowMapLink":false,"_tribe_blocks_recurrence_rules":"","_tribe_blocks_recurrence_description":"","_tribe_blocks_recurrence_exclusions":"","footnotes":""},"categories":[10,54,105],"tags":[],"class_list":["post-31929","post","type-post","status-publish","format-standard","has-post-thumbnail","hentry","category-aktualnosci","category-spotkania","category-aktualnosci-dkk"],"publishpress_future_action":{"enabled":false,"date":"2026-05-09 09:00:29","action":"change-status","newStatus":"draft","terms":[],"taxonomy":"category","extraData":[]},"publishpress_future_workflow_manual_trigger":{"enabledWorkflows":[]},"_links":{"self":[{"href":"https:\/\/wbp.lublin.pl\/index.php\/wp-json\/wp\/v2\/posts\/31929","targetHints":{"allow":["GET"]}}],"collection":[{"href":"https:\/\/wbp.lublin.pl\/index.php\/wp-json\/wp\/v2\/posts"}],"about":[{"href":"https:\/\/wbp.lublin.pl\/index.php\/wp-json\/wp\/v2\/types\/post"}],"author":[{"embeddable":true,"href":"https:\/\/wbp.lublin.pl\/index.php\/wp-json\/wp\/v2\/users\/7"}],"replies":[{"embeddable":true,"href":"https:\/\/wbp.lublin.pl\/index.php\/wp-json\/wp\/v2\/comments?post=31929"}],"version-history":[{"count":20,"href":"https:\/\/wbp.lublin.pl\/index.php\/wp-json\/wp\/v2\/posts\/31929\/revisions"}],"predecessor-version":[{"id":31957,"href":"https:\/\/wbp.lublin.pl\/index.php\/wp-json\/wp\/v2\/posts\/31929\/revisions\/31957"}],"wp:featuredmedia":[{"embeddable":true,"href":"https:\/\/wbp.lublin.pl\/index.php\/wp-json\/wp\/v2\/media\/31955"}],"wp:attachment":[{"href":"https:\/\/wbp.lublin.pl\/index.php\/wp-json\/wp\/v2\/media?parent=31929"}],"wp:term":[{"taxonomy":"category","embeddable":true,"href":"https:\/\/wbp.lublin.pl\/index.php\/wp-json\/wp\/v2\/categories?post=31929"},{"taxonomy":"post_tag","embeddable":true,"href":"https:\/\/wbp.lublin.pl\/index.php\/wp-json\/wp\/v2\/tags?post=31929"}],"curies":[{"name":"wp","href":"https:\/\/api.w.org\/{rel}","templated":true}]}}