{"id":32703,"date":"2021-11-08T10:46:42","date_gmt":"2021-11-08T09:46:42","guid":{"rendered":"https:\/\/wbp.lublin.pl\/?p=32703"},"modified":"2022-09-05T12:38:36","modified_gmt":"2022-09-05T10:38:36","slug":"zmiany-w-legimi","status":"publish","type":"post","link":"https:\/\/wbp.lublin.pl\/index.php\/2021\/11\/08\/zmiany-w-legimi\/","title":{"rendered":"Zmiany w LEGIMI"},"content":{"rendered":"\n<p class=\"wp-block-paragraph\"><strong>Szanowni Czytelnicy i Sympatycy naszej Biblioteki!<\/strong><\/p>\n\n\n\n<p class=\"wp-block-paragraph\">Uprzejmie informujemy, i\u017c w wyniku aktualizacji us\u0142ugi <strong>LEGIMI <\/strong>Wojew\u00f3dzka Biblioteka Publiczna im. Hieronima \u0141opaci\u0144skiego w Lublinie udost\u0119pnia dla wszystkich posiadaczy naszej karty bibliotecznej bezp\u0142atny dost\u0119p do wspomnianej aplikacji, stanowi\u0105cej obecnie najwi\u0119ksz\u0105 baz\u0105 e-book\u00f3w i audiobook\u00f3w w Polsce, na nast\u0119puj\u0105cych zasadach:<\/p>\n\n\n\n<p class=\"wp-block-paragraph\">&nbsp;Czytelnik zak\u0142ada bezp\u0142atne konto <strong>[<u>UWAGA ZMIANA<\/u>]<\/strong> na stronie&nbsp;<\/p>\n\n\n\n<p class=\"wp-block-paragraph\"><strong><a href=\"https:\/\/www.legimi.pl\/lubelskie\/\" target=\"_blank\" rel=\"noreferrer noopener\">LEGIMI<\/a><\/strong><\/p>\n\n\n\n<p class=\"wp-block-paragraph\">podaj\u0105c otrzymany w Bibliotece kod aktywacyjny. &nbsp;W celu otrzymania kodu prosimy o&nbsp;kontakt telefoniczny (<strong><a href=\"tel:815287442\">81-52-87-442<\/a><\/strong>), mailowy&nbsp;(<strong><a href=\"mailto:wyp@wbp.lublin.pl\">wyp@wbp.lublin.pl<\/a><\/strong>) lub osobi\u015bcie w Wypo\u017cyczalni w godzinach otwarcia Biblioteki. Kod wa\u017cny jest przez 30 dni od chwili jego aktywacji. Po up\u0142ywie tego czasu mo\u017cna zwr\u00f3ci\u0107 si\u0119 do Biblioteki po nowy. Kody b\u0119d\u0105 wydawane wy\u0142\u0105cznie czytelnikom Biblioteki posiadaj\u0105cym aktywn\u0105 kart\u0119.<strong>&nbsp;<br>Ka\u017cdy z korzystaj\u0105cych uprawniony jest do otrzymania tylko i wy\u0142\u0105cznie jednego kodu z puli przypadaj\u0105cej na dany miesi\u0105c.&nbsp;<\/strong><\/p>\n\n\n\n<p class=\"wp-block-paragraph\"><strong>Liczba oferowanych kod\u00f3w jest ograniczona.<\/strong><\/p>\n\n\n\n<p class=\"wp-block-paragraph\"><strong>O mo\u017cliwo\u015bci otrzymania kodu decyduje kolejno\u015b\u0107 zg\u0142osze\u0144.<\/strong><\/p>\n\n\n\n<p class=\"wp-block-paragraph\"><strong>Zakup us\u0142ug dostarczania publikacji drog\u0105 elektroniczn\u0105 zrealizowano ze&nbsp; \u015brodk\u00f3w finansowych<br>Ministra Kultury i Dziedzictwa Narodowego w ramach&nbsp;<\/strong><strong>Narodowego Programu Rozwoju Czytelnictwa<\/strong><\/p>\n\n\n<div class=\"wp-block-image is-style-default\">\n<figure class=\"aligncenter size-full is-resized\"><img data-dominant-color=\"d1d6d6\" data-has-transparency=\"false\" style=\"--dominant-color: #d1d6d6;\" loading=\"lazy\" decoding=\"async\" sizes=\"auto, (max-width: 1080px) 100vw, 1080px\" src=\"https:\/\/wbp.lublin.pl\/wp-content\/uploads\/2021\/11\/najnowsze_dostepnosc-Legimi-w-bibliotece_2-1.jpg\" alt=\"LEGIMI - plakat informacyjny\" class=\"wp-image-32706 not-transparent\" width=\"270\" height=\"270\"\/><figcaption class=\"wp-element-caption\">LEGIMI &#8211; plakat informacyjny<\/figcaption><\/figure>\n<\/div>","protected":false},"excerpt":{"rendered":"<p>Zakup us\u0142ug dostarczania publikacji drog\u0105 elektroniczn\u0105 zrealizowano ze  \u015brodk\u00f3w finansowych<br \/>\nMinistra Kultury i Dziedzictwa Narodowego w ramach Narodowego Programu Rozwoju Czytelnictwa<\/p>\n","protected":false},"author":7,"featured_media":32707,"comment_status":"closed","ping_status":"closed","sticky":false,"template":"","format":"standard","meta":{"_tec_requires_first_save":true,"_crdt_document":"","pgc_sgb_lightbox_settings":"","_EventAllDay":false,"_EventTimezone":"","_EventStartDate":"","_EventEndDate":"","_EventStartDateUTC":"","_EventEndDateUTC":"","_EventShowMap":false,"_EventShowMapLink":false,"_EventURL":"","_EventCost":"","_EventCostDescription":"","_EventCurrencySymbol":"","_EventCurrencyCode":"","_EventCurrencyPosition":"","_EventDateTimeSeparator":"","_EventTimeRangeSeparator":"","_EventOrganizerID":[],"_EventVenueID":[],"_OrganizerEmail":"","_OrganizerPhone":"","_OrganizerWebsite":"","_VenueAddress":"","_VenueCity":"","_VenueCountry":"","_VenueProvince":"","_VenueState":"","_VenueZip":"","_VenuePhone":"","_VenueURL":"","_VenueStateProvince":"","_VenueLat":"","_VenueLng":"","_VenueShowMap":false,"_VenueShowMapLink":false,"_tribe_blocks_recurrence_rules":"","_tribe_blocks_recurrence_description":"","_tribe_blocks_recurrence_exclusions":"","footnotes":""},"categories":[10,53],"tags":[],"class_list":["post-32703","post","type-post","status-publish","format-standard","has-post-thumbnail","hentry","category-aktualnosci","category-komunikaty"],"publishpress_future_action":{"enabled":false,"date":"2026-05-06 17:29:17","action":"change-status","newStatus":"draft","terms":[],"taxonomy":"category","extraData":[]},"publishpress_future_workflow_manual_trigger":{"enabledWorkflows":[]},"_links":{"self":[{"href":"https:\/\/wbp.lublin.pl\/index.php\/wp-json\/wp\/v2\/posts\/32703","targetHints":{"allow":["GET"]}}],"collection":[{"href":"https:\/\/wbp.lublin.pl\/index.php\/wp-json\/wp\/v2\/posts"}],"about":[{"href":"https:\/\/wbp.lublin.pl\/index.php\/wp-json\/wp\/v2\/types\/post"}],"author":[{"embeddable":true,"href":"https:\/\/wbp.lublin.pl\/index.php\/wp-json\/wp\/v2\/users\/7"}],"replies":[{"embeddable":true,"href":"https:\/\/wbp.lublin.pl\/index.php\/wp-json\/wp\/v2\/comments?post=32703"}],"version-history":[{"count":5,"href":"https:\/\/wbp.lublin.pl\/index.php\/wp-json\/wp\/v2\/posts\/32703\/revisions"}],"predecessor-version":[{"id":39788,"href":"https:\/\/wbp.lublin.pl\/index.php\/wp-json\/wp\/v2\/posts\/32703\/revisions\/39788"}],"wp:featuredmedia":[{"embeddable":true,"href":"https:\/\/wbp.lublin.pl\/index.php\/wp-json\/wp\/v2\/media\/32707"}],"wp:attachment":[{"href":"https:\/\/wbp.lublin.pl\/index.php\/wp-json\/wp\/v2\/media?parent=32703"}],"wp:term":[{"taxonomy":"category","embeddable":true,"href":"https:\/\/wbp.lublin.pl\/index.php\/wp-json\/wp\/v2\/categories?post=32703"},{"taxonomy":"post_tag","embeddable":true,"href":"https:\/\/wbp.lublin.pl\/index.php\/wp-json\/wp\/v2\/tags?post=32703"}],"curies":[{"name":"wp","href":"https:\/\/api.w.org\/{rel}","templated":true}]}}