{"id":32863,"date":"2021-11-16T15:06:52","date_gmt":"2021-11-16T14:06:52","guid":{"rendered":"https:\/\/wbp.lublin.pl\/?p=32863"},"modified":"2021-11-23T15:26:42","modified_gmt":"2021-11-23T14:26:42","slug":"ksiazka-czy-facebook-to-pytanie-stawiamy-w-poranku-u-hieronima","status":"publish","type":"post","link":"https:\/\/wbp.lublin.pl\/index.php\/2021\/11\/16\/ksiazka-czy-facebook-to-pytanie-stawiamy-w-poranku-u-hieronima\/","title":{"rendered":"Ksi\u0105\u017cka czy Facebook? To pytanie stawiamy w &#8222;Poranku u Hieronima&#8221;"},"content":{"rendered":"\n<p class=\"has-text-align-center\"><strong>Ksi\u0105\u017cka czy Facebook? To pytanie stawiamy w \u201ePoranku u Hieronima\u201d<\/strong><\/p>\n<p class=\"has-text-align-center\"><strong>Serdecznie zapraszamy\u00a0<\/strong><strong>na \u201ePoranek u Hieronima\u201d<br \/><\/strong><strong>\u00a017 listopada 2021, godz. 10.00<br \/><\/strong><strong>wbp.lublin.pl i\u00a0<a href=\"https:\/\/www.facebook.com\/wbplublin\">Facebook WBP<\/a>\u00a0(otwarty dla wszystkich)\u00a0<\/strong><\/p>\n<p>\u00a0<\/p>\n<p>W programie:<\/p>\n<ul>\n<li>W pierwszej cz\u0119\u015bci\u00a0<strong>\u201ePoranka u Hieronima\u201d<\/strong>\u00a0go\u015bciem b\u0119dzie\u00a0<strong>Ewa Wojtowicz<\/strong>\u00a0\u2013 studentka psychologii UMCS w Lublinie,\u00a0 trener, cz\u0142onkini Polskiego Towarzystwa Psychologicznego, z kt\u00f3r\u0105\u00a0<strong>Ewa Hadrian\u00a0<\/strong>porozmawia o mediach spo\u0142eczno\u015bciowych \u2013 korzy\u015bciach i niebezpiecze\u0144stwach, jakie ze sob\u0105 nios\u0105, receptach na radzenie sobie ze zjawiskiem hejtu internetowego, poszanowaniu prywatno\u015bci i potrzebie istnienia w wirtualnym \u015bwiecie.<\/li>\n<\/ul>\n<p>\u00a0<\/p>\n<ul>\n<li>Do 26 listopada w Autorskiej Galerii Hol mo\u017cna ogl\u0105da\u0107 wystaw\u0119 prac uczni\u00f3w ze\u00a0<strong>Specjalnego O\u015brodka Szkolno-Wychowawczego nr 2 w Lublinie. \u201eMoja ulubiona ksi\u0105\u017cka\u201d<\/strong>\u00a0to ju\u017c 20 ods\u0142ona przygotowywanej corocznie ekspozycji plastycznej, kt\u00f3ra powoli staje si\u0119 tradycj\u0105, zar\u00f3wno dla m\u0142odych artyst\u00f3w, jak i naszej Biblioteki. O tym, jak wa\u017cna jest tw\u00f3rczo\u015b\u0107 plastyczna w \u017cyciu os\u00f3b z niepe\u0142nosprawno\u015bciami i jak wielk\u0105 wag\u0119 ma mo\u017cliwo\u015b\u0107 pokazania swoich prac \u015bwiatu porozmawiamy z\u00a0<strong>Beat\u0105 Soko\u0142owsk\u0105<\/strong>\u00a0\u2013 Zast\u0119pc\u0105 Dyrektora SOSW nr 2 w Lublinie oraz\u00a0<strong>Mart\u0105 Lipi\u0144sk\u0105-Wa\u0142dowsk\u0105\u00a0<\/strong>\u2013 kuratork\u0105 wystawy.<br \/>Rozmow\u0119 poprowadzi\u00a0<strong>Dorota Mo\u015bcibrodzka<\/strong>.\u00a0<br \/><a href=\"https:\/\/wbp.lublin.pl\/index.php\/2021\/11\/08\/wystawa-moja-ulubiona-ksiazka\/\" rel=\"noopener\">Wystawa \u201eMoja ulubiona ksi\u0105\u017cka\u201d<\/a><\/li>\n<\/ul>\n","protected":false},"excerpt":{"rendered":"<p>17 listopada 2021, godz. 10.00<br \/>\nwbp.lublin.pl i Facebook WBP (otwarty dla wszystkich)\u00a0<\/p>\n","protected":false},"author":7,"featured_media":32868,"comment_status":"closed","ping_status":"closed","sticky":false,"template":"","format":"standard","meta":{"_tec_requires_first_save":true,"_crdt_document":"","pgc_sgb_lightbox_settings":"","_EventAllDay":false,"_EventTimezone":"","_EventStartDate":"","_EventEndDate":"","_EventStartDateUTC":"","_EventEndDateUTC":"","_EventShowMap":false,"_EventShowMapLink":false,"_EventURL":"","_EventCost":"","_EventCostDescription":"","_EventCurrencySymbol":"","_EventCurrencyCode":"","_EventCurrencyPosition":"","_EventDateTimeSeparator":"","_EventTimeRangeSeparator":"","_EventOrganizerID":[],"_EventVenueID":[],"_OrganizerEmail":"","_OrganizerPhone":"","_OrganizerWebsite":"","_VenueAddress":"","_VenueCity":"","_VenueCountry":"","_VenueProvince":"","_VenueState":"","_VenueZip":"","_VenuePhone":"","_VenueURL":"","_VenueStateProvince":"","_VenueLat":"","_VenueLng":"","_VenueShowMap":false,"_VenueShowMapLink":false,"_tribe_blocks_recurrence_rules":"","_tribe_blocks_recurrence_description":"","_tribe_blocks_recurrence_exclusions":"","footnotes":""},"categories":[638,10],"tags":[],"class_list":["post-32863","post","type-post","status-publish","format-standard","has-post-thumbnail","hentry","category-poranek-u-hieronima","category-aktualnosci"],"publishpress_future_action":{"enabled":false,"date":"2026-05-06 15:55:02","action":"change-status","newStatus":"draft","terms":[],"taxonomy":"category","extraData":[]},"publishpress_future_workflow_manual_trigger":{"enabledWorkflows":[]},"_links":{"self":[{"href":"https:\/\/wbp.lublin.pl\/index.php\/wp-json\/wp\/v2\/posts\/32863","targetHints":{"allow":["GET"]}}],"collection":[{"href":"https:\/\/wbp.lublin.pl\/index.php\/wp-json\/wp\/v2\/posts"}],"about":[{"href":"https:\/\/wbp.lublin.pl\/index.php\/wp-json\/wp\/v2\/types\/post"}],"author":[{"embeddable":true,"href":"https:\/\/wbp.lublin.pl\/index.php\/wp-json\/wp\/v2\/users\/7"}],"replies":[{"embeddable":true,"href":"https:\/\/wbp.lublin.pl\/index.php\/wp-json\/wp\/v2\/comments?post=32863"}],"version-history":[{"count":11,"href":"https:\/\/wbp.lublin.pl\/index.php\/wp-json\/wp\/v2\/posts\/32863\/revisions"}],"predecessor-version":[{"id":78984,"href":"https:\/\/wbp.lublin.pl\/index.php\/wp-json\/wp\/v2\/posts\/32863\/revisions\/78984"}],"wp:featuredmedia":[{"embeddable":true,"href":"https:\/\/wbp.lublin.pl\/index.php\/wp-json\/wp\/v2\/media\/32868"}],"wp:attachment":[{"href":"https:\/\/wbp.lublin.pl\/index.php\/wp-json\/wp\/v2\/media?parent=32863"}],"wp:term":[{"taxonomy":"category","embeddable":true,"href":"https:\/\/wbp.lublin.pl\/index.php\/wp-json\/wp\/v2\/categories?post=32863"},{"taxonomy":"post_tag","embeddable":true,"href":"https:\/\/wbp.lublin.pl\/index.php\/wp-json\/wp\/v2\/tags?post=32863"}],"curies":[{"name":"wp","href":"https:\/\/api.w.org\/{rel}","templated":true}]}}