{"id":32891,"date":"2021-11-19T09:19:12","date_gmt":"2021-11-19T08:19:12","guid":{"rendered":"https:\/\/wbp.lublin.pl\/?p=32891"},"modified":"2022-09-05T12:37:27","modified_gmt":"2022-09-05T10:37:27","slug":"informacja-dla-uzytkownikow-wbp-im-h-lopacinskiego-w-lublinie","status":"publish","type":"post","link":"https:\/\/wbp.lublin.pl\/index.php\/2021\/11\/19\/informacja-dla-uzytkownikow-wbp-im-h-lopacinskiego-w-lublinie\/","title":{"rendered":"Informacja dla u\u017cytkownik\u00f3w WBP im. H. \u0141opaci\u0144skiego w Lublinie"},"content":{"rendered":"\n<p><!--more--><!--more--><\/p>\n\n\n\n<p class=\"has-text-align-center wp-block-paragraph\"><strong>Z powodu pogarszaj\u0105cej si\u0119 sytuacji epidemiologicznej <\/strong><br><strong>Dyrekcja Wojew\u00f3dzkiej Biblioteki Publicznej im. H. \u0141opaci\u0144skiego w Lublinie informuje:<\/strong><\/p>\n\n\n\n<ul class=\"wp-block-list\" type=\"1\">\n<li>U\u017cytkownicy zobowi\u0105zani s\u0105 do noszenia maski i dezynfekcji r\u0105k przed wej\u015bciem do pomieszcze\u0144 Biblioteki.<\/li>\n\n\n\n<li>W przypadku stwierdzenia u u\u017cytkownika wyra\u017anych oznak choroby, jak uporczywy kaszel, z\u0142e samopoczucie, trudno\u015bci w oddychaniu, osoba proszona b\u0119dzie o opuszczenie terenu Biblioteki. Dodatkowo powinna zosta\u0107 poinstruowana przez pracownika Biblioteki o jak najszybszym zg\u0142oszeniu si\u0119 do najbli\u017cszego oddzia\u0142u zaka\u017anego celem konsultacji z lekarzem, poprzez udanie si\u0119 transportem w\u0142asnym lub powiadomienie 999 albo 112.<\/li>\n\n\n\n<li>Pracownicy s\u0105 zobowi\u0105zani do zg\u0142oszenia ww. incydentu kierownikowi dzia\u0142u,<br>co umo\u017cliwi obs\u0142udze ustalenie obszaru, w kt\u00f3rym porusza\u0142a si\u0119 i przebywa\u0142a osoba, przeprowadzenie rutynowego sprz\u0105tania, zgodnie z procedurami obiektu, oraz zdezynfekowanie powierzchni dotykowych (klamki, por\u0119cze, uchwyty itp.)<\/li>\n\n\n\n<li>Z uwagi na istniej\u0105c\u0105 sytuacj\u0119 epidemiologiczn\u0105 informujemy, \u017ce w czytelniach udost\u0119pniania zbior\u00f3w zostaj\u0105 wprowadzone przerwy techniczne na wietrzenie i dezynfekcj\u0119, kt\u00f3re odbywa\u0107 si\u0119 b\u0119d\u0105 w godzinach:<br><strong>12.00-12.20<br>15.00-15.20<br>18.00-18.20<\/strong><\/li>\n<\/ul>\n\n\n\n<p class=\"has-text-align-center wp-block-paragraph\">Za utrudnienia przepraszamy.<\/p>\n","protected":false},"excerpt":{"rendered":"","protected":false},"author":18,"featured_media":32892,"comment_status":"closed","ping_status":"closed","sticky":false,"template":"","format":"standard","meta":{"_tec_requires_first_save":true,"_crdt_document":"","pgc_sgb_lightbox_settings":"","_EventAllDay":false,"_EventTimezone":"","_EventStartDate":"","_EventEndDate":"","_EventStartDateUTC":"","_EventEndDateUTC":"","_EventShowMap":false,"_EventShowMapLink":false,"_EventURL":"","_EventCost":"","_EventCostDescription":"","_EventCurrencySymbol":"","_EventCurrencyCode":"","_EventCurrencyPosition":"","_EventDateTimeSeparator":"","_EventTimeRangeSeparator":"","_EventOrganizerID":[],"_EventVenueID":[],"_OrganizerEmail":"","_OrganizerPhone":"","_OrganizerWebsite":"","_VenueAddress":"","_VenueCity":"","_VenueCountry":"","_VenueProvince":"","_VenueState":"","_VenueZip":"","_VenuePhone":"","_VenueURL":"","_VenueStateProvince":"","_VenueLat":"","_VenueLng":"","_VenueShowMap":false,"_VenueShowMapLink":false,"_tribe_blocks_recurrence_rules":"","_tribe_blocks_recurrence_description":"","_tribe_blocks_recurrence_exclusions":"","footnotes":""},"categories":[10],"tags":[],"class_list":["post-32891","post","type-post","status-publish","format-standard","has-post-thumbnail","hentry","category-aktualnosci"],"publishpress_future_action":{"enabled":false,"date":"2026-05-06 15:55:17","action":"change-status","newStatus":"draft","terms":[],"taxonomy":"category","extraData":[]},"publishpress_future_workflow_manual_trigger":{"enabledWorkflows":[]},"_links":{"self":[{"href":"https:\/\/wbp.lublin.pl\/index.php\/wp-json\/wp\/v2\/posts\/32891","targetHints":{"allow":["GET"]}}],"collection":[{"href":"https:\/\/wbp.lublin.pl\/index.php\/wp-json\/wp\/v2\/posts"}],"about":[{"href":"https:\/\/wbp.lublin.pl\/index.php\/wp-json\/wp\/v2\/types\/post"}],"author":[{"embeddable":true,"href":"https:\/\/wbp.lublin.pl\/index.php\/wp-json\/wp\/v2\/users\/18"}],"replies":[{"embeddable":true,"href":"https:\/\/wbp.lublin.pl\/index.php\/wp-json\/wp\/v2\/comments?post=32891"}],"version-history":[{"count":8,"href":"https:\/\/wbp.lublin.pl\/index.php\/wp-json\/wp\/v2\/posts\/32891\/revisions"}],"predecessor-version":[{"id":39787,"href":"https:\/\/wbp.lublin.pl\/index.php\/wp-json\/wp\/v2\/posts\/32891\/revisions\/39787"}],"wp:featuredmedia":[{"embeddable":true,"href":"https:\/\/wbp.lublin.pl\/index.php\/wp-json\/wp\/v2\/media\/32892"}],"wp:attachment":[{"href":"https:\/\/wbp.lublin.pl\/index.php\/wp-json\/wp\/v2\/media?parent=32891"}],"wp:term":[{"taxonomy":"category","embeddable":true,"href":"https:\/\/wbp.lublin.pl\/index.php\/wp-json\/wp\/v2\/categories?post=32891"},{"taxonomy":"post_tag","embeddable":true,"href":"https:\/\/wbp.lublin.pl\/index.php\/wp-json\/wp\/v2\/tags?post=32891"}],"curies":[{"name":"wp","href":"https:\/\/api.w.org\/{rel}","templated":true}]}}