{"id":32921,"date":"2021-11-23T15:17:24","date_gmt":"2021-11-23T14:17:24","guid":{"rendered":"https:\/\/wbp.lublin.pl\/?p=32921"},"modified":"2026-02-06T13:02:05","modified_gmt":"2026-02-06T12:02:05","slug":"w-poranku-u-hieronima-pytamy-jak-bezstresowo-dotrwac-do-swiat","status":"publish","type":"post","link":"https:\/\/wbp.lublin.pl\/index.php\/2021\/11\/23\/w-poranku-u-hieronima-pytamy-jak-bezstresowo-dotrwac-do-swiat\/","title":{"rendered":"W &#8222;Poranku u Hieronima&#8221; pytamy: jak bezstresowo dotrwa\u0107 do \u015bwi\u0105t ?"},"content":{"rendered":"\n<p class=\"has-text-align-center wp-block-paragraph\"><strong>W \u201ePoranku u Hieronima\u201d pytamy: jak bezstresowo dotrwa\u0107 do \u015bwi\u0105t ?<\/strong><\/p>\n\n\n\n<p class=\"has-text-align-center wp-block-paragraph\"><strong>Serdecznie zapraszamy&nbsp;na \u201ePoranek u Hieronima\u201d<br>&nbsp;24 listopada 2021, godz. 10.00<br>wbp.lublin.pl i&nbsp;<a href=\"https:\/\/www.facebook.com\/wbplublin\">Facebook WBP<\/a>&nbsp;(otwarty dla wszystkich)&nbsp;<\/strong><\/p>\n\n\n<p>W programie:<\/p>\n<ul>\n<li>Go\u015bciem \u201ePoranka\u201d b\u0119dzie&nbsp;<strong>Agnieszka Jaworska&nbsp;<\/strong>\u2013 psycholog, kt\u00f3r\u0105 zapytamy o to czy nie za wcze\u015bnie \u015bwi\u0119tujemy, jak przetrwa\u0107 kolejne pandemiczne \u015bwi\u0119ta, jak radzi\u0107 sobie ze \u015bwiadomo\u015bci\u0105, \u017ce nie ze wszystkimi spotkamy si\u0119 przy wigilijnym stole i czy warto w andrzejkowy wiecz\u00f3r zajrze\u0107 w nasz\u0105 przysz\u0142o\u015b\u0107. Rozmow\u0119 poprowadzi&nbsp;<strong>Ewa Hadrian<\/strong>.<\/li>\n<\/ul>\n\n\n<hr class=\"wp-block-separator has-css-opacity\"\/>\n\n\n\n<div class=\"wp-block-media-text alignwide is-stacked-on-mobile\" style=\"grid-template-columns:21% auto\"><figure class=\"wp-block-media-text__media\"><img data-dominant-color=\"9d9d9d\" data-has-transparency=\"false\" style=\"--dominant-color: #9d9d9d;\" decoding=\"async\" src=\"https:\/\/wbp.lublin.pl\/wp-content\/uploads\/2020\/07\/Agn-Jaworska.jpg\" alt=\"\" class=\"wp-image-25583 size-full not-transparent\"\/><\/figure><div class=\"wp-block-media-text__content\">\n<p class=\"has-normal-font-size wp-block-paragraph\"><strong>Agnieszka Jaworska<\/strong>&nbsp;\u2013 psycholog, psychoterapeuta, na co dzie\u0144 pracuje z osobami doros\u0142ymi i nastolatkami. Do\u015bwiadczenie zawodowe zdobywa w plac\u00f3wkach o\u015bwiatowych i plac\u00f3wkach ochrony zdrowia psychicznego. Rowerzystka ze s\u0142abo\u015bci\u0105 do kakao i lod\u00f3w mi\u0119towo-czekoladowych. Has\u0142o \u017cyciowe, kt\u00f3remu jest wierna i kt\u00f3re j\u0105 prowadzi to: tu i teraz.<\/p>\n<\/div><\/div>\n\n\n\n<hr class=\"wp-block-separator has-css-opacity\"\/>\n\n\n\n<p class=\"wp-block-paragraph\">W drugiej cz\u0119\u015bci \u201ePoranka\u201d&nbsp;<strong>Patrycja P\u0142o\u0144ska&nbsp;<\/strong>zaprosi na kolejne spotkanie z literatur\u0105 staropolsk\u0105 w ramach projektu&nbsp;<strong>Przegl\u0105d Sztuk \u2013 Literatura Staropolska<\/strong>.&nbsp;<\/p>\n\n\n\n<p class=\"wp-block-paragraph\">&nbsp;<\/p>\n\n\n<div class=\"wp-block-image\">\n<figure class=\"aligncenter size-full is-resized\"><img data-dominant-color=\"1c53ac\" data-has-transparency=\"false\" decoding=\"async\" sizes=\"(max-width: 1200px) 100vw, 1200px\" src=\"https:\/\/wbp.lublin.pl\/wp-content\/uploads\/2021\/10\/kolekcje_sztuki.jpg\" alt=\"\" class=\"wp-image-32044 not-transparent\" style=\"--dominant-color: #1c53ac; width:600px;height:450px\"\/><figcaption class=\"wp-element-caption\">Kolekcje Sztuki<\/figcaption><\/figure>\n<\/div>\n\n\n<p class=\"has-text-align-center wp-block-paragraph\"><a href=\"https:\/\/wbp.lublin.pl\/index.php\/category\/przeglad-kolekcje-sztuki\/\" target=\"_blank\" rel=\"noreferrer noopener\">Zapraszamy!<\/a><\/p>\n\n\n\n<p class=\"has-text-align-center wp-block-paragraph\">Odcinki archiwalne s\u0105 dost\u0119pne na kanale YouTube Biblioteki<\/p>\n\n\n\n<figure class=\"wp-block-embed is-type-video is-provider-youtube wp-block-embed-youtube wp-embed-aspect-16-9 wp-has-aspect-ratio\"><div class=\"wp-block-embed__wrapper\">\n<iframe loading=\"lazy\" title=\"Poranek u Hieronima - odc. 74\" width=\"887\" height=\"499\" src=\"https:\/\/www.youtube.com\/embed\/3c5T0Q7eHHg?feature=oembed\" frameborder=\"0\" allow=\"accelerometer; autoplay; clipboard-write; encrypted-media; gyroscope; picture-in-picture; web-share\" referrerpolicy=\"strict-origin-when-cross-origin\" allowfullscreen><\/iframe>\n<\/div><\/figure>\n\n\n\n<p class=\"has-text-align-center wp-block-paragraph\"><strong>Zapraszamy!<\/strong><\/p>\n\n\n\n<p class=\"has-text-align-right wp-block-paragraph\"><em>Dzia\u0142 Informacji i Promocji<\/em><\/p>\n","protected":false},"excerpt":{"rendered":"<p>24 listopada 2021, godz. 10.00<br \/>\nwbp.lublin.pl i\u00a0Facebook WBP\u00a0(otwarty dla wszystkich)\u00a0<\/p>\n","protected":false},"author":7,"featured_media":32952,"comment_status":"closed","ping_status":"closed","sticky":false,"template":"","format":"standard","meta":{"_tec_requires_first_save":true,"_crdt_document":"","pgc_sgb_lightbox_settings":"","_EventAllDay":false,"_EventTimezone":"","_EventStartDate":"","_EventEndDate":"","_EventStartDateUTC":"","_EventEndDateUTC":"","_EventShowMap":false,"_EventShowMapLink":false,"_EventURL":"","_EventCost":"","_EventCostDescription":"","_EventCurrencySymbol":"","_EventCurrencyCode":"","_EventCurrencyPosition":"","_EventDateTimeSeparator":"","_EventTimeRangeSeparator":"","_EventOrganizerID":[],"_EventVenueID":[],"_OrganizerEmail":"","_OrganizerPhone":"","_OrganizerWebsite":"","_VenueAddress":"","_VenueCity":"","_VenueCountry":"","_VenueProvince":"","_VenueState":"","_VenueZip":"","_VenuePhone":"","_VenueURL":"","_VenueStateProvince":"","_VenueLat":"","_VenueLng":"","_VenueShowMap":false,"_VenueShowMapLink":false,"_tribe_blocks_recurrence_rules":"","_tribe_blocks_recurrence_description":"","_tribe_blocks_recurrence_exclusions":"","footnotes":""},"categories":[638,10],"tags":[],"class_list":["post-32921","post","type-post","status-publish","format-standard","has-post-thumbnail","hentry","category-poranek-u-hieronima","category-aktualnosci"],"publishpress_future_action":{"enabled":false,"date":"2026-05-06 15:54:00","action":"change-status","newStatus":"draft","terms":[],"taxonomy":"category","extraData":[]},"publishpress_future_workflow_manual_trigger":{"enabledWorkflows":[]},"_links":{"self":[{"href":"https:\/\/wbp.lublin.pl\/index.php\/wp-json\/wp\/v2\/posts\/32921","targetHints":{"allow":["GET"]}}],"collection":[{"href":"https:\/\/wbp.lublin.pl\/index.php\/wp-json\/wp\/v2\/posts"}],"about":[{"href":"https:\/\/wbp.lublin.pl\/index.php\/wp-json\/wp\/v2\/types\/post"}],"author":[{"embeddable":true,"href":"https:\/\/wbp.lublin.pl\/index.php\/wp-json\/wp\/v2\/users\/7"}],"replies":[{"embeddable":true,"href":"https:\/\/wbp.lublin.pl\/index.php\/wp-json\/wp\/v2\/comments?post=32921"}],"version-history":[{"count":32,"href":"https:\/\/wbp.lublin.pl\/index.php\/wp-json\/wp\/v2\/posts\/32921\/revisions"}],"predecessor-version":[{"id":78982,"href":"https:\/\/wbp.lublin.pl\/index.php\/wp-json\/wp\/v2\/posts\/32921\/revisions\/78982"}],"wp:featuredmedia":[{"embeddable":true,"href":"https:\/\/wbp.lublin.pl\/index.php\/wp-json\/wp\/v2\/media\/32952"}],"wp:attachment":[{"href":"https:\/\/wbp.lublin.pl\/index.php\/wp-json\/wp\/v2\/media?parent=32921"}],"wp:term":[{"taxonomy":"category","embeddable":true,"href":"https:\/\/wbp.lublin.pl\/index.php\/wp-json\/wp\/v2\/categories?post=32921"},{"taxonomy":"post_tag","embeddable":true,"href":"https:\/\/wbp.lublin.pl\/index.php\/wp-json\/wp\/v2\/tags?post=32921"}],"curies":[{"name":"wp","href":"https:\/\/api.w.org\/{rel}","templated":true}]}}