{"id":33127,"date":"2021-11-29T13:09:18","date_gmt":"2021-11-29T12:09:18","guid":{"rendered":"https:\/\/wbp.lublin.pl\/?p=33127"},"modified":"2021-12-01T10:17:02","modified_gmt":"2021-12-01T09:17:02","slug":"15-lecie-dyskusyjnych-klubow-ksiazki-szkolenie-jubileuszowe","status":"publish","type":"post","link":"https:\/\/wbp.lublin.pl\/index.php\/2021\/11\/29\/15-lecie-dyskusyjnych-klubow-ksiazki-szkolenie-jubileuszowe\/","title":{"rendered":"15-lecie Dyskusyjnych Klub\u00f3w Ksi\u0105\u017cki &#8211; szkolenie jubileuszowe"},"content":{"rendered":"\n\n\n<div class=\"wp-block-image\"><figure class=\"aligncenter size-large is-resized\"><img data-dominant-color=\"f1dee2\" data-has-transparency=\"false\" style=\"--dominant-color: #f1dee2;\" loading=\"lazy\" decoding=\"async\" src=\"https:\/\/wbp.lublin.pl\/wp-content\/uploads\/2020\/11\/belka_2018-4-1920x409.jpg\" alt=\"Logo DKK\" class=\"wp-image-27411 not-transparent\" width=\"960\" height=\"205\"\/><figcaption>Logo DKK<\/figcaption><\/figure><\/div>\n\n\n\n<p>\u00a0<\/p>\n<p><strong>Wojew\u00f3dzka Biblioteka Publiczna im. Hieronima \u0141opaci\u0144skiego w Lublinie<\/strong> <strong>30 listopada 2021 r.<\/strong> (wtorek) w godz. 11.00 \u2013 13.00 <strong>organizuje szkolenie jubileuszowe z okazji 15-lecia Dyskusyjnych Klub\u00f3w Ksi\u0105\u017cki.<\/strong>\u00a0<\/p>\n<p><strong>Szkolenie b\u0119dzie mia\u0142o charakter hybrydowy, stacjonarnie w Galerii WBP (Lublin, ul. Narutowicza 4) oraz transmisja na Facebooku WBP.<\/strong> <br \/><strong>UWAGA: Ze wzgl\u0119du na re\u017cim sanitarny do WBP przyje\u017cd\u017caj\u0105 tylko moderatorzy zaproszeni osobnym e-mailem!<\/strong><\/p>\n<p><strong>Program:<\/strong><\/p>\n<ul>\n<li><strong><em>15 lat programu Dyskusyjne Kluby Ksi\u0105\u017cki<\/em><\/strong> \u2013 <strong>Jakub Pacze\u015bniak<\/strong>, koordynator programu DKK, Instytut Ksi\u0105\u017cki<\/li>\n<li><strong>Nagrodzenie klub\u00f3w, kt\u00f3re realizowa\u0142y Akcj\u0119 \u201eKa\u017cdy Cel jest wa\u017cny\u201d, promuj\u0105c\u0105 17. Cel\u00f3w Zr\u00f3wnowa\u017conego Rozwoju Agendy 2030 ONZ, kt\u00f3re maj\u0105 zosta\u0107 osi\u0105gni\u0119te przez \u015bwiat do 2030 roku.<\/strong><\/li>\n<li><em><b>Wro\u0144ski i krymina\u0142y<\/b>.\u00a0<br \/><\/em><strong>Marcin Wro\u0144ski<\/strong>, pisarz, za swoje powie\u015bci otrzyma\u0142 m.in. Nagrod\u0119 Wielkiego Kalibru i Nagrod\u0119 Artystyczn\u0105 Miasta Lublin. Wsp\u00f3\u0142pracuje z \u201ePrzekrojem\u201d, pisze dla teatru oraz radia, jest tak\u017ce autorem scenariusza filmu animowanego <em>Ta cholerna niedziela<\/em> (2014) na motywach w\u0142asnej powie\u015bci.<\/li>\n<li><strong><em>Ksi\u0105\u017cki ciep\u0142e na \u015bwi\u0119ta <\/em><\/strong>\u2013 spotkanie autorskie z<strong> Magdalen\u0105 Kordel<\/strong>, prowadzenie <strong>Lidia G\u0142\u0119bicka (<\/strong>Dzia\u0142 Udost\u0119pniania WBP im. H. \u0141opaci\u0144skiego w Lublinie)<\/li>\n<\/ul>\n<p style=\"text-align: center;\"><strong>Transmisja ca\u0142o\u015bci spotkania na Facebooku WPB im. H. \u0141opaci\u0144skiego w Lublinie<\/strong> <a href=\"https:\/\/www.facebook.com\/wbplublin\/?ref=page_internal\" target=\"_blank\" rel=\"noopener\">Facebook WBP<\/a><\/p>\n<p>\u00a0<\/p>\n<p>\u00a0<\/p>\n","protected":false},"excerpt":{"rendered":"<p>30 listopada 2021 r. (wtorek), godz. 11.00 \u2013 13.00, transmisja ca\u0142o\u015bci spotkania na Facebooku WPB im. H. \u0141opaci\u0144skiego w Lublinie Facebook WBP<\/p>\n","protected":false},"author":7,"featured_media":11665,"comment_status":"closed","ping_status":"closed","sticky":false,"template":"","format":"standard","meta":{"_tec_requires_first_save":true,"_crdt_document":"","pgc_sgb_lightbox_settings":"","_EventAllDay":false,"_EventTimezone":"","_EventStartDate":"","_EventEndDate":"","_EventStartDateUTC":"","_EventEndDateUTC":"","_EventShowMap":false,"_EventShowMapLink":false,"_EventURL":"","_EventCost":"","_EventCostDescription":"","_EventCurrencySymbol":"","_EventCurrencyCode":"","_EventCurrencyPosition":"","_EventDateTimeSeparator":"","_EventTimeRangeSeparator":"","_EventOrganizerID":[],"_EventVenueID":[],"_OrganizerEmail":"","_OrganizerPhone":"","_OrganizerWebsite":"","_VenueAddress":"","_VenueCity":"","_VenueCountry":"","_VenueProvince":"","_VenueState":"","_VenueZip":"","_VenuePhone":"","_VenueURL":"","_VenueStateProvince":"","_VenueLat":"","_VenueLng":"","_VenueShowMap":false,"_VenueShowMapLink":false,"_tribe_blocks_recurrence_rules":"","_tribe_blocks_recurrence_description":"","_tribe_blocks_recurrence_exclusions":"","footnotes":""},"categories":[10,105],"tags":[],"class_list":["post-33127","post","type-post","status-publish","format-standard","has-post-thumbnail","hentry","category-aktualnosci","category-aktualnosci-dkk"],"publishpress_future_action":{"enabled":false,"date":"2026-05-06 14:57:10","action":"change-status","newStatus":"draft","terms":[],"taxonomy":"category","extraData":[]},"publishpress_future_workflow_manual_trigger":{"enabledWorkflows":[]},"_links":{"self":[{"href":"https:\/\/wbp.lublin.pl\/index.php\/wp-json\/wp\/v2\/posts\/33127","targetHints":{"allow":["GET"]}}],"collection":[{"href":"https:\/\/wbp.lublin.pl\/index.php\/wp-json\/wp\/v2\/posts"}],"about":[{"href":"https:\/\/wbp.lublin.pl\/index.php\/wp-json\/wp\/v2\/types\/post"}],"author":[{"embeddable":true,"href":"https:\/\/wbp.lublin.pl\/index.php\/wp-json\/wp\/v2\/users\/7"}],"replies":[{"embeddable":true,"href":"https:\/\/wbp.lublin.pl\/index.php\/wp-json\/wp\/v2\/comments?post=33127"}],"version-history":[{"count":8,"href":"https:\/\/wbp.lublin.pl\/index.php\/wp-json\/wp\/v2\/posts\/33127\/revisions"}],"predecessor-version":[{"id":33143,"href":"https:\/\/wbp.lublin.pl\/index.php\/wp-json\/wp\/v2\/posts\/33127\/revisions\/33143"}],"wp:featuredmedia":[{"embeddable":true,"href":"https:\/\/wbp.lublin.pl\/index.php\/wp-json\/wp\/v2\/media\/11665"}],"wp:attachment":[{"href":"https:\/\/wbp.lublin.pl\/index.php\/wp-json\/wp\/v2\/media?parent=33127"}],"wp:term":[{"taxonomy":"category","embeddable":true,"href":"https:\/\/wbp.lublin.pl\/index.php\/wp-json\/wp\/v2\/categories?post=33127"},{"taxonomy":"post_tag","embeddable":true,"href":"https:\/\/wbp.lublin.pl\/index.php\/wp-json\/wp\/v2\/tags?post=33127"}],"curies":[{"name":"wp","href":"https:\/\/api.w.org\/{rel}","templated":true}]}}