{"id":34113,"date":"2022-01-07T14:45:29","date_gmt":"2022-01-07T13:45:29","guid":{"rendered":"https:\/\/wbp.lublin.pl\/?p=34113"},"modified":"2022-04-05T18:08:20","modified_gmt":"2022-04-05T16:08:20","slug":"ostatni-romantyk-cyprian-kamil-norwid","status":"publish","type":"post","link":"https:\/\/wbp.lublin.pl\/index.php\/2022\/01\/07\/ostatni-romantyk-cyprian-kamil-norwid\/","title":{"rendered":"Ostatni Romantyk. Cyprian Kamil Norwid"},"content":{"rendered":"<div class=\"wp-block-image\">\n<figure class=\"aligncenter size-full is-resized\"><img data-dominant-color=\"b2a98f\" data-has-transparency=\"false\" style=\"--dominant-color: #b2a98f;\" loading=\"lazy\" decoding=\"async\" sizes=\"auto, (max-width: 833px) 100vw, 833px\" src=\"https:\/\/wbp.lublin.pl\/wp-content\/uploads\/2022\/01\/20839216.jpg\" alt=\"C.K. Norwid\" class=\"wp-image-34120 not-transparent\" width=\"417\" height=\"540\"\/><figcaption><strong>Cyprian Kamil Norwid<\/strong>, drzeworyt, 1883, zbiory Biblioteki Narodowej, polona.pl<br>autor &#8211; <strong>J\u00f3zef \u0141oskoczy\u0144ski<\/strong> (1857-1928), <br>autor wzoru &#8211; <strong>J\u00f3zef Buchbinder<\/strong> (1839-1909), <br><\/figcaption><\/figure>\n<\/div>\n\n\n<p><strong>Cyprian Kamil Norwid\u00a0<\/strong>\u2013 w 2021 roku przypada\u0142a 200. rocznica urodzin Cypriana Kamila Norwida (24 IX 1821-23 V1883), poety, prozaika, dramaturga, rze\u017abiarza, malarza, grafika, jednego z najwybitniejszych polskich tw\u00f3rc\u00f3w XIX wieku.<br \/>W tw\u00f3rczo\u015bci swej Norwid odwo\u0142ywa\u0142 si\u0119 do narodowej i og\u00f3lnoeuropejskiej tradycji, a zarazem by\u0142 odwa\u017cnym nowatorem. \u201eTw\u00f3rczy wk\u0142ad Norwida w nowoczesn\u0105 polsk\u0105 literatur\u0119, a szerzej w polsk\u0105 kultur\u0119, jest ogromny, na wielu polach decyduj\u0105cy. W uznaniu zas\u0142ug dla polskiej sztuki, dla polskiego \u017cycia umys\u0142owego i polskiej kultury, w dwustulecie jego urodzin, Sejm Rzeczypospolitej og\u0142asza rok 2021 Rokiem Cypriana Norwida\u201d \u2013 zapisano w uchwale sejmowej.<\/p>\n<p><strong>Cyprian Kamil Norwid okre\u015blany jest mianem Ostatniego Romantyka. <\/strong>Wystaw\u0119 po\u015bwi\u0119con\u0105 Norwidowi, wybitnemu tw\u00f3rcy epoki Romantyzmu, poecie, prozaikowi, dramatopisarzowi, rze\u017abiarzowi, malarzowi i rysownikowi, prezentujemy w Wojew\u00f3dzkiej Bibliotece Publicznej im. Hieronima \u0141opacinskiegow Lublinie na prze\u0142omie lat 2021\/2022. Rocznicowa wystawa norwidowska &#8211; ze zbior\u00f3w Biblioteki &#8211; otworzy\u0142a jednocze\u015bnie rocznicowy Rok Romantyzmu.<\/p>\n<p>Wystaw\u0119 przygotowa\u0142a <strong>Agata Kozio\u0142<\/strong> przy wsp\u00f3\u0142pracy <strong>Agnieszki Sitko<\/strong> (Dzia\u0142 Informacji i Promocji WBP).<\/p>\n<p style=\"text-align: center;\"><strong>Zapraszamy do Autorskiej Galerii Hol do 28 lutego 2022 roku. Wst\u0119p wolny.\u00a0<\/strong><\/p>\n\n\n\n\n<div class=\"wp-block-image\">\n<figure class=\"aligncenter size-full\"><img data-dominant-color=\"353535\" data-has-transparency=\"false\" style=\"--dominant-color: #353535;\" decoding=\"async\" sizes=\"(max-width: 672px) 100vw, 672px\" src=\"https:\/\/wbp.lublin.pl\/wp-content\/uploads\/2020\/06\/autorskagaleriahol.png\" alt=\"autorskagaleriahol\" class=\"wp-image-25510 not-transparent\"\/><\/figure>\n<\/div>","protected":false},"excerpt":{"rendered":"<p>Cyprian Kamil Norwid okre\u015blany jest mianem Ostatniego Romantyka. Wystaw\u0119 po\u015bwi\u0119con\u0105 Norwidowi, wybitnemu tw\u00f3rcy epoki Romantyzmu, poecie, prozaikowi, dramatopisarzowi, rze\u017abiarzowi, malarzowi i rysownikowi, prezentujemy w Wojew\u00f3dzkiej Bibliotece Publicznej im. Hieronima \u0141opacinskiegow Lublinie na prze\u0142omie lat 2021\/2022. Rocznicowa wystawa norwidowska &#8211; ze zbior\u00f3w Biblioteki &#8211; otworzy\u0142a jednocze\u015bnie rocznicowy Rok Romantyzmu.<\/p>\n","protected":false},"author":7,"featured_media":34114,"comment_status":"closed","ping_status":"closed","sticky":false,"template":"","format":"standard","meta":{"_tec_requires_first_save":true,"_crdt_document":"","pgc_sgb_lightbox_settings":"","_EventAllDay":false,"_EventTimezone":"","_EventStartDate":"","_EventEndDate":"","_EventStartDateUTC":"","_EventEndDateUTC":"","_EventShowMap":false,"_EventShowMapLink":false,"_EventURL":"","_EventCost":"","_EventCostDescription":"","_EventCurrencySymbol":"","_EventCurrencyCode":"","_EventCurrencyPosition":"","_EventDateTimeSeparator":"","_EventTimeRangeSeparator":"","_EventOrganizerID":[],"_EventVenueID":[],"_OrganizerEmail":"","_OrganizerPhone":"","_OrganizerWebsite":"","_VenueAddress":"","_VenueCity":"","_VenueCountry":"","_VenueProvince":"","_VenueState":"","_VenueZip":"","_VenuePhone":"","_VenueURL":"","_VenueStateProvince":"","_VenueLat":"","_VenueLng":"","_VenueShowMap":false,"_VenueShowMapLink":false,"_tribe_blocks_recurrence_rules":"","_tribe_blocks_recurrence_description":"","_tribe_blocks_recurrence_exclusions":"","footnotes":""},"categories":[10,55],"tags":[],"class_list":["post-34113","post","type-post","status-publish","format-standard","has-post-thumbnail","hentry","category-aktualnosci","category-wystawy"],"publishpress_future_action":{"enabled":false,"date":"2026-05-06 17:27:51","action":"change-status","newStatus":"draft","terms":[],"taxonomy":"category","extraData":[]},"publishpress_future_workflow_manual_trigger":{"enabledWorkflows":[]},"_links":{"self":[{"href":"https:\/\/wbp.lublin.pl\/index.php\/wp-json\/wp\/v2\/posts\/34113","targetHints":{"allow":["GET"]}}],"collection":[{"href":"https:\/\/wbp.lublin.pl\/index.php\/wp-json\/wp\/v2\/posts"}],"about":[{"href":"https:\/\/wbp.lublin.pl\/index.php\/wp-json\/wp\/v2\/types\/post"}],"author":[{"embeddable":true,"href":"https:\/\/wbp.lublin.pl\/index.php\/wp-json\/wp\/v2\/users\/7"}],"replies":[{"embeddable":true,"href":"https:\/\/wbp.lublin.pl\/index.php\/wp-json\/wp\/v2\/comments?post=34113"}],"version-history":[{"count":15,"href":"https:\/\/wbp.lublin.pl\/index.php\/wp-json\/wp\/v2\/posts\/34113\/revisions"}],"predecessor-version":[{"id":35634,"href":"https:\/\/wbp.lublin.pl\/index.php\/wp-json\/wp\/v2\/posts\/34113\/revisions\/35634"}],"wp:featuredmedia":[{"embeddable":true,"href":"https:\/\/wbp.lublin.pl\/index.php\/wp-json\/wp\/v2\/media\/34114"}],"wp:attachment":[{"href":"https:\/\/wbp.lublin.pl\/index.php\/wp-json\/wp\/v2\/media?parent=34113"}],"wp:term":[{"taxonomy":"category","embeddable":true,"href":"https:\/\/wbp.lublin.pl\/index.php\/wp-json\/wp\/v2\/categories?post=34113"},{"taxonomy":"post_tag","embeddable":true,"href":"https:\/\/wbp.lublin.pl\/index.php\/wp-json\/wp\/v2\/tags?post=34113"}],"curies":[{"name":"wp","href":"https:\/\/api.w.org\/{rel}","templated":true}]}}