{"id":35254,"date":"2022-03-11T14:40:23","date_gmt":"2022-03-11T13:40:23","guid":{"rendered":"https:\/\/wbp.lublin.pl\/?p=35254"},"modified":"2022-03-14T13:52:52","modified_gmt":"2022-03-14T12:52:52","slug":"fotorelacja-z-konferencji-biblioteka-statystyka-inspiracje","status":"publish","type":"post","link":"https:\/\/wbp.lublin.pl\/index.php\/2022\/03\/11\/fotorelacja-z-konferencji-biblioteka-statystyka-inspiracje\/","title":{"rendered":"Fotorelacja z konferencji \u201eBiblioteka \u2013 Statystyka \u2013 Inspiracje\u201d"},"content":{"rendered":"\n<p class=\"wp-block-paragraph\">10 marca 2022 roku w Galerii Wojew\u00f3dzkiej Biblioteki Publicznej im. Hieronima \u0141opaci\u0144skiego w Lublinie odby\u0142a si\u0119 wojew\u00f3dzka konferencja statystyczna <strong>\u201eBiblioteka \u2013 Statystyka \u2013 Inspiracje\u201d<\/strong>. Ze wzgl\u0119du na utrzymuj\u0105cy si\u0119 stan pandemii konferencja zosta\u0142a zrealizowana w formie hybrydowej \u2013 stacjonarnie w WBP oraz transmitowana na Facebooku Biblioteki.<\/p>\n\n\n\n<div class=\"wp-block-wpzoom-blocks-social-icons is-style-without-canvas-with-label\" style=\"--wpz-social-icons-block-item-font-size:40px;--wpz-social-icons-block-item-padding-horizontal:15px;--wpz-social-icons-block-item-padding-vertical:10px;--wpz-social-icons-block-item-margin-horizontal:0px;--wpz-social-icons-block-item-margin-vertical:0px;--wpz-social-icons-block-item-border-radius:50px;--wpz-social-icons-block-label-font-size:15px;--wpz-social-icons-block-label-color:inherit;--wpz-social-icons-block-label-color-hover:#f1f1f1;--wpz-social-icons-alignment:center\"><a href=\"https:\/\/www.facebook.com\/wbplublin\/\" class=\"social-icon-link\" title=\"Facebook\" target=\"_blank\" style=\"--wpz-social-icons-block-item-color:#4267b2;--wpz-social-icons-block-item-color-hover:#F89406\" rel=\"noopener\"><span class=\"social-icon socicon socicon-facebook\"><\/span><\/a><a href=\"https:\/\/wbp.lublin.pl\" class=\"social-icon-link\" title=\"WordPress\" target=\"_blank\" style=\"--wpz-social-icons-block-item-color:#1877F2;--wpz-social-icons-block-item-color-hover:#F89406\" rel=\"noopener\"><span class=\"social-icon socicon socicon-wordpress\"><\/span><\/a><a href=\"https:\/\/www.youtube.com\/@wbpwlublinie3710\/\" class=\"social-icon-link\" title=\"Youtube\" target=\"_blank\" style=\"--wpz-social-icons-block-item-color:#ff0000;--wpz-social-icons-block-item-color-hover:#F89406\" rel=\"noopener\"><span class=\"social-icon socicon socicon-youtube\"><\/span><\/a><\/div>\n\n\n\n<p class=\"has-text-align-center wp-block-paragraph\">Wsp\u00f3\u0142organizatorem wydarzenia by\u0142o <strong>Stowarzyszenie Bibliotekarzy Polskich Zarz\u0105d Okr\u0119gu w Lublinie<\/strong>.<br>&nbsp;&nbsp;&nbsp;&nbsp;&nbsp;&nbsp;&nbsp;&nbsp; <strong>Konferencj\u0119 patronatem honorowym obj\u0105\u0142 <\/strong><br><strong>Pan Jaros\u0142aw Stawiarski &#8211; Marsza\u0142ek Wojew\u00f3dztwa Lubelskiego<\/strong>.<\/p>\n\n\n\n<p class=\"wp-block-paragraph\">Celem spotkania by\u0142o przedstawienie danych statystycznych bibliotek wojew\u00f3dztwa lubelskiego, stanu czytelnictwa w Polsce, perspektyw rozwoju bibliotek publicznych.<\/p>\n\n\n<div class=\"wp-block-image\">\n<figure class=\"aligncenter size-full is-resized\"><img data-dominant-color=\"6a4a2b\" data-has-transparency=\"false\" style=\"--dominant-color: #6a4a2b;\" loading=\"lazy\" decoding=\"async\" sizes=\"auto, (max-width: 1920px) 100vw, 1920px\" src=\"https:\/\/wbp.lublin.pl\/wp-content\/uploads\/2022\/03\/1.jpg\" alt=\"\" class=\"wp-image-35255 not-transparent\" width=\"480\" height=\"270\"\/><figcaption>Uczestnik\u00f3w konferencji, prelegent\u00f3w i&nbsp;go\u015bci przywita\u0142a <strong>Marzena Targo\u0144ska<\/strong>, Zast\u0119pca Kierownika Dzia\u0142u Instrukcyjno-Metodycznego Wojew\u00f3dzkiej Biblioteki Publicznej im. Hieronima \u0141opaci\u0144skiego w Lublinie<\/figcaption><\/figure>\n<\/div>\n\n\n<figure class=\"wp-block-gallery has-nested-images columns-default is-cropped wp-block-gallery-1 is-layout-flex wp-block-gallery-is-layout-flex\">\n<figure class=\"wp-block-image size-full\"><a href=\"https:\/\/wbp.lublin.pl\/wp-content\/uploads\/2022\/03\/2.jpg\"><img data-dominant-color=\"655245\" data-has-transparency=\"false\" style=\"--dominant-color: #655245;\" decoding=\"async\" sizes=\"(max-width: 1920px) 100vw, 1920px\" data-id=\"35257\" src=\"https:\/\/wbp.lublin.pl\/wp-content\/uploads\/2022\/03\/2.jpg\" alt=\"\" class=\"wp-image-35257 not-transparent\"\/><\/a><\/figure>\n\n\n\n<figure class=\"wp-block-image size-full\"><a href=\"https:\/\/wbp.lublin.pl\/wp-content\/uploads\/2022\/03\/3.jpg\"><img data-dominant-color=\"7a6d5b\" data-has-transparency=\"false\" style=\"--dominant-color: #7a6d5b;\" decoding=\"async\" sizes=\"(max-width: 1920px) 100vw, 1920px\" data-id=\"35258\" src=\"https:\/\/wbp.lublin.pl\/wp-content\/uploads\/2022\/03\/3.jpg\" alt=\"\" class=\"wp-image-35258 not-transparent\"\/><\/a><\/figure>\n\n\n\n<figure class=\"wp-block-image size-full\"><a href=\"https:\/\/wbp.lublin.pl\/wp-content\/uploads\/2022\/03\/4.jpg\"><img data-dominant-color=\"6a5b52\" data-has-transparency=\"false\" style=\"--dominant-color: #6a5b52;\" decoding=\"async\" sizes=\"(max-width: 1920px) 100vw, 1920px\" data-id=\"35256\" src=\"https:\/\/wbp.lublin.pl\/wp-content\/uploads\/2022\/03\/4.jpg\" alt=\"\" class=\"wp-image-35256 not-transparent\"\/><\/a><\/figure>\n\n\n\n<figure class=\"wp-block-image size-full\"><a href=\"https:\/\/wbp.lublin.pl\/wp-content\/uploads\/2022\/03\/5.jpg\"><img data-dominant-color=\"553721\" data-has-transparency=\"false\" style=\"--dominant-color: #553721;\" decoding=\"async\" sizes=\"(max-width: 1920px) 100vw, 1920px\" data-id=\"35293\" src=\"https:\/\/wbp.lublin.pl\/wp-content\/uploads\/2022\/03\/5.jpg\" alt=\"\" class=\"wp-image-35293 not-transparent\"\/><\/a><\/figure>\n\n\n\n<figure class=\"wp-block-image size-full\"><a href=\"https:\/\/wbp.lublin.pl\/wp-content\/uploads\/2022\/03\/6.jpg\"><img data-dominant-color=\"756f64\" data-has-transparency=\"false\" style=\"--dominant-color: #756f64;\" decoding=\"async\" sizes=\"(max-width: 1920px) 100vw, 1920px\" data-id=\"35292\" src=\"https:\/\/wbp.lublin.pl\/wp-content\/uploads\/2022\/03\/6.jpg\" alt=\"\" class=\"wp-image-35292 not-transparent\"\/><\/a><\/figure>\n<figcaption class=\"blocks-gallery-caption\">Wyst\u0105pienie&nbsp; <strong>Tadeusza S\u0142aweckiego<\/strong>, Dyrektora Wojew\u00f3dzkiej Biblioteki Publicznej im. Hieronima \u0141opaci\u0144skiego w Lublinie<\/figcaption><\/figure>\n\n\n\n<p class=\"wp-block-paragraph\"><\/p>\n\n\n\n<figure class=\"wp-block-gallery has-nested-images columns-default is-cropped wp-block-gallery-2 is-layout-flex wp-block-gallery-is-layout-flex\">\n<figure class=\"wp-block-image size-full\"><a href=\"https:\/\/wbp.lublin.pl\/wp-content\/uploads\/2022\/03\/7.jpg\"><img data-dominant-color=\"895134\" data-has-transparency=\"false\" style=\"--dominant-color: #895134;\" decoding=\"async\" sizes=\"(max-width: 1920px) 100vw, 1920px\" data-id=\"35260\" src=\"https:\/\/wbp.lublin.pl\/wp-content\/uploads\/2022\/03\/7.jpg\" alt=\"\" class=\"wp-image-35260 not-transparent\"\/><\/a><\/figure>\n\n\n\n<figure class=\"wp-block-image size-full\"><a href=\"https:\/\/wbp.lublin.pl\/wp-content\/uploads\/2022\/03\/8.jpg\"><img data-dominant-color=\"7f8b60\" data-has-transparency=\"false\" style=\"--dominant-color: #7f8b60;\" decoding=\"async\" sizes=\"(max-width: 1920px) 100vw, 1920px\" data-id=\"35259\" src=\"https:\/\/wbp.lublin.pl\/wp-content\/uploads\/2022\/03\/8.jpg\" alt=\"\" class=\"wp-image-35259 not-transparent\"\/><\/a><\/figure>\n<figcaption class=\"blocks-gallery-caption\">Wyst\u0105pienie <strong>dr hab. Anity Has-Tokarz<\/strong> &#8211; Kierownik Katedry Informatologii, Bibliologii i Edukacji Medialnej Uniwersytetu Marii Curie-Sk\u0142odowskiej w Lublinie<\/figcaption><\/figure>\n\n\n\n<p class=\"wp-block-paragraph\"><\/p>\n\n\n\n<figure class=\"wp-block-gallery has-nested-images columns-default is-cropped wp-block-gallery-3 is-layout-flex wp-block-gallery-is-layout-flex\">\n<figure class=\"wp-block-image size-full\"><a href=\"https:\/\/wbp.lublin.pl\/wp-content\/uploads\/2022\/03\/9.jpg\"><img data-dominant-color=\"3a281e\" data-has-transparency=\"false\" style=\"--dominant-color: #3a281e;\" decoding=\"async\" sizes=\"(max-width: 1920px) 100vw, 1920px\" data-id=\"35261\" src=\"https:\/\/wbp.lublin.pl\/wp-content\/uploads\/2022\/03\/9.jpg\" alt=\"\" class=\"wp-image-35261 not-transparent\"\/><\/a><\/figure>\n\n\n\n<figure class=\"wp-block-image size-full\"><a href=\"https:\/\/wbp.lublin.pl\/wp-content\/uploads\/2022\/03\/10.jpg\"><img data-dominant-color=\"211d1c\" data-has-transparency=\"false\" style=\"--dominant-color: #211d1c;\" decoding=\"async\" sizes=\"(max-width: 1920px) 100vw, 1920px\" data-id=\"35262\" src=\"https:\/\/wbp.lublin.pl\/wp-content\/uploads\/2022\/03\/10.jpg\" alt=\"\" class=\"wp-image-35262 not-transparent\"\/><\/a><\/figure>\n<figcaption class=\"blocks-gallery-caption\"><strong>\u201eTera\u017aniejszo\u015b\u0107 i przysz\u0142o\u015b\u0107 bibliotek<\/strong>.<strong> Co mo\u017cemy o tym powiedzie\u0107 na podstawie danych statystycznych\u201d<\/strong> \u2013 <strong>Izabela Kory\u015b<\/strong>, Kierownik Pracowni Bibliotekoznawstwa Instytutu Ksi\u0105\u017cki i Czytelnictwa Biblioteki Narodowej&nbsp;<\/figcaption><\/figure>\n\n\n\n<p class=\"wp-block-paragraph\"><\/p>\n\n\n\n<figure class=\"wp-block-gallery has-nested-images columns-default is-cropped wp-block-gallery-4 is-layout-flex wp-block-gallery-is-layout-flex\">\n<figure class=\"wp-block-image size-full\"><a href=\"https:\/\/wbp.lublin.pl\/wp-content\/uploads\/2022\/03\/11.jpg\"><img data-dominant-color=\"56473c\" data-has-transparency=\"false\" style=\"--dominant-color: #56473c;\" decoding=\"async\" sizes=\"(max-width: 1920px) 100vw, 1920px\" data-id=\"35264\" src=\"https:\/\/wbp.lublin.pl\/wp-content\/uploads\/2022\/03\/11.jpg\" alt=\"\" class=\"wp-image-35264 not-transparent\"\/><\/a><\/figure>\n\n\n\n<figure class=\"wp-block-image size-full\"><a href=\"https:\/\/wbp.lublin.pl\/wp-content\/uploads\/2022\/03\/12.jpg\"><img data-dominant-color=\"785b3e\" data-has-transparency=\"false\" style=\"--dominant-color: #785b3e;\" decoding=\"async\" sizes=\"(max-width: 1920px) 100vw, 1920px\" data-id=\"35263\" src=\"https:\/\/wbp.lublin.pl\/wp-content\/uploads\/2022\/03\/12.jpg\" alt=\"\" class=\"wp-image-35263 not-transparent\"\/><\/a><\/figure>\n<figcaption class=\"blocks-gallery-caption\"><strong> \u201eCzytelnictwo na Lubelszczy\u017anie w XXI wieku\u201d \u2013 dr S\u0142awomir Dziaduch<\/strong>, Kierownik Lubelskiego O\u015brodka Bada\u0144 Regionalnych Urz\u0119du Statystycznego w Lublinie  <\/figcaption><\/figure>\n\n\n\n<p class=\"wp-block-paragraph\"><\/p>\n\n\n\n<figure class=\"wp-block-gallery has-nested-images columns-default is-cropped wp-block-gallery-5 is-layout-flex wp-block-gallery-is-layout-flex\">\n<figure class=\"wp-block-image size-full\"><a href=\"https:\/\/wbp.lublin.pl\/wp-content\/uploads\/2022\/03\/12b.jpg\"><img data-dominant-color=\"685e55\" data-has-transparency=\"false\" style=\"--dominant-color: #685e55;\" decoding=\"async\" sizes=\"(max-width: 1340px) 100vw, 1340px\" data-id=\"35266\" src=\"https:\/\/wbp.lublin.pl\/wp-content\/uploads\/2022\/03\/12b.jpg\" alt=\"\" class=\"wp-image-35266 not-transparent\"\/><\/a><\/figure>\n\n\n\n<figure class=\"wp-block-image size-full\"><a href=\"https:\/\/wbp.lublin.pl\/wp-content\/uploads\/2022\/03\/12c.jpg\"><img data-dominant-color=\"cccece\" data-has-transparency=\"false\" style=\"--dominant-color: #cccece;\" decoding=\"async\" sizes=\"(max-width: 1296px) 100vw, 1296px\" data-id=\"35265\" src=\"https:\/\/wbp.lublin.pl\/wp-content\/uploads\/2022\/03\/12c.jpg\" alt=\"\" class=\"wp-image-35265 not-transparent\"\/><\/a><\/figure>\n<figcaption class=\"blocks-gallery-caption\"> <p class=\"MsoNormal\" style=\"margin-bottom: 15pt; line-height: normal; background-image: initial; background-position: initial; background-size: initial; background-repeat: initial; background-attachment: initial; background-origin: initial; background-clip: initial; vertical-align: baseline;\"><b>\u201eAnaliza Funkcjonowania Bibliotek Publicznych \u2013 gromadzenie i analiza danych bibliotek nigdy nie by\u0142a tak przejrzysta\u201d<\/b> \u2013 <b>Magdalena Mrugowska,<\/b> instruktor Wojew\u00f3dzkiej i Miejskiej Biblioteki Publicznej im. dr. Witolda Be\u0142zy w Bydgoszczy, og\u00f3lnopolski koordynator merytoryczny projektu Analiza Funkcjonowania Bibliotek dla bibliotek publicznych, cz\u0142onek Zespo\u0142u ds. badania efektywno\u015bci bibliotek<\/p> <\/figcaption><\/figure>\n\n\n\n<figure class=\"wp-block-gallery has-nested-images columns-default is-cropped wp-block-gallery-6 is-layout-flex wp-block-gallery-is-layout-flex\">\n<figure class=\"wp-block-image size-full\"><a href=\"https:\/\/wbp.lublin.pl\/wp-content\/uploads\/2022\/03\/13.jpg\"><img data-dominant-color=\"60463a\" data-has-transparency=\"false\" style=\"--dominant-color: #60463a;\" decoding=\"async\" sizes=\"(max-width: 1920px) 100vw, 1920px\" data-id=\"35267\" src=\"https:\/\/wbp.lublin.pl\/wp-content\/uploads\/2022\/03\/13.jpg\" alt=\"\" class=\"wp-image-35267 not-transparent\"\/><\/a><\/figure>\n\n\n\n<figure class=\"wp-block-image size-full\"><a href=\"https:\/\/wbp.lublin.pl\/wp-content\/uploads\/2022\/03\/14.jpg\"><img data-dominant-color=\"5c4a3b\" data-has-transparency=\"false\" style=\"--dominant-color: #5c4a3b;\" decoding=\"async\" sizes=\"(max-width: 1920px) 100vw, 1920px\" data-id=\"35268\" src=\"https:\/\/wbp.lublin.pl\/wp-content\/uploads\/2022\/03\/14.jpg\" alt=\"\" class=\"wp-image-35268 not-transparent\"\/><\/a><\/figure>\n<figcaption class=\"blocks-gallery-caption\"><strong>\u201eOrganizacja i dzia\u0142alno\u015b\u0107 sieci bibliotek publicznych wojew\u00f3dztwa lubelskiego za 2021 rok\u201d<\/strong> <strong>\u2013 Grzegorz Winnicki, <\/strong>instruktor WBP im. H. \u0141opaci\u0144skiego w Lublinie<\/figcaption><\/figure>\n\n\n\n<div style=\"height:67px\" aria-hidden=\"true\" class=\"wp-block-spacer\"><\/div>\n\n\n\n<p class=\"wp-block-paragraph\">Konferencji towarzyszy\u0142a wystawa \u201e<em>Oto ja s\u0142u\u017cebnica Pa\u0144ska\u2026<\/em> Ikony z Muzeum Po\u0142udniowego Podlasia w Bia\u0142ej Podlaskiej&#8221;<\/p>\n\n\n\n<p class=\"wp-block-paragraph\">Fot. <strong>Dorota Mo\u015bcibrodzka<\/strong><\/p>\n","protected":false},"excerpt":{"rendered":"<p>10 marca 2022 roku w Galerii Wojew\u00f3dzkiej Biblioteki Publicznej im. Hieronima \u0141opaci\u0144skiego w Lublinie odby\u0142a si\u0119 wojew\u00f3dzka konferencja statystyczna \u201eBiblioteka \u2013 Statystyka \u2013 Inspiracje\u201d. Ze wzgl\u0119du na utrzymuj\u0105cy si\u0119 stan [&hellip;]<\/p>\n","protected":false},"author":18,"featured_media":35255,"comment_status":"closed","ping_status":"closed","sticky":false,"template":"","format":"standard","meta":{"_tec_requires_first_save":true,"_crdt_document":"","pgc_sgb_lightbox_settings":"","_EventAllDay":false,"_EventTimezone":"","_EventStartDate":"","_EventEndDate":"","_EventStartDateUTC":"","_EventEndDateUTC":"","_EventShowMap":false,"_EventShowMapLink":false,"_EventURL":"","_EventCost":"","_EventCostDescription":"","_EventCurrencySymbol":"","_EventCurrencyCode":"","_EventCurrencyPosition":"","_EventDateTimeSeparator":"","_EventTimeRangeSeparator":"","_EventOrganizerID":[],"_EventVenueID":[],"_OrganizerEmail":"","_OrganizerPhone":"","_OrganizerWebsite":"","_VenueAddress":"","_VenueCity":"","_VenueCountry":"","_VenueProvince":"","_VenueState":"","_VenueZip":"","_VenuePhone":"","_VenueURL":"","_VenueStateProvince":"","_VenueLat":"","_VenueLng":"","_VenueShowMap":false,"_VenueShowMapLink":false,"_tribe_blocks_recurrence_rules":"","_tribe_blocks_recurrence_description":"","_tribe_blocks_recurrence_exclusions":"","footnotes":""},"categories":[10,88],"tags":[],"class_list":["post-35254","post","type-post","status-publish","format-standard","has-post-thumbnail","hentry","category-aktualnosci","category-wyklady-i-konferencje"],"publishpress_future_action":{"enabled":false,"date":"2026-05-06 15:55:32","action":"change-status","newStatus":"draft","terms":[],"taxonomy":"category","extraData":[]},"publishpress_future_workflow_manual_trigger":{"enabledWorkflows":[]},"_links":{"self":[{"href":"https:\/\/wbp.lublin.pl\/index.php\/wp-json\/wp\/v2\/posts\/35254","targetHints":{"allow":["GET"]}}],"collection":[{"href":"https:\/\/wbp.lublin.pl\/index.php\/wp-json\/wp\/v2\/posts"}],"about":[{"href":"https:\/\/wbp.lublin.pl\/index.php\/wp-json\/wp\/v2\/types\/post"}],"author":[{"embeddable":true,"href":"https:\/\/wbp.lublin.pl\/index.php\/wp-json\/wp\/v2\/users\/18"}],"replies":[{"embeddable":true,"href":"https:\/\/wbp.lublin.pl\/index.php\/wp-json\/wp\/v2\/comments?post=35254"}],"version-history":[{"count":18,"href":"https:\/\/wbp.lublin.pl\/index.php\/wp-json\/wp\/v2\/posts\/35254\/revisions"}],"predecessor-version":[{"id":35300,"href":"https:\/\/wbp.lublin.pl\/index.php\/wp-json\/wp\/v2\/posts\/35254\/revisions\/35300"}],"wp:featuredmedia":[{"embeddable":true,"href":"https:\/\/wbp.lublin.pl\/index.php\/wp-json\/wp\/v2\/media\/35255"}],"wp:attachment":[{"href":"https:\/\/wbp.lublin.pl\/index.php\/wp-json\/wp\/v2\/media?parent=35254"}],"wp:term":[{"taxonomy":"category","embeddable":true,"href":"https:\/\/wbp.lublin.pl\/index.php\/wp-json\/wp\/v2\/categories?post=35254"},{"taxonomy":"post_tag","embeddable":true,"href":"https:\/\/wbp.lublin.pl\/index.php\/wp-json\/wp\/v2\/tags?post=35254"}],"curies":[{"name":"wp","href":"https:\/\/api.w.org\/{rel}","templated":true}]}}