{"id":357,"date":"2010-05-11T11:19:11","date_gmt":"2010-05-11T09:19:11","guid":{"rendered":"https:\/\/wbp.lublin.pl8\/index.php\/2010\/05\/11\/seminarium-dla-bibliotekarzy-gromadzacych-zbiory-biblioteczne-19-maja-2010-r\/"},"modified":"2018-07-01T23:25:37","modified_gmt":"2018-07-01T21:25:37","slug":"seminarium-dla-bibliotekarzy-gromadzacych-zbiory-biblioteczne-19-maja-2010-r","status":"publish","type":"post","link":"https:\/\/wbp.lublin.pl\/index.php\/2010\/05\/11\/seminarium-dla-bibliotekarzy-gromadzacych-zbiory-biblioteczne-19-maja-2010-r\/","title":{"rendered":"Seminarium dla bibliotekarzy gromadz\u0105cych zbiory biblioteczne &#8211; 19 maja 2010 r."},"content":{"rendered":"<p><!--more--><\/p>\n<h5>Wojew\u00f3dzka Biblioteka Publiczna im. Hieronima \u0141opaci\u0144skiego w Lublinie<br \/>\nserdecznie zaprasza na seminarium bibliotekarzy gromadz\u0105cych zbiory biblioteczne<br \/>\noraz bibliotekarzy zainteresowanych proponowan\u0105 tematyk\u0105,<br \/>\nkt\u00f3re odb\u0119dzie si\u0119 w dniu <strong>19 maja (\u015broda) 2010 r. <\/strong><br \/>\n<strong>w Galerii Biblioteki w godz. 10.00 \u2013 15 00<\/strong>.<\/h5>\n<h4><strong>PROGRAM:<\/strong><\/h4>\n<p>&#8211; 10.00 \u2013 12.00 &#8211; <em>O literaturze w formach radiowych<\/em> \u2013 spotkanie z Mari\u0105 Brzezi\u0144sk\u0105, dziennikark\u0105 Radia Lublin, autork\u0105 licznych nagradzanych s\u0142uchowisk radiowych<\/p>\n<p>&#8211; 12.00 &#8211; przerwa<\/p>\n<p>&#8211; 12.30 \u2013 14.00<\/p>\n<p style=\"margin-left: 40px;\">&#8211; prezentacja wybranych warto\u015bciowych nowo\u015bci wydawniczych, zakupionych przez biblioteki \u2013 prezentuj\u0105 uczestnicy seminarium<\/p>\n<p style=\"margin-left: 40px;\">&#8211; propozycja do zakupu &#8211; wybrane tytu\u0142y poleca Dzia\u0142 Zakupu i Dystrybucji Materia\u0142\u00f3w Bibliotecznych WBP<\/p>\n<p>&#8211; 14.00 \u2013 \u201eBach jest o Bogu, Beethoven otrzyma\u0142 Wszech\u015bwiat, a ja pisz\u0119 o ludzkim sercu\u201d. <em>Fryderyk Chopin (1810-1849). Dwusetna rocznica urodzin<\/em> \u2013 prezentacja wystawy ze zbior\u00f3w Wojew\u00f3dzkiej Biblioteki Publicznej im. H. \u0141opaci\u0144skiego \u2013 Danuta Golec<\/p>\n<p>&nbsp;<\/p>\n<p>Zaproszeni bibliotekarze proszeni s\u0105 o przygotowanie kr\u00f3tkiej recenzji jednej pozycji ksi\u0105\u017ckowej, uznanej jako przyk\u0142ad warto\u015bciowego zakupu, dokonanego w 2010 r. do zbior\u00f3w biblioteki.<\/p>\n<p>Uczestnicy szkolenia przyje\u017cd\u017caj\u0105 na koszt instytucji deleguj\u0105cej.<\/p>\n<p><strong>Prosimy o wcze\u015bniejsze, telefoniczne zg\u0142oszenie swojego uczestnictwa (Dzia\u0142 Instrukcyjno-Metodyczny, tel. 81 53-259-46)<\/strong><\/p>\n","protected":false},"excerpt":{"rendered":"","protected":false},"author":9,"featured_media":0,"comment_status":"open","ping_status":"open","sticky":false,"template":"","format":"standard","meta":{"_tec_requires_first_save":true,"_crdt_document":"","pgc_sgb_lightbox_settings":"","_EventAllDay":false,"_EventTimezone":"","_EventStartDate":"","_EventEndDate":"","_EventStartDateUTC":"","_EventEndDateUTC":"","_EventShowMap":false,"_EventShowMapLink":false,"_EventURL":"","_EventCost":"","_EventCostDescription":"","_EventCurrencySymbol":"","_EventCurrencyCode":"","_EventCurrencyPosition":"","_EventDateTimeSeparator":"","_EventTimeRangeSeparator":"","_EventOrganizerID":[],"_EventVenueID":[],"_OrganizerEmail":"","_OrganizerPhone":"","_OrganizerWebsite":"","_VenueAddress":"","_VenueCity":"","_VenueCountry":"","_VenueProvince":"","_VenueState":"","_VenueZip":"","_VenuePhone":"","_VenueURL":"","_VenueStateProvince":"","_VenueLat":"","_VenueLng":"","_VenueShowMap":false,"_VenueShowMapLink":false,"_tribe_blocks_recurrence_rules":"","_tribe_blocks_recurrence_description":"","_tribe_blocks_recurrence_exclusions":"","footnotes":""},"categories":[101],"tags":[],"class_list":["post-357","post","type-post","status-publish","format-standard","hentry","category-komunikaty-branzowe-archiwum"],"publishpress_future_action":{"enabled":false,"date":"2026-05-06 15:53:19","action":"change-status","newStatus":"draft","terms":[],"taxonomy":"category","extraData":[]},"publishpress_future_workflow_manual_trigger":{"enabledWorkflows":[]},"_links":{"self":[{"href":"https:\/\/wbp.lublin.pl\/index.php\/wp-json\/wp\/v2\/posts\/357","targetHints":{"allow":["GET"]}}],"collection":[{"href":"https:\/\/wbp.lublin.pl\/index.php\/wp-json\/wp\/v2\/posts"}],"about":[{"href":"https:\/\/wbp.lublin.pl\/index.php\/wp-json\/wp\/v2\/types\/post"}],"author":[{"embeddable":true,"href":"https:\/\/wbp.lublin.pl\/index.php\/wp-json\/wp\/v2\/users\/9"}],"replies":[{"embeddable":true,"href":"https:\/\/wbp.lublin.pl\/index.php\/wp-json\/wp\/v2\/comments?post=357"}],"version-history":[{"count":2,"href":"https:\/\/wbp.lublin.pl\/index.php\/wp-json\/wp\/v2\/posts\/357\/revisions"}],"predecessor-version":[{"id":12659,"href":"https:\/\/wbp.lublin.pl\/index.php\/wp-json\/wp\/v2\/posts\/357\/revisions\/12659"}],"wp:attachment":[{"href":"https:\/\/wbp.lublin.pl\/index.php\/wp-json\/wp\/v2\/media?parent=357"}],"wp:term":[{"taxonomy":"category","embeddable":true,"href":"https:\/\/wbp.lublin.pl\/index.php\/wp-json\/wp\/v2\/categories?post=357"},{"taxonomy":"post_tag","embeddable":true,"href":"https:\/\/wbp.lublin.pl\/index.php\/wp-json\/wp\/v2\/tags?post=357"}],"curies":[{"name":"wp","href":"https:\/\/api.w.org\/{rel}","templated":true}]}}