{"id":35963,"date":"2022-04-25T16:24:49","date_gmt":"2022-04-25T14:24:49","guid":{"rendered":"https:\/\/wbp.lublin.pl\/?p=35963"},"modified":"2026-02-05T13:28:03","modified_gmt":"2026-02-05T12:28:03","slug":"o-wadze-slowa-pisanego-i-mowionego-w-poranku-u-hieronima","status":"publish","type":"post","link":"https:\/\/wbp.lublin.pl\/index.php\/2022\/04\/25\/o-wadze-slowa-pisanego-i-mowionego-w-poranku-u-hieronima\/","title":{"rendered":"O wadze s\u0142owa pisanego i m\u00f3wionego w &#8222;Poranku u Hieronima&#8221;"},"content":{"rendered":"\n<h3 style=\"text-align: center;\"><strong>Serdecznie zapraszamy na \u201ePoranek u Hieronima\u201d <br \/>&#8211; cykliczn\u0105 audycj\u0119 internetow\u0105 WBP w Lublinie\u00a0<br \/>\u00a0 <\/strong><\/h3>\n<h3 style=\"text-align: center;\"><strong>27 kwietnia 2022, godz. 10.00<\/strong><\/h3>\n<p style=\"text-align: center;\"><a href=\"https:\/\/www.facebook.com\/Poranek-u-Hieronima-103751585639988\/\" target=\"_blank\" rel=\"noopener\">Fanpage &#8222;Poranka u Hieronima&#8221;<\/a><\/p>\n\n\n\n<div class=\"wp-block-wpzoom-blocks-social-icons is-style-without-canvas-with-label\" style=\"--wpz-social-icons-block-item-font-size:40px;--wpz-social-icons-block-item-padding-horizontal:15px;--wpz-social-icons-block-item-padding-vertical:10px;--wpz-social-icons-block-item-margin-horizontal:0px;--wpz-social-icons-block-item-margin-vertical:0px;--wpz-social-icons-block-item-border-radius:50px;--wpz-social-icons-block-label-font-size:15px;--wpz-social-icons-block-label-color:inherit;--wpz-social-icons-block-label-color-hover:#f1f1f1;--wpz-social-icons-alignment:center\"><a href=\"https:\/\/www.facebook.com\/wbplublin\/\" class=\"social-icon-link\" title=\"Facebook\" target=\"_blank\" style=\"--wpz-social-icons-block-item-color:#4267b2;--wpz-social-icons-block-item-color-hover:#F89406\" rel=\"noopener\"><span class=\"social-icon socicon socicon-facebook\"><\/span><\/a><a href=\"https:\/\/wbp.lublin.pl\" class=\"social-icon-link\" title=\"WordPress\" target=\"_blank\" style=\"--wpz-social-icons-block-item-color:#1877F2;--wpz-social-icons-block-item-color-hover:#F89406\" rel=\"noopener\"><span class=\"social-icon socicon socicon-wordpress\"><\/span><\/a><a href=\"https:\/\/www.youtube.com\/@wbpwlublinie3710\/\" class=\"social-icon-link\" title=\"Youtube\" target=\"_blank\" style=\"--wpz-social-icons-block-item-color:#ff0000;--wpz-social-icons-block-item-color-hover:#F89406\" rel=\"noopener\"><span class=\"social-icon socicon socicon-youtube\"><\/span><\/a><\/div>\n\n\n<div class=\"wp-block-image\">\n<figure class=\"aligncenter size-large is-resized\"><img data-dominant-color=\"b6b7b7\" data-has-transparency=\"false\" decoding=\"async\" src=\"https:\/\/wbp.lublin.pl\/wp-content\/uploads\/2020\/04\/konkurs_logo-1024x920.jpg\" alt=\"\" class=\"wp-image-25027 not-transparent\" style=\"--dominant-color: #b6b7b7; width:256px;height:230px\"\/><\/figure>\n<\/div>\n\n\n<p class=\"has-text-align-center wp-block-paragraph\">&nbsp;<\/p>\n\n\n\n<ul class=\"wp-block-list\">\n<li><strong>\u015awiat\u0142oczu\u0142o\u015b\u0107. O m\u0105drym pisaniu i pi\u0119knym m\u00f3wieniu. Reminiscencje po XVIII Wojew\u00f3dzkim Konkursie Literackim organizowanym przez Wojew\u00f3dzki O\u015brodek Kultury w Lublinie. <\/strong>Z <strong>Ann\u0105 Kistelsk\u0105<\/strong> &#8211; inicjatork\u0105 i koordynatork\u0105 Konkursu rozmawia <strong>Dorota Mo\u015bcibrodzka<\/strong><\/li>\n<\/ul>\n\n\n<div class=\"wp-block-image\">\n<figure class=\"aligncenter size-full is-resized\"><img data-dominant-color=\"d6c2c2\" data-has-transparency=\"false\" decoding=\"async\" sizes=\"(max-width: 739px) 100vw, 739px\" src=\"https:\/\/wbp.lublin.pl\/wp-content\/uploads\/2022\/04\/Pacjent-zero.jpg\" alt=\"\" class=\"wp-image-35981 not-transparent\" style=\"--dominant-color: #d6c2c2; width:370px;height:540px\"\/><\/figure>\n<\/div>\n\n\n<ul class=\"wp-block-list\">\n<li><strong style=\"font-size: revert; color: initial;\">Polski &#8222;Pacjent zero&#8221; &#8211; prawdziwa historia. <\/strong>Z dr <strong>Ilon\u0105 D\u0105browsk\u0105<\/strong><strong style=\"font-size: revert; color: initial;\">, <\/strong>autork\u0105 ksi\u0105\u017cki<strong style=\"font-size: revert; color: initial;\"> &#8222;Pacjent zero. Wywiad rzeka z Justyn\u0105 Polaczek, \u017con\u0105 pierwszego na Lubelszczy\u017anie pacjenta z wirusem Sars-Cov2&#8221; <\/strong>rozmawia<strong style=\"font-size: revert; color: initial;\"> Ewa Hadrian<\/strong><\/li>\n<\/ul>\n\n\n\n<p class=\"wp-block-paragraph\"><strong>Ilona<\/strong><strong style=\"font-size: revert; color: initial;\"> D\u0105browska<\/strong><span style=\"font-size: revert; color: initial;\"> &#8211; doktor nauk spo\u0142ecznych w zakresie nauk o mediach, zajmuje si\u0119 mediami spo\u0142eczno\u015bciowymi, produkcj\u0105 medialn\u0105, dziennikarstwem internetowym, e-komunikacj\u0105 oraz jej spo\u0142ecznymi i kulturowymi implikacjami. Adiunkt w Instytucie Nauk o Komunikacji Spo\u0142ecznej i Mediach na Wydziale Politologii i Dziennikarstwa Uniwersytetu Marii Curie-Sk\u0142odowskiej w Lublinie. Badaczka pe\u0142ni r\u00f3wnie\u017c funkcj\u0119 ekspertki Narodowego Centrum Bada\u0144 i Rozwoju oraz przewodnicz\u0105cej Zarz\u0105du Lubelskiego Inkubatora Przedsi\u0119biorczo\u015bci. Jest laureatk\u0105 nagr\u00f3d w dziedzinach artystycznych: film i sztuki wizualne.<\/span><\/p>\n\n\n<div class=\"wp-block-image\">\n<figure class=\"aligncenter size-full is-resized\"><img data-dominant-color=\"5a5155\" data-has-transparency=\"false\" decoding=\"async\" sizes=\"(max-width: 1920px) 100vw, 1920px\" src=\"https:\/\/wbp.lublin.pl\/wp-content\/uploads\/2022\/01\/ksiazka-roku-2021-baner.jpg\" alt=\"ksi\u0105\u017cka roku 2021 baner logo\" class=\"wp-image-34240 not-transparent\" style=\"--dominant-color: #5a5155; width:480px;height:253px\"\/><\/figure>\n<\/div>\n\n\n<ul class=\"wp-block-list\">\n<li><strong>Nagradzamy m\u0105dre i pi\u0119kne ksi\u0105\u017cki. Konkurs &#8222;Ksi\u0105\u017cka Roku 2021&#8221;. <\/strong>Zasady Konkursu om\u00f3wi dr\u00a0<strong>Grzegorz Figiel<\/strong>, Zast\u0119pca Dyrektora ds. Merytorycznych <strong>Wojew\u00f3dzkiej Biblioteki Publicznej im. Hieronima \u0141opaci\u0144skiego w Lublinie<\/strong> w rozmowie z <strong>Ew\u0105 Hadrian<\/strong><\/li>\n<\/ul>\n\n\n\n<p class=\"wp-block-paragraph\">Odcinki archiwalne s\u0105 dost\u0119pne na kanale YouTube Biblioteki<\/p>\n\n\n\n<figure class=\"wp-block-embed is-type-video is-provider-youtube wp-block-embed-youtube wp-embed-aspect-16-9 wp-has-aspect-ratio\"><div class=\"wp-block-embed__wrapper\">\n<iframe loading=\"lazy\" title=\"Poranek u Hieronima - odc. 96\" width=\"887\" height=\"499\" src=\"https:\/\/www.youtube.com\/embed\/FXg5xbbol0c?feature=oembed\" frameborder=\"0\" allow=\"accelerometer; autoplay; clipboard-write; encrypted-media; gyroscope; picture-in-picture; web-share\" referrerpolicy=\"strict-origin-when-cross-origin\" allowfullscreen><\/iframe>\n<\/div><\/figure>\n\n\n\n<p class=\"has-text-align-center wp-block-paragraph\"><strong>Zapraszamy!<\/strong><\/p>\n\n\n\n<p class=\"has-text-align-right wp-block-paragraph\"><em>Dzia\u0142 Informacji i Promocji<\/em><\/p>\n","protected":false},"excerpt":{"rendered":"<p>27 kwietnia 2022, godz. 10.00<br \/>\nFacebook WBP (otwarty dla wszystkich)<\/p>\n","protected":false},"author":7,"featured_media":35974,"comment_status":"closed","ping_status":"closed","sticky":false,"template":"","format":"standard","meta":{"_tec_requires_first_save":true,"_crdt_document":"","pgc_sgb_lightbox_settings":"","_EventAllDay":false,"_EventTimezone":"","_EventStartDate":"","_EventEndDate":"","_EventStartDateUTC":"","_EventEndDateUTC":"","_EventShowMap":false,"_EventShowMapLink":false,"_EventURL":"","_EventCost":"","_EventCostDescription":"","_EventCurrencySymbol":"","_EventCurrencyCode":"","_EventCurrencyPosition":"","_EventDateTimeSeparator":"","_EventTimeRangeSeparator":"","_EventOrganizerID":[],"_EventVenueID":[],"_OrganizerEmail":"","_OrganizerPhone":"","_OrganizerWebsite":"","_VenueAddress":"","_VenueCity":"","_VenueCountry":"","_VenueProvince":"","_VenueState":"","_VenueZip":"","_VenuePhone":"","_VenueURL":"","_VenueStateProvince":"","_VenueLat":"","_VenueLng":"","_VenueShowMap":false,"_VenueShowMapLink":false,"_tribe_blocks_recurrence_rules":"","_tribe_blocks_recurrence_description":"","_tribe_blocks_recurrence_exclusions":"","footnotes":""},"categories":[674,638],"tags":[],"class_list":["post-35963","post","type-post","status-publish","format-standard","has-post-thumbnail","hentry","category-rok-2022","category-poranek-u-hieronima"],"publishpress_future_action":{"enabled":false,"date":"2026-05-06 15:53:59","action":"change-status","newStatus":"draft","terms":[],"taxonomy":"category","extraData":[]},"publishpress_future_workflow_manual_trigger":{"enabledWorkflows":[]},"_links":{"self":[{"href":"https:\/\/wbp.lublin.pl\/index.php\/wp-json\/wp\/v2\/posts\/35963","targetHints":{"allow":["GET"]}}],"collection":[{"href":"https:\/\/wbp.lublin.pl\/index.php\/wp-json\/wp\/v2\/posts"}],"about":[{"href":"https:\/\/wbp.lublin.pl\/index.php\/wp-json\/wp\/v2\/types\/post"}],"author":[{"embeddable":true,"href":"https:\/\/wbp.lublin.pl\/index.php\/wp-json\/wp\/v2\/users\/7"}],"replies":[{"embeddable":true,"href":"https:\/\/wbp.lublin.pl\/index.php\/wp-json\/wp\/v2\/comments?post=35963"}],"version-history":[{"count":16,"href":"https:\/\/wbp.lublin.pl\/index.php\/wp-json\/wp\/v2\/posts\/35963\/revisions"}],"predecessor-version":[{"id":78883,"href":"https:\/\/wbp.lublin.pl\/index.php\/wp-json\/wp\/v2\/posts\/35963\/revisions\/78883"}],"wp:featuredmedia":[{"embeddable":true,"href":"https:\/\/wbp.lublin.pl\/index.php\/wp-json\/wp\/v2\/media\/35974"}],"wp:attachment":[{"href":"https:\/\/wbp.lublin.pl\/index.php\/wp-json\/wp\/v2\/media?parent=35963"}],"wp:term":[{"taxonomy":"category","embeddable":true,"href":"https:\/\/wbp.lublin.pl\/index.php\/wp-json\/wp\/v2\/categories?post=35963"},{"taxonomy":"post_tag","embeddable":true,"href":"https:\/\/wbp.lublin.pl\/index.php\/wp-json\/wp\/v2\/tags?post=35963"}],"curies":[{"name":"wp","href":"https:\/\/api.w.org\/{rel}","templated":true}]}}